{"id":18361,"date":"2010-06-11T22:46:57","date_gmt":"2010-06-11T22:46:57","guid":{"rendered":"https:\/\/www.institutodeengenharia.org.br\/?p=18361"},"modified":"2010-06-11T14:19:36","modified_gmt":"2010-06-11T14:19:36","slug":"area-comercial-e-de-engenharia-lideram-vagas-em-maio-diz-pesquisa","status":"publish","type":"post","link":"https:\/\/www.institutodeengenharia.org.br\/site\/2010\/06\/11\/area-comercial-e-de-engenharia-lideram-vagas-em-maio-diz-pesquisa\/","title":{"rendered":"\u00c1rea comercial e de engenharia lideram vagas em maio, diz pesquisa"},"content":{"rendered":"<p><em>Para consultoria, abertura de vagas deve acirrar disputa por talentos. <br \/>\nSegundo levantamento, 3.268 novas vagas foram criadas no m\u00eas passado. <\/p>\n<p><\/em>Pesquisa da Ricardo Xavier Recursos Humanos levantou as dez \u00e1reas que mais abriram posi\u00e7\u00f5es no m\u00eas de maio. De acordo com levantamento da consultoria, 3.268 novas vagas foram criadas no m\u00eas passado. <\/p>\n<p>Entre elas, 14% foram na \u00e1rea comercial; 12% em engenharia; 8% no setor administrativo; 7% das posi\u00e7\u00f5es em tecnologia da informa\u00e7\u00e3o; 6% na \u00e1rea financeira; 5% em recursos humanos; 5% na \u00e1rea industrial; 4% em log\u00edstica; 4% em ci\u00eancias cont\u00e1beis e 3% em marketing. <\/p>\n<p>De acordo com a pesquisa, em maio, as empresas investiram e contrataram ainda mais. Foram 545 posi\u00e7\u00f5es a mais do que em abril, quando haviam sido abertas 2.723 novas vagas. Em compara\u00e7\u00e3o ao mesmo per\u00edodo dos \u00faltimos tr\u00eas anos, o crescimento foi de 58,64% em rela\u00e7\u00e3o ao ano passado, de 17,46% em compara\u00e7\u00e3o a 2008 e de 17,68% em rela\u00e7\u00e3o a 2007. <\/p>\n<p>Para H\u00e9lio Terra, Presidente da Ricardo Xavier Recursos Humanos, as proje\u00e7\u00f5es de abertura de vagas s\u00e3o ainda mais acentuadas para os pr\u00f3ximos meses, o que deve acirrar a disputa por talentos. \u201cEsse \u00e9 o momento de os profissionais que est\u00e3o na zona de conforto avaliarem novos rumos para suas carreiras&#8221;, alerta. <\/p>\n<p><strong>Gradua\u00e7\u00f5es mais requisitadas<\/strong>&nbsp;<\/p>\n<p>Com 22,46% das vagas, os profissionais de engenharia lideraram o ranking dos profissionais mais requisitados pelo mercado. Al\u00e9m de engenharia, as cinco gradua\u00e7\u00f5es que tamb\u00e9m se destacaram foram administra\u00e7\u00e3o, com 13,45%; ci\u00eancias cont\u00e1beis, com 6,54%; economia, com 3,72%; propaganda\/publicidade e marketing, com 2,52%; e psicologia, com 2,30%. <\/p>\n<p>O levantamento da Ricardo Xavier Recursos Humanos abrange S\u00e3o Paulo (capital e Grande SP), Campinas (SP), Rio de Janeiro (RJ), Belo Horizonte (MG), Curitiba (PR), Porto Alegre (RS) e Salvador (BA). As que mais abriram oportunidades em maio foram S\u00e3o Paulo (59%), Salvador e Porto Alegre, com 9% cada, Belo Horizonte e Campinas, com 8% cada, Curitiba (4%) e Rio de Janeiro (3%). <\/p>\n<p><b>Autor: G1<\/b><\/p>\n","protected":false},"excerpt":{"rendered":"<p>Para consultoria, abertura de vagas deve acirrar disputa por talentos. Segundo levantamento, 3.268 novas vagas foram criadas no m\u00eas passado. Pesquisa da Ricardo Xavier Recursos Humanos levantou as dez \u00e1reas que mais abriram posi\u00e7\u00f5es no m\u00eas de maio. De acordo com levantamento da consultoria, 3.268 novas vagas foram criadas no m\u00eas passado. Entre elas, 14% [&hellip;]<\/p>\n","protected":false},"author":1,"featured_media":0,"comment_status":"open","ping_status":"open","sticky":false,"template":"","format":"standard","meta":{"footnotes":""},"categories":[6,35],"tags":[],"class_list":{"0":"post-18361","1":"post","2":"type-post","3":"status-publish","4":"format-standard","6":"category-noticias","7":"category-pesquisa-e-desenvolvimento"},"yoast_head":"<!-- This site is optimized with the Yoast SEO plugin v27.2 - https:\/\/yoast.com\/product\/yoast-seo-wordpress\/ -->\n<title>\u00c1rea comercial e de engenharia lideram vagas em maio, diz pesquisa - Instituto de Engenharia<\/title>\n<meta name=\"robots\" content=\"index, follow, max-snippet:-1, max-image-preview:large, max-video-preview:-1\" \/>\n<link rel=\"canonical\" href=\"https:\/\/www.institutodeengenharia.org.br\/site\/2010\/06\/11\/area-comercial-e-de-engenharia-lideram-vagas-em-maio-diz-pesquisa\/\" \/>\n<meta property=\"og:locale\" content=\"pt_BR\" \/>\n<meta property=\"og:type\" content=\"article\" \/>\n<meta property=\"og:title\" content=\"\u00c1rea comercial e de engenharia lideram vagas em maio, diz pesquisa - Instituto de Engenharia\" \/>\n<meta property=\"og:description\" content=\"Para consultoria, abertura de vagas deve acirrar disputa por talentos. Segundo levantamento, 3.268 novas vagas foram criadas no m\u00eas passado. Pesquisa da Ricardo Xavier Recursos Humanos levantou as dez \u00e1reas que mais abriram posi\u00e7\u00f5es no m\u00eas de maio. De acordo com levantamento da consultoria, 3.268 novas vagas foram criadas no m\u00eas passado. Entre elas, 14% [&hellip;]\" \/>\n<meta property=\"og:url\" content=\"https:\/\/www.institutodeengenharia.org.br\/site\/2010\/06\/11\/area-comercial-e-de-engenharia-lideram-vagas-em-maio-diz-pesquisa\/\" \/>\n<meta property=\"og:site_name\" content=\"Instituto de Engenharia\" \/>\n<meta property=\"article:publisher\" content=\"https:\/\/www.facebook.com\/institutodeengenharia\" \/>\n<meta property=\"article:published_time\" content=\"2010-06-11T22:46:57+00:00\" \/>\n<meta name=\"author\" content=\"TMax Tecnologia\" \/>\n<meta name=\"twitter:card\" content=\"summary_large_image\" \/>\n<meta name=\"twitter:creator\" content=\"@iengenharia\" \/>\n<meta name=\"twitter:site\" content=\"@iengenharia\" \/>\n<meta name=\"twitter:label1\" content=\"Escrito por\" \/>\n\t<meta name=\"twitter:data1\" content=\"TMax Tecnologia\" \/>\n\t<meta name=\"twitter:label2\" content=\"Est. tempo de leitura\" \/>\n\t<meta name=\"twitter:data2\" content=\"2 minutos\" \/>\n<script type=\"application\/ld+json\" class=\"yoast-schema-graph\">{\"@context\":\"https:\/\/schema.org\",\"@graph\":[{\"@type\":\"Article\",\"@id\":\"https:\/\/www.institutodeengenharia.org.br\/site\/2010\/06\/11\/area-comercial-e-de-engenharia-lideram-vagas-em-maio-diz-pesquisa\/#article\",\"isPartOf\":{\"@id\":\"https:\/\/www.institutodeengenharia.org.br\/site\/2010\/06\/11\/area-comercial-e-de-engenharia-lideram-vagas-em-maio-diz-pesquisa\/\"},\"author\":{\"name\":\"TMax Tecnologia\",\"@id\":\"https:\/\/www.institutodeengenharia.org.br\/site\/#\/schema\/person\/3b1ff109facef084739fc2edcb9a127f\"},\"headline\":\"\u00c1rea comercial e de engenharia lideram vagas em maio, diz pesquisa\",\"datePublished\":\"2010-06-11T22:46:57+00:00\",\"mainEntityOfPage\":{\"@id\":\"https:\/\/www.institutodeengenharia.org.br\/site\/2010\/06\/11\/area-comercial-e-de-engenharia-lideram-vagas-em-maio-diz-pesquisa\/\"},\"wordCount\":336,\"commentCount\":0,\"publisher\":{\"@id\":\"https:\/\/www.institutodeengenharia.org.br\/site\/#organization\"},\"articleSection\":[\"Not\u00edcias\",\"Pesquisa e Desenvolvimento\"],\"inLanguage\":\"pt-BR\",\"potentialAction\":[{\"@type\":\"CommentAction\",\"name\":\"Comment\",\"target\":[\"https:\/\/www.institutodeengenharia.org.br\/site\/2010\/06\/11\/area-comercial-e-de-engenharia-lideram-vagas-em-maio-diz-pesquisa\/#respond\"]}]},{\"@type\":\"WebPage\",\"@id\":\"https:\/\/www.institutodeengenharia.org.br\/site\/2010\/06\/11\/area-comercial-e-de-engenharia-lideram-vagas-em-maio-diz-pesquisa\/\",\"url\":\"https:\/\/www.institutodeengenharia.org.br\/site\/2010\/06\/11\/area-comercial-e-de-engenharia-lideram-vagas-em-maio-diz-pesquisa\/\",\"name\":\"\u00c1rea comercial e de engenharia lideram vagas em maio, diz pesquisa - Instituto de Engenharia\",\"isPartOf\":{\"@id\":\"https:\/\/www.institutodeengenharia.org.br\/site\/#website\"},\"datePublished\":\"2010-06-11T22:46:57+00:00\",\"breadcrumb\":{\"@id\":\"https:\/\/www.institutodeengenharia.org.br\/site\/2010\/06\/11\/area-comercial-e-de-engenharia-lideram-vagas-em-maio-diz-pesquisa\/#breadcrumb\"},\"inLanguage\":\"pt-BR\",\"potentialAction\":[{\"@type\":\"ReadAction\",\"target\":[\"https:\/\/www.institutodeengenharia.org.br\/site\/2010\/06\/11\/area-comercial-e-de-engenharia-lideram-vagas-em-maio-diz-pesquisa\/\"]}]},{\"@type\":\"BreadcrumbList\",\"@id\":\"https:\/\/www.institutodeengenharia.org.br\/site\/2010\/06\/11\/area-comercial-e-de-engenharia-lideram-vagas-em-maio-diz-pesquisa\/#breadcrumb\",\"itemListElement\":[{\"@type\":\"ListItem\",\"position\":1,\"name\":\"In\u00edcio\",\"item\":\"https:\/\/www.institutodeengenharia.org.br\/site\/\"},{\"@type\":\"ListItem\",\"position\":2,\"name\":\"\u00c1rea comercial e de engenharia lideram vagas em maio, diz pesquisa\"}]},{\"@type\":\"WebSite\",\"@id\":\"https:\/\/www.institutodeengenharia.org.br\/site\/#website\",\"url\":\"https:\/\/www.institutodeengenharia.org.br\/site\/\",\"name\":\"Instituto de Engenharia\",\"description\":\"O Instituto de Engenharia promove a Engenharia em benef\u00edcio do desenvolvimento e da qualidade de vida da sociedade.\",\"publisher\":{\"@id\":\"https:\/\/www.institutodeengenharia.org.br\/site\/#organization\"},\"potentialAction\":[{\"@type\":\"SearchAction\",\"target\":{\"@type\":\"EntryPoint\",\"urlTemplate\":\"https:\/\/www.institutodeengenharia.org.br\/site\/?s={search_term_string}\"},\"query-input\":{\"@type\":\"PropertyValueSpecification\",\"valueRequired\":true,\"valueName\":\"search_term_string\"}}],\"inLanguage\":\"pt-BR\"},{\"@type\":\"Organization\",\"@id\":\"https:\/\/www.institutodeengenharia.org.br\/site\/#organization\",\"name\":\"Instituto de Engenharia\",\"url\":\"https:\/\/www.institutodeengenharia.org.br\/site\/\",\"logo\":{\"@type\":\"ImageObject\",\"inLanguage\":\"pt-BR\",\"@id\":\"https:\/\/www.institutodeengenharia.org.br\/site\/#\/schema\/logo\/image\/\",\"url\":\"https:\/\/www.institutodeengenharia.org.br\/site\/wp-content\/uploads\/2019\/03\/logo-novo-IE2018-1.jpg\",\"contentUrl\":\"https:\/\/www.institutodeengenharia.org.br\/site\/wp-content\/uploads\/2019\/03\/logo-novo-IE2018-1.jpg\",\"width\":1486,\"height\":1879,\"caption\":\"Instituto de Engenharia\"},\"image\":{\"@id\":\"https:\/\/www.institutodeengenharia.org.br\/site\/#\/schema\/logo\/image\/\"},\"sameAs\":[\"https:\/\/www.facebook.com\/institutodeengenharia\",\"https:\/\/x.com\/iengenharia\",\"https:\/\/www.instagram.com\/institutodeengenharia\/\",\"https:\/\/www.linkedin.com\/company\/instituto-de-engenharia\/\",\"https:\/\/www.youtube.com\/channel\/UCXiCAlsSMe977vamW915HxA\"]},{\"@type\":\"Person\",\"@id\":\"https:\/\/www.institutodeengenharia.org.br\/site\/#\/schema\/person\/3b1ff109facef084739fc2edcb9a127f\",\"name\":\"TMax Tecnologia\",\"image\":{\"@type\":\"ImageObject\",\"inLanguage\":\"pt-BR\",\"@id\":\"https:\/\/secure.gravatar.com\/avatar\/f912434ef7f389c92cb311fcdae346af848465d638912574b3c669070f797701?s=96&d=mm&r=g\",\"url\":\"https:\/\/secure.gravatar.com\/avatar\/f912434ef7f389c92cb311fcdae346af848465d638912574b3c669070f797701?s=96&d=mm&r=g\",\"contentUrl\":\"https:\/\/secure.gravatar.com\/avatar\/f912434ef7f389c92cb311fcdae346af848465d638912574b3c669070f797701?s=96&d=mm&r=g\",\"caption\":\"TMax Tecnologia\"},\"url\":\"https:\/\/www.institutodeengenharia.org.br\/site\/author\/tmax\/\"}]}<\/script>\n<!-- \/ Yoast SEO plugin. -->","yoast_head_json":{"title":"\u00c1rea comercial e de engenharia lideram vagas em maio, diz pesquisa - Instituto de Engenharia","robots":{"index":"index","follow":"follow","max-snippet":"max-snippet:-1","max-image-preview":"max-image-preview:large","max-video-preview":"max-video-preview:-1"},"canonical":"https:\/\/www.institutodeengenharia.org.br\/site\/2010\/06\/11\/area-comercial-e-de-engenharia-lideram-vagas-em-maio-diz-pesquisa\/","og_locale":"pt_BR","og_type":"article","og_title":"\u00c1rea comercial e de engenharia lideram vagas em maio, diz pesquisa - Instituto de Engenharia","og_description":"Para consultoria, abertura de vagas deve acirrar disputa por talentos. Segundo levantamento, 3.268 novas vagas foram criadas no m\u00eas passado. Pesquisa da Ricardo Xavier Recursos Humanos levantou as dez \u00e1reas que mais abriram posi\u00e7\u00f5es no m\u00eas de maio. De acordo com levantamento da consultoria, 3.268 novas vagas foram criadas no m\u00eas passado. Entre elas, 14% [&hellip;]","og_url":"https:\/\/www.institutodeengenharia.org.br\/site\/2010\/06\/11\/area-comercial-e-de-engenharia-lideram-vagas-em-maio-diz-pesquisa\/","og_site_name":"Instituto de Engenharia","article_publisher":"https:\/\/www.facebook.com\/institutodeengenharia","article_published_time":"2010-06-11T22:46:57+00:00","author":"TMax Tecnologia","twitter_card":"summary_large_image","twitter_creator":"@iengenharia","twitter_site":"@iengenharia","twitter_misc":{"Escrito por":"TMax Tecnologia","Est. tempo de leitura":"2 minutos"},"schema":{"@context":"https:\/\/schema.org","@graph":[{"@type":"Article","@id":"https:\/\/www.institutodeengenharia.org.br\/site\/2010\/06\/11\/area-comercial-e-de-engenharia-lideram-vagas-em-maio-diz-pesquisa\/#article","isPartOf":{"@id":"https:\/\/www.institutodeengenharia.org.br\/site\/2010\/06\/11\/area-comercial-e-de-engenharia-lideram-vagas-em-maio-diz-pesquisa\/"},"author":{"name":"TMax Tecnologia","@id":"https:\/\/www.institutodeengenharia.org.br\/site\/#\/schema\/person\/3b1ff109facef084739fc2edcb9a127f"},"headline":"\u00c1rea comercial e de engenharia lideram vagas em maio, diz pesquisa","datePublished":"2010-06-11T22:46:57+00:00","mainEntityOfPage":{"@id":"https:\/\/www.institutodeengenharia.org.br\/site\/2010\/06\/11\/area-comercial-e-de-engenharia-lideram-vagas-em-maio-diz-pesquisa\/"},"wordCount":336,"commentCount":0,"publisher":{"@id":"https:\/\/www.institutodeengenharia.org.br\/site\/#organization"},"articleSection":["Not\u00edcias","Pesquisa e Desenvolvimento"],"inLanguage":"pt-BR","potentialAction":[{"@type":"CommentAction","name":"Comment","target":["https:\/\/www.institutodeengenharia.org.br\/site\/2010\/06\/11\/area-comercial-e-de-engenharia-lideram-vagas-em-maio-diz-pesquisa\/#respond"]}]},{"@type":"WebPage","@id":"https:\/\/www.institutodeengenharia.org.br\/site\/2010\/06\/11\/area-comercial-e-de-engenharia-lideram-vagas-em-maio-diz-pesquisa\/","url":"https:\/\/www.institutodeengenharia.org.br\/site\/2010\/06\/11\/area-comercial-e-de-engenharia-lideram-vagas-em-maio-diz-pesquisa\/","name":"\u00c1rea comercial e de engenharia lideram vagas em maio, diz pesquisa - Instituto de Engenharia","isPartOf":{"@id":"https:\/\/www.institutodeengenharia.org.br\/site\/#website"},"datePublished":"2010-06-11T22:46:57+00:00","breadcrumb":{"@id":"https:\/\/www.institutodeengenharia.org.br\/site\/2010\/06\/11\/area-comercial-e-de-engenharia-lideram-vagas-em-maio-diz-pesquisa\/#breadcrumb"},"inLanguage":"pt-BR","potentialAction":[{"@type":"ReadAction","target":["https:\/\/www.institutodeengenharia.org.br\/site\/2010\/06\/11\/area-comercial-e-de-engenharia-lideram-vagas-em-maio-diz-pesquisa\/"]}]},{"@type":"BreadcrumbList","@id":"https:\/\/www.institutodeengenharia.org.br\/site\/2010\/06\/11\/area-comercial-e-de-engenharia-lideram-vagas-em-maio-diz-pesquisa\/#breadcrumb","itemListElement":[{"@type":"ListItem","position":1,"name":"In\u00edcio","item":"https:\/\/www.institutodeengenharia.org.br\/site\/"},{"@type":"ListItem","position":2,"name":"\u00c1rea comercial e de engenharia lideram vagas em maio, diz pesquisa"}]},{"@type":"WebSite","@id":"https:\/\/www.institutodeengenharia.org.br\/site\/#website","url":"https:\/\/www.institutodeengenharia.org.br\/site\/","name":"Instituto de Engenharia","description":"O Instituto de Engenharia promove a Engenharia em benef\u00edcio do desenvolvimento e da qualidade de vida da sociedade.","publisher":{"@id":"https:\/\/www.institutodeengenharia.org.br\/site\/#organization"},"potentialAction":[{"@type":"SearchAction","target":{"@type":"EntryPoint","urlTemplate":"https:\/\/www.institutodeengenharia.org.br\/site\/?s={search_term_string}"},"query-input":{"@type":"PropertyValueSpecification","valueRequired":true,"valueName":"search_term_string"}}],"inLanguage":"pt-BR"},{"@type":"Organization","@id":"https:\/\/www.institutodeengenharia.org.br\/site\/#organization","name":"Instituto de Engenharia","url":"https:\/\/www.institutodeengenharia.org.br\/site\/","logo":{"@type":"ImageObject","inLanguage":"pt-BR","@id":"https:\/\/www.institutodeengenharia.org.br\/site\/#\/schema\/logo\/image\/","url":"https:\/\/www.institutodeengenharia.org.br\/site\/wp-content\/uploads\/2019\/03\/logo-novo-IE2018-1.jpg","contentUrl":"https:\/\/www.institutodeengenharia.org.br\/site\/wp-content\/uploads\/2019\/03\/logo-novo-IE2018-1.jpg","width":1486,"height":1879,"caption":"Instituto de Engenharia"},"image":{"@id":"https:\/\/www.institutodeengenharia.org.br\/site\/#\/schema\/logo\/image\/"},"sameAs":["https:\/\/www.facebook.com\/institutodeengenharia","https:\/\/x.com\/iengenharia","https:\/\/www.instagram.com\/institutodeengenharia\/","https:\/\/www.linkedin.com\/company\/instituto-de-engenharia\/","https:\/\/www.youtube.com\/channel\/UCXiCAlsSMe977vamW915HxA"]},{"@type":"Person","@id":"https:\/\/www.institutodeengenharia.org.br\/site\/#\/schema\/person\/3b1ff109facef084739fc2edcb9a127f","name":"TMax Tecnologia","image":{"@type":"ImageObject","inLanguage":"pt-BR","@id":"https:\/\/secure.gravatar.com\/avatar\/f912434ef7f389c92cb311fcdae346af848465d638912574b3c669070f797701?s=96&d=mm&r=g","url":"https:\/\/secure.gravatar.com\/avatar\/f912434ef7f389c92cb311fcdae346af848465d638912574b3c669070f797701?s=96&d=mm&r=g","contentUrl":"https:\/\/secure.gravatar.com\/avatar\/f912434ef7f389c92cb311fcdae346af848465d638912574b3c669070f797701?s=96&d=mm&r=g","caption":"TMax Tecnologia"},"url":"https:\/\/www.institutodeengenharia.org.br\/site\/author\/tmax\/"}]}},"_links":{"self":[{"href":"https:\/\/www.institutodeengenharia.org.br\/site\/wp-json\/wp\/v2\/posts\/18361","targetHints":{"allow":["GET"]}}],"collection":[{"href":"https:\/\/www.institutodeengenharia.org.br\/site\/wp-json\/wp\/v2\/posts"}],"about":[{"href":"https:\/\/www.institutodeengenharia.org.br\/site\/wp-json\/wp\/v2\/types\/post"}],"author":[{"embeddable":true,"href":"https:\/\/www.institutodeengenharia.org.br\/site\/wp-json\/wp\/v2\/users\/1"}],"replies":[{"embeddable":true,"href":"https:\/\/www.institutodeengenharia.org.br\/site\/wp-json\/wp\/v2\/comments?post=18361"}],"version-history":[{"count":0,"href":"https:\/\/www.institutodeengenharia.org.br\/site\/wp-json\/wp\/v2\/posts\/18361\/revisions"}],"wp:attachment":[{"href":"https:\/\/www.institutodeengenharia.org.br\/site\/wp-json\/wp\/v2\/media?parent=18361"}],"wp:term":[{"taxonomy":"category","embeddable":true,"href":"https:\/\/www.institutodeengenharia.org.br\/site\/wp-json\/wp\/v2\/categories?post=18361"},{"taxonomy":"post_tag","embeddable":true,"href":"https:\/\/www.institutodeengenharia.org.br\/site\/wp-json\/wp\/v2\/tags?post=18361"}],"curies":[{"name":"wp","href":"https:\/\/api.w.org\/{rel}","templated":true}]}}