{"id":18333,"date":"2010-06-08T22:46:37","date_gmt":"2010-06-08T22:46:37","guid":{"rendered":"https:\/\/www.institutodeengenharia.org.br\/?p=18333"},"modified":"2010-06-08T09:37:45","modified_gmt":"2010-06-08T09:37:45","slug":"a-frota-verde-de-taxis-pretos-de-londres","status":"publish","type":"post","link":"https:\/\/www.institutodeengenharia.org.br\/site\/2010\/06\/08\/a-frota-verde-de-taxis-pretos-de-londres\/","title":{"rendered":"A frota verde de t\u00e1xis pretos de Londres"},"content":{"rendered":"<p>Uma frota de t\u00e1xis pretos movidos a hidrog\u00eanio estar\u00e1 rodando nas ruas de Londres a partir de 2012. Isso \u00e9 parte do esfor\u00e7o da cidade para zerar as emiss\u00f5es desses ve\u00edculos at\u00e9 2020. <\/p>\n<p>Um prot\u00f3tipo de t\u00e1xi h\u00edbrido com c\u00e9lula de energia foi mostrado no domingo na prefeitura da cidade. O carro \u00e9 fruto de um cons\u00f3rcio de empresa, incluindo a Lotus Engineering.&nbsp;<\/p>\n<p>A capital inglesa quer limpar o ar da cidade, tomado pela fuma\u00e7a diesel de t\u00e1xis e \u00f4nibus \u2013 esse projeto \u00e9 um dos primeiros passos para tentar resolver o problema. <\/p>\n<p>Kit Malthouse, l\u00edder do cons\u00f3rcio londrino, disse que a polui\u00e7\u00e3o gerada pelos t\u00e1xis pretos da cidade precisa ser resolvido. <\/p>\n<p>&#8220;Este prot\u00f3tipo de t\u00e1xi com c\u00e9lulas de energia, que emite apenas \u00e1gua do escapamento, \u00e9 uma vis\u00e3o incr\u00edvel de como o a tecnologia de hidrog\u00eanio pode, em breve, representar um papel central na limpeza do ar.&#8221; <\/p>\n<p>O prot\u00f3tipo pode chegar a quase 30 km\/h e tem uma autonomia superior a 400 km. O melhor \u00e9 que s\u00f3 bastam cinco minutos para ele ser recarregado. <\/p>\n<p>Claro que ainda faltam mais pesquisas para baratear a tecnologia e para criar uma rede de postos de abastecimento pela cidade, mas o importante \u00e9 que a iniciativa foi dada. <\/p>\n<p><b>Autor: Depois da Roda<\/b><\/p>\n","protected":false},"excerpt":{"rendered":"<p>Uma frota de t\u00e1xis pretos movidos a hidrog\u00eanio estar\u00e1 rodando nas ruas de Londres a partir de 2012. Isso \u00e9 parte do esfor\u00e7o da cidade para zerar as emiss\u00f5es desses ve\u00edculos at\u00e9 2020. Um prot\u00f3tipo de t\u00e1xi h\u00edbrido com c\u00e9lula de energia foi mostrado no domingo na prefeitura da cidade. O carro \u00e9 fruto de [&hellip;]<\/p>\n","protected":false},"author":1,"featured_media":18334,"comment_status":"open","ping_status":"open","sticky":false,"template":"","format":"standard","meta":{"footnotes":""},"categories":[24,6],"tags":[],"class_list":{"0":"post-18333","1":"post","2":"type-post","3":"status-publish","4":"format-standard","5":"has-post-thumbnail","7":"category-energia","8":"category-noticias"},"yoast_head":"<!-- This site is optimized with the Yoast SEO plugin v27.2 - https:\/\/yoast.com\/product\/yoast-seo-wordpress\/ -->\n<title>A frota verde de t\u00e1xis pretos de Londres - Instituto de Engenharia<\/title>\n<meta name=\"robots\" content=\"index, follow, max-snippet:-1, max-image-preview:large, max-video-preview:-1\" \/>\n<link rel=\"canonical\" href=\"https:\/\/www.institutodeengenharia.org.br\/site\/2010\/06\/08\/a-frota-verde-de-taxis-pretos-de-londres\/\" \/>\n<meta property=\"og:locale\" content=\"pt_BR\" \/>\n<meta property=\"og:type\" content=\"article\" \/>\n<meta property=\"og:title\" content=\"A frota verde de t\u00e1xis pretos de Londres - Instituto de Engenharia\" \/>\n<meta property=\"og:description\" content=\"Uma frota de t\u00e1xis pretos movidos a hidrog\u00eanio estar\u00e1 rodando nas ruas de Londres a partir de 2012. Isso \u00e9 parte do esfor\u00e7o da cidade para zerar as emiss\u00f5es desses ve\u00edculos at\u00e9 2020. Um prot\u00f3tipo de t\u00e1xi h\u00edbrido com c\u00e9lula de energia foi mostrado no domingo na prefeitura da cidade. O carro \u00e9 fruto de [&hellip;]\" \/>\n<meta property=\"og:url\" content=\"https:\/\/www.institutodeengenharia.org.br\/site\/2010\/06\/08\/a-frota-verde-de-taxis-pretos-de-londres\/\" \/>\n<meta property=\"og:site_name\" content=\"Instituto de Engenharia\" \/>\n<meta property=\"article:publisher\" content=\"https:\/\/www.facebook.com\/institutodeengenharia\" \/>\n<meta property=\"article:published_time\" content=\"2010-06-08T22:46:37+00:00\" \/>\n<meta property=\"og:image\" content=\"https:\/\/www.institutodeengenharia.org.br\/site\/wp-content\/uploads\/2017\/10\/taxi_verde(1).jpg\" \/>\n\t<meta property=\"og:image:width\" content=\"448\" \/>\n\t<meta property=\"og:image:height\" content=\"299\" \/>\n\t<meta property=\"og:image:type\" content=\"image\/jpeg\" \/>\n<meta name=\"author\" content=\"TMax Tecnologia\" \/>\n<meta name=\"twitter:card\" content=\"summary_large_image\" \/>\n<meta name=\"twitter:creator\" content=\"@iengenharia\" \/>\n<meta name=\"twitter:site\" content=\"@iengenharia\" \/>\n<meta name=\"twitter:label1\" content=\"Escrito por\" \/>\n\t<meta name=\"twitter:data1\" content=\"TMax Tecnologia\" \/>\n\t<meta name=\"twitter:label2\" content=\"Est. tempo de leitura\" \/>\n\t<meta name=\"twitter:data2\" content=\"1 minuto\" \/>\n<script type=\"application\/ld+json\" class=\"yoast-schema-graph\">{\"@context\":\"https:\/\/schema.org\",\"@graph\":[{\"@type\":\"Article\",\"@id\":\"https:\/\/www.institutodeengenharia.org.br\/site\/2010\/06\/08\/a-frota-verde-de-taxis-pretos-de-londres\/#article\",\"isPartOf\":{\"@id\":\"https:\/\/www.institutodeengenharia.org.br\/site\/2010\/06\/08\/a-frota-verde-de-taxis-pretos-de-londres\/\"},\"author\":{\"name\":\"TMax Tecnologia\",\"@id\":\"https:\/\/www.institutodeengenharia.org.br\/site\/#\/schema\/person\/3b1ff109facef084739fc2edcb9a127f\"},\"headline\":\"A frota verde de t\u00e1xis pretos de Londres\",\"datePublished\":\"2010-06-08T22:46:37+00:00\",\"mainEntityOfPage\":{\"@id\":\"https:\/\/www.institutodeengenharia.org.br\/site\/2010\/06\/08\/a-frota-verde-de-taxis-pretos-de-londres\/\"},\"wordCount\":233,\"commentCount\":0,\"publisher\":{\"@id\":\"https:\/\/www.institutodeengenharia.org.br\/site\/#organization\"},\"image\":{\"@id\":\"https:\/\/www.institutodeengenharia.org.br\/site\/2010\/06\/08\/a-frota-verde-de-taxis-pretos-de-londres\/#primaryimage\"},\"thumbnailUrl\":\"https:\/\/www.institutodeengenharia.org.br\/site\/wp-content\/uploads\/2017\/10\/taxi_verde(1).jpg\",\"articleSection\":[\"Energia\",\"Not\u00edcias\"],\"inLanguage\":\"pt-BR\",\"potentialAction\":[{\"@type\":\"CommentAction\",\"name\":\"Comment\",\"target\":[\"https:\/\/www.institutodeengenharia.org.br\/site\/2010\/06\/08\/a-frota-verde-de-taxis-pretos-de-londres\/#respond\"]}]},{\"@type\":\"WebPage\",\"@id\":\"https:\/\/www.institutodeengenharia.org.br\/site\/2010\/06\/08\/a-frota-verde-de-taxis-pretos-de-londres\/\",\"url\":\"https:\/\/www.institutodeengenharia.org.br\/site\/2010\/06\/08\/a-frota-verde-de-taxis-pretos-de-londres\/\",\"name\":\"A frota verde de t\u00e1xis pretos de Londres - Instituto de Engenharia\",\"isPartOf\":{\"@id\":\"https:\/\/www.institutodeengenharia.org.br\/site\/#website\"},\"primaryImageOfPage\":{\"@id\":\"https:\/\/www.institutodeengenharia.org.br\/site\/2010\/06\/08\/a-frota-verde-de-taxis-pretos-de-londres\/#primaryimage\"},\"image\":{\"@id\":\"https:\/\/www.institutodeengenharia.org.br\/site\/2010\/06\/08\/a-frota-verde-de-taxis-pretos-de-londres\/#primaryimage\"},\"thumbnailUrl\":\"https:\/\/www.institutodeengenharia.org.br\/site\/wp-content\/uploads\/2017\/10\/taxi_verde(1).jpg\",\"datePublished\":\"2010-06-08T22:46:37+00:00\",\"breadcrumb\":{\"@id\":\"https:\/\/www.institutodeengenharia.org.br\/site\/2010\/06\/08\/a-frota-verde-de-taxis-pretos-de-londres\/#breadcrumb\"},\"inLanguage\":\"pt-BR\",\"potentialAction\":[{\"@type\":\"ReadAction\",\"target\":[\"https:\/\/www.institutodeengenharia.org.br\/site\/2010\/06\/08\/a-frota-verde-de-taxis-pretos-de-londres\/\"]}]},{\"@type\":\"ImageObject\",\"inLanguage\":\"pt-BR\",\"@id\":\"https:\/\/www.institutodeengenharia.org.br\/site\/2010\/06\/08\/a-frota-verde-de-taxis-pretos-de-londres\/#primaryimage\",\"url\":\"https:\/\/www.institutodeengenharia.org.br\/site\/wp-content\/uploads\/2017\/10\/taxi_verde(1).jpg\",\"contentUrl\":\"https:\/\/www.institutodeengenharia.org.br\/site\/wp-content\/uploads\/2017\/10\/taxi_verde(1).jpg\",\"width\":448,\"height\":299},{\"@type\":\"BreadcrumbList\",\"@id\":\"https:\/\/www.institutodeengenharia.org.br\/site\/2010\/06\/08\/a-frota-verde-de-taxis-pretos-de-londres\/#breadcrumb\",\"itemListElement\":[{\"@type\":\"ListItem\",\"position\":1,\"name\":\"In\u00edcio\",\"item\":\"https:\/\/www.institutodeengenharia.org.br\/site\/\"},{\"@type\":\"ListItem\",\"position\":2,\"name\":\"A frota verde de t\u00e1xis pretos de Londres\"}]},{\"@type\":\"WebSite\",\"@id\":\"https:\/\/www.institutodeengenharia.org.br\/site\/#website\",\"url\":\"https:\/\/www.institutodeengenharia.org.br\/site\/\",\"name\":\"Instituto de Engenharia\",\"description\":\"O Instituto de Engenharia promove a Engenharia em benef\u00edcio do desenvolvimento e da qualidade de vida da sociedade.\",\"publisher\":{\"@id\":\"https:\/\/www.institutodeengenharia.org.br\/site\/#organization\"},\"potentialAction\":[{\"@type\":\"SearchAction\",\"target\":{\"@type\":\"EntryPoint\",\"urlTemplate\":\"https:\/\/www.institutodeengenharia.org.br\/site\/?s={search_term_string}\"},\"query-input\":{\"@type\":\"PropertyValueSpecification\",\"valueRequired\":true,\"valueName\":\"search_term_string\"}}],\"inLanguage\":\"pt-BR\"},{\"@type\":\"Organization\",\"@id\":\"https:\/\/www.institutodeengenharia.org.br\/site\/#organization\",\"name\":\"Instituto de Engenharia\",\"url\":\"https:\/\/www.institutodeengenharia.org.br\/site\/\",\"logo\":{\"@type\":\"ImageObject\",\"inLanguage\":\"pt-BR\",\"@id\":\"https:\/\/www.institutodeengenharia.org.br\/site\/#\/schema\/logo\/image\/\",\"url\":\"https:\/\/www.institutodeengenharia.org.br\/site\/wp-content\/uploads\/2019\/03\/logo-novo-IE2018-1.jpg\",\"contentUrl\":\"https:\/\/www.institutodeengenharia.org.br\/site\/wp-content\/uploads\/2019\/03\/logo-novo-IE2018-1.jpg\",\"width\":1486,\"height\":1879,\"caption\":\"Instituto de Engenharia\"},\"image\":{\"@id\":\"https:\/\/www.institutodeengenharia.org.br\/site\/#\/schema\/logo\/image\/\"},\"sameAs\":[\"https:\/\/www.facebook.com\/institutodeengenharia\",\"https:\/\/x.com\/iengenharia\",\"https:\/\/www.instagram.com\/institutodeengenharia\/\",\"https:\/\/www.linkedin.com\/company\/instituto-de-engenharia\/\",\"https:\/\/www.youtube.com\/channel\/UCXiCAlsSMe977vamW915HxA\"]},{\"@type\":\"Person\",\"@id\":\"https:\/\/www.institutodeengenharia.org.br\/site\/#\/schema\/person\/3b1ff109facef084739fc2edcb9a127f\",\"name\":\"TMax Tecnologia\",\"image\":{\"@type\":\"ImageObject\",\"inLanguage\":\"pt-BR\",\"@id\":\"https:\/\/secure.gravatar.com\/avatar\/f912434ef7f389c92cb311fcdae346af848465d638912574b3c669070f797701?s=96&d=mm&r=g\",\"url\":\"https:\/\/secure.gravatar.com\/avatar\/f912434ef7f389c92cb311fcdae346af848465d638912574b3c669070f797701?s=96&d=mm&r=g\",\"contentUrl\":\"https:\/\/secure.gravatar.com\/avatar\/f912434ef7f389c92cb311fcdae346af848465d638912574b3c669070f797701?s=96&d=mm&r=g\",\"caption\":\"TMax Tecnologia\"},\"url\":\"https:\/\/www.institutodeengenharia.org.br\/site\/author\/tmax\/\"}]}<\/script>\n<!-- \/ Yoast SEO plugin. -->","yoast_head_json":{"title":"A frota verde de t\u00e1xis pretos de Londres - Instituto de Engenharia","robots":{"index":"index","follow":"follow","max-snippet":"max-snippet:-1","max-image-preview":"max-image-preview:large","max-video-preview":"max-video-preview:-1"},"canonical":"https:\/\/www.institutodeengenharia.org.br\/site\/2010\/06\/08\/a-frota-verde-de-taxis-pretos-de-londres\/","og_locale":"pt_BR","og_type":"article","og_title":"A frota verde de t\u00e1xis pretos de Londres - Instituto de Engenharia","og_description":"Uma frota de t\u00e1xis pretos movidos a hidrog\u00eanio estar\u00e1 rodando nas ruas de Londres a partir de 2012. Isso \u00e9 parte do esfor\u00e7o da cidade para zerar as emiss\u00f5es desses ve\u00edculos at\u00e9 2020. Um prot\u00f3tipo de t\u00e1xi h\u00edbrido com c\u00e9lula de energia foi mostrado no domingo na prefeitura da cidade. O carro \u00e9 fruto de [&hellip;]","og_url":"https:\/\/www.institutodeengenharia.org.br\/site\/2010\/06\/08\/a-frota-verde-de-taxis-pretos-de-londres\/","og_site_name":"Instituto de Engenharia","article_publisher":"https:\/\/www.facebook.com\/institutodeengenharia","article_published_time":"2010-06-08T22:46:37+00:00","og_image":[{"width":448,"height":299,"url":"https:\/\/www.institutodeengenharia.org.br\/site\/wp-content\/uploads\/2017\/10\/taxi_verde(1).jpg","type":"image\/jpeg"}],"author":"TMax Tecnologia","twitter_card":"summary_large_image","twitter_creator":"@iengenharia","twitter_site":"@iengenharia","twitter_misc":{"Escrito por":"TMax Tecnologia","Est. tempo de leitura":"1 minuto"},"schema":{"@context":"https:\/\/schema.org","@graph":[{"@type":"Article","@id":"https:\/\/www.institutodeengenharia.org.br\/site\/2010\/06\/08\/a-frota-verde-de-taxis-pretos-de-londres\/#article","isPartOf":{"@id":"https:\/\/www.institutodeengenharia.org.br\/site\/2010\/06\/08\/a-frota-verde-de-taxis-pretos-de-londres\/"},"author":{"name":"TMax Tecnologia","@id":"https:\/\/www.institutodeengenharia.org.br\/site\/#\/schema\/person\/3b1ff109facef084739fc2edcb9a127f"},"headline":"A frota verde de t\u00e1xis pretos de Londres","datePublished":"2010-06-08T22:46:37+00:00","mainEntityOfPage":{"@id":"https:\/\/www.institutodeengenharia.org.br\/site\/2010\/06\/08\/a-frota-verde-de-taxis-pretos-de-londres\/"},"wordCount":233,"commentCount":0,"publisher":{"@id":"https:\/\/www.institutodeengenharia.org.br\/site\/#organization"},"image":{"@id":"https:\/\/www.institutodeengenharia.org.br\/site\/2010\/06\/08\/a-frota-verde-de-taxis-pretos-de-londres\/#primaryimage"},"thumbnailUrl":"https:\/\/www.institutodeengenharia.org.br\/site\/wp-content\/uploads\/2017\/10\/taxi_verde(1).jpg","articleSection":["Energia","Not\u00edcias"],"inLanguage":"pt-BR","potentialAction":[{"@type":"CommentAction","name":"Comment","target":["https:\/\/www.institutodeengenharia.org.br\/site\/2010\/06\/08\/a-frota-verde-de-taxis-pretos-de-londres\/#respond"]}]},{"@type":"WebPage","@id":"https:\/\/www.institutodeengenharia.org.br\/site\/2010\/06\/08\/a-frota-verde-de-taxis-pretos-de-londres\/","url":"https:\/\/www.institutodeengenharia.org.br\/site\/2010\/06\/08\/a-frota-verde-de-taxis-pretos-de-londres\/","name":"A frota verde de t\u00e1xis pretos de Londres - Instituto de Engenharia","isPartOf":{"@id":"https:\/\/www.institutodeengenharia.org.br\/site\/#website"},"primaryImageOfPage":{"@id":"https:\/\/www.institutodeengenharia.org.br\/site\/2010\/06\/08\/a-frota-verde-de-taxis-pretos-de-londres\/#primaryimage"},"image":{"@id":"https:\/\/www.institutodeengenharia.org.br\/site\/2010\/06\/08\/a-frota-verde-de-taxis-pretos-de-londres\/#primaryimage"},"thumbnailUrl":"https:\/\/www.institutodeengenharia.org.br\/site\/wp-content\/uploads\/2017\/10\/taxi_verde(1).jpg","datePublished":"2010-06-08T22:46:37+00:00","breadcrumb":{"@id":"https:\/\/www.institutodeengenharia.org.br\/site\/2010\/06\/08\/a-frota-verde-de-taxis-pretos-de-londres\/#breadcrumb"},"inLanguage":"pt-BR","potentialAction":[{"@type":"ReadAction","target":["https:\/\/www.institutodeengenharia.org.br\/site\/2010\/06\/08\/a-frota-verde-de-taxis-pretos-de-londres\/"]}]},{"@type":"ImageObject","inLanguage":"pt-BR","@id":"https:\/\/www.institutodeengenharia.org.br\/site\/2010\/06\/08\/a-frota-verde-de-taxis-pretos-de-londres\/#primaryimage","url":"https:\/\/www.institutodeengenharia.org.br\/site\/wp-content\/uploads\/2017\/10\/taxi_verde(1).jpg","contentUrl":"https:\/\/www.institutodeengenharia.org.br\/site\/wp-content\/uploads\/2017\/10\/taxi_verde(1).jpg","width":448,"height":299},{"@type":"BreadcrumbList","@id":"https:\/\/www.institutodeengenharia.org.br\/site\/2010\/06\/08\/a-frota-verde-de-taxis-pretos-de-londres\/#breadcrumb","itemListElement":[{"@type":"ListItem","position":1,"name":"In\u00edcio","item":"https:\/\/www.institutodeengenharia.org.br\/site\/"},{"@type":"ListItem","position":2,"name":"A frota verde de t\u00e1xis pretos de Londres"}]},{"@type":"WebSite","@id":"https:\/\/www.institutodeengenharia.org.br\/site\/#website","url":"https:\/\/www.institutodeengenharia.org.br\/site\/","name":"Instituto de Engenharia","description":"O Instituto de Engenharia promove a Engenharia em benef\u00edcio do desenvolvimento e da qualidade de vida da sociedade.","publisher":{"@id":"https:\/\/www.institutodeengenharia.org.br\/site\/#organization"},"potentialAction":[{"@type":"SearchAction","target":{"@type":"EntryPoint","urlTemplate":"https:\/\/www.institutodeengenharia.org.br\/site\/?s={search_term_string}"},"query-input":{"@type":"PropertyValueSpecification","valueRequired":true,"valueName":"search_term_string"}}],"inLanguage":"pt-BR"},{"@type":"Organization","@id":"https:\/\/www.institutodeengenharia.org.br\/site\/#organization","name":"Instituto de Engenharia","url":"https:\/\/www.institutodeengenharia.org.br\/site\/","logo":{"@type":"ImageObject","inLanguage":"pt-BR","@id":"https:\/\/www.institutodeengenharia.org.br\/site\/#\/schema\/logo\/image\/","url":"https:\/\/www.institutodeengenharia.org.br\/site\/wp-content\/uploads\/2019\/03\/logo-novo-IE2018-1.jpg","contentUrl":"https:\/\/www.institutodeengenharia.org.br\/site\/wp-content\/uploads\/2019\/03\/logo-novo-IE2018-1.jpg","width":1486,"height":1879,"caption":"Instituto de Engenharia"},"image":{"@id":"https:\/\/www.institutodeengenharia.org.br\/site\/#\/schema\/logo\/image\/"},"sameAs":["https:\/\/www.facebook.com\/institutodeengenharia","https:\/\/x.com\/iengenharia","https:\/\/www.instagram.com\/institutodeengenharia\/","https:\/\/www.linkedin.com\/company\/instituto-de-engenharia\/","https:\/\/www.youtube.com\/channel\/UCXiCAlsSMe977vamW915HxA"]},{"@type":"Person","@id":"https:\/\/www.institutodeengenharia.org.br\/site\/#\/schema\/person\/3b1ff109facef084739fc2edcb9a127f","name":"TMax Tecnologia","image":{"@type":"ImageObject","inLanguage":"pt-BR","@id":"https:\/\/secure.gravatar.com\/avatar\/f912434ef7f389c92cb311fcdae346af848465d638912574b3c669070f797701?s=96&d=mm&r=g","url":"https:\/\/secure.gravatar.com\/avatar\/f912434ef7f389c92cb311fcdae346af848465d638912574b3c669070f797701?s=96&d=mm&r=g","contentUrl":"https:\/\/secure.gravatar.com\/avatar\/f912434ef7f389c92cb311fcdae346af848465d638912574b3c669070f797701?s=96&d=mm&r=g","caption":"TMax Tecnologia"},"url":"https:\/\/www.institutodeengenharia.org.br\/site\/author\/tmax\/"}]}},"_links":{"self":[{"href":"https:\/\/www.institutodeengenharia.org.br\/site\/wp-json\/wp\/v2\/posts\/18333","targetHints":{"allow":["GET"]}}],"collection":[{"href":"https:\/\/www.institutodeengenharia.org.br\/site\/wp-json\/wp\/v2\/posts"}],"about":[{"href":"https:\/\/www.institutodeengenharia.org.br\/site\/wp-json\/wp\/v2\/types\/post"}],"author":[{"embeddable":true,"href":"https:\/\/www.institutodeengenharia.org.br\/site\/wp-json\/wp\/v2\/users\/1"}],"replies":[{"embeddable":true,"href":"https:\/\/www.institutodeengenharia.org.br\/site\/wp-json\/wp\/v2\/comments?post=18333"}],"version-history":[{"count":0,"href":"https:\/\/www.institutodeengenharia.org.br\/site\/wp-json\/wp\/v2\/posts\/18333\/revisions"}],"wp:featuredmedia":[{"embeddable":true,"href":"https:\/\/www.institutodeengenharia.org.br\/site\/wp-json\/wp\/v2\/media\/18334"}],"wp:attachment":[{"href":"https:\/\/www.institutodeengenharia.org.br\/site\/wp-json\/wp\/v2\/media?parent=18333"}],"wp:term":[{"taxonomy":"category","embeddable":true,"href":"https:\/\/www.institutodeengenharia.org.br\/site\/wp-json\/wp\/v2\/categories?post=18333"},{"taxonomy":"post_tag","embeddable":true,"href":"https:\/\/www.institutodeengenharia.org.br\/site\/wp-json\/wp\/v2\/tags?post=18333"}],"curies":[{"name":"wp","href":"https:\/\/api.w.org\/{rel}","templated":true}]}}