{"id":18329,"date":"2010-06-08T22:46:34","date_gmt":"2010-06-08T22:46:34","guid":{"rendered":"https:\/\/www.institutodeengenharia.org.br\/?p=18329"},"modified":"2010-06-08T09:19:10","modified_gmt":"2010-06-08T09:19:10","slug":"tolmasquim-defende-menos-impostos-para-energia-eletrica-da-industria","status":"publish","type":"post","link":"https:\/\/www.institutodeengenharia.org.br\/site\/2010\/06\/08\/tolmasquim-defende-menos-impostos-para-energia-eletrica-da-industria\/","title":{"rendered":"Tolmasquim defende menos impostos para energia el\u00e9trica da ind\u00fastria"},"content":{"rendered":"<p>O presidente da Empresa de Pesquisa Energ\u00e9tica (EPE), Maur\u00edcio Tolmasquim, defendeu nesta segunda-feira (7), a redu\u00e7\u00e3o da carga tribut\u00e1ria sobre a energia demandada pela ind\u00fastria como forma de dar maior competitividade ao setor. Falando no \u00e2mbito da Confer\u00eancia Internacional da International Association for Energy Economics (IAEE), que ocorre at\u00e9 a pr\u00f3xima quarta-feira (9) no Rio de Janeiro, o executivo que preside o \u00f3rg\u00e3o respons\u00e1vel pelo planejamento energ\u00e9tico de longo prazo do pa\u00eds ressaltou, no entanto, a necessidade de se encontrar f\u00f3rmulas que n\u00e3o prejudiquem a arrecada\u00e7\u00e3o dos estados. <\/p>\n<p>No entendimento do presidente da EPE, somente ser\u00e1 poss\u00edvel tal redu\u00e7\u00e3o com uma \u201campla reforma tribut\u00e1ria e um novo pacto federativo\u201d. Ele lembrou que o problema ocorre porque, desde 2002, est\u00e1 sendo retirado gradativamente das contas de energia o chamado subs\u00eddio cruzado \u2013 quando as tarifas residenciais mais altas bancavam o baixo custo da energia cobrada das ind\u00fastrias. Na avalia\u00e7\u00e3o de Tolmasquim, o pa\u00eds tem condi\u00e7\u00f5es de fornecer energia a pre\u00e7os mais competitivos para a ind\u00fastria, uma vez que a matriz brasileira \u00e9 predominantemente h\u00eddrica e, portanto, mais barata. <\/p>\n<p>Maur\u00edcio Tolmasquim defendeu a continuidade do desenvolvimento explorat\u00f3rio da bacia hidrogr\u00e1fica da Amaz\u00f4nia como forma de garantir a energia que o pa\u00eds precisa para continuar a crescer. Ele lembra que, embora concentre 59% de todo o potencial de gera\u00e7\u00e3o hidrel\u00e9trica do pa\u00eds, a Amaz\u00f4nia s\u00f3 teria 0,5% de seu bioma afetado caso viessem a ser constru\u00eddas todas as usinas hidrel\u00e9tricas projetadas para a regi\u00e3o. A preocupa\u00e7\u00e3o com o desmatamento da Amaz\u00f4nia foi uma das quest\u00f5es levantadas por especialistas estrangeiros que participam da confer\u00eancia. <\/p>\n<p>\u201cO argumento da destrui\u00e7\u00e3o da Floresta Amaz\u00f4nica n\u00e3o \u00e9 verdadeiro, pois as pol\u00edticas governamentais est\u00e3o acompanhando a conscientiza\u00e7\u00e3o sobre a necessidade de se preservar o meio ambiente\u201d, disse Tolmasquim. Ele chegou a citar a Hidrel\u00e9trica de Belo Monte, j\u00e1 licitada para ser erguida no rio Xingu, e as usinas do rio Tapaj\u00f3s, ainda em an\u00e1lise, como alternativas de gera\u00e7\u00e3o el\u00e9trica de baixo impacto socioambiental. Ele lembrou que o reservat\u00f3rio de Belo Monte foi reduzido de 1,1 mil quil\u00f4metros quadrados (km\u00b2), como previsto no projeto original, para 550 km\u00b2. <\/p>\n<p><b>Autor: Ag\u00eancia Brasil<\/b><\/p>\n","protected":false},"excerpt":{"rendered":"<p>O presidente da Empresa de Pesquisa Energ\u00e9tica (EPE), Maur\u00edcio Tolmasquim, defendeu nesta segunda-feira (7), a redu\u00e7\u00e3o da carga tribut\u00e1ria sobre a energia demandada pela ind\u00fastria como forma de dar maior competitividade ao setor. Falando no \u00e2mbito da Confer\u00eancia Internacional da International Association for Energy Economics (IAEE), que ocorre at\u00e9 a pr\u00f3xima quarta-feira (9) no Rio [&hellip;]<\/p>\n","protected":false},"author":1,"featured_media":0,"comment_status":"open","ping_status":"open","sticky":false,"template":"","format":"standard","meta":{"footnotes":""},"categories":[24,6],"tags":[],"class_list":{"0":"post-18329","1":"post","2":"type-post","3":"status-publish","4":"format-standard","6":"category-energia","7":"category-noticias"},"yoast_head":"<!-- This site is optimized with the Yoast SEO plugin v27.2 - https:\/\/yoast.com\/product\/yoast-seo-wordpress\/ -->\n<title>Tolmasquim defende menos impostos para energia el\u00e9trica da ind\u00fastria - Instituto de Engenharia<\/title>\n<meta name=\"robots\" content=\"index, follow, max-snippet:-1, max-image-preview:large, max-video-preview:-1\" \/>\n<link rel=\"canonical\" href=\"https:\/\/www.institutodeengenharia.org.br\/site\/2010\/06\/08\/tolmasquim-defende-menos-impostos-para-energia-eletrica-da-industria\/\" \/>\n<meta property=\"og:locale\" content=\"pt_BR\" \/>\n<meta property=\"og:type\" content=\"article\" \/>\n<meta property=\"og:title\" content=\"Tolmasquim defende menos impostos para energia el\u00e9trica da ind\u00fastria - Instituto de Engenharia\" \/>\n<meta property=\"og:description\" content=\"O presidente da Empresa de Pesquisa Energ\u00e9tica (EPE), Maur\u00edcio Tolmasquim, defendeu nesta segunda-feira (7), a redu\u00e7\u00e3o da carga tribut\u00e1ria sobre a energia demandada pela ind\u00fastria como forma de dar maior competitividade ao setor. Falando no \u00e2mbito da Confer\u00eancia Internacional da International Association for Energy Economics (IAEE), que ocorre at\u00e9 a pr\u00f3xima quarta-feira (9) no Rio [&hellip;]\" \/>\n<meta property=\"og:url\" content=\"https:\/\/www.institutodeengenharia.org.br\/site\/2010\/06\/08\/tolmasquim-defende-menos-impostos-para-energia-eletrica-da-industria\/\" \/>\n<meta property=\"og:site_name\" content=\"Instituto de Engenharia\" \/>\n<meta property=\"article:publisher\" content=\"https:\/\/www.facebook.com\/institutodeengenharia\" \/>\n<meta property=\"article:published_time\" content=\"2010-06-08T22:46:34+00:00\" \/>\n<meta name=\"author\" content=\"TMax Tecnologia\" \/>\n<meta name=\"twitter:card\" content=\"summary_large_image\" \/>\n<meta name=\"twitter:creator\" content=\"@iengenharia\" \/>\n<meta name=\"twitter:site\" content=\"@iengenharia\" \/>\n<meta name=\"twitter:label1\" content=\"Escrito por\" \/>\n\t<meta name=\"twitter:data1\" content=\"TMax Tecnologia\" \/>\n\t<meta name=\"twitter:label2\" content=\"Est. tempo de leitura\" \/>\n\t<meta name=\"twitter:data2\" content=\"2 minutos\" \/>\n<script type=\"application\/ld+json\" class=\"yoast-schema-graph\">{\"@context\":\"https:\/\/schema.org\",\"@graph\":[{\"@type\":\"Article\",\"@id\":\"https:\/\/www.institutodeengenharia.org.br\/site\/2010\/06\/08\/tolmasquim-defende-menos-impostos-para-energia-eletrica-da-industria\/#article\",\"isPartOf\":{\"@id\":\"https:\/\/www.institutodeengenharia.org.br\/site\/2010\/06\/08\/tolmasquim-defende-menos-impostos-para-energia-eletrica-da-industria\/\"},\"author\":{\"name\":\"TMax Tecnologia\",\"@id\":\"https:\/\/www.institutodeengenharia.org.br\/site\/#\/schema\/person\/3b1ff109facef084739fc2edcb9a127f\"},\"headline\":\"Tolmasquim defende menos impostos para energia el\u00e9trica da ind\u00fastria\",\"datePublished\":\"2010-06-08T22:46:34+00:00\",\"mainEntityOfPage\":{\"@id\":\"https:\/\/www.institutodeengenharia.org.br\/site\/2010\/06\/08\/tolmasquim-defende-menos-impostos-para-energia-eletrica-da-industria\/\"},\"wordCount\":407,\"commentCount\":0,\"publisher\":{\"@id\":\"https:\/\/www.institutodeengenharia.org.br\/site\/#organization\"},\"articleSection\":[\"Energia\",\"Not\u00edcias\"],\"inLanguage\":\"pt-BR\",\"potentialAction\":[{\"@type\":\"CommentAction\",\"name\":\"Comment\",\"target\":[\"https:\/\/www.institutodeengenharia.org.br\/site\/2010\/06\/08\/tolmasquim-defende-menos-impostos-para-energia-eletrica-da-industria\/#respond\"]}]},{\"@type\":\"WebPage\",\"@id\":\"https:\/\/www.institutodeengenharia.org.br\/site\/2010\/06\/08\/tolmasquim-defende-menos-impostos-para-energia-eletrica-da-industria\/\",\"url\":\"https:\/\/www.institutodeengenharia.org.br\/site\/2010\/06\/08\/tolmasquim-defende-menos-impostos-para-energia-eletrica-da-industria\/\",\"name\":\"Tolmasquim defende menos impostos para energia el\u00e9trica da ind\u00fastria - Instituto de Engenharia\",\"isPartOf\":{\"@id\":\"https:\/\/www.institutodeengenharia.org.br\/site\/#website\"},\"datePublished\":\"2010-06-08T22:46:34+00:00\",\"breadcrumb\":{\"@id\":\"https:\/\/www.institutodeengenharia.org.br\/site\/2010\/06\/08\/tolmasquim-defende-menos-impostos-para-energia-eletrica-da-industria\/#breadcrumb\"},\"inLanguage\":\"pt-BR\",\"potentialAction\":[{\"@type\":\"ReadAction\",\"target\":[\"https:\/\/www.institutodeengenharia.org.br\/site\/2010\/06\/08\/tolmasquim-defende-menos-impostos-para-energia-eletrica-da-industria\/\"]}]},{\"@type\":\"BreadcrumbList\",\"@id\":\"https:\/\/www.institutodeengenharia.org.br\/site\/2010\/06\/08\/tolmasquim-defende-menos-impostos-para-energia-eletrica-da-industria\/#breadcrumb\",\"itemListElement\":[{\"@type\":\"ListItem\",\"position\":1,\"name\":\"In\u00edcio\",\"item\":\"https:\/\/www.institutodeengenharia.org.br\/site\/\"},{\"@type\":\"ListItem\",\"position\":2,\"name\":\"Tolmasquim defende menos impostos para energia el\u00e9trica da ind\u00fastria\"}]},{\"@type\":\"WebSite\",\"@id\":\"https:\/\/www.institutodeengenharia.org.br\/site\/#website\",\"url\":\"https:\/\/www.institutodeengenharia.org.br\/site\/\",\"name\":\"Instituto de Engenharia\",\"description\":\"O Instituto de Engenharia promove a Engenharia em benef\u00edcio do desenvolvimento e da qualidade de vida da sociedade.\",\"publisher\":{\"@id\":\"https:\/\/www.institutodeengenharia.org.br\/site\/#organization\"},\"potentialAction\":[{\"@type\":\"SearchAction\",\"target\":{\"@type\":\"EntryPoint\",\"urlTemplate\":\"https:\/\/www.institutodeengenharia.org.br\/site\/?s={search_term_string}\"},\"query-input\":{\"@type\":\"PropertyValueSpecification\",\"valueRequired\":true,\"valueName\":\"search_term_string\"}}],\"inLanguage\":\"pt-BR\"},{\"@type\":\"Organization\",\"@id\":\"https:\/\/www.institutodeengenharia.org.br\/site\/#organization\",\"name\":\"Instituto de Engenharia\",\"url\":\"https:\/\/www.institutodeengenharia.org.br\/site\/\",\"logo\":{\"@type\":\"ImageObject\",\"inLanguage\":\"pt-BR\",\"@id\":\"https:\/\/www.institutodeengenharia.org.br\/site\/#\/schema\/logo\/image\/\",\"url\":\"https:\/\/www.institutodeengenharia.org.br\/site\/wp-content\/uploads\/2019\/03\/logo-novo-IE2018-1.jpg\",\"contentUrl\":\"https:\/\/www.institutodeengenharia.org.br\/site\/wp-content\/uploads\/2019\/03\/logo-novo-IE2018-1.jpg\",\"width\":1486,\"height\":1879,\"caption\":\"Instituto de Engenharia\"},\"image\":{\"@id\":\"https:\/\/www.institutodeengenharia.org.br\/site\/#\/schema\/logo\/image\/\"},\"sameAs\":[\"https:\/\/www.facebook.com\/institutodeengenharia\",\"https:\/\/x.com\/iengenharia\",\"https:\/\/www.instagram.com\/institutodeengenharia\/\",\"https:\/\/www.linkedin.com\/company\/instituto-de-engenharia\/\",\"https:\/\/www.youtube.com\/channel\/UCXiCAlsSMe977vamW915HxA\"]},{\"@type\":\"Person\",\"@id\":\"https:\/\/www.institutodeengenharia.org.br\/site\/#\/schema\/person\/3b1ff109facef084739fc2edcb9a127f\",\"name\":\"TMax Tecnologia\",\"image\":{\"@type\":\"ImageObject\",\"inLanguage\":\"pt-BR\",\"@id\":\"https:\/\/secure.gravatar.com\/avatar\/f912434ef7f389c92cb311fcdae346af848465d638912574b3c669070f797701?s=96&d=mm&r=g\",\"url\":\"https:\/\/secure.gravatar.com\/avatar\/f912434ef7f389c92cb311fcdae346af848465d638912574b3c669070f797701?s=96&d=mm&r=g\",\"contentUrl\":\"https:\/\/secure.gravatar.com\/avatar\/f912434ef7f389c92cb311fcdae346af848465d638912574b3c669070f797701?s=96&d=mm&r=g\",\"caption\":\"TMax Tecnologia\"},\"url\":\"https:\/\/www.institutodeengenharia.org.br\/site\/author\/tmax\/\"}]}<\/script>\n<!-- \/ Yoast SEO plugin. -->","yoast_head_json":{"title":"Tolmasquim defende menos impostos para energia el\u00e9trica da ind\u00fastria - Instituto de Engenharia","robots":{"index":"index","follow":"follow","max-snippet":"max-snippet:-1","max-image-preview":"max-image-preview:large","max-video-preview":"max-video-preview:-1"},"canonical":"https:\/\/www.institutodeengenharia.org.br\/site\/2010\/06\/08\/tolmasquim-defende-menos-impostos-para-energia-eletrica-da-industria\/","og_locale":"pt_BR","og_type":"article","og_title":"Tolmasquim defende menos impostos para energia el\u00e9trica da ind\u00fastria - Instituto de Engenharia","og_description":"O presidente da Empresa de Pesquisa Energ\u00e9tica (EPE), Maur\u00edcio Tolmasquim, defendeu nesta segunda-feira (7), a redu\u00e7\u00e3o da carga tribut\u00e1ria sobre a energia demandada pela ind\u00fastria como forma de dar maior competitividade ao setor. Falando no \u00e2mbito da Confer\u00eancia Internacional da International Association for Energy Economics (IAEE), que ocorre at\u00e9 a pr\u00f3xima quarta-feira (9) no Rio [&hellip;]","og_url":"https:\/\/www.institutodeengenharia.org.br\/site\/2010\/06\/08\/tolmasquim-defende-menos-impostos-para-energia-eletrica-da-industria\/","og_site_name":"Instituto de Engenharia","article_publisher":"https:\/\/www.facebook.com\/institutodeengenharia","article_published_time":"2010-06-08T22:46:34+00:00","author":"TMax Tecnologia","twitter_card":"summary_large_image","twitter_creator":"@iengenharia","twitter_site":"@iengenharia","twitter_misc":{"Escrito por":"TMax Tecnologia","Est. tempo de leitura":"2 minutos"},"schema":{"@context":"https:\/\/schema.org","@graph":[{"@type":"Article","@id":"https:\/\/www.institutodeengenharia.org.br\/site\/2010\/06\/08\/tolmasquim-defende-menos-impostos-para-energia-eletrica-da-industria\/#article","isPartOf":{"@id":"https:\/\/www.institutodeengenharia.org.br\/site\/2010\/06\/08\/tolmasquim-defende-menos-impostos-para-energia-eletrica-da-industria\/"},"author":{"name":"TMax Tecnologia","@id":"https:\/\/www.institutodeengenharia.org.br\/site\/#\/schema\/person\/3b1ff109facef084739fc2edcb9a127f"},"headline":"Tolmasquim defende menos impostos para energia el\u00e9trica da ind\u00fastria","datePublished":"2010-06-08T22:46:34+00:00","mainEntityOfPage":{"@id":"https:\/\/www.institutodeengenharia.org.br\/site\/2010\/06\/08\/tolmasquim-defende-menos-impostos-para-energia-eletrica-da-industria\/"},"wordCount":407,"commentCount":0,"publisher":{"@id":"https:\/\/www.institutodeengenharia.org.br\/site\/#organization"},"articleSection":["Energia","Not\u00edcias"],"inLanguage":"pt-BR","potentialAction":[{"@type":"CommentAction","name":"Comment","target":["https:\/\/www.institutodeengenharia.org.br\/site\/2010\/06\/08\/tolmasquim-defende-menos-impostos-para-energia-eletrica-da-industria\/#respond"]}]},{"@type":"WebPage","@id":"https:\/\/www.institutodeengenharia.org.br\/site\/2010\/06\/08\/tolmasquim-defende-menos-impostos-para-energia-eletrica-da-industria\/","url":"https:\/\/www.institutodeengenharia.org.br\/site\/2010\/06\/08\/tolmasquim-defende-menos-impostos-para-energia-eletrica-da-industria\/","name":"Tolmasquim defende menos impostos para energia el\u00e9trica da ind\u00fastria - Instituto de Engenharia","isPartOf":{"@id":"https:\/\/www.institutodeengenharia.org.br\/site\/#website"},"datePublished":"2010-06-08T22:46:34+00:00","breadcrumb":{"@id":"https:\/\/www.institutodeengenharia.org.br\/site\/2010\/06\/08\/tolmasquim-defende-menos-impostos-para-energia-eletrica-da-industria\/#breadcrumb"},"inLanguage":"pt-BR","potentialAction":[{"@type":"ReadAction","target":["https:\/\/www.institutodeengenharia.org.br\/site\/2010\/06\/08\/tolmasquim-defende-menos-impostos-para-energia-eletrica-da-industria\/"]}]},{"@type":"BreadcrumbList","@id":"https:\/\/www.institutodeengenharia.org.br\/site\/2010\/06\/08\/tolmasquim-defende-menos-impostos-para-energia-eletrica-da-industria\/#breadcrumb","itemListElement":[{"@type":"ListItem","position":1,"name":"In\u00edcio","item":"https:\/\/www.institutodeengenharia.org.br\/site\/"},{"@type":"ListItem","position":2,"name":"Tolmasquim defende menos impostos para energia el\u00e9trica da ind\u00fastria"}]},{"@type":"WebSite","@id":"https:\/\/www.institutodeengenharia.org.br\/site\/#website","url":"https:\/\/www.institutodeengenharia.org.br\/site\/","name":"Instituto de Engenharia","description":"O Instituto de Engenharia promove a Engenharia em benef\u00edcio do desenvolvimento e da qualidade de vida da sociedade.","publisher":{"@id":"https:\/\/www.institutodeengenharia.org.br\/site\/#organization"},"potentialAction":[{"@type":"SearchAction","target":{"@type":"EntryPoint","urlTemplate":"https:\/\/www.institutodeengenharia.org.br\/site\/?s={search_term_string}"},"query-input":{"@type":"PropertyValueSpecification","valueRequired":true,"valueName":"search_term_string"}}],"inLanguage":"pt-BR"},{"@type":"Organization","@id":"https:\/\/www.institutodeengenharia.org.br\/site\/#organization","name":"Instituto de Engenharia","url":"https:\/\/www.institutodeengenharia.org.br\/site\/","logo":{"@type":"ImageObject","inLanguage":"pt-BR","@id":"https:\/\/www.institutodeengenharia.org.br\/site\/#\/schema\/logo\/image\/","url":"https:\/\/www.institutodeengenharia.org.br\/site\/wp-content\/uploads\/2019\/03\/logo-novo-IE2018-1.jpg","contentUrl":"https:\/\/www.institutodeengenharia.org.br\/site\/wp-content\/uploads\/2019\/03\/logo-novo-IE2018-1.jpg","width":1486,"height":1879,"caption":"Instituto de Engenharia"},"image":{"@id":"https:\/\/www.institutodeengenharia.org.br\/site\/#\/schema\/logo\/image\/"},"sameAs":["https:\/\/www.facebook.com\/institutodeengenharia","https:\/\/x.com\/iengenharia","https:\/\/www.instagram.com\/institutodeengenharia\/","https:\/\/www.linkedin.com\/company\/instituto-de-engenharia\/","https:\/\/www.youtube.com\/channel\/UCXiCAlsSMe977vamW915HxA"]},{"@type":"Person","@id":"https:\/\/www.institutodeengenharia.org.br\/site\/#\/schema\/person\/3b1ff109facef084739fc2edcb9a127f","name":"TMax Tecnologia","image":{"@type":"ImageObject","inLanguage":"pt-BR","@id":"https:\/\/secure.gravatar.com\/avatar\/f912434ef7f389c92cb311fcdae346af848465d638912574b3c669070f797701?s=96&d=mm&r=g","url":"https:\/\/secure.gravatar.com\/avatar\/f912434ef7f389c92cb311fcdae346af848465d638912574b3c669070f797701?s=96&d=mm&r=g","contentUrl":"https:\/\/secure.gravatar.com\/avatar\/f912434ef7f389c92cb311fcdae346af848465d638912574b3c669070f797701?s=96&d=mm&r=g","caption":"TMax Tecnologia"},"url":"https:\/\/www.institutodeengenharia.org.br\/site\/author\/tmax\/"}]}},"_links":{"self":[{"href":"https:\/\/www.institutodeengenharia.org.br\/site\/wp-json\/wp\/v2\/posts\/18329","targetHints":{"allow":["GET"]}}],"collection":[{"href":"https:\/\/www.institutodeengenharia.org.br\/site\/wp-json\/wp\/v2\/posts"}],"about":[{"href":"https:\/\/www.institutodeengenharia.org.br\/site\/wp-json\/wp\/v2\/types\/post"}],"author":[{"embeddable":true,"href":"https:\/\/www.institutodeengenharia.org.br\/site\/wp-json\/wp\/v2\/users\/1"}],"replies":[{"embeddable":true,"href":"https:\/\/www.institutodeengenharia.org.br\/site\/wp-json\/wp\/v2\/comments?post=18329"}],"version-history":[{"count":0,"href":"https:\/\/www.institutodeengenharia.org.br\/site\/wp-json\/wp\/v2\/posts\/18329\/revisions"}],"wp:attachment":[{"href":"https:\/\/www.institutodeengenharia.org.br\/site\/wp-json\/wp\/v2\/media?parent=18329"}],"wp:term":[{"taxonomy":"category","embeddable":true,"href":"https:\/\/www.institutodeengenharia.org.br\/site\/wp-json\/wp\/v2\/categories?post=18329"},{"taxonomy":"post_tag","embeddable":true,"href":"https:\/\/www.institutodeengenharia.org.br\/site\/wp-json\/wp\/v2\/tags?post=18329"}],"curies":[{"name":"wp","href":"https:\/\/api.w.org\/{rel}","templated":true}]}}