{"id":18323,"date":"2010-06-08T22:46:29","date_gmt":"2010-06-08T22:46:29","guid":{"rendered":"https:\/\/www.institutodeengenharia.org.br\/?p=18323"},"modified":"2010-06-08T08:59:46","modified_gmt":"2010-06-08T08:59:46","slug":"lama-retirada-do-porto-vai-gerar-energia","status":"publish","type":"post","link":"https:\/\/www.institutodeengenharia.org.br\/site\/2010\/06\/08\/lama-retirada-do-porto-vai-gerar-energia\/","title":{"rendered":"Lama retirada do porto vai gerar energia"},"content":{"rendered":"<p>Por ano milh\u00f5es de toneladas de lama s\u00e3o retiradas do fundo dos portos de todo o Brasil. O res\u00edduo \u00e9 armazenado e depois despejado no oceano, em \u00e1reas onde causa menor impacto ambiental. <\/p>\n<p>Buscando evitar riscos \u00e0 diversidade marinha e agregar benef\u00edcios \u00e0 popula\u00e7\u00e3o, pesquisadores da Funda\u00e7\u00e3o Universidade Rio Grande (Furg), do Rio Grande do Sul, desenvolveram um projeto para transformar a lama coletada em energia el\u00e9trica. <\/p>\n<p>O objetivo \u00e9 criar uma Unidade de Tratamento de Sedimentos de Dragagem, que deve ser instalada ainda este ano no Porto do Rio Grande, no munic\u00edpio ga\u00facho de Rio Grande. <\/p>\n<p><strong>Reator de energia<\/strong>&nbsp;<\/p>\n<p>A dragagem \u00e9 um procedimento em que uma embarca\u00e7\u00e3o recolhe os sedimentos do fundo do leito dos portos, usando uma esp\u00e9cie de aspirador. Esse processo \u00e9 feito para manter a profundidade do local por onde os barcos e navios navegam. <\/p>\n<p>Em vez de despejar a lama no oceano, ela passar\u00e1 a ser transferida para reatores na unidade de tratamento. <\/p>\n<p>Segundo a coordenadora do projeto, Christiane Ogrodowski, a energia el\u00e9trica \u00e9 captada nesta fase. Eletrodos instalados nos tanques de armazenamento captar\u00e3o os el\u00e9trons que s\u00e3o produzidos na decomposi\u00e7\u00e3o da lama. Esses el\u00e9trons podem ser transferidos para baterias ou irem direto para a distribui\u00e7\u00e3o de energia. <\/p>\n<p>&#8220;O projeto tem potencial de gerar 580 megawatts por hora, quantidade suficiente para abastecer uma cidade de at\u00e9 600 mil habitantes. \u00c9 uma tecnologia inovadora&#8221;, afirma Cristiane. Para os pr\u00f3ximos cinco anos, a expectativa \u00e9 a de que sejam retiradas 6,5 milh\u00f5es de toneladas de lama do Porto do Rio Grande <\/p>\n<p>Destino do material dragado <\/p>\n<p>Contando tamb\u00e9m coma participa\u00e7\u00e3o do professor Fabricio Santana, o projeto ser\u00e1 o primeiro no Pa\u00eds a gerar energia el\u00e9trica a partir da lama. <\/p>\n<p>&#8220;\u00c9 uma maneira de preservar o meio ambiente e ajudar a solucionar um problema mundial que \u00e9 a destina\u00e7\u00e3o desse material dragado. Al\u00e9m disso, economicamente \u00e9 uma das melhores formas de produzir energia&#8221;, garante Christiane. <\/p>\n<p>O projeto tem o apoio financeiro da Secretaria Estadual de Ci\u00eancia e Tecnologia do Rio Grande do Sul, do Porto do Rio Grande e da Furg. Considerado um dos portos mais importantes da Am\u00e9rica Latina, devido \u00e0 sua posi\u00e7\u00e3o geogr\u00e1fica e extens\u00e3o, o porto ga\u00facho \u00e9 o segundo mais importante do Pa\u00eds para o com\u00e9rcio internacional brasileiro. <\/p>\n<p><b>Autor: MCT \/ Inova\u00e7\u00e3o Tecnol\u00f3gica<\/b><\/p>\n","protected":false},"excerpt":{"rendered":"<p>Por ano milh\u00f5es de toneladas de lama s\u00e3o retiradas do fundo dos portos de todo o Brasil. O res\u00edduo \u00e9 armazenado e depois despejado no oceano, em \u00e1reas onde causa menor impacto ambiental. Buscando evitar riscos \u00e0 diversidade marinha e agregar benef\u00edcios \u00e0 popula\u00e7\u00e3o, pesquisadores da Funda\u00e7\u00e3o Universidade Rio Grande (Furg), do Rio Grande do [&hellip;]<\/p>\n","protected":false},"author":1,"featured_media":0,"comment_status":"open","ping_status":"open","sticky":false,"template":"","format":"standard","meta":{"footnotes":""},"categories":[31,6],"tags":[],"class_list":{"0":"post-18323","1":"post","2":"type-post","3":"status-publish","4":"format-standard","6":"category-meio-ambiente","7":"category-noticias"},"yoast_head":"<!-- This site is optimized with the Yoast SEO plugin v27.2 - https:\/\/yoast.com\/product\/yoast-seo-wordpress\/ -->\n<title>Lama retirada do porto vai gerar energia - Instituto de Engenharia<\/title>\n<meta name=\"robots\" content=\"index, follow, max-snippet:-1, max-image-preview:large, max-video-preview:-1\" \/>\n<link rel=\"canonical\" href=\"https:\/\/www.institutodeengenharia.org.br\/site\/2010\/06\/08\/lama-retirada-do-porto-vai-gerar-energia\/\" \/>\n<meta property=\"og:locale\" content=\"pt_BR\" \/>\n<meta property=\"og:type\" content=\"article\" \/>\n<meta property=\"og:title\" content=\"Lama retirada do porto vai gerar energia - Instituto de Engenharia\" \/>\n<meta property=\"og:description\" content=\"Por ano milh\u00f5es de toneladas de lama s\u00e3o retiradas do fundo dos portos de todo o Brasil. O res\u00edduo \u00e9 armazenado e depois despejado no oceano, em \u00e1reas onde causa menor impacto ambiental. Buscando evitar riscos \u00e0 diversidade marinha e agregar benef\u00edcios \u00e0 popula\u00e7\u00e3o, pesquisadores da Funda\u00e7\u00e3o Universidade Rio Grande (Furg), do Rio Grande do [&hellip;]\" \/>\n<meta property=\"og:url\" content=\"https:\/\/www.institutodeengenharia.org.br\/site\/2010\/06\/08\/lama-retirada-do-porto-vai-gerar-energia\/\" \/>\n<meta property=\"og:site_name\" content=\"Instituto de Engenharia\" \/>\n<meta property=\"article:publisher\" content=\"https:\/\/www.facebook.com\/institutodeengenharia\" \/>\n<meta property=\"article:published_time\" content=\"2010-06-08T22:46:29+00:00\" \/>\n<meta name=\"author\" content=\"TMax Tecnologia\" \/>\n<meta name=\"twitter:card\" content=\"summary_large_image\" \/>\n<meta name=\"twitter:creator\" content=\"@iengenharia\" \/>\n<meta name=\"twitter:site\" content=\"@iengenharia\" \/>\n<meta name=\"twitter:label1\" content=\"Escrito por\" \/>\n\t<meta name=\"twitter:data1\" content=\"TMax Tecnologia\" \/>\n\t<meta name=\"twitter:label2\" content=\"Est. tempo de leitura\" \/>\n\t<meta name=\"twitter:data2\" content=\"2 minutos\" \/>\n<script type=\"application\/ld+json\" class=\"yoast-schema-graph\">{\"@context\":\"https:\/\/schema.org\",\"@graph\":[{\"@type\":\"Article\",\"@id\":\"https:\/\/www.institutodeengenharia.org.br\/site\/2010\/06\/08\/lama-retirada-do-porto-vai-gerar-energia\/#article\",\"isPartOf\":{\"@id\":\"https:\/\/www.institutodeengenharia.org.br\/site\/2010\/06\/08\/lama-retirada-do-porto-vai-gerar-energia\/\"},\"author\":{\"name\":\"TMax Tecnologia\",\"@id\":\"https:\/\/www.institutodeengenharia.org.br\/site\/#\/schema\/person\/3b1ff109facef084739fc2edcb9a127f\"},\"headline\":\"Lama retirada do porto vai gerar energia\",\"datePublished\":\"2010-06-08T22:46:29+00:00\",\"mainEntityOfPage\":{\"@id\":\"https:\/\/www.institutodeengenharia.org.br\/site\/2010\/06\/08\/lama-retirada-do-porto-vai-gerar-energia\/\"},\"wordCount\":405,\"commentCount\":0,\"publisher\":{\"@id\":\"https:\/\/www.institutodeengenharia.org.br\/site\/#organization\"},\"articleSection\":[\"Meio Ambiente\",\"Not\u00edcias\"],\"inLanguage\":\"pt-BR\",\"potentialAction\":[{\"@type\":\"CommentAction\",\"name\":\"Comment\",\"target\":[\"https:\/\/www.institutodeengenharia.org.br\/site\/2010\/06\/08\/lama-retirada-do-porto-vai-gerar-energia\/#respond\"]}]},{\"@type\":\"WebPage\",\"@id\":\"https:\/\/www.institutodeengenharia.org.br\/site\/2010\/06\/08\/lama-retirada-do-porto-vai-gerar-energia\/\",\"url\":\"https:\/\/www.institutodeengenharia.org.br\/site\/2010\/06\/08\/lama-retirada-do-porto-vai-gerar-energia\/\",\"name\":\"Lama retirada do porto vai gerar energia - Instituto de Engenharia\",\"isPartOf\":{\"@id\":\"https:\/\/www.institutodeengenharia.org.br\/site\/#website\"},\"datePublished\":\"2010-06-08T22:46:29+00:00\",\"breadcrumb\":{\"@id\":\"https:\/\/www.institutodeengenharia.org.br\/site\/2010\/06\/08\/lama-retirada-do-porto-vai-gerar-energia\/#breadcrumb\"},\"inLanguage\":\"pt-BR\",\"potentialAction\":[{\"@type\":\"ReadAction\",\"target\":[\"https:\/\/www.institutodeengenharia.org.br\/site\/2010\/06\/08\/lama-retirada-do-porto-vai-gerar-energia\/\"]}]},{\"@type\":\"BreadcrumbList\",\"@id\":\"https:\/\/www.institutodeengenharia.org.br\/site\/2010\/06\/08\/lama-retirada-do-porto-vai-gerar-energia\/#breadcrumb\",\"itemListElement\":[{\"@type\":\"ListItem\",\"position\":1,\"name\":\"In\u00edcio\",\"item\":\"https:\/\/www.institutodeengenharia.org.br\/site\/\"},{\"@type\":\"ListItem\",\"position\":2,\"name\":\"Lama retirada do porto vai gerar energia\"}]},{\"@type\":\"WebSite\",\"@id\":\"https:\/\/www.institutodeengenharia.org.br\/site\/#website\",\"url\":\"https:\/\/www.institutodeengenharia.org.br\/site\/\",\"name\":\"Instituto de Engenharia\",\"description\":\"O Instituto de Engenharia promove a Engenharia em benef\u00edcio do desenvolvimento e da qualidade de vida da sociedade.\",\"publisher\":{\"@id\":\"https:\/\/www.institutodeengenharia.org.br\/site\/#organization\"},\"potentialAction\":[{\"@type\":\"SearchAction\",\"target\":{\"@type\":\"EntryPoint\",\"urlTemplate\":\"https:\/\/www.institutodeengenharia.org.br\/site\/?s={search_term_string}\"},\"query-input\":{\"@type\":\"PropertyValueSpecification\",\"valueRequired\":true,\"valueName\":\"search_term_string\"}}],\"inLanguage\":\"pt-BR\"},{\"@type\":\"Organization\",\"@id\":\"https:\/\/www.institutodeengenharia.org.br\/site\/#organization\",\"name\":\"Instituto de Engenharia\",\"url\":\"https:\/\/www.institutodeengenharia.org.br\/site\/\",\"logo\":{\"@type\":\"ImageObject\",\"inLanguage\":\"pt-BR\",\"@id\":\"https:\/\/www.institutodeengenharia.org.br\/site\/#\/schema\/logo\/image\/\",\"url\":\"https:\/\/www.institutodeengenharia.org.br\/site\/wp-content\/uploads\/2019\/03\/logo-novo-IE2018-1.jpg\",\"contentUrl\":\"https:\/\/www.institutodeengenharia.org.br\/site\/wp-content\/uploads\/2019\/03\/logo-novo-IE2018-1.jpg\",\"width\":1486,\"height\":1879,\"caption\":\"Instituto de Engenharia\"},\"image\":{\"@id\":\"https:\/\/www.institutodeengenharia.org.br\/site\/#\/schema\/logo\/image\/\"},\"sameAs\":[\"https:\/\/www.facebook.com\/institutodeengenharia\",\"https:\/\/x.com\/iengenharia\",\"https:\/\/www.instagram.com\/institutodeengenharia\/\",\"https:\/\/www.linkedin.com\/company\/instituto-de-engenharia\/\",\"https:\/\/www.youtube.com\/channel\/UCXiCAlsSMe977vamW915HxA\"]},{\"@type\":\"Person\",\"@id\":\"https:\/\/www.institutodeengenharia.org.br\/site\/#\/schema\/person\/3b1ff109facef084739fc2edcb9a127f\",\"name\":\"TMax Tecnologia\",\"image\":{\"@type\":\"ImageObject\",\"inLanguage\":\"pt-BR\",\"@id\":\"https:\/\/secure.gravatar.com\/avatar\/f912434ef7f389c92cb311fcdae346af848465d638912574b3c669070f797701?s=96&d=mm&r=g\",\"url\":\"https:\/\/secure.gravatar.com\/avatar\/f912434ef7f389c92cb311fcdae346af848465d638912574b3c669070f797701?s=96&d=mm&r=g\",\"contentUrl\":\"https:\/\/secure.gravatar.com\/avatar\/f912434ef7f389c92cb311fcdae346af848465d638912574b3c669070f797701?s=96&d=mm&r=g\",\"caption\":\"TMax Tecnologia\"},\"url\":\"https:\/\/www.institutodeengenharia.org.br\/site\/author\/tmax\/\"}]}<\/script>\n<!-- \/ Yoast SEO plugin. -->","yoast_head_json":{"title":"Lama retirada do porto vai gerar energia - Instituto de Engenharia","robots":{"index":"index","follow":"follow","max-snippet":"max-snippet:-1","max-image-preview":"max-image-preview:large","max-video-preview":"max-video-preview:-1"},"canonical":"https:\/\/www.institutodeengenharia.org.br\/site\/2010\/06\/08\/lama-retirada-do-porto-vai-gerar-energia\/","og_locale":"pt_BR","og_type":"article","og_title":"Lama retirada do porto vai gerar energia - Instituto de Engenharia","og_description":"Por ano milh\u00f5es de toneladas de lama s\u00e3o retiradas do fundo dos portos de todo o Brasil. O res\u00edduo \u00e9 armazenado e depois despejado no oceano, em \u00e1reas onde causa menor impacto ambiental. Buscando evitar riscos \u00e0 diversidade marinha e agregar benef\u00edcios \u00e0 popula\u00e7\u00e3o, pesquisadores da Funda\u00e7\u00e3o Universidade Rio Grande (Furg), do Rio Grande do [&hellip;]","og_url":"https:\/\/www.institutodeengenharia.org.br\/site\/2010\/06\/08\/lama-retirada-do-porto-vai-gerar-energia\/","og_site_name":"Instituto de Engenharia","article_publisher":"https:\/\/www.facebook.com\/institutodeengenharia","article_published_time":"2010-06-08T22:46:29+00:00","author":"TMax Tecnologia","twitter_card":"summary_large_image","twitter_creator":"@iengenharia","twitter_site":"@iengenharia","twitter_misc":{"Escrito por":"TMax Tecnologia","Est. tempo de leitura":"2 minutos"},"schema":{"@context":"https:\/\/schema.org","@graph":[{"@type":"Article","@id":"https:\/\/www.institutodeengenharia.org.br\/site\/2010\/06\/08\/lama-retirada-do-porto-vai-gerar-energia\/#article","isPartOf":{"@id":"https:\/\/www.institutodeengenharia.org.br\/site\/2010\/06\/08\/lama-retirada-do-porto-vai-gerar-energia\/"},"author":{"name":"TMax Tecnologia","@id":"https:\/\/www.institutodeengenharia.org.br\/site\/#\/schema\/person\/3b1ff109facef084739fc2edcb9a127f"},"headline":"Lama retirada do porto vai gerar energia","datePublished":"2010-06-08T22:46:29+00:00","mainEntityOfPage":{"@id":"https:\/\/www.institutodeengenharia.org.br\/site\/2010\/06\/08\/lama-retirada-do-porto-vai-gerar-energia\/"},"wordCount":405,"commentCount":0,"publisher":{"@id":"https:\/\/www.institutodeengenharia.org.br\/site\/#organization"},"articleSection":["Meio Ambiente","Not\u00edcias"],"inLanguage":"pt-BR","potentialAction":[{"@type":"CommentAction","name":"Comment","target":["https:\/\/www.institutodeengenharia.org.br\/site\/2010\/06\/08\/lama-retirada-do-porto-vai-gerar-energia\/#respond"]}]},{"@type":"WebPage","@id":"https:\/\/www.institutodeengenharia.org.br\/site\/2010\/06\/08\/lama-retirada-do-porto-vai-gerar-energia\/","url":"https:\/\/www.institutodeengenharia.org.br\/site\/2010\/06\/08\/lama-retirada-do-porto-vai-gerar-energia\/","name":"Lama retirada do porto vai gerar energia - Instituto de Engenharia","isPartOf":{"@id":"https:\/\/www.institutodeengenharia.org.br\/site\/#website"},"datePublished":"2010-06-08T22:46:29+00:00","breadcrumb":{"@id":"https:\/\/www.institutodeengenharia.org.br\/site\/2010\/06\/08\/lama-retirada-do-porto-vai-gerar-energia\/#breadcrumb"},"inLanguage":"pt-BR","potentialAction":[{"@type":"ReadAction","target":["https:\/\/www.institutodeengenharia.org.br\/site\/2010\/06\/08\/lama-retirada-do-porto-vai-gerar-energia\/"]}]},{"@type":"BreadcrumbList","@id":"https:\/\/www.institutodeengenharia.org.br\/site\/2010\/06\/08\/lama-retirada-do-porto-vai-gerar-energia\/#breadcrumb","itemListElement":[{"@type":"ListItem","position":1,"name":"In\u00edcio","item":"https:\/\/www.institutodeengenharia.org.br\/site\/"},{"@type":"ListItem","position":2,"name":"Lama retirada do porto vai gerar energia"}]},{"@type":"WebSite","@id":"https:\/\/www.institutodeengenharia.org.br\/site\/#website","url":"https:\/\/www.institutodeengenharia.org.br\/site\/","name":"Instituto de Engenharia","description":"O Instituto de Engenharia promove a Engenharia em benef\u00edcio do desenvolvimento e da qualidade de vida da sociedade.","publisher":{"@id":"https:\/\/www.institutodeengenharia.org.br\/site\/#organization"},"potentialAction":[{"@type":"SearchAction","target":{"@type":"EntryPoint","urlTemplate":"https:\/\/www.institutodeengenharia.org.br\/site\/?s={search_term_string}"},"query-input":{"@type":"PropertyValueSpecification","valueRequired":true,"valueName":"search_term_string"}}],"inLanguage":"pt-BR"},{"@type":"Organization","@id":"https:\/\/www.institutodeengenharia.org.br\/site\/#organization","name":"Instituto de Engenharia","url":"https:\/\/www.institutodeengenharia.org.br\/site\/","logo":{"@type":"ImageObject","inLanguage":"pt-BR","@id":"https:\/\/www.institutodeengenharia.org.br\/site\/#\/schema\/logo\/image\/","url":"https:\/\/www.institutodeengenharia.org.br\/site\/wp-content\/uploads\/2019\/03\/logo-novo-IE2018-1.jpg","contentUrl":"https:\/\/www.institutodeengenharia.org.br\/site\/wp-content\/uploads\/2019\/03\/logo-novo-IE2018-1.jpg","width":1486,"height":1879,"caption":"Instituto de Engenharia"},"image":{"@id":"https:\/\/www.institutodeengenharia.org.br\/site\/#\/schema\/logo\/image\/"},"sameAs":["https:\/\/www.facebook.com\/institutodeengenharia","https:\/\/x.com\/iengenharia","https:\/\/www.instagram.com\/institutodeengenharia\/","https:\/\/www.linkedin.com\/company\/instituto-de-engenharia\/","https:\/\/www.youtube.com\/channel\/UCXiCAlsSMe977vamW915HxA"]},{"@type":"Person","@id":"https:\/\/www.institutodeengenharia.org.br\/site\/#\/schema\/person\/3b1ff109facef084739fc2edcb9a127f","name":"TMax Tecnologia","image":{"@type":"ImageObject","inLanguage":"pt-BR","@id":"https:\/\/secure.gravatar.com\/avatar\/f912434ef7f389c92cb311fcdae346af848465d638912574b3c669070f797701?s=96&d=mm&r=g","url":"https:\/\/secure.gravatar.com\/avatar\/f912434ef7f389c92cb311fcdae346af848465d638912574b3c669070f797701?s=96&d=mm&r=g","contentUrl":"https:\/\/secure.gravatar.com\/avatar\/f912434ef7f389c92cb311fcdae346af848465d638912574b3c669070f797701?s=96&d=mm&r=g","caption":"TMax Tecnologia"},"url":"https:\/\/www.institutodeengenharia.org.br\/site\/author\/tmax\/"}]}},"_links":{"self":[{"href":"https:\/\/www.institutodeengenharia.org.br\/site\/wp-json\/wp\/v2\/posts\/18323","targetHints":{"allow":["GET"]}}],"collection":[{"href":"https:\/\/www.institutodeengenharia.org.br\/site\/wp-json\/wp\/v2\/posts"}],"about":[{"href":"https:\/\/www.institutodeengenharia.org.br\/site\/wp-json\/wp\/v2\/types\/post"}],"author":[{"embeddable":true,"href":"https:\/\/www.institutodeengenharia.org.br\/site\/wp-json\/wp\/v2\/users\/1"}],"replies":[{"embeddable":true,"href":"https:\/\/www.institutodeengenharia.org.br\/site\/wp-json\/wp\/v2\/comments?post=18323"}],"version-history":[{"count":0,"href":"https:\/\/www.institutodeengenharia.org.br\/site\/wp-json\/wp\/v2\/posts\/18323\/revisions"}],"wp:attachment":[{"href":"https:\/\/www.institutodeengenharia.org.br\/site\/wp-json\/wp\/v2\/media?parent=18323"}],"wp:term":[{"taxonomy":"category","embeddable":true,"href":"https:\/\/www.institutodeengenharia.org.br\/site\/wp-json\/wp\/v2\/categories?post=18323"},{"taxonomy":"post_tag","embeddable":true,"href":"https:\/\/www.institutodeengenharia.org.br\/site\/wp-json\/wp\/v2\/tags?post=18323"}],"curies":[{"name":"wp","href":"https:\/\/api.w.org\/{rel}","templated":true}]}}