{"id":18289,"date":"2010-05-31T22:46:07","date_gmt":"2010-05-31T22:46:07","guid":{"rendered":"https:\/\/www.institutodeengenharia.org.br\/?p=18289"},"modified":"2010-05-31T13:28:49","modified_gmt":"2010-05-31T13:28:49","slug":"aviacao-brasileira-devera-triplicar-de-tamanho-em-20-anos-diz-ipea","status":"publish","type":"post","link":"https:\/\/www.institutodeengenharia.org.br\/site\/2010\/05\/31\/aviacao-brasileira-devera-triplicar-de-tamanho-em-20-anos-diz-ipea\/","title":{"rendered":"Avia\u00e7\u00e3o brasileira dever\u00e1 triplicar de tamanho em 20 anos, diz Ipea"},"content":{"rendered":"<p>O mercado interno de avia\u00e7\u00e3o brasileiro dever\u00e1 mais do que triplicar de tamanho nos pr\u00f3ximos 20 anos, aponta estudo divulgado nesta segunda-feira pelo Ipea (Instituto de Pesquisa Econ\u00f4mica Aplicada). A perspectiva conta com a hip\u00f3tese de um crescimento anual do PIB (Produto Interno Bruto) de 3,5% &#8211;para este ano, h\u00e1 previs\u00f5es de at\u00e9 7%. <\/p>\n<p>&#8220;\u00c9 muito prov\u00e1vel que o pa\u00eds tenha, nas pr\u00f3ximas duas d\u00e9cadas, um das maiores expans\u00f5es de tr\u00e1fego a\u00e9reo e de rentabilidade das empresas no mundo&#8221;, diz o Ipea. <\/p>\n<p>Segundo o levantamento, estas taxas de crescimento poder\u00e3o ser ainda maiores, se as restri\u00e7\u00f5es de capacidade no Terminal S\u00e3o Paulo &#8211; Congonhas, Guarulhos e Viracopos forem resolvidas. <\/p>\n<p>De acordo com o estudo, as defici\u00eancias nas infraestruturas aeroportu\u00e1ria e aeron\u00e1utica prejudicam consideravelmente as opera\u00e7\u00f5es a\u00e9reas. Estes gargalos se tornar\u00e3o ainda mais graves a partir de 2013, aponta o Ipea. &#8220;Aeroportos como Congonhas, Guarulhos e Bras\u00edlia j\u00e1 atingem ou est\u00e3o pr\u00f3ximos da sua capacidade operacional m\u00e1xima&#8221;. <\/p>\n<p>Para o instituto, \u00e9 importante reduzir a press\u00e3o sobre os aeroportos de S\u00e3o Paulo, &#8220;com a cria\u00e7\u00e3o de voos internacionais a partir de outros grandes centros e o deslocamento das conex\u00f5es dom\u00e9sticas para aeroportos com espa\u00e7o dispon\u00edvel.&#8221; <\/p>\n<p>Outra dificuldade enfrentada pelo setor \u00e9 a elevada carga tribut\u00e1ria, que est\u00e1 acima da m\u00e9dia mundial. &#8220;Prejudica a expans\u00e3o de empresas brasileiras, especialmente as do setor de avia\u00e7\u00e3o regional&#8221;. Al\u00e9m disso, s\u00e3o apontados como problemas as margens muito reduzidas de rentabilidade e frota cargueira muito antiga. <\/p>\n<p><b>Autor: Folha.com<\/b><\/p>\n","protected":false},"excerpt":{"rendered":"<p>O mercado interno de avia\u00e7\u00e3o brasileiro dever\u00e1 mais do que triplicar de tamanho nos pr\u00f3ximos 20 anos, aponta estudo divulgado nesta segunda-feira pelo Ipea (Instituto de Pesquisa Econ\u00f4mica Aplicada). A perspectiva conta com a hip\u00f3tese de um crescimento anual do PIB (Produto Interno Bruto) de 3,5% &#8211;para este ano, h\u00e1 previs\u00f5es de at\u00e9 7%. &#8220;\u00c9 [&hellip;]<\/p>\n","protected":false},"author":1,"featured_media":0,"comment_status":"open","ping_status":"open","sticky":false,"template":"","format":"standard","meta":{"footnotes":""},"categories":[6,41],"tags":[],"class_list":{"0":"post-18289","1":"post","2":"type-post","3":"status-publish","4":"format-standard","6":"category-noticias","7":"category-transportes"},"yoast_head":"<!-- This site is optimized with the Yoast SEO plugin v27.2 - https:\/\/yoast.com\/product\/yoast-seo-wordpress\/ -->\n<title>Avia\u00e7\u00e3o brasileira dever\u00e1 triplicar de tamanho em 20 anos, diz Ipea - Instituto de Engenharia<\/title>\n<meta name=\"robots\" content=\"index, follow, max-snippet:-1, max-image-preview:large, max-video-preview:-1\" \/>\n<link rel=\"canonical\" href=\"https:\/\/www.institutodeengenharia.org.br\/site\/2010\/05\/31\/aviacao-brasileira-devera-triplicar-de-tamanho-em-20-anos-diz-ipea\/\" \/>\n<meta property=\"og:locale\" content=\"pt_BR\" \/>\n<meta property=\"og:type\" content=\"article\" \/>\n<meta property=\"og:title\" content=\"Avia\u00e7\u00e3o brasileira dever\u00e1 triplicar de tamanho em 20 anos, diz Ipea - Instituto de Engenharia\" \/>\n<meta property=\"og:description\" content=\"O mercado interno de avia\u00e7\u00e3o brasileiro dever\u00e1 mais do que triplicar de tamanho nos pr\u00f3ximos 20 anos, aponta estudo divulgado nesta segunda-feira pelo Ipea (Instituto de Pesquisa Econ\u00f4mica Aplicada). A perspectiva conta com a hip\u00f3tese de um crescimento anual do PIB (Produto Interno Bruto) de 3,5% &#8211;para este ano, h\u00e1 previs\u00f5es de at\u00e9 7%. &#8220;\u00c9 [&hellip;]\" \/>\n<meta property=\"og:url\" content=\"https:\/\/www.institutodeengenharia.org.br\/site\/2010\/05\/31\/aviacao-brasileira-devera-triplicar-de-tamanho-em-20-anos-diz-ipea\/\" \/>\n<meta property=\"og:site_name\" content=\"Instituto de Engenharia\" \/>\n<meta property=\"article:publisher\" content=\"https:\/\/www.facebook.com\/institutodeengenharia\" \/>\n<meta property=\"article:published_time\" content=\"2010-05-31T22:46:07+00:00\" \/>\n<meta name=\"author\" content=\"TMax Tecnologia\" \/>\n<meta name=\"twitter:card\" content=\"summary_large_image\" \/>\n<meta name=\"twitter:creator\" content=\"@iengenharia\" \/>\n<meta name=\"twitter:site\" content=\"@iengenharia\" \/>\n<meta name=\"twitter:label1\" content=\"Escrito por\" \/>\n\t<meta name=\"twitter:data1\" content=\"TMax Tecnologia\" \/>\n\t<meta name=\"twitter:label2\" content=\"Est. tempo de leitura\" \/>\n\t<meta name=\"twitter:data2\" content=\"1 minuto\" \/>\n<script type=\"application\/ld+json\" class=\"yoast-schema-graph\">{\"@context\":\"https:\/\/schema.org\",\"@graph\":[{\"@type\":\"Article\",\"@id\":\"https:\/\/www.institutodeengenharia.org.br\/site\/2010\/05\/31\/aviacao-brasileira-devera-triplicar-de-tamanho-em-20-anos-diz-ipea\/#article\",\"isPartOf\":{\"@id\":\"https:\/\/www.institutodeengenharia.org.br\/site\/2010\/05\/31\/aviacao-brasileira-devera-triplicar-de-tamanho-em-20-anos-diz-ipea\/\"},\"author\":{\"name\":\"TMax Tecnologia\",\"@id\":\"https:\/\/www.institutodeengenharia.org.br\/site\/#\/schema\/person\/3b1ff109facef084739fc2edcb9a127f\"},\"headline\":\"Avia\u00e7\u00e3o brasileira dever\u00e1 triplicar de tamanho em 20 anos, diz Ipea\",\"datePublished\":\"2010-05-31T22:46:07+00:00\",\"mainEntityOfPage\":{\"@id\":\"https:\/\/www.institutodeengenharia.org.br\/site\/2010\/05\/31\/aviacao-brasileira-devera-triplicar-de-tamanho-em-20-anos-diz-ipea\/\"},\"wordCount\":284,\"commentCount\":0,\"publisher\":{\"@id\":\"https:\/\/www.institutodeengenharia.org.br\/site\/#organization\"},\"articleSection\":[\"Not\u00edcias\",\"Transportes\"],\"inLanguage\":\"pt-BR\",\"potentialAction\":[{\"@type\":\"CommentAction\",\"name\":\"Comment\",\"target\":[\"https:\/\/www.institutodeengenharia.org.br\/site\/2010\/05\/31\/aviacao-brasileira-devera-triplicar-de-tamanho-em-20-anos-diz-ipea\/#respond\"]}]},{\"@type\":\"WebPage\",\"@id\":\"https:\/\/www.institutodeengenharia.org.br\/site\/2010\/05\/31\/aviacao-brasileira-devera-triplicar-de-tamanho-em-20-anos-diz-ipea\/\",\"url\":\"https:\/\/www.institutodeengenharia.org.br\/site\/2010\/05\/31\/aviacao-brasileira-devera-triplicar-de-tamanho-em-20-anos-diz-ipea\/\",\"name\":\"Avia\u00e7\u00e3o brasileira dever\u00e1 triplicar de tamanho em 20 anos, diz Ipea - Instituto de Engenharia\",\"isPartOf\":{\"@id\":\"https:\/\/www.institutodeengenharia.org.br\/site\/#website\"},\"datePublished\":\"2010-05-31T22:46:07+00:00\",\"breadcrumb\":{\"@id\":\"https:\/\/www.institutodeengenharia.org.br\/site\/2010\/05\/31\/aviacao-brasileira-devera-triplicar-de-tamanho-em-20-anos-diz-ipea\/#breadcrumb\"},\"inLanguage\":\"pt-BR\",\"potentialAction\":[{\"@type\":\"ReadAction\",\"target\":[\"https:\/\/www.institutodeengenharia.org.br\/site\/2010\/05\/31\/aviacao-brasileira-devera-triplicar-de-tamanho-em-20-anos-diz-ipea\/\"]}]},{\"@type\":\"BreadcrumbList\",\"@id\":\"https:\/\/www.institutodeengenharia.org.br\/site\/2010\/05\/31\/aviacao-brasileira-devera-triplicar-de-tamanho-em-20-anos-diz-ipea\/#breadcrumb\",\"itemListElement\":[{\"@type\":\"ListItem\",\"position\":1,\"name\":\"In\u00edcio\",\"item\":\"https:\/\/www.institutodeengenharia.org.br\/site\/\"},{\"@type\":\"ListItem\",\"position\":2,\"name\":\"Avia\u00e7\u00e3o brasileira dever\u00e1 triplicar de tamanho em 20 anos, diz Ipea\"}]},{\"@type\":\"WebSite\",\"@id\":\"https:\/\/www.institutodeengenharia.org.br\/site\/#website\",\"url\":\"https:\/\/www.institutodeengenharia.org.br\/site\/\",\"name\":\"Instituto de Engenharia\",\"description\":\"O Instituto de Engenharia promove a Engenharia em benef\u00edcio do desenvolvimento e da qualidade de vida da sociedade.\",\"publisher\":{\"@id\":\"https:\/\/www.institutodeengenharia.org.br\/site\/#organization\"},\"potentialAction\":[{\"@type\":\"SearchAction\",\"target\":{\"@type\":\"EntryPoint\",\"urlTemplate\":\"https:\/\/www.institutodeengenharia.org.br\/site\/?s={search_term_string}\"},\"query-input\":{\"@type\":\"PropertyValueSpecification\",\"valueRequired\":true,\"valueName\":\"search_term_string\"}}],\"inLanguage\":\"pt-BR\"},{\"@type\":\"Organization\",\"@id\":\"https:\/\/www.institutodeengenharia.org.br\/site\/#organization\",\"name\":\"Instituto de Engenharia\",\"url\":\"https:\/\/www.institutodeengenharia.org.br\/site\/\",\"logo\":{\"@type\":\"ImageObject\",\"inLanguage\":\"pt-BR\",\"@id\":\"https:\/\/www.institutodeengenharia.org.br\/site\/#\/schema\/logo\/image\/\",\"url\":\"https:\/\/www.institutodeengenharia.org.br\/site\/wp-content\/uploads\/2019\/03\/logo-novo-IE2018-1.jpg\",\"contentUrl\":\"https:\/\/www.institutodeengenharia.org.br\/site\/wp-content\/uploads\/2019\/03\/logo-novo-IE2018-1.jpg\",\"width\":1486,\"height\":1879,\"caption\":\"Instituto de Engenharia\"},\"image\":{\"@id\":\"https:\/\/www.institutodeengenharia.org.br\/site\/#\/schema\/logo\/image\/\"},\"sameAs\":[\"https:\/\/www.facebook.com\/institutodeengenharia\",\"https:\/\/x.com\/iengenharia\",\"https:\/\/www.instagram.com\/institutodeengenharia\/\",\"https:\/\/www.linkedin.com\/company\/instituto-de-engenharia\/\",\"https:\/\/www.youtube.com\/channel\/UCXiCAlsSMe977vamW915HxA\"]},{\"@type\":\"Person\",\"@id\":\"https:\/\/www.institutodeengenharia.org.br\/site\/#\/schema\/person\/3b1ff109facef084739fc2edcb9a127f\",\"name\":\"TMax Tecnologia\",\"image\":{\"@type\":\"ImageObject\",\"inLanguage\":\"pt-BR\",\"@id\":\"https:\/\/secure.gravatar.com\/avatar\/f912434ef7f389c92cb311fcdae346af848465d638912574b3c669070f797701?s=96&d=mm&r=g\",\"url\":\"https:\/\/secure.gravatar.com\/avatar\/f912434ef7f389c92cb311fcdae346af848465d638912574b3c669070f797701?s=96&d=mm&r=g\",\"contentUrl\":\"https:\/\/secure.gravatar.com\/avatar\/f912434ef7f389c92cb311fcdae346af848465d638912574b3c669070f797701?s=96&d=mm&r=g\",\"caption\":\"TMax Tecnologia\"},\"url\":\"https:\/\/www.institutodeengenharia.org.br\/site\/author\/tmax\/\"}]}<\/script>\n<!-- \/ Yoast SEO plugin. -->","yoast_head_json":{"title":"Avia\u00e7\u00e3o brasileira dever\u00e1 triplicar de tamanho em 20 anos, diz Ipea - Instituto de Engenharia","robots":{"index":"index","follow":"follow","max-snippet":"max-snippet:-1","max-image-preview":"max-image-preview:large","max-video-preview":"max-video-preview:-1"},"canonical":"https:\/\/www.institutodeengenharia.org.br\/site\/2010\/05\/31\/aviacao-brasileira-devera-triplicar-de-tamanho-em-20-anos-diz-ipea\/","og_locale":"pt_BR","og_type":"article","og_title":"Avia\u00e7\u00e3o brasileira dever\u00e1 triplicar de tamanho em 20 anos, diz Ipea - Instituto de Engenharia","og_description":"O mercado interno de avia\u00e7\u00e3o brasileiro dever\u00e1 mais do que triplicar de tamanho nos pr\u00f3ximos 20 anos, aponta estudo divulgado nesta segunda-feira pelo Ipea (Instituto de Pesquisa Econ\u00f4mica Aplicada). A perspectiva conta com a hip\u00f3tese de um crescimento anual do PIB (Produto Interno Bruto) de 3,5% &#8211;para este ano, h\u00e1 previs\u00f5es de at\u00e9 7%. &#8220;\u00c9 [&hellip;]","og_url":"https:\/\/www.institutodeengenharia.org.br\/site\/2010\/05\/31\/aviacao-brasileira-devera-triplicar-de-tamanho-em-20-anos-diz-ipea\/","og_site_name":"Instituto de Engenharia","article_publisher":"https:\/\/www.facebook.com\/institutodeengenharia","article_published_time":"2010-05-31T22:46:07+00:00","author":"TMax Tecnologia","twitter_card":"summary_large_image","twitter_creator":"@iengenharia","twitter_site":"@iengenharia","twitter_misc":{"Escrito por":"TMax Tecnologia","Est. tempo de leitura":"1 minuto"},"schema":{"@context":"https:\/\/schema.org","@graph":[{"@type":"Article","@id":"https:\/\/www.institutodeengenharia.org.br\/site\/2010\/05\/31\/aviacao-brasileira-devera-triplicar-de-tamanho-em-20-anos-diz-ipea\/#article","isPartOf":{"@id":"https:\/\/www.institutodeengenharia.org.br\/site\/2010\/05\/31\/aviacao-brasileira-devera-triplicar-de-tamanho-em-20-anos-diz-ipea\/"},"author":{"name":"TMax Tecnologia","@id":"https:\/\/www.institutodeengenharia.org.br\/site\/#\/schema\/person\/3b1ff109facef084739fc2edcb9a127f"},"headline":"Avia\u00e7\u00e3o brasileira dever\u00e1 triplicar de tamanho em 20 anos, diz Ipea","datePublished":"2010-05-31T22:46:07+00:00","mainEntityOfPage":{"@id":"https:\/\/www.institutodeengenharia.org.br\/site\/2010\/05\/31\/aviacao-brasileira-devera-triplicar-de-tamanho-em-20-anos-diz-ipea\/"},"wordCount":284,"commentCount":0,"publisher":{"@id":"https:\/\/www.institutodeengenharia.org.br\/site\/#organization"},"articleSection":["Not\u00edcias","Transportes"],"inLanguage":"pt-BR","potentialAction":[{"@type":"CommentAction","name":"Comment","target":["https:\/\/www.institutodeengenharia.org.br\/site\/2010\/05\/31\/aviacao-brasileira-devera-triplicar-de-tamanho-em-20-anos-diz-ipea\/#respond"]}]},{"@type":"WebPage","@id":"https:\/\/www.institutodeengenharia.org.br\/site\/2010\/05\/31\/aviacao-brasileira-devera-triplicar-de-tamanho-em-20-anos-diz-ipea\/","url":"https:\/\/www.institutodeengenharia.org.br\/site\/2010\/05\/31\/aviacao-brasileira-devera-triplicar-de-tamanho-em-20-anos-diz-ipea\/","name":"Avia\u00e7\u00e3o brasileira dever\u00e1 triplicar de tamanho em 20 anos, diz Ipea - Instituto de Engenharia","isPartOf":{"@id":"https:\/\/www.institutodeengenharia.org.br\/site\/#website"},"datePublished":"2010-05-31T22:46:07+00:00","breadcrumb":{"@id":"https:\/\/www.institutodeengenharia.org.br\/site\/2010\/05\/31\/aviacao-brasileira-devera-triplicar-de-tamanho-em-20-anos-diz-ipea\/#breadcrumb"},"inLanguage":"pt-BR","potentialAction":[{"@type":"ReadAction","target":["https:\/\/www.institutodeengenharia.org.br\/site\/2010\/05\/31\/aviacao-brasileira-devera-triplicar-de-tamanho-em-20-anos-diz-ipea\/"]}]},{"@type":"BreadcrumbList","@id":"https:\/\/www.institutodeengenharia.org.br\/site\/2010\/05\/31\/aviacao-brasileira-devera-triplicar-de-tamanho-em-20-anos-diz-ipea\/#breadcrumb","itemListElement":[{"@type":"ListItem","position":1,"name":"In\u00edcio","item":"https:\/\/www.institutodeengenharia.org.br\/site\/"},{"@type":"ListItem","position":2,"name":"Avia\u00e7\u00e3o brasileira dever\u00e1 triplicar de tamanho em 20 anos, diz Ipea"}]},{"@type":"WebSite","@id":"https:\/\/www.institutodeengenharia.org.br\/site\/#website","url":"https:\/\/www.institutodeengenharia.org.br\/site\/","name":"Instituto de Engenharia","description":"O Instituto de Engenharia promove a Engenharia em benef\u00edcio do desenvolvimento e da qualidade de vida da sociedade.","publisher":{"@id":"https:\/\/www.institutodeengenharia.org.br\/site\/#organization"},"potentialAction":[{"@type":"SearchAction","target":{"@type":"EntryPoint","urlTemplate":"https:\/\/www.institutodeengenharia.org.br\/site\/?s={search_term_string}"},"query-input":{"@type":"PropertyValueSpecification","valueRequired":true,"valueName":"search_term_string"}}],"inLanguage":"pt-BR"},{"@type":"Organization","@id":"https:\/\/www.institutodeengenharia.org.br\/site\/#organization","name":"Instituto de Engenharia","url":"https:\/\/www.institutodeengenharia.org.br\/site\/","logo":{"@type":"ImageObject","inLanguage":"pt-BR","@id":"https:\/\/www.institutodeengenharia.org.br\/site\/#\/schema\/logo\/image\/","url":"https:\/\/www.institutodeengenharia.org.br\/site\/wp-content\/uploads\/2019\/03\/logo-novo-IE2018-1.jpg","contentUrl":"https:\/\/www.institutodeengenharia.org.br\/site\/wp-content\/uploads\/2019\/03\/logo-novo-IE2018-1.jpg","width":1486,"height":1879,"caption":"Instituto de Engenharia"},"image":{"@id":"https:\/\/www.institutodeengenharia.org.br\/site\/#\/schema\/logo\/image\/"},"sameAs":["https:\/\/www.facebook.com\/institutodeengenharia","https:\/\/x.com\/iengenharia","https:\/\/www.instagram.com\/institutodeengenharia\/","https:\/\/www.linkedin.com\/company\/instituto-de-engenharia\/","https:\/\/www.youtube.com\/channel\/UCXiCAlsSMe977vamW915HxA"]},{"@type":"Person","@id":"https:\/\/www.institutodeengenharia.org.br\/site\/#\/schema\/person\/3b1ff109facef084739fc2edcb9a127f","name":"TMax Tecnologia","image":{"@type":"ImageObject","inLanguage":"pt-BR","@id":"https:\/\/secure.gravatar.com\/avatar\/f912434ef7f389c92cb311fcdae346af848465d638912574b3c669070f797701?s=96&d=mm&r=g","url":"https:\/\/secure.gravatar.com\/avatar\/f912434ef7f389c92cb311fcdae346af848465d638912574b3c669070f797701?s=96&d=mm&r=g","contentUrl":"https:\/\/secure.gravatar.com\/avatar\/f912434ef7f389c92cb311fcdae346af848465d638912574b3c669070f797701?s=96&d=mm&r=g","caption":"TMax Tecnologia"},"url":"https:\/\/www.institutodeengenharia.org.br\/site\/author\/tmax\/"}]}},"_links":{"self":[{"href":"https:\/\/www.institutodeengenharia.org.br\/site\/wp-json\/wp\/v2\/posts\/18289","targetHints":{"allow":["GET"]}}],"collection":[{"href":"https:\/\/www.institutodeengenharia.org.br\/site\/wp-json\/wp\/v2\/posts"}],"about":[{"href":"https:\/\/www.institutodeengenharia.org.br\/site\/wp-json\/wp\/v2\/types\/post"}],"author":[{"embeddable":true,"href":"https:\/\/www.institutodeengenharia.org.br\/site\/wp-json\/wp\/v2\/users\/1"}],"replies":[{"embeddable":true,"href":"https:\/\/www.institutodeengenharia.org.br\/site\/wp-json\/wp\/v2\/comments?post=18289"}],"version-history":[{"count":0,"href":"https:\/\/www.institutodeengenharia.org.br\/site\/wp-json\/wp\/v2\/posts\/18289\/revisions"}],"wp:attachment":[{"href":"https:\/\/www.institutodeengenharia.org.br\/site\/wp-json\/wp\/v2\/media?parent=18289"}],"wp:term":[{"taxonomy":"category","embeddable":true,"href":"https:\/\/www.institutodeengenharia.org.br\/site\/wp-json\/wp\/v2\/categories?post=18289"},{"taxonomy":"post_tag","embeddable":true,"href":"https:\/\/www.institutodeengenharia.org.br\/site\/wp-json\/wp\/v2\/tags?post=18289"}],"curies":[{"name":"wp","href":"https:\/\/api.w.org\/{rel}","templated":true}]}}