{"id":18277,"date":"2010-05-27T22:45:57","date_gmt":"2010-05-27T22:45:57","guid":{"rendered":"https:\/\/www.institutodeengenharia.org.br\/?p=18277"},"modified":"2010-05-27T15:44:28","modified_gmt":"2010-05-27T15:44:28","slug":"para-especialistas-brasil-precisa-de-mais-engenheiros","status":"publish","type":"post","link":"https:\/\/www.institutodeengenharia.org.br\/site\/2010\/05\/27\/para-especialistas-brasil-precisa-de-mais-engenheiros\/","title":{"rendered":"Para especialistas, Brasil precisa de mais engenheiros"},"content":{"rendered":"<p><em>Em Bras\u00edlia, participantes de confer\u00eancia de Ci\u00eancia e Inova\u00e7\u00e3o se queixaram da falta de formados em Engenharia<\/p>\n<p><\/em>Boa not\u00edcia para estudante de Engenharia, ou interessados em entrar na profiss\u00e3o. Empres\u00e1rios, membros do governo e acad\u00eamicos dizem, em consenso, que o Brasil precisa de mais formados na \u00e1rea. <\/p>\n<p>\u201cFaltam profissionais nas \u00e1reas de ci\u00eancias em geral, mas faltam, principalmente, engenheiros\u201d, disse Carlos Am\u00e9rico Pacheco, professor da Unicamp (Universidade Estadual de Campinas, em S\u00e3o Paulo). <\/p>\n<p>Ele, assim como os outros participantes da 4\u00aa Confer\u00eancia Nacional de Ci\u00eancia, Tecnologia e Inova\u00e7\u00e3o, nesta quinta-feira (27), identificou a falta de engenheiros como um dos principais obst\u00e1culos para que as empresas brasileiras sejam mais competitivas em tecnologia. <\/p>\n<p>Para ele, uma das maiores dificuldades encontradas pelos empres\u00e1rios brasileiros para \u00e9 a car\u00eancia de profissionais capacitados. \u201cH\u00e1 um diagn\u00f3stico atual de que \u00e9 preciso criar a cultura da inova\u00e7\u00e3o nas empresas, mas esse n\u00e3o \u00e9 o principal problema\u201d, disse. <\/p>\n<p>O diretor do Centro de Pesquisas e Desenvolvimento (Cenpes) da Petrobras, Carlos Tadeu da Costa Fraga, concordou com o diagn\u00f3stico e disse que \u00e9 preciso fortalecer a engenharia brasileira. Na estatal, h\u00e1 1,6 mil profissionais dedicados \u00e0 pesquisa cient\u00edfica e tecnol\u00f3gica, que n\u00e3o se limita ao petr\u00f3leo. <\/p>\n<p>\u201cTemos dois eixos complementares que s\u00e3o os biocombust\u00edveis e outras fontes de energia renov\u00e1vel\u201d, disse Pacheco. <\/p>\n<p>O presidente da Siemens no Brasil, Adilson Primo, cobrou investimento p\u00fablico em educa\u00e7\u00e3o para o crescimento das \u00e1reas cient\u00edficas e tecnol\u00f3gicas. \u201cPara aumentar nosso n\u00edvel de inova\u00e7\u00e3o [do pa\u00eds], precisamos de uma pol\u00edtica p\u00fablica que aproveite essa janela de produtividade\u201d, disse. <\/p>\n<p>Ele ressaltou que as multinacionais s\u00e3o as empresas que mais investem em ci\u00eancia e tecnologia nos pa\u00edses desenvolvidos. Segundo ele, essas empresas t\u00eam investido massivamente nos parques industriais e tecnol\u00f3gicos de pa\u00edses do Bric (Brasil, R\u00fassia, \u00cdndia e China).<\/p>\n<p><b>Autor: Guia do Estudante<\/b><\/p>\n","protected":false},"excerpt":{"rendered":"<p>Em Bras\u00edlia, participantes de confer\u00eancia de Ci\u00eancia e Inova\u00e7\u00e3o se queixaram da falta de formados em Engenharia Boa not\u00edcia para estudante de Engenharia, ou interessados em entrar na profiss\u00e3o. Empres\u00e1rios, membros do governo e acad\u00eamicos dizem, em consenso, que o Brasil precisa de mais formados na \u00e1rea. \u201cFaltam profissionais nas \u00e1reas de ci\u00eancias em geral, [&hellip;]<\/p>\n","protected":false},"author":1,"featured_media":0,"comment_status":"open","ping_status":"open","sticky":false,"template":"","format":"standard","meta":{"footnotes":""},"categories":[6,35],"tags":[],"class_list":{"0":"post-18277","1":"post","2":"type-post","3":"status-publish","4":"format-standard","6":"category-noticias","7":"category-pesquisa-e-desenvolvimento"},"yoast_head":"<!-- This site is optimized with the Yoast SEO plugin v27.2 - https:\/\/yoast.com\/product\/yoast-seo-wordpress\/ -->\n<title>Para especialistas, Brasil precisa de mais engenheiros - Instituto de Engenharia<\/title>\n<meta name=\"robots\" content=\"index, follow, max-snippet:-1, max-image-preview:large, max-video-preview:-1\" \/>\n<link rel=\"canonical\" href=\"https:\/\/www.institutodeengenharia.org.br\/site\/2010\/05\/27\/para-especialistas-brasil-precisa-de-mais-engenheiros\/\" \/>\n<meta property=\"og:locale\" content=\"pt_BR\" \/>\n<meta property=\"og:type\" content=\"article\" \/>\n<meta property=\"og:title\" content=\"Para especialistas, Brasil precisa de mais engenheiros - Instituto de Engenharia\" \/>\n<meta property=\"og:description\" content=\"Em Bras\u00edlia, participantes de confer\u00eancia de Ci\u00eancia e Inova\u00e7\u00e3o se queixaram da falta de formados em Engenharia Boa not\u00edcia para estudante de Engenharia, ou interessados em entrar na profiss\u00e3o. Empres\u00e1rios, membros do governo e acad\u00eamicos dizem, em consenso, que o Brasil precisa de mais formados na \u00e1rea. \u201cFaltam profissionais nas \u00e1reas de ci\u00eancias em geral, [&hellip;]\" \/>\n<meta property=\"og:url\" content=\"https:\/\/www.institutodeengenharia.org.br\/site\/2010\/05\/27\/para-especialistas-brasil-precisa-de-mais-engenheiros\/\" \/>\n<meta property=\"og:site_name\" content=\"Instituto de Engenharia\" \/>\n<meta property=\"article:publisher\" content=\"https:\/\/www.facebook.com\/institutodeengenharia\" \/>\n<meta property=\"article:published_time\" content=\"2010-05-27T22:45:57+00:00\" \/>\n<meta name=\"author\" content=\"TMax Tecnologia\" \/>\n<meta name=\"twitter:card\" content=\"summary_large_image\" \/>\n<meta name=\"twitter:creator\" content=\"@iengenharia\" \/>\n<meta name=\"twitter:site\" content=\"@iengenharia\" \/>\n<meta name=\"twitter:label1\" content=\"Escrito por\" \/>\n\t<meta name=\"twitter:data1\" content=\"TMax Tecnologia\" \/>\n\t<meta name=\"twitter:label2\" content=\"Est. tempo de leitura\" \/>\n\t<meta name=\"twitter:data2\" content=\"2 minutos\" \/>\n<script type=\"application\/ld+json\" class=\"yoast-schema-graph\">{\"@context\":\"https:\/\/schema.org\",\"@graph\":[{\"@type\":\"Article\",\"@id\":\"https:\/\/www.institutodeengenharia.org.br\/site\/2010\/05\/27\/para-especialistas-brasil-precisa-de-mais-engenheiros\/#article\",\"isPartOf\":{\"@id\":\"https:\/\/www.institutodeengenharia.org.br\/site\/2010\/05\/27\/para-especialistas-brasil-precisa-de-mais-engenheiros\/\"},\"author\":{\"name\":\"TMax Tecnologia\",\"@id\":\"https:\/\/www.institutodeengenharia.org.br\/site\/#\/schema\/person\/3b1ff109facef084739fc2edcb9a127f\"},\"headline\":\"Para especialistas, Brasil precisa de mais engenheiros\",\"datePublished\":\"2010-05-27T22:45:57+00:00\",\"mainEntityOfPage\":{\"@id\":\"https:\/\/www.institutodeengenharia.org.br\/site\/2010\/05\/27\/para-especialistas-brasil-precisa-de-mais-engenheiros\/\"},\"wordCount\":341,\"commentCount\":0,\"publisher\":{\"@id\":\"https:\/\/www.institutodeengenharia.org.br\/site\/#organization\"},\"articleSection\":[\"Not\u00edcias\",\"Pesquisa e Desenvolvimento\"],\"inLanguage\":\"pt-BR\",\"potentialAction\":[{\"@type\":\"CommentAction\",\"name\":\"Comment\",\"target\":[\"https:\/\/www.institutodeengenharia.org.br\/site\/2010\/05\/27\/para-especialistas-brasil-precisa-de-mais-engenheiros\/#respond\"]}]},{\"@type\":\"WebPage\",\"@id\":\"https:\/\/www.institutodeengenharia.org.br\/site\/2010\/05\/27\/para-especialistas-brasil-precisa-de-mais-engenheiros\/\",\"url\":\"https:\/\/www.institutodeengenharia.org.br\/site\/2010\/05\/27\/para-especialistas-brasil-precisa-de-mais-engenheiros\/\",\"name\":\"Para especialistas, Brasil precisa de mais engenheiros - Instituto de Engenharia\",\"isPartOf\":{\"@id\":\"https:\/\/www.institutodeengenharia.org.br\/site\/#website\"},\"datePublished\":\"2010-05-27T22:45:57+00:00\",\"breadcrumb\":{\"@id\":\"https:\/\/www.institutodeengenharia.org.br\/site\/2010\/05\/27\/para-especialistas-brasil-precisa-de-mais-engenheiros\/#breadcrumb\"},\"inLanguage\":\"pt-BR\",\"potentialAction\":[{\"@type\":\"ReadAction\",\"target\":[\"https:\/\/www.institutodeengenharia.org.br\/site\/2010\/05\/27\/para-especialistas-brasil-precisa-de-mais-engenheiros\/\"]}]},{\"@type\":\"BreadcrumbList\",\"@id\":\"https:\/\/www.institutodeengenharia.org.br\/site\/2010\/05\/27\/para-especialistas-brasil-precisa-de-mais-engenheiros\/#breadcrumb\",\"itemListElement\":[{\"@type\":\"ListItem\",\"position\":1,\"name\":\"In\u00edcio\",\"item\":\"https:\/\/www.institutodeengenharia.org.br\/site\/\"},{\"@type\":\"ListItem\",\"position\":2,\"name\":\"Para especialistas, Brasil precisa de mais engenheiros\"}]},{\"@type\":\"WebSite\",\"@id\":\"https:\/\/www.institutodeengenharia.org.br\/site\/#website\",\"url\":\"https:\/\/www.institutodeengenharia.org.br\/site\/\",\"name\":\"Instituto de Engenharia\",\"description\":\"O Instituto de Engenharia promove a Engenharia em benef\u00edcio do desenvolvimento e da qualidade de vida da sociedade.\",\"publisher\":{\"@id\":\"https:\/\/www.institutodeengenharia.org.br\/site\/#organization\"},\"potentialAction\":[{\"@type\":\"SearchAction\",\"target\":{\"@type\":\"EntryPoint\",\"urlTemplate\":\"https:\/\/www.institutodeengenharia.org.br\/site\/?s={search_term_string}\"},\"query-input\":{\"@type\":\"PropertyValueSpecification\",\"valueRequired\":true,\"valueName\":\"search_term_string\"}}],\"inLanguage\":\"pt-BR\"},{\"@type\":\"Organization\",\"@id\":\"https:\/\/www.institutodeengenharia.org.br\/site\/#organization\",\"name\":\"Instituto de Engenharia\",\"url\":\"https:\/\/www.institutodeengenharia.org.br\/site\/\",\"logo\":{\"@type\":\"ImageObject\",\"inLanguage\":\"pt-BR\",\"@id\":\"https:\/\/www.institutodeengenharia.org.br\/site\/#\/schema\/logo\/image\/\",\"url\":\"https:\/\/www.institutodeengenharia.org.br\/site\/wp-content\/uploads\/2019\/03\/logo-novo-IE2018-1.jpg\",\"contentUrl\":\"https:\/\/www.institutodeengenharia.org.br\/site\/wp-content\/uploads\/2019\/03\/logo-novo-IE2018-1.jpg\",\"width\":1486,\"height\":1879,\"caption\":\"Instituto de Engenharia\"},\"image\":{\"@id\":\"https:\/\/www.institutodeengenharia.org.br\/site\/#\/schema\/logo\/image\/\"},\"sameAs\":[\"https:\/\/www.facebook.com\/institutodeengenharia\",\"https:\/\/x.com\/iengenharia\",\"https:\/\/www.instagram.com\/institutodeengenharia\/\",\"https:\/\/www.linkedin.com\/company\/instituto-de-engenharia\/\",\"https:\/\/www.youtube.com\/channel\/UCXiCAlsSMe977vamW915HxA\"]},{\"@type\":\"Person\",\"@id\":\"https:\/\/www.institutodeengenharia.org.br\/site\/#\/schema\/person\/3b1ff109facef084739fc2edcb9a127f\",\"name\":\"TMax Tecnologia\",\"image\":{\"@type\":\"ImageObject\",\"inLanguage\":\"pt-BR\",\"@id\":\"https:\/\/secure.gravatar.com\/avatar\/f912434ef7f389c92cb311fcdae346af848465d638912574b3c669070f797701?s=96&d=mm&r=g\",\"url\":\"https:\/\/secure.gravatar.com\/avatar\/f912434ef7f389c92cb311fcdae346af848465d638912574b3c669070f797701?s=96&d=mm&r=g\",\"contentUrl\":\"https:\/\/secure.gravatar.com\/avatar\/f912434ef7f389c92cb311fcdae346af848465d638912574b3c669070f797701?s=96&d=mm&r=g\",\"caption\":\"TMax Tecnologia\"},\"url\":\"https:\/\/www.institutodeengenharia.org.br\/site\/author\/tmax\/\"}]}<\/script>\n<!-- \/ Yoast SEO plugin. -->","yoast_head_json":{"title":"Para especialistas, Brasil precisa de mais engenheiros - Instituto de Engenharia","robots":{"index":"index","follow":"follow","max-snippet":"max-snippet:-1","max-image-preview":"max-image-preview:large","max-video-preview":"max-video-preview:-1"},"canonical":"https:\/\/www.institutodeengenharia.org.br\/site\/2010\/05\/27\/para-especialistas-brasil-precisa-de-mais-engenheiros\/","og_locale":"pt_BR","og_type":"article","og_title":"Para especialistas, Brasil precisa de mais engenheiros - Instituto de Engenharia","og_description":"Em Bras\u00edlia, participantes de confer\u00eancia de Ci\u00eancia e Inova\u00e7\u00e3o se queixaram da falta de formados em Engenharia Boa not\u00edcia para estudante de Engenharia, ou interessados em entrar na profiss\u00e3o. Empres\u00e1rios, membros do governo e acad\u00eamicos dizem, em consenso, que o Brasil precisa de mais formados na \u00e1rea. \u201cFaltam profissionais nas \u00e1reas de ci\u00eancias em geral, [&hellip;]","og_url":"https:\/\/www.institutodeengenharia.org.br\/site\/2010\/05\/27\/para-especialistas-brasil-precisa-de-mais-engenheiros\/","og_site_name":"Instituto de Engenharia","article_publisher":"https:\/\/www.facebook.com\/institutodeengenharia","article_published_time":"2010-05-27T22:45:57+00:00","author":"TMax Tecnologia","twitter_card":"summary_large_image","twitter_creator":"@iengenharia","twitter_site":"@iengenharia","twitter_misc":{"Escrito por":"TMax Tecnologia","Est. tempo de leitura":"2 minutos"},"schema":{"@context":"https:\/\/schema.org","@graph":[{"@type":"Article","@id":"https:\/\/www.institutodeengenharia.org.br\/site\/2010\/05\/27\/para-especialistas-brasil-precisa-de-mais-engenheiros\/#article","isPartOf":{"@id":"https:\/\/www.institutodeengenharia.org.br\/site\/2010\/05\/27\/para-especialistas-brasil-precisa-de-mais-engenheiros\/"},"author":{"name":"TMax Tecnologia","@id":"https:\/\/www.institutodeengenharia.org.br\/site\/#\/schema\/person\/3b1ff109facef084739fc2edcb9a127f"},"headline":"Para especialistas, Brasil precisa de mais engenheiros","datePublished":"2010-05-27T22:45:57+00:00","mainEntityOfPage":{"@id":"https:\/\/www.institutodeengenharia.org.br\/site\/2010\/05\/27\/para-especialistas-brasil-precisa-de-mais-engenheiros\/"},"wordCount":341,"commentCount":0,"publisher":{"@id":"https:\/\/www.institutodeengenharia.org.br\/site\/#organization"},"articleSection":["Not\u00edcias","Pesquisa e Desenvolvimento"],"inLanguage":"pt-BR","potentialAction":[{"@type":"CommentAction","name":"Comment","target":["https:\/\/www.institutodeengenharia.org.br\/site\/2010\/05\/27\/para-especialistas-brasil-precisa-de-mais-engenheiros\/#respond"]}]},{"@type":"WebPage","@id":"https:\/\/www.institutodeengenharia.org.br\/site\/2010\/05\/27\/para-especialistas-brasil-precisa-de-mais-engenheiros\/","url":"https:\/\/www.institutodeengenharia.org.br\/site\/2010\/05\/27\/para-especialistas-brasil-precisa-de-mais-engenheiros\/","name":"Para especialistas, Brasil precisa de mais engenheiros - Instituto de Engenharia","isPartOf":{"@id":"https:\/\/www.institutodeengenharia.org.br\/site\/#website"},"datePublished":"2010-05-27T22:45:57+00:00","breadcrumb":{"@id":"https:\/\/www.institutodeengenharia.org.br\/site\/2010\/05\/27\/para-especialistas-brasil-precisa-de-mais-engenheiros\/#breadcrumb"},"inLanguage":"pt-BR","potentialAction":[{"@type":"ReadAction","target":["https:\/\/www.institutodeengenharia.org.br\/site\/2010\/05\/27\/para-especialistas-brasil-precisa-de-mais-engenheiros\/"]}]},{"@type":"BreadcrumbList","@id":"https:\/\/www.institutodeengenharia.org.br\/site\/2010\/05\/27\/para-especialistas-brasil-precisa-de-mais-engenheiros\/#breadcrumb","itemListElement":[{"@type":"ListItem","position":1,"name":"In\u00edcio","item":"https:\/\/www.institutodeengenharia.org.br\/site\/"},{"@type":"ListItem","position":2,"name":"Para especialistas, Brasil precisa de mais engenheiros"}]},{"@type":"WebSite","@id":"https:\/\/www.institutodeengenharia.org.br\/site\/#website","url":"https:\/\/www.institutodeengenharia.org.br\/site\/","name":"Instituto de Engenharia","description":"O Instituto de Engenharia promove a Engenharia em benef\u00edcio do desenvolvimento e da qualidade de vida da sociedade.","publisher":{"@id":"https:\/\/www.institutodeengenharia.org.br\/site\/#organization"},"potentialAction":[{"@type":"SearchAction","target":{"@type":"EntryPoint","urlTemplate":"https:\/\/www.institutodeengenharia.org.br\/site\/?s={search_term_string}"},"query-input":{"@type":"PropertyValueSpecification","valueRequired":true,"valueName":"search_term_string"}}],"inLanguage":"pt-BR"},{"@type":"Organization","@id":"https:\/\/www.institutodeengenharia.org.br\/site\/#organization","name":"Instituto de Engenharia","url":"https:\/\/www.institutodeengenharia.org.br\/site\/","logo":{"@type":"ImageObject","inLanguage":"pt-BR","@id":"https:\/\/www.institutodeengenharia.org.br\/site\/#\/schema\/logo\/image\/","url":"https:\/\/www.institutodeengenharia.org.br\/site\/wp-content\/uploads\/2019\/03\/logo-novo-IE2018-1.jpg","contentUrl":"https:\/\/www.institutodeengenharia.org.br\/site\/wp-content\/uploads\/2019\/03\/logo-novo-IE2018-1.jpg","width":1486,"height":1879,"caption":"Instituto de Engenharia"},"image":{"@id":"https:\/\/www.institutodeengenharia.org.br\/site\/#\/schema\/logo\/image\/"},"sameAs":["https:\/\/www.facebook.com\/institutodeengenharia","https:\/\/x.com\/iengenharia","https:\/\/www.instagram.com\/institutodeengenharia\/","https:\/\/www.linkedin.com\/company\/instituto-de-engenharia\/","https:\/\/www.youtube.com\/channel\/UCXiCAlsSMe977vamW915HxA"]},{"@type":"Person","@id":"https:\/\/www.institutodeengenharia.org.br\/site\/#\/schema\/person\/3b1ff109facef084739fc2edcb9a127f","name":"TMax Tecnologia","image":{"@type":"ImageObject","inLanguage":"pt-BR","@id":"https:\/\/secure.gravatar.com\/avatar\/f912434ef7f389c92cb311fcdae346af848465d638912574b3c669070f797701?s=96&d=mm&r=g","url":"https:\/\/secure.gravatar.com\/avatar\/f912434ef7f389c92cb311fcdae346af848465d638912574b3c669070f797701?s=96&d=mm&r=g","contentUrl":"https:\/\/secure.gravatar.com\/avatar\/f912434ef7f389c92cb311fcdae346af848465d638912574b3c669070f797701?s=96&d=mm&r=g","caption":"TMax Tecnologia"},"url":"https:\/\/www.institutodeengenharia.org.br\/site\/author\/tmax\/"}]}},"_links":{"self":[{"href":"https:\/\/www.institutodeengenharia.org.br\/site\/wp-json\/wp\/v2\/posts\/18277","targetHints":{"allow":["GET"]}}],"collection":[{"href":"https:\/\/www.institutodeengenharia.org.br\/site\/wp-json\/wp\/v2\/posts"}],"about":[{"href":"https:\/\/www.institutodeengenharia.org.br\/site\/wp-json\/wp\/v2\/types\/post"}],"author":[{"embeddable":true,"href":"https:\/\/www.institutodeengenharia.org.br\/site\/wp-json\/wp\/v2\/users\/1"}],"replies":[{"embeddable":true,"href":"https:\/\/www.institutodeengenharia.org.br\/site\/wp-json\/wp\/v2\/comments?post=18277"}],"version-history":[{"count":0,"href":"https:\/\/www.institutodeengenharia.org.br\/site\/wp-json\/wp\/v2\/posts\/18277\/revisions"}],"wp:attachment":[{"href":"https:\/\/www.institutodeengenharia.org.br\/site\/wp-json\/wp\/v2\/media?parent=18277"}],"wp:term":[{"taxonomy":"category","embeddable":true,"href":"https:\/\/www.institutodeengenharia.org.br\/site\/wp-json\/wp\/v2\/categories?post=18277"},{"taxonomy":"post_tag","embeddable":true,"href":"https:\/\/www.institutodeengenharia.org.br\/site\/wp-json\/wp\/v2\/tags?post=18277"}],"curies":[{"name":"wp","href":"https:\/\/api.w.org\/{rel}","templated":true}]}}