{"id":18272,"date":"2010-05-26T22:45:53","date_gmt":"2010-05-26T22:45:53","guid":{"rendered":"https:\/\/www.institutodeengenharia.org.br\/?p=18272"},"modified":"2010-05-26T15:02:10","modified_gmt":"2010-05-26T15:02:10","slug":"o-reaproveitamento-de-materiais-na-producao-de-veiculos","status":"publish","type":"post","link":"https:\/\/www.institutodeengenharia.org.br\/site\/2010\/05\/26\/o-reaproveitamento-de-materiais-na-producao-de-veiculos\/","title":{"rendered":"O reaproveitamento de materiais na produ\u00e7\u00e3o de ve\u00edculos"},"content":{"rendered":"<p>Provavelmente voc\u00ea j\u00e1 recicla boa parte do seu lixo dom\u00e9stico e at\u00e9 tem se esfor\u00e7ado para abolir o uso de papel em sua vida. \u00c9, cada vez mais a sociedade toma consci\u00eancia sobre a import\u00e2ncia do reaproveitamento de materiais que, em vez de serem simplesmente descartados no ambiente ap\u00f3s o t\u00e9rmino de sua vida \u00fatil, podem ser utilizados para outras fun\u00e7\u00f5es. Nas linhas de produ\u00e7\u00e3o da Ford no Brasil, n\u00e3o \u00e9 diferente. Muitos componentes que teriam um destino incerto quando um ve\u00edculo \u00e9 aposentado (ou no caso do simples descarte do carro) podem \u2013 e s\u00e3o \u2013 reaproveitados. Quer alguns exemplos?&nbsp;<\/p>\n<p>O pl\u00e1stico de um p\u00e1ra-choque antigo pode ser derretido e reaproveitado na fabrica\u00e7\u00e3o de p\u00e1ra-choques novos. O material das garrafas PET de refrigerante \u2013 as grandes coringas do mundo dos reciclados \u2013 \u00e9 usado para o revestimento interno de carpetes. As tampas destas mesmas garrafas podem servir para a confec\u00e7\u00e3o de partes do painel. J\u00e1 os garraf\u00f5es de \u00e1gua podem ser usados na fabrica\u00e7\u00e3o das lanternas. <\/p>\n<p>At\u00e9 as caixas antigas de bateria s\u00e3o reaproveitadas em itens como revestimento interno dos p\u00e1ra-lamas e dos pedais. Mas voc\u00ea sabia que carpetes antigos podem se transformar em ventiladores e que gabinetes de computadores se transformam em grades de p\u00e1ra-choques?Criatividade? Sim, mas com o apoio das entidades especializadas em reaproveitamento, al\u00e9m de muita pesquisa e investimentos, que garantem qualidade de ponta. <\/p>\n<p>Por essas e outras, a Ford pode dizer que hoje o \u00edndice de reciclabilidade dos ve\u00edculos chega a 85%. Mas esse marco n\u00e3o \u00e9 moleza, n\u00e3o, e envolve uma vasta cadeia, de fornecedores de mat\u00e9rias-primas e fabricantes de pe\u00e7as e ve\u00edculos (que cuidam da concep\u00e7\u00e3o e marca\u00e7\u00e3o dos componentes) at\u00e9 os consumidores e o poder p\u00fablico, com respectivas, conscientiza\u00e7\u00e3o e regulamenta\u00e7\u00e3o de centros de reciclagem. <\/p>\n<p>O resultado disso \u00e9 muito positivo para toda a sociedade: economia de mat\u00e9rias-primas e energia, ajudando a preservar recursos naturais. <\/p>\n<p><b>Autor: Jalopnik<\/b><\/p>\n","protected":false},"excerpt":{"rendered":"<p>Provavelmente voc\u00ea j\u00e1 recicla boa parte do seu lixo dom\u00e9stico e at\u00e9 tem se esfor\u00e7ado para abolir o uso de papel em sua vida. \u00c9, cada vez mais a sociedade toma consci\u00eancia sobre a import\u00e2ncia do reaproveitamento de materiais que, em vez de serem simplesmente descartados no ambiente ap\u00f3s o t\u00e9rmino de sua vida \u00fatil, [&hellip;]<\/p>\n","protected":false},"author":1,"featured_media":18273,"comment_status":"open","ping_status":"open","sticky":false,"template":"","format":"standard","meta":{"footnotes":""},"categories":[31,6],"tags":[],"class_list":{"0":"post-18272","1":"post","2":"type-post","3":"status-publish","4":"format-standard","5":"has-post-thumbnail","7":"category-meio-ambiente","8":"category-noticias"},"yoast_head":"<!-- This site is optimized with the Yoast SEO plugin v27.2 - https:\/\/yoast.com\/product\/yoast-seo-wordpress\/ -->\n<title>O reaproveitamento de materiais na produ\u00e7\u00e3o de ve\u00edculos - Instituto de Engenharia<\/title>\n<meta name=\"robots\" content=\"index, follow, max-snippet:-1, max-image-preview:large, max-video-preview:-1\" \/>\n<link rel=\"canonical\" href=\"https:\/\/www.institutodeengenharia.org.br\/site\/2010\/05\/26\/o-reaproveitamento-de-materiais-na-producao-de-veiculos\/\" \/>\n<meta property=\"og:locale\" content=\"pt_BR\" \/>\n<meta property=\"og:type\" content=\"article\" \/>\n<meta property=\"og:title\" content=\"O reaproveitamento de materiais na produ\u00e7\u00e3o de ve\u00edculos - Instituto de Engenharia\" \/>\n<meta property=\"og:description\" content=\"Provavelmente voc\u00ea j\u00e1 recicla boa parte do seu lixo dom\u00e9stico e at\u00e9 tem se esfor\u00e7ado para abolir o uso de papel em sua vida. \u00c9, cada vez mais a sociedade toma consci\u00eancia sobre a import\u00e2ncia do reaproveitamento de materiais que, em vez de serem simplesmente descartados no ambiente ap\u00f3s o t\u00e9rmino de sua vida \u00fatil, [&hellip;]\" \/>\n<meta property=\"og:url\" content=\"https:\/\/www.institutodeengenharia.org.br\/site\/2010\/05\/26\/o-reaproveitamento-de-materiais-na-producao-de-veiculos\/\" \/>\n<meta property=\"og:site_name\" content=\"Instituto de Engenharia\" \/>\n<meta property=\"article:publisher\" content=\"https:\/\/www.facebook.com\/institutodeengenharia\" \/>\n<meta property=\"article:published_time\" content=\"2010-05-26T22:45:53+00:00\" \/>\n<meta property=\"og:image\" content=\"https:\/\/www.institutodeengenharia.org.br\/site\/wp-content\/uploads\/2017\/10\/ford(1).jpg\" \/>\n\t<meta property=\"og:image:width\" content=\"448\" \/>\n\t<meta property=\"og:image:height\" content=\"331\" \/>\n\t<meta property=\"og:image:type\" content=\"image\/jpeg\" \/>\n<meta name=\"author\" content=\"TMax Tecnologia\" \/>\n<meta name=\"twitter:card\" content=\"summary_large_image\" \/>\n<meta name=\"twitter:creator\" content=\"@iengenharia\" \/>\n<meta name=\"twitter:site\" content=\"@iengenharia\" \/>\n<meta name=\"twitter:label1\" content=\"Escrito por\" \/>\n\t<meta name=\"twitter:data1\" content=\"TMax Tecnologia\" \/>\n\t<meta name=\"twitter:label2\" content=\"Est. tempo de leitura\" \/>\n\t<meta name=\"twitter:data2\" content=\"2 minutos\" \/>\n<script type=\"application\/ld+json\" class=\"yoast-schema-graph\">{\"@context\":\"https:\/\/schema.org\",\"@graph\":[{\"@type\":\"Article\",\"@id\":\"https:\/\/www.institutodeengenharia.org.br\/site\/2010\/05\/26\/o-reaproveitamento-de-materiais-na-producao-de-veiculos\/#article\",\"isPartOf\":{\"@id\":\"https:\/\/www.institutodeengenharia.org.br\/site\/2010\/05\/26\/o-reaproveitamento-de-materiais-na-producao-de-veiculos\/\"},\"author\":{\"name\":\"TMax Tecnologia\",\"@id\":\"https:\/\/www.institutodeengenharia.org.br\/site\/#\/schema\/person\/3b1ff109facef084739fc2edcb9a127f\"},\"headline\":\"O reaproveitamento de materiais na produ\u00e7\u00e3o de ve\u00edculos\",\"datePublished\":\"2010-05-26T22:45:53+00:00\",\"mainEntityOfPage\":{\"@id\":\"https:\/\/www.institutodeengenharia.org.br\/site\/2010\/05\/26\/o-reaproveitamento-de-materiais-na-producao-de-veiculos\/\"},\"wordCount\":350,\"commentCount\":0,\"publisher\":{\"@id\":\"https:\/\/www.institutodeengenharia.org.br\/site\/#organization\"},\"image\":{\"@id\":\"https:\/\/www.institutodeengenharia.org.br\/site\/2010\/05\/26\/o-reaproveitamento-de-materiais-na-producao-de-veiculos\/#primaryimage\"},\"thumbnailUrl\":\"https:\/\/www.institutodeengenharia.org.br\/site\/wp-content\/uploads\/2017\/10\/ford(1).jpg\",\"articleSection\":[\"Meio Ambiente\",\"Not\u00edcias\"],\"inLanguage\":\"pt-BR\",\"potentialAction\":[{\"@type\":\"CommentAction\",\"name\":\"Comment\",\"target\":[\"https:\/\/www.institutodeengenharia.org.br\/site\/2010\/05\/26\/o-reaproveitamento-de-materiais-na-producao-de-veiculos\/#respond\"]}]},{\"@type\":\"WebPage\",\"@id\":\"https:\/\/www.institutodeengenharia.org.br\/site\/2010\/05\/26\/o-reaproveitamento-de-materiais-na-producao-de-veiculos\/\",\"url\":\"https:\/\/www.institutodeengenharia.org.br\/site\/2010\/05\/26\/o-reaproveitamento-de-materiais-na-producao-de-veiculos\/\",\"name\":\"O reaproveitamento de materiais na produ\u00e7\u00e3o de ve\u00edculos - Instituto de Engenharia\",\"isPartOf\":{\"@id\":\"https:\/\/www.institutodeengenharia.org.br\/site\/#website\"},\"primaryImageOfPage\":{\"@id\":\"https:\/\/www.institutodeengenharia.org.br\/site\/2010\/05\/26\/o-reaproveitamento-de-materiais-na-producao-de-veiculos\/#primaryimage\"},\"image\":{\"@id\":\"https:\/\/www.institutodeengenharia.org.br\/site\/2010\/05\/26\/o-reaproveitamento-de-materiais-na-producao-de-veiculos\/#primaryimage\"},\"thumbnailUrl\":\"https:\/\/www.institutodeengenharia.org.br\/site\/wp-content\/uploads\/2017\/10\/ford(1).jpg\",\"datePublished\":\"2010-05-26T22:45:53+00:00\",\"breadcrumb\":{\"@id\":\"https:\/\/www.institutodeengenharia.org.br\/site\/2010\/05\/26\/o-reaproveitamento-de-materiais-na-producao-de-veiculos\/#breadcrumb\"},\"inLanguage\":\"pt-BR\",\"potentialAction\":[{\"@type\":\"ReadAction\",\"target\":[\"https:\/\/www.institutodeengenharia.org.br\/site\/2010\/05\/26\/o-reaproveitamento-de-materiais-na-producao-de-veiculos\/\"]}]},{\"@type\":\"ImageObject\",\"inLanguage\":\"pt-BR\",\"@id\":\"https:\/\/www.institutodeengenharia.org.br\/site\/2010\/05\/26\/o-reaproveitamento-de-materiais-na-producao-de-veiculos\/#primaryimage\",\"url\":\"https:\/\/www.institutodeengenharia.org.br\/site\/wp-content\/uploads\/2017\/10\/ford(1).jpg\",\"contentUrl\":\"https:\/\/www.institutodeengenharia.org.br\/site\/wp-content\/uploads\/2017\/10\/ford(1).jpg\",\"width\":448,\"height\":331},{\"@type\":\"BreadcrumbList\",\"@id\":\"https:\/\/www.institutodeengenharia.org.br\/site\/2010\/05\/26\/o-reaproveitamento-de-materiais-na-producao-de-veiculos\/#breadcrumb\",\"itemListElement\":[{\"@type\":\"ListItem\",\"position\":1,\"name\":\"In\u00edcio\",\"item\":\"https:\/\/www.institutodeengenharia.org.br\/site\/\"},{\"@type\":\"ListItem\",\"position\":2,\"name\":\"O reaproveitamento de materiais na produ\u00e7\u00e3o de ve\u00edculos\"}]},{\"@type\":\"WebSite\",\"@id\":\"https:\/\/www.institutodeengenharia.org.br\/site\/#website\",\"url\":\"https:\/\/www.institutodeengenharia.org.br\/site\/\",\"name\":\"Instituto de Engenharia\",\"description\":\"O Instituto de Engenharia promove a Engenharia em benef\u00edcio do desenvolvimento e da qualidade de vida da sociedade.\",\"publisher\":{\"@id\":\"https:\/\/www.institutodeengenharia.org.br\/site\/#organization\"},\"potentialAction\":[{\"@type\":\"SearchAction\",\"target\":{\"@type\":\"EntryPoint\",\"urlTemplate\":\"https:\/\/www.institutodeengenharia.org.br\/site\/?s={search_term_string}\"},\"query-input\":{\"@type\":\"PropertyValueSpecification\",\"valueRequired\":true,\"valueName\":\"search_term_string\"}}],\"inLanguage\":\"pt-BR\"},{\"@type\":\"Organization\",\"@id\":\"https:\/\/www.institutodeengenharia.org.br\/site\/#organization\",\"name\":\"Instituto de Engenharia\",\"url\":\"https:\/\/www.institutodeengenharia.org.br\/site\/\",\"logo\":{\"@type\":\"ImageObject\",\"inLanguage\":\"pt-BR\",\"@id\":\"https:\/\/www.institutodeengenharia.org.br\/site\/#\/schema\/logo\/image\/\",\"url\":\"https:\/\/www.institutodeengenharia.org.br\/site\/wp-content\/uploads\/2019\/03\/logo-novo-IE2018-1.jpg\",\"contentUrl\":\"https:\/\/www.institutodeengenharia.org.br\/site\/wp-content\/uploads\/2019\/03\/logo-novo-IE2018-1.jpg\",\"width\":1486,\"height\":1879,\"caption\":\"Instituto de Engenharia\"},\"image\":{\"@id\":\"https:\/\/www.institutodeengenharia.org.br\/site\/#\/schema\/logo\/image\/\"},\"sameAs\":[\"https:\/\/www.facebook.com\/institutodeengenharia\",\"https:\/\/x.com\/iengenharia\",\"https:\/\/www.instagram.com\/institutodeengenharia\/\",\"https:\/\/www.linkedin.com\/company\/instituto-de-engenharia\/\",\"https:\/\/www.youtube.com\/channel\/UCXiCAlsSMe977vamW915HxA\"]},{\"@type\":\"Person\",\"@id\":\"https:\/\/www.institutodeengenharia.org.br\/site\/#\/schema\/person\/3b1ff109facef084739fc2edcb9a127f\",\"name\":\"TMax Tecnologia\",\"image\":{\"@type\":\"ImageObject\",\"inLanguage\":\"pt-BR\",\"@id\":\"https:\/\/secure.gravatar.com\/avatar\/f912434ef7f389c92cb311fcdae346af848465d638912574b3c669070f797701?s=96&d=mm&r=g\",\"url\":\"https:\/\/secure.gravatar.com\/avatar\/f912434ef7f389c92cb311fcdae346af848465d638912574b3c669070f797701?s=96&d=mm&r=g\",\"contentUrl\":\"https:\/\/secure.gravatar.com\/avatar\/f912434ef7f389c92cb311fcdae346af848465d638912574b3c669070f797701?s=96&d=mm&r=g\",\"caption\":\"TMax Tecnologia\"},\"url\":\"https:\/\/www.institutodeengenharia.org.br\/site\/author\/tmax\/\"}]}<\/script>\n<!-- \/ Yoast SEO plugin. -->","yoast_head_json":{"title":"O reaproveitamento de materiais na produ\u00e7\u00e3o de ve\u00edculos - Instituto de Engenharia","robots":{"index":"index","follow":"follow","max-snippet":"max-snippet:-1","max-image-preview":"max-image-preview:large","max-video-preview":"max-video-preview:-1"},"canonical":"https:\/\/www.institutodeengenharia.org.br\/site\/2010\/05\/26\/o-reaproveitamento-de-materiais-na-producao-de-veiculos\/","og_locale":"pt_BR","og_type":"article","og_title":"O reaproveitamento de materiais na produ\u00e7\u00e3o de ve\u00edculos - Instituto de Engenharia","og_description":"Provavelmente voc\u00ea j\u00e1 recicla boa parte do seu lixo dom\u00e9stico e at\u00e9 tem se esfor\u00e7ado para abolir o uso de papel em sua vida. \u00c9, cada vez mais a sociedade toma consci\u00eancia sobre a import\u00e2ncia do reaproveitamento de materiais que, em vez de serem simplesmente descartados no ambiente ap\u00f3s o t\u00e9rmino de sua vida \u00fatil, [&hellip;]","og_url":"https:\/\/www.institutodeengenharia.org.br\/site\/2010\/05\/26\/o-reaproveitamento-de-materiais-na-producao-de-veiculos\/","og_site_name":"Instituto de Engenharia","article_publisher":"https:\/\/www.facebook.com\/institutodeengenharia","article_published_time":"2010-05-26T22:45:53+00:00","og_image":[{"width":448,"height":331,"url":"https:\/\/www.institutodeengenharia.org.br\/site\/wp-content\/uploads\/2017\/10\/ford(1).jpg","type":"image\/jpeg"}],"author":"TMax Tecnologia","twitter_card":"summary_large_image","twitter_creator":"@iengenharia","twitter_site":"@iengenharia","twitter_misc":{"Escrito por":"TMax Tecnologia","Est. tempo de leitura":"2 minutos"},"schema":{"@context":"https:\/\/schema.org","@graph":[{"@type":"Article","@id":"https:\/\/www.institutodeengenharia.org.br\/site\/2010\/05\/26\/o-reaproveitamento-de-materiais-na-producao-de-veiculos\/#article","isPartOf":{"@id":"https:\/\/www.institutodeengenharia.org.br\/site\/2010\/05\/26\/o-reaproveitamento-de-materiais-na-producao-de-veiculos\/"},"author":{"name":"TMax Tecnologia","@id":"https:\/\/www.institutodeengenharia.org.br\/site\/#\/schema\/person\/3b1ff109facef084739fc2edcb9a127f"},"headline":"O reaproveitamento de materiais na produ\u00e7\u00e3o de ve\u00edculos","datePublished":"2010-05-26T22:45:53+00:00","mainEntityOfPage":{"@id":"https:\/\/www.institutodeengenharia.org.br\/site\/2010\/05\/26\/o-reaproveitamento-de-materiais-na-producao-de-veiculos\/"},"wordCount":350,"commentCount":0,"publisher":{"@id":"https:\/\/www.institutodeengenharia.org.br\/site\/#organization"},"image":{"@id":"https:\/\/www.institutodeengenharia.org.br\/site\/2010\/05\/26\/o-reaproveitamento-de-materiais-na-producao-de-veiculos\/#primaryimage"},"thumbnailUrl":"https:\/\/www.institutodeengenharia.org.br\/site\/wp-content\/uploads\/2017\/10\/ford(1).jpg","articleSection":["Meio Ambiente","Not\u00edcias"],"inLanguage":"pt-BR","potentialAction":[{"@type":"CommentAction","name":"Comment","target":["https:\/\/www.institutodeengenharia.org.br\/site\/2010\/05\/26\/o-reaproveitamento-de-materiais-na-producao-de-veiculos\/#respond"]}]},{"@type":"WebPage","@id":"https:\/\/www.institutodeengenharia.org.br\/site\/2010\/05\/26\/o-reaproveitamento-de-materiais-na-producao-de-veiculos\/","url":"https:\/\/www.institutodeengenharia.org.br\/site\/2010\/05\/26\/o-reaproveitamento-de-materiais-na-producao-de-veiculos\/","name":"O reaproveitamento de materiais na produ\u00e7\u00e3o de ve\u00edculos - Instituto de Engenharia","isPartOf":{"@id":"https:\/\/www.institutodeengenharia.org.br\/site\/#website"},"primaryImageOfPage":{"@id":"https:\/\/www.institutodeengenharia.org.br\/site\/2010\/05\/26\/o-reaproveitamento-de-materiais-na-producao-de-veiculos\/#primaryimage"},"image":{"@id":"https:\/\/www.institutodeengenharia.org.br\/site\/2010\/05\/26\/o-reaproveitamento-de-materiais-na-producao-de-veiculos\/#primaryimage"},"thumbnailUrl":"https:\/\/www.institutodeengenharia.org.br\/site\/wp-content\/uploads\/2017\/10\/ford(1).jpg","datePublished":"2010-05-26T22:45:53+00:00","breadcrumb":{"@id":"https:\/\/www.institutodeengenharia.org.br\/site\/2010\/05\/26\/o-reaproveitamento-de-materiais-na-producao-de-veiculos\/#breadcrumb"},"inLanguage":"pt-BR","potentialAction":[{"@type":"ReadAction","target":["https:\/\/www.institutodeengenharia.org.br\/site\/2010\/05\/26\/o-reaproveitamento-de-materiais-na-producao-de-veiculos\/"]}]},{"@type":"ImageObject","inLanguage":"pt-BR","@id":"https:\/\/www.institutodeengenharia.org.br\/site\/2010\/05\/26\/o-reaproveitamento-de-materiais-na-producao-de-veiculos\/#primaryimage","url":"https:\/\/www.institutodeengenharia.org.br\/site\/wp-content\/uploads\/2017\/10\/ford(1).jpg","contentUrl":"https:\/\/www.institutodeengenharia.org.br\/site\/wp-content\/uploads\/2017\/10\/ford(1).jpg","width":448,"height":331},{"@type":"BreadcrumbList","@id":"https:\/\/www.institutodeengenharia.org.br\/site\/2010\/05\/26\/o-reaproveitamento-de-materiais-na-producao-de-veiculos\/#breadcrumb","itemListElement":[{"@type":"ListItem","position":1,"name":"In\u00edcio","item":"https:\/\/www.institutodeengenharia.org.br\/site\/"},{"@type":"ListItem","position":2,"name":"O reaproveitamento de materiais na produ\u00e7\u00e3o de ve\u00edculos"}]},{"@type":"WebSite","@id":"https:\/\/www.institutodeengenharia.org.br\/site\/#website","url":"https:\/\/www.institutodeengenharia.org.br\/site\/","name":"Instituto de Engenharia","description":"O Instituto de Engenharia promove a Engenharia em benef\u00edcio do desenvolvimento e da qualidade de vida da sociedade.","publisher":{"@id":"https:\/\/www.institutodeengenharia.org.br\/site\/#organization"},"potentialAction":[{"@type":"SearchAction","target":{"@type":"EntryPoint","urlTemplate":"https:\/\/www.institutodeengenharia.org.br\/site\/?s={search_term_string}"},"query-input":{"@type":"PropertyValueSpecification","valueRequired":true,"valueName":"search_term_string"}}],"inLanguage":"pt-BR"},{"@type":"Organization","@id":"https:\/\/www.institutodeengenharia.org.br\/site\/#organization","name":"Instituto de Engenharia","url":"https:\/\/www.institutodeengenharia.org.br\/site\/","logo":{"@type":"ImageObject","inLanguage":"pt-BR","@id":"https:\/\/www.institutodeengenharia.org.br\/site\/#\/schema\/logo\/image\/","url":"https:\/\/www.institutodeengenharia.org.br\/site\/wp-content\/uploads\/2019\/03\/logo-novo-IE2018-1.jpg","contentUrl":"https:\/\/www.institutodeengenharia.org.br\/site\/wp-content\/uploads\/2019\/03\/logo-novo-IE2018-1.jpg","width":1486,"height":1879,"caption":"Instituto de Engenharia"},"image":{"@id":"https:\/\/www.institutodeengenharia.org.br\/site\/#\/schema\/logo\/image\/"},"sameAs":["https:\/\/www.facebook.com\/institutodeengenharia","https:\/\/x.com\/iengenharia","https:\/\/www.instagram.com\/institutodeengenharia\/","https:\/\/www.linkedin.com\/company\/instituto-de-engenharia\/","https:\/\/www.youtube.com\/channel\/UCXiCAlsSMe977vamW915HxA"]},{"@type":"Person","@id":"https:\/\/www.institutodeengenharia.org.br\/site\/#\/schema\/person\/3b1ff109facef084739fc2edcb9a127f","name":"TMax Tecnologia","image":{"@type":"ImageObject","inLanguage":"pt-BR","@id":"https:\/\/secure.gravatar.com\/avatar\/f912434ef7f389c92cb311fcdae346af848465d638912574b3c669070f797701?s=96&d=mm&r=g","url":"https:\/\/secure.gravatar.com\/avatar\/f912434ef7f389c92cb311fcdae346af848465d638912574b3c669070f797701?s=96&d=mm&r=g","contentUrl":"https:\/\/secure.gravatar.com\/avatar\/f912434ef7f389c92cb311fcdae346af848465d638912574b3c669070f797701?s=96&d=mm&r=g","caption":"TMax Tecnologia"},"url":"https:\/\/www.institutodeengenharia.org.br\/site\/author\/tmax\/"}]}},"_links":{"self":[{"href":"https:\/\/www.institutodeengenharia.org.br\/site\/wp-json\/wp\/v2\/posts\/18272","targetHints":{"allow":["GET"]}}],"collection":[{"href":"https:\/\/www.institutodeengenharia.org.br\/site\/wp-json\/wp\/v2\/posts"}],"about":[{"href":"https:\/\/www.institutodeengenharia.org.br\/site\/wp-json\/wp\/v2\/types\/post"}],"author":[{"embeddable":true,"href":"https:\/\/www.institutodeengenharia.org.br\/site\/wp-json\/wp\/v2\/users\/1"}],"replies":[{"embeddable":true,"href":"https:\/\/www.institutodeengenharia.org.br\/site\/wp-json\/wp\/v2\/comments?post=18272"}],"version-history":[{"count":0,"href":"https:\/\/www.institutodeengenharia.org.br\/site\/wp-json\/wp\/v2\/posts\/18272\/revisions"}],"wp:featuredmedia":[{"embeddable":true,"href":"https:\/\/www.institutodeengenharia.org.br\/site\/wp-json\/wp\/v2\/media\/18273"}],"wp:attachment":[{"href":"https:\/\/www.institutodeengenharia.org.br\/site\/wp-json\/wp\/v2\/media?parent=18272"}],"wp:term":[{"taxonomy":"category","embeddable":true,"href":"https:\/\/www.institutodeengenharia.org.br\/site\/wp-json\/wp\/v2\/categories?post=18272"},{"taxonomy":"post_tag","embeddable":true,"href":"https:\/\/www.institutodeengenharia.org.br\/site\/wp-json\/wp\/v2\/tags?post=18272"}],"curies":[{"name":"wp","href":"https:\/\/api.w.org\/{rel}","templated":true}]}}