{"id":18266,"date":"2010-05-26T22:45:46","date_gmt":"2010-05-26T22:45:46","guid":{"rendered":"https:\/\/www.institutodeengenharia.org.br\/?p=18266"},"modified":"2010-05-26T11:40:19","modified_gmt":"2010-05-26T11:40:19","slug":"eletroeletronica-na-engenharia-da-mobilidade","status":"publish","type":"post","link":"https:\/\/www.institutodeengenharia.org.br\/site\/2010\/05\/26\/eletroeletronica-na-engenharia-da-mobilidade\/","title":{"rendered":"Eletroeletr\u00f4nica na engenharia da mobilidade"},"content":{"rendered":"<p>Fomentar a eletroeletr\u00f4nica na ind\u00fastria automotiva, al\u00e9m de integrar e valorizar os profissionais da \u00e1rea, \u00e9 a proposta do XII Semin\u00e1rio de Eletroeletr\u00f4nica Aplicada \u00e0 Mobilidade \u2013 A contribui\u00e7\u00e3o da eletroeletr\u00f4nica na busca de uma mobilidade de baixas emiss\u00f5es, evento organizado pela Associa\u00e7\u00e3o Brasileira de Engenharia Automotiva (AEA), que acontece na pr\u00f3xima quinta-feira, dia 27 de maio, das 8h \u00e0s 16h40, na sede da UNIP &#8211; Universidade Paulista, na Av. Jos\u00e9 Maria Whitaker, 373 \u2013 Vila Clementino \u2013 S\u00e3o Paulo \u2013 SP. <\/p>\n<p>Ve\u00edculos el\u00e9tricos, h\u00edbridos e seus perif\u00e9ricos ser\u00e3o tema do evento que mostra as novidades do setor. \u201c\u00c9 um momento muito prop\u00edcio para divulgar o que o setor automotivo est\u00e1 desenvolvendo neste contexto. Ve\u00edculos el\u00e9tricos, por exemplo, j\u00e1 s\u00e3o uma realidade inclusive no Brasil. No mercado internacional, podemos afirmar que ser\u00e1 uma revolu\u00e7\u00e3o j\u00e1 nesta d\u00e9cada\u201d, enfatiza Silvio Pal\u00e1cios, coordenador do semin\u00e1rio. <\/p>\n<p>Os palestrantes do semin\u00e1rio s\u00e3o executivos de montadoras e empresas de componentes que est\u00e3o alinhados com esse tema. \u201cVe\u00edculos, sistemas e baterias est\u00e3o sendo desenvolvidos dentro do setor automotivo e, tecnicamente, muitos avan\u00e7os devem passar pela obrigatoriedade da eletroeletr\u00f4nica\u201d, refor\u00e7a Pal\u00e1cios. <\/p>\n<p><b>Autor: Portal Fator Brasil<\/b><\/p>\n","protected":false},"excerpt":{"rendered":"<p>Fomentar a eletroeletr\u00f4nica na ind\u00fastria automotiva, al\u00e9m de integrar e valorizar os profissionais da \u00e1rea, \u00e9 a proposta do XII Semin\u00e1rio de Eletroeletr\u00f4nica Aplicada \u00e0 Mobilidade \u2013 A contribui\u00e7\u00e3o da eletroeletr\u00f4nica na busca de uma mobilidade de baixas emiss\u00f5es, evento organizado pela Associa\u00e7\u00e3o Brasileira de Engenharia Automotiva (AEA), que acontece na pr\u00f3xima quinta-feira, dia 27 [&hellip;]<\/p>\n","protected":false},"author":1,"featured_media":0,"comment_status":"open","ping_status":"open","sticky":false,"template":"","format":"standard","meta":{"footnotes":""},"categories":[6,35],"tags":[],"class_list":{"0":"post-18266","1":"post","2":"type-post","3":"status-publish","4":"format-standard","6":"category-noticias","7":"category-pesquisa-e-desenvolvimento"},"yoast_head":"<!-- This site is optimized with the Yoast SEO plugin v27.2 - https:\/\/yoast.com\/product\/yoast-seo-wordpress\/ -->\n<title>Eletroeletr\u00f4nica na engenharia da mobilidade - Instituto de Engenharia<\/title>\n<meta name=\"robots\" content=\"index, follow, max-snippet:-1, max-image-preview:large, max-video-preview:-1\" \/>\n<link rel=\"canonical\" href=\"https:\/\/www.institutodeengenharia.org.br\/site\/2010\/05\/26\/eletroeletronica-na-engenharia-da-mobilidade\/\" \/>\n<meta property=\"og:locale\" content=\"pt_BR\" \/>\n<meta property=\"og:type\" content=\"article\" \/>\n<meta property=\"og:title\" content=\"Eletroeletr\u00f4nica na engenharia da mobilidade - Instituto de Engenharia\" \/>\n<meta property=\"og:description\" content=\"Fomentar a eletroeletr\u00f4nica na ind\u00fastria automotiva, al\u00e9m de integrar e valorizar os profissionais da \u00e1rea, \u00e9 a proposta do XII Semin\u00e1rio de Eletroeletr\u00f4nica Aplicada \u00e0 Mobilidade \u2013 A contribui\u00e7\u00e3o da eletroeletr\u00f4nica na busca de uma mobilidade de baixas emiss\u00f5es, evento organizado pela Associa\u00e7\u00e3o Brasileira de Engenharia Automotiva (AEA), que acontece na pr\u00f3xima quinta-feira, dia 27 [&hellip;]\" \/>\n<meta property=\"og:url\" content=\"https:\/\/www.institutodeengenharia.org.br\/site\/2010\/05\/26\/eletroeletronica-na-engenharia-da-mobilidade\/\" \/>\n<meta property=\"og:site_name\" content=\"Instituto de Engenharia\" \/>\n<meta property=\"article:publisher\" content=\"https:\/\/www.facebook.com\/institutodeengenharia\" \/>\n<meta property=\"article:published_time\" content=\"2010-05-26T22:45:46+00:00\" \/>\n<meta name=\"author\" content=\"TMax Tecnologia\" \/>\n<meta name=\"twitter:card\" content=\"summary_large_image\" \/>\n<meta name=\"twitter:creator\" content=\"@iengenharia\" \/>\n<meta name=\"twitter:site\" content=\"@iengenharia\" \/>\n<meta name=\"twitter:label1\" content=\"Escrito por\" \/>\n\t<meta name=\"twitter:data1\" content=\"TMax Tecnologia\" \/>\n\t<meta name=\"twitter:label2\" content=\"Est. tempo de leitura\" \/>\n\t<meta name=\"twitter:data2\" content=\"1 minuto\" \/>\n<script type=\"application\/ld+json\" class=\"yoast-schema-graph\">{\"@context\":\"https:\/\/schema.org\",\"@graph\":[{\"@type\":\"Article\",\"@id\":\"https:\/\/www.institutodeengenharia.org.br\/site\/2010\/05\/26\/eletroeletronica-na-engenharia-da-mobilidade\/#article\",\"isPartOf\":{\"@id\":\"https:\/\/www.institutodeengenharia.org.br\/site\/2010\/05\/26\/eletroeletronica-na-engenharia-da-mobilidade\/\"},\"author\":{\"name\":\"TMax Tecnologia\",\"@id\":\"https:\/\/www.institutodeengenharia.org.br\/site\/#\/schema\/person\/3b1ff109facef084739fc2edcb9a127f\"},\"headline\":\"Eletroeletr\u00f4nica na engenharia da mobilidade\",\"datePublished\":\"2010-05-26T22:45:46+00:00\",\"mainEntityOfPage\":{\"@id\":\"https:\/\/www.institutodeengenharia.org.br\/site\/2010\/05\/26\/eletroeletronica-na-engenharia-da-mobilidade\/\"},\"wordCount\":218,\"commentCount\":0,\"publisher\":{\"@id\":\"https:\/\/www.institutodeengenharia.org.br\/site\/#organization\"},\"articleSection\":[\"Not\u00edcias\",\"Pesquisa e Desenvolvimento\"],\"inLanguage\":\"pt-BR\",\"potentialAction\":[{\"@type\":\"CommentAction\",\"name\":\"Comment\",\"target\":[\"https:\/\/www.institutodeengenharia.org.br\/site\/2010\/05\/26\/eletroeletronica-na-engenharia-da-mobilidade\/#respond\"]}]},{\"@type\":\"WebPage\",\"@id\":\"https:\/\/www.institutodeengenharia.org.br\/site\/2010\/05\/26\/eletroeletronica-na-engenharia-da-mobilidade\/\",\"url\":\"https:\/\/www.institutodeengenharia.org.br\/site\/2010\/05\/26\/eletroeletronica-na-engenharia-da-mobilidade\/\",\"name\":\"Eletroeletr\u00f4nica na engenharia da mobilidade - Instituto de Engenharia\",\"isPartOf\":{\"@id\":\"https:\/\/www.institutodeengenharia.org.br\/site\/#website\"},\"datePublished\":\"2010-05-26T22:45:46+00:00\",\"breadcrumb\":{\"@id\":\"https:\/\/www.institutodeengenharia.org.br\/site\/2010\/05\/26\/eletroeletronica-na-engenharia-da-mobilidade\/#breadcrumb\"},\"inLanguage\":\"pt-BR\",\"potentialAction\":[{\"@type\":\"ReadAction\",\"target\":[\"https:\/\/www.institutodeengenharia.org.br\/site\/2010\/05\/26\/eletroeletronica-na-engenharia-da-mobilidade\/\"]}]},{\"@type\":\"BreadcrumbList\",\"@id\":\"https:\/\/www.institutodeengenharia.org.br\/site\/2010\/05\/26\/eletroeletronica-na-engenharia-da-mobilidade\/#breadcrumb\",\"itemListElement\":[{\"@type\":\"ListItem\",\"position\":1,\"name\":\"In\u00edcio\",\"item\":\"https:\/\/www.institutodeengenharia.org.br\/site\/\"},{\"@type\":\"ListItem\",\"position\":2,\"name\":\"Eletroeletr\u00f4nica na engenharia da mobilidade\"}]},{\"@type\":\"WebSite\",\"@id\":\"https:\/\/www.institutodeengenharia.org.br\/site\/#website\",\"url\":\"https:\/\/www.institutodeengenharia.org.br\/site\/\",\"name\":\"Instituto de Engenharia\",\"description\":\"O Instituto de Engenharia promove a Engenharia em benef\u00edcio do desenvolvimento e da qualidade de vida da sociedade.\",\"publisher\":{\"@id\":\"https:\/\/www.institutodeengenharia.org.br\/site\/#organization\"},\"potentialAction\":[{\"@type\":\"SearchAction\",\"target\":{\"@type\":\"EntryPoint\",\"urlTemplate\":\"https:\/\/www.institutodeengenharia.org.br\/site\/?s={search_term_string}\"},\"query-input\":{\"@type\":\"PropertyValueSpecification\",\"valueRequired\":true,\"valueName\":\"search_term_string\"}}],\"inLanguage\":\"pt-BR\"},{\"@type\":\"Organization\",\"@id\":\"https:\/\/www.institutodeengenharia.org.br\/site\/#organization\",\"name\":\"Instituto de Engenharia\",\"url\":\"https:\/\/www.institutodeengenharia.org.br\/site\/\",\"logo\":{\"@type\":\"ImageObject\",\"inLanguage\":\"pt-BR\",\"@id\":\"https:\/\/www.institutodeengenharia.org.br\/site\/#\/schema\/logo\/image\/\",\"url\":\"https:\/\/www.institutodeengenharia.org.br\/site\/wp-content\/uploads\/2019\/03\/logo-novo-IE2018-1.jpg\",\"contentUrl\":\"https:\/\/www.institutodeengenharia.org.br\/site\/wp-content\/uploads\/2019\/03\/logo-novo-IE2018-1.jpg\",\"width\":1486,\"height\":1879,\"caption\":\"Instituto de Engenharia\"},\"image\":{\"@id\":\"https:\/\/www.institutodeengenharia.org.br\/site\/#\/schema\/logo\/image\/\"},\"sameAs\":[\"https:\/\/www.facebook.com\/institutodeengenharia\",\"https:\/\/x.com\/iengenharia\",\"https:\/\/www.instagram.com\/institutodeengenharia\/\",\"https:\/\/www.linkedin.com\/company\/instituto-de-engenharia\/\",\"https:\/\/www.youtube.com\/channel\/UCXiCAlsSMe977vamW915HxA\"]},{\"@type\":\"Person\",\"@id\":\"https:\/\/www.institutodeengenharia.org.br\/site\/#\/schema\/person\/3b1ff109facef084739fc2edcb9a127f\",\"name\":\"TMax Tecnologia\",\"image\":{\"@type\":\"ImageObject\",\"inLanguage\":\"pt-BR\",\"@id\":\"https:\/\/secure.gravatar.com\/avatar\/f912434ef7f389c92cb311fcdae346af848465d638912574b3c669070f797701?s=96&d=mm&r=g\",\"url\":\"https:\/\/secure.gravatar.com\/avatar\/f912434ef7f389c92cb311fcdae346af848465d638912574b3c669070f797701?s=96&d=mm&r=g\",\"contentUrl\":\"https:\/\/secure.gravatar.com\/avatar\/f912434ef7f389c92cb311fcdae346af848465d638912574b3c669070f797701?s=96&d=mm&r=g\",\"caption\":\"TMax Tecnologia\"},\"url\":\"https:\/\/www.institutodeengenharia.org.br\/site\/author\/tmax\/\"}]}<\/script>\n<!-- \/ Yoast SEO plugin. -->","yoast_head_json":{"title":"Eletroeletr\u00f4nica na engenharia da mobilidade - Instituto de Engenharia","robots":{"index":"index","follow":"follow","max-snippet":"max-snippet:-1","max-image-preview":"max-image-preview:large","max-video-preview":"max-video-preview:-1"},"canonical":"https:\/\/www.institutodeengenharia.org.br\/site\/2010\/05\/26\/eletroeletronica-na-engenharia-da-mobilidade\/","og_locale":"pt_BR","og_type":"article","og_title":"Eletroeletr\u00f4nica na engenharia da mobilidade - Instituto de Engenharia","og_description":"Fomentar a eletroeletr\u00f4nica na ind\u00fastria automotiva, al\u00e9m de integrar e valorizar os profissionais da \u00e1rea, \u00e9 a proposta do XII Semin\u00e1rio de Eletroeletr\u00f4nica Aplicada \u00e0 Mobilidade \u2013 A contribui\u00e7\u00e3o da eletroeletr\u00f4nica na busca de uma mobilidade de baixas emiss\u00f5es, evento organizado pela Associa\u00e7\u00e3o Brasileira de Engenharia Automotiva (AEA), que acontece na pr\u00f3xima quinta-feira, dia 27 [&hellip;]","og_url":"https:\/\/www.institutodeengenharia.org.br\/site\/2010\/05\/26\/eletroeletronica-na-engenharia-da-mobilidade\/","og_site_name":"Instituto de Engenharia","article_publisher":"https:\/\/www.facebook.com\/institutodeengenharia","article_published_time":"2010-05-26T22:45:46+00:00","author":"TMax Tecnologia","twitter_card":"summary_large_image","twitter_creator":"@iengenharia","twitter_site":"@iengenharia","twitter_misc":{"Escrito por":"TMax Tecnologia","Est. tempo de leitura":"1 minuto"},"schema":{"@context":"https:\/\/schema.org","@graph":[{"@type":"Article","@id":"https:\/\/www.institutodeengenharia.org.br\/site\/2010\/05\/26\/eletroeletronica-na-engenharia-da-mobilidade\/#article","isPartOf":{"@id":"https:\/\/www.institutodeengenharia.org.br\/site\/2010\/05\/26\/eletroeletronica-na-engenharia-da-mobilidade\/"},"author":{"name":"TMax Tecnologia","@id":"https:\/\/www.institutodeengenharia.org.br\/site\/#\/schema\/person\/3b1ff109facef084739fc2edcb9a127f"},"headline":"Eletroeletr\u00f4nica na engenharia da mobilidade","datePublished":"2010-05-26T22:45:46+00:00","mainEntityOfPage":{"@id":"https:\/\/www.institutodeengenharia.org.br\/site\/2010\/05\/26\/eletroeletronica-na-engenharia-da-mobilidade\/"},"wordCount":218,"commentCount":0,"publisher":{"@id":"https:\/\/www.institutodeengenharia.org.br\/site\/#organization"},"articleSection":["Not\u00edcias","Pesquisa e Desenvolvimento"],"inLanguage":"pt-BR","potentialAction":[{"@type":"CommentAction","name":"Comment","target":["https:\/\/www.institutodeengenharia.org.br\/site\/2010\/05\/26\/eletroeletronica-na-engenharia-da-mobilidade\/#respond"]}]},{"@type":"WebPage","@id":"https:\/\/www.institutodeengenharia.org.br\/site\/2010\/05\/26\/eletroeletronica-na-engenharia-da-mobilidade\/","url":"https:\/\/www.institutodeengenharia.org.br\/site\/2010\/05\/26\/eletroeletronica-na-engenharia-da-mobilidade\/","name":"Eletroeletr\u00f4nica na engenharia da mobilidade - Instituto de Engenharia","isPartOf":{"@id":"https:\/\/www.institutodeengenharia.org.br\/site\/#website"},"datePublished":"2010-05-26T22:45:46+00:00","breadcrumb":{"@id":"https:\/\/www.institutodeengenharia.org.br\/site\/2010\/05\/26\/eletroeletronica-na-engenharia-da-mobilidade\/#breadcrumb"},"inLanguage":"pt-BR","potentialAction":[{"@type":"ReadAction","target":["https:\/\/www.institutodeengenharia.org.br\/site\/2010\/05\/26\/eletroeletronica-na-engenharia-da-mobilidade\/"]}]},{"@type":"BreadcrumbList","@id":"https:\/\/www.institutodeengenharia.org.br\/site\/2010\/05\/26\/eletroeletronica-na-engenharia-da-mobilidade\/#breadcrumb","itemListElement":[{"@type":"ListItem","position":1,"name":"In\u00edcio","item":"https:\/\/www.institutodeengenharia.org.br\/site\/"},{"@type":"ListItem","position":2,"name":"Eletroeletr\u00f4nica na engenharia da mobilidade"}]},{"@type":"WebSite","@id":"https:\/\/www.institutodeengenharia.org.br\/site\/#website","url":"https:\/\/www.institutodeengenharia.org.br\/site\/","name":"Instituto de Engenharia","description":"O Instituto de Engenharia promove a Engenharia em benef\u00edcio do desenvolvimento e da qualidade de vida da sociedade.","publisher":{"@id":"https:\/\/www.institutodeengenharia.org.br\/site\/#organization"},"potentialAction":[{"@type":"SearchAction","target":{"@type":"EntryPoint","urlTemplate":"https:\/\/www.institutodeengenharia.org.br\/site\/?s={search_term_string}"},"query-input":{"@type":"PropertyValueSpecification","valueRequired":true,"valueName":"search_term_string"}}],"inLanguage":"pt-BR"},{"@type":"Organization","@id":"https:\/\/www.institutodeengenharia.org.br\/site\/#organization","name":"Instituto de Engenharia","url":"https:\/\/www.institutodeengenharia.org.br\/site\/","logo":{"@type":"ImageObject","inLanguage":"pt-BR","@id":"https:\/\/www.institutodeengenharia.org.br\/site\/#\/schema\/logo\/image\/","url":"https:\/\/www.institutodeengenharia.org.br\/site\/wp-content\/uploads\/2019\/03\/logo-novo-IE2018-1.jpg","contentUrl":"https:\/\/www.institutodeengenharia.org.br\/site\/wp-content\/uploads\/2019\/03\/logo-novo-IE2018-1.jpg","width":1486,"height":1879,"caption":"Instituto de Engenharia"},"image":{"@id":"https:\/\/www.institutodeengenharia.org.br\/site\/#\/schema\/logo\/image\/"},"sameAs":["https:\/\/www.facebook.com\/institutodeengenharia","https:\/\/x.com\/iengenharia","https:\/\/www.instagram.com\/institutodeengenharia\/","https:\/\/www.linkedin.com\/company\/instituto-de-engenharia\/","https:\/\/www.youtube.com\/channel\/UCXiCAlsSMe977vamW915HxA"]},{"@type":"Person","@id":"https:\/\/www.institutodeengenharia.org.br\/site\/#\/schema\/person\/3b1ff109facef084739fc2edcb9a127f","name":"TMax Tecnologia","image":{"@type":"ImageObject","inLanguage":"pt-BR","@id":"https:\/\/secure.gravatar.com\/avatar\/f912434ef7f389c92cb311fcdae346af848465d638912574b3c669070f797701?s=96&d=mm&r=g","url":"https:\/\/secure.gravatar.com\/avatar\/f912434ef7f389c92cb311fcdae346af848465d638912574b3c669070f797701?s=96&d=mm&r=g","contentUrl":"https:\/\/secure.gravatar.com\/avatar\/f912434ef7f389c92cb311fcdae346af848465d638912574b3c669070f797701?s=96&d=mm&r=g","caption":"TMax Tecnologia"},"url":"https:\/\/www.institutodeengenharia.org.br\/site\/author\/tmax\/"}]}},"_links":{"self":[{"href":"https:\/\/www.institutodeengenharia.org.br\/site\/wp-json\/wp\/v2\/posts\/18266","targetHints":{"allow":["GET"]}}],"collection":[{"href":"https:\/\/www.institutodeengenharia.org.br\/site\/wp-json\/wp\/v2\/posts"}],"about":[{"href":"https:\/\/www.institutodeengenharia.org.br\/site\/wp-json\/wp\/v2\/types\/post"}],"author":[{"embeddable":true,"href":"https:\/\/www.institutodeengenharia.org.br\/site\/wp-json\/wp\/v2\/users\/1"}],"replies":[{"embeddable":true,"href":"https:\/\/www.institutodeengenharia.org.br\/site\/wp-json\/wp\/v2\/comments?post=18266"}],"version-history":[{"count":0,"href":"https:\/\/www.institutodeengenharia.org.br\/site\/wp-json\/wp\/v2\/posts\/18266\/revisions"}],"wp:attachment":[{"href":"https:\/\/www.institutodeengenharia.org.br\/site\/wp-json\/wp\/v2\/media?parent=18266"}],"wp:term":[{"taxonomy":"category","embeddable":true,"href":"https:\/\/www.institutodeengenharia.org.br\/site\/wp-json\/wp\/v2\/categories?post=18266"},{"taxonomy":"post_tag","embeddable":true,"href":"https:\/\/www.institutodeengenharia.org.br\/site\/wp-json\/wp\/v2\/tags?post=18266"}],"curies":[{"name":"wp","href":"https:\/\/api.w.org\/{rel}","templated":true}]}}