{"id":18209,"date":"2010-05-19T22:44:59","date_gmt":"2010-05-19T22:44:59","guid":{"rendered":"https:\/\/www.institutodeengenharia.org.br\/?p=18209"},"modified":"2010-05-19T11:19:54","modified_gmt":"2010-05-19T11:19:54","slug":"estudantes-brasileiros-sao-destaque-em-feira-de-ciencia-e-engenharia","status":"publish","type":"post","link":"https:\/\/www.institutodeengenharia.org.br\/site\/2010\/05\/19\/estudantes-brasileiros-sao-destaque-em-feira-de-ciencia-e-engenharia\/","title":{"rendered":"Estudantes brasileiros s\u00e3o destaque em feira de Ci\u00eancia e Engenharia"},"content":{"rendered":"<p>Cinco estudantes brasileiros que chegaram neste fim de semana dos Estados Unidos receberam uma homenagem nada convencional: seus nomes ser\u00e3o usados para batizar asteroides descobertos pelo Instituto de Tecnologia de Massachusetts, o famoso MIT. Eles ocuparam primeiras coloca\u00e7\u00f5es na Feira Internacional de Ci\u00eancias e Engenharia (Isef, na sigla em ingl\u00eas), promovida pela Intel em San Jose, na Calif\u00f3rnia. <\/p>\n<p>Tamara Gedankien e Alejandro Mariano Scaffa, de 17 anos, Lucas Strasburg Ferreira e Eduardo Trierweiler Boff, de 18, e William Lopes, de 20, foram alguns dos representantes do Brasil no evento, que \u00e9 a maior competi\u00e7\u00e3o cient\u00edfica pr\u00e9-universit\u00e1ria do mundo. Ao todo, a delega\u00e7\u00e3o brasileira recebeu 19 pr\u00eamios &#8211; foi a melhor participa\u00e7\u00e3o do Pa\u00eds na hist\u00f3ria da Isef. Neste ano, participaram da feira 1.611 jovens cientistas de 59 pa\u00edses, regi\u00f5es e territ\u00f3rios. <\/p>\n<p><strong>Ac\u00famulo de pr\u00eamios<\/strong> <\/p>\n<p>\nTamara foi a estrela do Brasil na Isef 2010. Ela ficou em primeiro lugar na categoria Comportamento e Ci\u00eancias Sociais com um estudo de caso sobre os efeitos da contextualiza\u00e7\u00e3o sociocultural no aprendizado de matem\u00e1tica. Al\u00e9m de ter seu nome circulando pelo espa\u00e7o, a jovem recebeu pr\u00eamio de US$ 8 mil e tamb\u00e9m ganhou uma bolsa de estudos no valor de US$ 15 mil por ano para estudar Psicologia em uma universidade no estado de Illinois, nos EUA. <\/p>\n<p>&#8220;Quero ir pra l\u00e1. Acredito que a infraestrutura \u00e9 melhor para desenvolver pesquisas&#8221;, disse Tamara ao Estad\u00e3o.edu. Ela terminou o ensino m\u00e9dio no ano passado, na Escola Brasileira Israelita Chaim Nachman Bialik, na zona oeste de S\u00e3o Paulo. A jovem usou elementos da tradi\u00e7\u00e3o judaica para desenvolver seu trabalho e inclusive usou como &#8220;cobaias&#8221; os alunos do 5\u00ba e do 9\u00ba ano do ensino fundamental. Atualmente, estuda num cursinho preparat\u00f3rio para vestibular. <\/p>\n<p>Sobre o pr\u00eamio do MIT, ela responde r\u00e1pido e com franqueza: &#8220;Nem sei o que vou fazer com isso, mas \u00e9 muito legal. Eles devem dar algum certificado, n\u00e9?&#8221; O que deixa a estudante empolgada, mesmo, \u00e9 a perspectiva de &#8220;se aventurar&#8221; pelos EUA. &#8220;O n\u00edvel dos competidores de outros pa\u00edses \u00e9 incr\u00edvel, principalmente dos americanos. Eles t\u00eam diversidade e qualidade muito grandes.&#8221; <\/p>\n<p>O estudante paulista Alejandro Mariano Scaffa tamb\u00e9m conquistou a primeira coloca\u00e7\u00e3o, na categoria Bioqu\u00edmica. Ele desenvolveu um trabalho sobre como melhorar a produ\u00e7\u00e3o de etanol por meio da esteriliza\u00e7\u00e3o da cana-de-a\u00e7\u00facar por micro-ondas. Pela pesquisa, o jovem recebeu pr\u00eamio de US$ 8 mil. <\/p>\n<p><strong>Segundos lugares<\/strong> <\/p>\n<p>William Lopes, da Funda\u00e7\u00e3o Escola T\u00e9cnica Liberato Salzano Vieira da Cunha, de Novo Hamburgo (RS), foi o segundo colocado em Microbiologia com o projeto de utiliza\u00e7\u00e3o do fungo Aspergillus niger no tratamento de efluentes. O estudante recebeu US$ 1,5 mil pelo trabalho, que analisa o processo tecnol\u00f3gico que utiliza organismos na remo\u00e7\u00e3o de poluentes. <\/p>\n<p>Na categoria de trabalhos em grupo, os tamb\u00e9m ga\u00fachos de Novo Hamburgo (RS) Lucas Strasburg Ferreira e Eduardo Trierweiler Boff foram premiados com US$ 1,5 mil pelo segundo lugar. O projeto deles, batizado de Reevofoot, prev\u00ea a constru\u00e7\u00e3o de uma pr\u00f3tese de p\u00e9 mec\u00e2nico com materiais alternativos e baixo custo, para pessoas que sofreram amputa\u00e7\u00e3o de membros inferiores. <\/p>\n<p><b>Autor: Estad\u00e3o.com.br<\/b><\/p>\n","protected":false},"excerpt":{"rendered":"<p>Cinco estudantes brasileiros que chegaram neste fim de semana dos Estados Unidos receberam uma homenagem nada convencional: seus nomes ser\u00e3o usados para batizar asteroides descobertos pelo Instituto de Tecnologia de Massachusetts, o famoso MIT. Eles ocuparam primeiras coloca\u00e7\u00f5es na Feira Internacional de Ci\u00eancias e Engenharia (Isef, na sigla em ingl\u00eas), promovida pela Intel em San [&hellip;]<\/p>\n","protected":false},"author":1,"featured_media":0,"comment_status":"open","ping_status":"open","sticky":false,"template":"","format":"standard","meta":{"footnotes":""},"categories":[6,35],"tags":[],"class_list":{"0":"post-18209","1":"post","2":"type-post","3":"status-publish","4":"format-standard","6":"category-noticias","7":"category-pesquisa-e-desenvolvimento"},"yoast_head":"<!-- This site is optimized with the Yoast SEO plugin v27.2 - https:\/\/yoast.com\/product\/yoast-seo-wordpress\/ -->\n<title>Estudantes brasileiros s\u00e3o destaque em feira de Ci\u00eancia e Engenharia - Instituto de Engenharia<\/title>\n<meta name=\"robots\" content=\"index, follow, max-snippet:-1, max-image-preview:large, max-video-preview:-1\" \/>\n<link rel=\"canonical\" href=\"https:\/\/www.institutodeengenharia.org.br\/site\/2010\/05\/19\/estudantes-brasileiros-sao-destaque-em-feira-de-ciencia-e-engenharia\/\" \/>\n<meta property=\"og:locale\" content=\"pt_BR\" \/>\n<meta property=\"og:type\" content=\"article\" \/>\n<meta property=\"og:title\" content=\"Estudantes brasileiros s\u00e3o destaque em feira de Ci\u00eancia e Engenharia - Instituto de Engenharia\" \/>\n<meta property=\"og:description\" content=\"Cinco estudantes brasileiros que chegaram neste fim de semana dos Estados Unidos receberam uma homenagem nada convencional: seus nomes ser\u00e3o usados para batizar asteroides descobertos pelo Instituto de Tecnologia de Massachusetts, o famoso MIT. Eles ocuparam primeiras coloca\u00e7\u00f5es na Feira Internacional de Ci\u00eancias e Engenharia (Isef, na sigla em ingl\u00eas), promovida pela Intel em San [&hellip;]\" \/>\n<meta property=\"og:url\" content=\"https:\/\/www.institutodeengenharia.org.br\/site\/2010\/05\/19\/estudantes-brasileiros-sao-destaque-em-feira-de-ciencia-e-engenharia\/\" \/>\n<meta property=\"og:site_name\" content=\"Instituto de Engenharia\" \/>\n<meta property=\"article:publisher\" content=\"https:\/\/www.facebook.com\/institutodeengenharia\" \/>\n<meta property=\"article:published_time\" content=\"2010-05-19T22:44:59+00:00\" \/>\n<meta name=\"author\" content=\"TMax Tecnologia\" \/>\n<meta name=\"twitter:card\" content=\"summary_large_image\" \/>\n<meta name=\"twitter:creator\" content=\"@iengenharia\" \/>\n<meta name=\"twitter:site\" content=\"@iengenharia\" \/>\n<meta name=\"twitter:label1\" content=\"Escrito por\" \/>\n\t<meta name=\"twitter:data1\" content=\"TMax Tecnologia\" \/>\n\t<meta name=\"twitter:label2\" content=\"Est. tempo de leitura\" \/>\n\t<meta name=\"twitter:data2\" content=\"3 minutos\" \/>\n<script type=\"application\/ld+json\" class=\"yoast-schema-graph\">{\"@context\":\"https:\/\/schema.org\",\"@graph\":[{\"@type\":\"Article\",\"@id\":\"https:\/\/www.institutodeengenharia.org.br\/site\/2010\/05\/19\/estudantes-brasileiros-sao-destaque-em-feira-de-ciencia-e-engenharia\/#article\",\"isPartOf\":{\"@id\":\"https:\/\/www.institutodeengenharia.org.br\/site\/2010\/05\/19\/estudantes-brasileiros-sao-destaque-em-feira-de-ciencia-e-engenharia\/\"},\"author\":{\"name\":\"TMax Tecnologia\",\"@id\":\"https:\/\/www.institutodeengenharia.org.br\/site\/#\/schema\/person\/3b1ff109facef084739fc2edcb9a127f\"},\"headline\":\"Estudantes brasileiros s\u00e3o destaque em feira de Ci\u00eancia e Engenharia\",\"datePublished\":\"2010-05-19T22:44:59+00:00\",\"mainEntityOfPage\":{\"@id\":\"https:\/\/www.institutodeengenharia.org.br\/site\/2010\/05\/19\/estudantes-brasileiros-sao-destaque-em-feira-de-ciencia-e-engenharia\/\"},\"wordCount\":558,\"commentCount\":0,\"publisher\":{\"@id\":\"https:\/\/www.institutodeengenharia.org.br\/site\/#organization\"},\"articleSection\":[\"Not\u00edcias\",\"Pesquisa e Desenvolvimento\"],\"inLanguage\":\"pt-BR\",\"potentialAction\":[{\"@type\":\"CommentAction\",\"name\":\"Comment\",\"target\":[\"https:\/\/www.institutodeengenharia.org.br\/site\/2010\/05\/19\/estudantes-brasileiros-sao-destaque-em-feira-de-ciencia-e-engenharia\/#respond\"]}]},{\"@type\":\"WebPage\",\"@id\":\"https:\/\/www.institutodeengenharia.org.br\/site\/2010\/05\/19\/estudantes-brasileiros-sao-destaque-em-feira-de-ciencia-e-engenharia\/\",\"url\":\"https:\/\/www.institutodeengenharia.org.br\/site\/2010\/05\/19\/estudantes-brasileiros-sao-destaque-em-feira-de-ciencia-e-engenharia\/\",\"name\":\"Estudantes brasileiros s\u00e3o destaque em feira de Ci\u00eancia e Engenharia - Instituto de Engenharia\",\"isPartOf\":{\"@id\":\"https:\/\/www.institutodeengenharia.org.br\/site\/#website\"},\"datePublished\":\"2010-05-19T22:44:59+00:00\",\"breadcrumb\":{\"@id\":\"https:\/\/www.institutodeengenharia.org.br\/site\/2010\/05\/19\/estudantes-brasileiros-sao-destaque-em-feira-de-ciencia-e-engenharia\/#breadcrumb\"},\"inLanguage\":\"pt-BR\",\"potentialAction\":[{\"@type\":\"ReadAction\",\"target\":[\"https:\/\/www.institutodeengenharia.org.br\/site\/2010\/05\/19\/estudantes-brasileiros-sao-destaque-em-feira-de-ciencia-e-engenharia\/\"]}]},{\"@type\":\"BreadcrumbList\",\"@id\":\"https:\/\/www.institutodeengenharia.org.br\/site\/2010\/05\/19\/estudantes-brasileiros-sao-destaque-em-feira-de-ciencia-e-engenharia\/#breadcrumb\",\"itemListElement\":[{\"@type\":\"ListItem\",\"position\":1,\"name\":\"In\u00edcio\",\"item\":\"https:\/\/www.institutodeengenharia.org.br\/site\/\"},{\"@type\":\"ListItem\",\"position\":2,\"name\":\"Estudantes brasileiros s\u00e3o destaque em feira de Ci\u00eancia e Engenharia\"}]},{\"@type\":\"WebSite\",\"@id\":\"https:\/\/www.institutodeengenharia.org.br\/site\/#website\",\"url\":\"https:\/\/www.institutodeengenharia.org.br\/site\/\",\"name\":\"Instituto de Engenharia\",\"description\":\"O Instituto de Engenharia promove a Engenharia em benef\u00edcio do desenvolvimento e da qualidade de vida da sociedade.\",\"publisher\":{\"@id\":\"https:\/\/www.institutodeengenharia.org.br\/site\/#organization\"},\"potentialAction\":[{\"@type\":\"SearchAction\",\"target\":{\"@type\":\"EntryPoint\",\"urlTemplate\":\"https:\/\/www.institutodeengenharia.org.br\/site\/?s={search_term_string}\"},\"query-input\":{\"@type\":\"PropertyValueSpecification\",\"valueRequired\":true,\"valueName\":\"search_term_string\"}}],\"inLanguage\":\"pt-BR\"},{\"@type\":\"Organization\",\"@id\":\"https:\/\/www.institutodeengenharia.org.br\/site\/#organization\",\"name\":\"Instituto de Engenharia\",\"url\":\"https:\/\/www.institutodeengenharia.org.br\/site\/\",\"logo\":{\"@type\":\"ImageObject\",\"inLanguage\":\"pt-BR\",\"@id\":\"https:\/\/www.institutodeengenharia.org.br\/site\/#\/schema\/logo\/image\/\",\"url\":\"https:\/\/www.institutodeengenharia.org.br\/site\/wp-content\/uploads\/2019\/03\/logo-novo-IE2018-1.jpg\",\"contentUrl\":\"https:\/\/www.institutodeengenharia.org.br\/site\/wp-content\/uploads\/2019\/03\/logo-novo-IE2018-1.jpg\",\"width\":1486,\"height\":1879,\"caption\":\"Instituto de Engenharia\"},\"image\":{\"@id\":\"https:\/\/www.institutodeengenharia.org.br\/site\/#\/schema\/logo\/image\/\"},\"sameAs\":[\"https:\/\/www.facebook.com\/institutodeengenharia\",\"https:\/\/x.com\/iengenharia\",\"https:\/\/www.instagram.com\/institutodeengenharia\/\",\"https:\/\/www.linkedin.com\/company\/instituto-de-engenharia\/\",\"https:\/\/www.youtube.com\/channel\/UCXiCAlsSMe977vamW915HxA\"]},{\"@type\":\"Person\",\"@id\":\"https:\/\/www.institutodeengenharia.org.br\/site\/#\/schema\/person\/3b1ff109facef084739fc2edcb9a127f\",\"name\":\"TMax Tecnologia\",\"image\":{\"@type\":\"ImageObject\",\"inLanguage\":\"pt-BR\",\"@id\":\"https:\/\/secure.gravatar.com\/avatar\/f912434ef7f389c92cb311fcdae346af848465d638912574b3c669070f797701?s=96&d=mm&r=g\",\"url\":\"https:\/\/secure.gravatar.com\/avatar\/f912434ef7f389c92cb311fcdae346af848465d638912574b3c669070f797701?s=96&d=mm&r=g\",\"contentUrl\":\"https:\/\/secure.gravatar.com\/avatar\/f912434ef7f389c92cb311fcdae346af848465d638912574b3c669070f797701?s=96&d=mm&r=g\",\"caption\":\"TMax Tecnologia\"},\"url\":\"https:\/\/www.institutodeengenharia.org.br\/site\/author\/tmax\/\"}]}<\/script>\n<!-- \/ Yoast SEO plugin. -->","yoast_head_json":{"title":"Estudantes brasileiros s\u00e3o destaque em feira de Ci\u00eancia e Engenharia - Instituto de Engenharia","robots":{"index":"index","follow":"follow","max-snippet":"max-snippet:-1","max-image-preview":"max-image-preview:large","max-video-preview":"max-video-preview:-1"},"canonical":"https:\/\/www.institutodeengenharia.org.br\/site\/2010\/05\/19\/estudantes-brasileiros-sao-destaque-em-feira-de-ciencia-e-engenharia\/","og_locale":"pt_BR","og_type":"article","og_title":"Estudantes brasileiros s\u00e3o destaque em feira de Ci\u00eancia e Engenharia - Instituto de Engenharia","og_description":"Cinco estudantes brasileiros que chegaram neste fim de semana dos Estados Unidos receberam uma homenagem nada convencional: seus nomes ser\u00e3o usados para batizar asteroides descobertos pelo Instituto de Tecnologia de Massachusetts, o famoso MIT. Eles ocuparam primeiras coloca\u00e7\u00f5es na Feira Internacional de Ci\u00eancias e Engenharia (Isef, na sigla em ingl\u00eas), promovida pela Intel em San [&hellip;]","og_url":"https:\/\/www.institutodeengenharia.org.br\/site\/2010\/05\/19\/estudantes-brasileiros-sao-destaque-em-feira-de-ciencia-e-engenharia\/","og_site_name":"Instituto de Engenharia","article_publisher":"https:\/\/www.facebook.com\/institutodeengenharia","article_published_time":"2010-05-19T22:44:59+00:00","author":"TMax Tecnologia","twitter_card":"summary_large_image","twitter_creator":"@iengenharia","twitter_site":"@iengenharia","twitter_misc":{"Escrito por":"TMax Tecnologia","Est. tempo de leitura":"3 minutos"},"schema":{"@context":"https:\/\/schema.org","@graph":[{"@type":"Article","@id":"https:\/\/www.institutodeengenharia.org.br\/site\/2010\/05\/19\/estudantes-brasileiros-sao-destaque-em-feira-de-ciencia-e-engenharia\/#article","isPartOf":{"@id":"https:\/\/www.institutodeengenharia.org.br\/site\/2010\/05\/19\/estudantes-brasileiros-sao-destaque-em-feira-de-ciencia-e-engenharia\/"},"author":{"name":"TMax Tecnologia","@id":"https:\/\/www.institutodeengenharia.org.br\/site\/#\/schema\/person\/3b1ff109facef084739fc2edcb9a127f"},"headline":"Estudantes brasileiros s\u00e3o destaque em feira de Ci\u00eancia e Engenharia","datePublished":"2010-05-19T22:44:59+00:00","mainEntityOfPage":{"@id":"https:\/\/www.institutodeengenharia.org.br\/site\/2010\/05\/19\/estudantes-brasileiros-sao-destaque-em-feira-de-ciencia-e-engenharia\/"},"wordCount":558,"commentCount":0,"publisher":{"@id":"https:\/\/www.institutodeengenharia.org.br\/site\/#organization"},"articleSection":["Not\u00edcias","Pesquisa e Desenvolvimento"],"inLanguage":"pt-BR","potentialAction":[{"@type":"CommentAction","name":"Comment","target":["https:\/\/www.institutodeengenharia.org.br\/site\/2010\/05\/19\/estudantes-brasileiros-sao-destaque-em-feira-de-ciencia-e-engenharia\/#respond"]}]},{"@type":"WebPage","@id":"https:\/\/www.institutodeengenharia.org.br\/site\/2010\/05\/19\/estudantes-brasileiros-sao-destaque-em-feira-de-ciencia-e-engenharia\/","url":"https:\/\/www.institutodeengenharia.org.br\/site\/2010\/05\/19\/estudantes-brasileiros-sao-destaque-em-feira-de-ciencia-e-engenharia\/","name":"Estudantes brasileiros s\u00e3o destaque em feira de Ci\u00eancia e Engenharia - Instituto de Engenharia","isPartOf":{"@id":"https:\/\/www.institutodeengenharia.org.br\/site\/#website"},"datePublished":"2010-05-19T22:44:59+00:00","breadcrumb":{"@id":"https:\/\/www.institutodeengenharia.org.br\/site\/2010\/05\/19\/estudantes-brasileiros-sao-destaque-em-feira-de-ciencia-e-engenharia\/#breadcrumb"},"inLanguage":"pt-BR","potentialAction":[{"@type":"ReadAction","target":["https:\/\/www.institutodeengenharia.org.br\/site\/2010\/05\/19\/estudantes-brasileiros-sao-destaque-em-feira-de-ciencia-e-engenharia\/"]}]},{"@type":"BreadcrumbList","@id":"https:\/\/www.institutodeengenharia.org.br\/site\/2010\/05\/19\/estudantes-brasileiros-sao-destaque-em-feira-de-ciencia-e-engenharia\/#breadcrumb","itemListElement":[{"@type":"ListItem","position":1,"name":"In\u00edcio","item":"https:\/\/www.institutodeengenharia.org.br\/site\/"},{"@type":"ListItem","position":2,"name":"Estudantes brasileiros s\u00e3o destaque em feira de Ci\u00eancia e Engenharia"}]},{"@type":"WebSite","@id":"https:\/\/www.institutodeengenharia.org.br\/site\/#website","url":"https:\/\/www.institutodeengenharia.org.br\/site\/","name":"Instituto de Engenharia","description":"O Instituto de Engenharia promove a Engenharia em benef\u00edcio do desenvolvimento e da qualidade de vida da sociedade.","publisher":{"@id":"https:\/\/www.institutodeengenharia.org.br\/site\/#organization"},"potentialAction":[{"@type":"SearchAction","target":{"@type":"EntryPoint","urlTemplate":"https:\/\/www.institutodeengenharia.org.br\/site\/?s={search_term_string}"},"query-input":{"@type":"PropertyValueSpecification","valueRequired":true,"valueName":"search_term_string"}}],"inLanguage":"pt-BR"},{"@type":"Organization","@id":"https:\/\/www.institutodeengenharia.org.br\/site\/#organization","name":"Instituto de Engenharia","url":"https:\/\/www.institutodeengenharia.org.br\/site\/","logo":{"@type":"ImageObject","inLanguage":"pt-BR","@id":"https:\/\/www.institutodeengenharia.org.br\/site\/#\/schema\/logo\/image\/","url":"https:\/\/www.institutodeengenharia.org.br\/site\/wp-content\/uploads\/2019\/03\/logo-novo-IE2018-1.jpg","contentUrl":"https:\/\/www.institutodeengenharia.org.br\/site\/wp-content\/uploads\/2019\/03\/logo-novo-IE2018-1.jpg","width":1486,"height":1879,"caption":"Instituto de Engenharia"},"image":{"@id":"https:\/\/www.institutodeengenharia.org.br\/site\/#\/schema\/logo\/image\/"},"sameAs":["https:\/\/www.facebook.com\/institutodeengenharia","https:\/\/x.com\/iengenharia","https:\/\/www.instagram.com\/institutodeengenharia\/","https:\/\/www.linkedin.com\/company\/instituto-de-engenharia\/","https:\/\/www.youtube.com\/channel\/UCXiCAlsSMe977vamW915HxA"]},{"@type":"Person","@id":"https:\/\/www.institutodeengenharia.org.br\/site\/#\/schema\/person\/3b1ff109facef084739fc2edcb9a127f","name":"TMax Tecnologia","image":{"@type":"ImageObject","inLanguage":"pt-BR","@id":"https:\/\/secure.gravatar.com\/avatar\/f912434ef7f389c92cb311fcdae346af848465d638912574b3c669070f797701?s=96&d=mm&r=g","url":"https:\/\/secure.gravatar.com\/avatar\/f912434ef7f389c92cb311fcdae346af848465d638912574b3c669070f797701?s=96&d=mm&r=g","contentUrl":"https:\/\/secure.gravatar.com\/avatar\/f912434ef7f389c92cb311fcdae346af848465d638912574b3c669070f797701?s=96&d=mm&r=g","caption":"TMax Tecnologia"},"url":"https:\/\/www.institutodeengenharia.org.br\/site\/author\/tmax\/"}]}},"_links":{"self":[{"href":"https:\/\/www.institutodeengenharia.org.br\/site\/wp-json\/wp\/v2\/posts\/18209","targetHints":{"allow":["GET"]}}],"collection":[{"href":"https:\/\/www.institutodeengenharia.org.br\/site\/wp-json\/wp\/v2\/posts"}],"about":[{"href":"https:\/\/www.institutodeengenharia.org.br\/site\/wp-json\/wp\/v2\/types\/post"}],"author":[{"embeddable":true,"href":"https:\/\/www.institutodeengenharia.org.br\/site\/wp-json\/wp\/v2\/users\/1"}],"replies":[{"embeddable":true,"href":"https:\/\/www.institutodeengenharia.org.br\/site\/wp-json\/wp\/v2\/comments?post=18209"}],"version-history":[{"count":0,"href":"https:\/\/www.institutodeengenharia.org.br\/site\/wp-json\/wp\/v2\/posts\/18209\/revisions"}],"wp:attachment":[{"href":"https:\/\/www.institutodeengenharia.org.br\/site\/wp-json\/wp\/v2\/media?parent=18209"}],"wp:term":[{"taxonomy":"category","embeddable":true,"href":"https:\/\/www.institutodeengenharia.org.br\/site\/wp-json\/wp\/v2\/categories?post=18209"},{"taxonomy":"post_tag","embeddable":true,"href":"https:\/\/www.institutodeengenharia.org.br\/site\/wp-json\/wp\/v2\/tags?post=18209"}],"curies":[{"name":"wp","href":"https:\/\/api.w.org\/{rel}","templated":true}]}}