{"id":18203,"date":"2010-05-18T22:44:55","date_gmt":"2010-05-18T22:44:55","guid":{"rendered":"https:\/\/www.institutodeengenharia.org.br\/?p=18203"},"modified":"2010-05-18T14:52:47","modified_gmt":"2010-05-18T14:52:47","slug":"veja-segunda-parte-das-imagens-aa-aviacao-do-comeco-do-seculo-xxa","status":"publish","type":"post","link":"https:\/\/www.institutodeengenharia.org.br\/site\/2010\/05\/18\/veja-segunda-parte-das-imagens-aa-aviacao-do-comeco-do-seculo-xxa\/","title":{"rendered":"Veja segunda parte das imagens \u201cA avia\u00e7\u00e3o do come\u00e7o do s\u00e9culo XX\u201d"},"content":{"rendered":"<p>Nesta sequencia de imagens encontraremos o Grumman XF5F Skyrocket que foi um prototipo de ca\u00e7a monoplaza bimotor. Ele possu\u00eda um desenho diferenciado para ca\u00e7as embarcados. O US Navy (United Estates Navy) &#8211; Marinha dos Estados Unidos ordenou a constru\u00e7\u00e3o de um prot\u00f3tipo em 30 de junho de 1938.&nbsp;<\/p>\n<p><strong>Algumas descri\u00e7\u00f5es&nbsp;<br \/>\n<\/strong><br \/>\nTipo Ca\u00e7a &#8211; Interceptor monoplaza <br \/>\nPrimeiro voo &#8211; 1 de abril de 1940 <br \/>\nEntrada em servi\u00e7o -O projecto foi abandonado a favor do F7F Tigercat <br \/>\nConstrutor Grumman Aircraft Engineering Corporation <br \/>\nLongitude 8,76 m <br \/>\nEnvergadura 12,80 m <br \/>\nAltura 3,45 m <br \/>\nSuperf\u00edcie alar 28,20 m\u00b2&nbsp;<\/p>\n<p><img loading=\"lazy\" decoding=\"async\" width=\"448\" height=\"236\" alt=\"\" src=\"\/site\/userfiles\/aviao_16.JPG\" \/><br \/>\n<strong>Grumman XF5F Skyrocket<\/strong>&nbsp;<\/p>\n<p><img loading=\"lazy\" decoding=\"async\" width=\"448\" height=\"236\" alt=\"\" src=\"\/site\/userfiles\/aviao_9.JPG\" \/><\/p>\n<p><strong>Cessna C-106<\/strong>&nbsp;<\/p>\n<p><img loading=\"lazy\" decoding=\"async\" width=\"640\" height=\"338\" alt=\"\" src=\"\/site\/userfiles\/aviao_10.JPG\" \/><\/p>\n<p><strong>Dassault MD-312 Flamant<\/strong>&nbsp;<\/p>\n<p><img loading=\"lazy\" decoding=\"async\" width=\"448\" height=\"231\" alt=\"\" src=\"\/site\/userfiles\/aviao_11.JPG\" \/><\/p>\n<p><strong>Sncase SE-161 Lanquedoc<\/strong>&nbsp;<\/p>\n<p><img loading=\"lazy\" decoding=\"async\" width=\"448\" height=\"236\" alt=\"\" src=\"\/site\/userfiles\/aviao_12.JPG\" \/><\/p>\n<p><strong>Saunders Roe SR-45 Princess<\/strong>&nbsp;<\/p>\n<p>\n<img loading=\"lazy\" decoding=\"async\" width=\"448\" height=\"236\" alt=\"\" src=\"\/site\/userfiles\/aviao_13.JPG\" \/><\/p>\n<p><strong>Erco XPQ-13<\/strong>&nbsp;<\/p>\n<p><img loading=\"lazy\" decoding=\"async\" width=\"448\" height=\"236\" alt=\"\" src=\"\/site\/userfiles\/aviao_14.JPG\" \/><\/p>\n<p><strong>Lockheed B-37&nbsp;<br \/>\n<\/strong><br \/>\n<img loading=\"lazy\" decoding=\"async\" width=\"448\" height=\"236\" alt=\"\" src=\"\/site\/userfiles\/aviao_15(1).jpg\" \/><br \/>\n<strong>Lockheed XC-37 Electra<\/strong>&nbsp;<\/p>\n<p>\n<a target=\"_blank\" href=\"http:\/\/www.ie.org.br\/site\/noticia.php?id_sessao=4&amp;id_noticia=3610\">Clique aqui<\/a> e veja a primeira parte da &#039;A avia\u00e7\u00e3o do come\u00e7o do s\u00e9culo XX&#8221;<\/p>\n<p><b>Autor: Isabel Dianin<\/b><\/p>\n","protected":false},"excerpt":{"rendered":"<p>Nesta sequencia de imagens encontraremos o Grumman XF5F Skyrocket que foi um prototipo de ca\u00e7a monoplaza bimotor. Ele possu\u00eda um desenho diferenciado para ca\u00e7as embarcados. O US Navy (United Estates Navy) &#8211; Marinha dos Estados Unidos ordenou a constru\u00e7\u00e3o de um prot\u00f3tipo em 30 de junho de 1938.&nbsp; Algumas descri\u00e7\u00f5es&nbsp; Tipo Ca\u00e7a &#8211; Interceptor monoplaza [&hellip;]<\/p>\n","protected":false},"author":1,"featured_media":0,"comment_status":"open","ping_status":"open","sticky":false,"template":"","format":"standard","meta":{"footnotes":""},"categories":[6,41],"tags":[],"class_list":{"0":"post-18203","1":"post","2":"type-post","3":"status-publish","4":"format-standard","6":"category-noticias","7":"category-transportes"},"yoast_head":"<!-- This site is optimized with the Yoast SEO plugin v27.2 - https:\/\/yoast.com\/product\/yoast-seo-wordpress\/ -->\n<title>Veja segunda parte das imagens \u201cA avia\u00e7\u00e3o do come\u00e7o do s\u00e9culo XX\u201d - Instituto de Engenharia<\/title>\n<meta name=\"robots\" content=\"index, follow, max-snippet:-1, max-image-preview:large, max-video-preview:-1\" \/>\n<link rel=\"canonical\" href=\"https:\/\/www.institutodeengenharia.org.br\/site\/2010\/05\/18\/veja-segunda-parte-das-imagens-aa-aviacao-do-comeco-do-seculo-xxa\/\" \/>\n<meta property=\"og:locale\" content=\"pt_BR\" \/>\n<meta property=\"og:type\" content=\"article\" \/>\n<meta property=\"og:title\" content=\"Veja segunda parte das imagens \u201cA avia\u00e7\u00e3o do come\u00e7o do s\u00e9culo XX\u201d - Instituto de Engenharia\" \/>\n<meta property=\"og:description\" content=\"Nesta sequencia de imagens encontraremos o Grumman XF5F Skyrocket que foi um prototipo de ca\u00e7a monoplaza bimotor. Ele possu\u00eda um desenho diferenciado para ca\u00e7as embarcados. O US Navy (United Estates Navy) &#8211; Marinha dos Estados Unidos ordenou a constru\u00e7\u00e3o de um prot\u00f3tipo em 30 de junho de 1938.&nbsp; Algumas descri\u00e7\u00f5es&nbsp; Tipo Ca\u00e7a &#8211; Interceptor monoplaza [&hellip;]\" \/>\n<meta property=\"og:url\" content=\"https:\/\/www.institutodeengenharia.org.br\/site\/2010\/05\/18\/veja-segunda-parte-das-imagens-aa-aviacao-do-comeco-do-seculo-xxa\/\" \/>\n<meta property=\"og:site_name\" content=\"Instituto de Engenharia\" \/>\n<meta property=\"article:publisher\" content=\"https:\/\/www.facebook.com\/institutodeengenharia\" \/>\n<meta property=\"article:published_time\" content=\"2010-05-18T22:44:55+00:00\" \/>\n<meta property=\"og:image\" content=\"https:\/\/www.institutodeengenharia.org.br\/site\/userfiles\/aviao_16.JPG\" \/>\n<meta name=\"author\" content=\"TMax Tecnologia\" \/>\n<meta name=\"twitter:card\" content=\"summary_large_image\" \/>\n<meta name=\"twitter:creator\" content=\"@iengenharia\" \/>\n<meta name=\"twitter:site\" content=\"@iengenharia\" \/>\n<meta name=\"twitter:label1\" content=\"Escrito por\" \/>\n\t<meta name=\"twitter:data1\" content=\"TMax Tecnologia\" \/>\n\t<meta name=\"twitter:label2\" content=\"Est. tempo de leitura\" \/>\n\t<meta name=\"twitter:data2\" content=\"1 minuto\" \/>\n<script type=\"application\/ld+json\" class=\"yoast-schema-graph\">{\"@context\":\"https:\/\/schema.org\",\"@graph\":[{\"@type\":\"Article\",\"@id\":\"https:\/\/www.institutodeengenharia.org.br\/site\/2010\/05\/18\/veja-segunda-parte-das-imagens-aa-aviacao-do-comeco-do-seculo-xxa\/#article\",\"isPartOf\":{\"@id\":\"https:\/\/www.institutodeengenharia.org.br\/site\/2010\/05\/18\/veja-segunda-parte-das-imagens-aa-aviacao-do-comeco-do-seculo-xxa\/\"},\"author\":{\"name\":\"TMax Tecnologia\",\"@id\":\"https:\/\/www.institutodeengenharia.org.br\/site\/#\/schema\/person\/3b1ff109facef084739fc2edcb9a127f\"},\"headline\":\"Veja segunda parte das imagens \u201cA avia\u00e7\u00e3o do come\u00e7o do s\u00e9culo XX\u201d\",\"datePublished\":\"2010-05-18T22:44:55+00:00\",\"mainEntityOfPage\":{\"@id\":\"https:\/\/www.institutodeengenharia.org.br\/site\/2010\/05\/18\/veja-segunda-parte-das-imagens-aa-aviacao-do-comeco-do-seculo-xxa\/\"},\"wordCount\":166,\"commentCount\":0,\"publisher\":{\"@id\":\"https:\/\/www.institutodeengenharia.org.br\/site\/#organization\"},\"articleSection\":[\"Not\u00edcias\",\"Transportes\"],\"inLanguage\":\"pt-BR\",\"potentialAction\":[{\"@type\":\"CommentAction\",\"name\":\"Comment\",\"target\":[\"https:\/\/www.institutodeengenharia.org.br\/site\/2010\/05\/18\/veja-segunda-parte-das-imagens-aa-aviacao-do-comeco-do-seculo-xxa\/#respond\"]}]},{\"@type\":\"WebPage\",\"@id\":\"https:\/\/www.institutodeengenharia.org.br\/site\/2010\/05\/18\/veja-segunda-parte-das-imagens-aa-aviacao-do-comeco-do-seculo-xxa\/\",\"url\":\"https:\/\/www.institutodeengenharia.org.br\/site\/2010\/05\/18\/veja-segunda-parte-das-imagens-aa-aviacao-do-comeco-do-seculo-xxa\/\",\"name\":\"Veja segunda parte das imagens \u201cA avia\u00e7\u00e3o do come\u00e7o do s\u00e9culo XX\u201d - Instituto de Engenharia\",\"isPartOf\":{\"@id\":\"https:\/\/www.institutodeengenharia.org.br\/site\/#website\"},\"datePublished\":\"2010-05-18T22:44:55+00:00\",\"breadcrumb\":{\"@id\":\"https:\/\/www.institutodeengenharia.org.br\/site\/2010\/05\/18\/veja-segunda-parte-das-imagens-aa-aviacao-do-comeco-do-seculo-xxa\/#breadcrumb\"},\"inLanguage\":\"pt-BR\",\"potentialAction\":[{\"@type\":\"ReadAction\",\"target\":[\"https:\/\/www.institutodeengenharia.org.br\/site\/2010\/05\/18\/veja-segunda-parte-das-imagens-aa-aviacao-do-comeco-do-seculo-xxa\/\"]}]},{\"@type\":\"BreadcrumbList\",\"@id\":\"https:\/\/www.institutodeengenharia.org.br\/site\/2010\/05\/18\/veja-segunda-parte-das-imagens-aa-aviacao-do-comeco-do-seculo-xxa\/#breadcrumb\",\"itemListElement\":[{\"@type\":\"ListItem\",\"position\":1,\"name\":\"In\u00edcio\",\"item\":\"https:\/\/www.institutodeengenharia.org.br\/site\/\"},{\"@type\":\"ListItem\",\"position\":2,\"name\":\"Veja segunda parte das imagens \u201cA avia\u00e7\u00e3o do come\u00e7o do s\u00e9culo XX\u201d\"}]},{\"@type\":\"WebSite\",\"@id\":\"https:\/\/www.institutodeengenharia.org.br\/site\/#website\",\"url\":\"https:\/\/www.institutodeengenharia.org.br\/site\/\",\"name\":\"Instituto de Engenharia\",\"description\":\"O Instituto de Engenharia promove a Engenharia em benef\u00edcio do desenvolvimento e da qualidade de vida da sociedade.\",\"publisher\":{\"@id\":\"https:\/\/www.institutodeengenharia.org.br\/site\/#organization\"},\"potentialAction\":[{\"@type\":\"SearchAction\",\"target\":{\"@type\":\"EntryPoint\",\"urlTemplate\":\"https:\/\/www.institutodeengenharia.org.br\/site\/?s={search_term_string}\"},\"query-input\":{\"@type\":\"PropertyValueSpecification\",\"valueRequired\":true,\"valueName\":\"search_term_string\"}}],\"inLanguage\":\"pt-BR\"},{\"@type\":\"Organization\",\"@id\":\"https:\/\/www.institutodeengenharia.org.br\/site\/#organization\",\"name\":\"Instituto de Engenharia\",\"url\":\"https:\/\/www.institutodeengenharia.org.br\/site\/\",\"logo\":{\"@type\":\"ImageObject\",\"inLanguage\":\"pt-BR\",\"@id\":\"https:\/\/www.institutodeengenharia.org.br\/site\/#\/schema\/logo\/image\/\",\"url\":\"https:\/\/www.institutodeengenharia.org.br\/site\/wp-content\/uploads\/2019\/03\/logo-novo-IE2018-1.jpg\",\"contentUrl\":\"https:\/\/www.institutodeengenharia.org.br\/site\/wp-content\/uploads\/2019\/03\/logo-novo-IE2018-1.jpg\",\"width\":1486,\"height\":1879,\"caption\":\"Instituto de Engenharia\"},\"image\":{\"@id\":\"https:\/\/www.institutodeengenharia.org.br\/site\/#\/schema\/logo\/image\/\"},\"sameAs\":[\"https:\/\/www.facebook.com\/institutodeengenharia\",\"https:\/\/x.com\/iengenharia\",\"https:\/\/www.instagram.com\/institutodeengenharia\/\",\"https:\/\/www.linkedin.com\/company\/instituto-de-engenharia\/\",\"https:\/\/www.youtube.com\/channel\/UCXiCAlsSMe977vamW915HxA\"]},{\"@type\":\"Person\",\"@id\":\"https:\/\/www.institutodeengenharia.org.br\/site\/#\/schema\/person\/3b1ff109facef084739fc2edcb9a127f\",\"name\":\"TMax Tecnologia\",\"image\":{\"@type\":\"ImageObject\",\"inLanguage\":\"pt-BR\",\"@id\":\"https:\/\/secure.gravatar.com\/avatar\/f912434ef7f389c92cb311fcdae346af848465d638912574b3c669070f797701?s=96&d=mm&r=g\",\"url\":\"https:\/\/secure.gravatar.com\/avatar\/f912434ef7f389c92cb311fcdae346af848465d638912574b3c669070f797701?s=96&d=mm&r=g\",\"contentUrl\":\"https:\/\/secure.gravatar.com\/avatar\/f912434ef7f389c92cb311fcdae346af848465d638912574b3c669070f797701?s=96&d=mm&r=g\",\"caption\":\"TMax Tecnologia\"},\"url\":\"https:\/\/www.institutodeengenharia.org.br\/site\/author\/tmax\/\"}]}<\/script>\n<!-- \/ Yoast SEO plugin. -->","yoast_head_json":{"title":"Veja segunda parte das imagens \u201cA avia\u00e7\u00e3o do come\u00e7o do s\u00e9culo XX\u201d - Instituto de Engenharia","robots":{"index":"index","follow":"follow","max-snippet":"max-snippet:-1","max-image-preview":"max-image-preview:large","max-video-preview":"max-video-preview:-1"},"canonical":"https:\/\/www.institutodeengenharia.org.br\/site\/2010\/05\/18\/veja-segunda-parte-das-imagens-aa-aviacao-do-comeco-do-seculo-xxa\/","og_locale":"pt_BR","og_type":"article","og_title":"Veja segunda parte das imagens \u201cA avia\u00e7\u00e3o do come\u00e7o do s\u00e9culo XX\u201d - Instituto de Engenharia","og_description":"Nesta sequencia de imagens encontraremos o Grumman XF5F Skyrocket que foi um prototipo de ca\u00e7a monoplaza bimotor. Ele possu\u00eda um desenho diferenciado para ca\u00e7as embarcados. O US Navy (United Estates Navy) &#8211; Marinha dos Estados Unidos ordenou a constru\u00e7\u00e3o de um prot\u00f3tipo em 30 de junho de 1938.&nbsp; Algumas descri\u00e7\u00f5es&nbsp; Tipo Ca\u00e7a &#8211; Interceptor monoplaza [&hellip;]","og_url":"https:\/\/www.institutodeengenharia.org.br\/site\/2010\/05\/18\/veja-segunda-parte-das-imagens-aa-aviacao-do-comeco-do-seculo-xxa\/","og_site_name":"Instituto de Engenharia","article_publisher":"https:\/\/www.facebook.com\/institutodeengenharia","article_published_time":"2010-05-18T22:44:55+00:00","og_image":[{"url":"https:\/\/www.institutodeengenharia.org.br\/site\/userfiles\/aviao_16.JPG","type":"","width":"","height":""}],"author":"TMax Tecnologia","twitter_card":"summary_large_image","twitter_creator":"@iengenharia","twitter_site":"@iengenharia","twitter_misc":{"Escrito por":"TMax Tecnologia","Est. tempo de leitura":"1 minuto"},"schema":{"@context":"https:\/\/schema.org","@graph":[{"@type":"Article","@id":"https:\/\/www.institutodeengenharia.org.br\/site\/2010\/05\/18\/veja-segunda-parte-das-imagens-aa-aviacao-do-comeco-do-seculo-xxa\/#article","isPartOf":{"@id":"https:\/\/www.institutodeengenharia.org.br\/site\/2010\/05\/18\/veja-segunda-parte-das-imagens-aa-aviacao-do-comeco-do-seculo-xxa\/"},"author":{"name":"TMax Tecnologia","@id":"https:\/\/www.institutodeengenharia.org.br\/site\/#\/schema\/person\/3b1ff109facef084739fc2edcb9a127f"},"headline":"Veja segunda parte das imagens \u201cA avia\u00e7\u00e3o do come\u00e7o do s\u00e9culo XX\u201d","datePublished":"2010-05-18T22:44:55+00:00","mainEntityOfPage":{"@id":"https:\/\/www.institutodeengenharia.org.br\/site\/2010\/05\/18\/veja-segunda-parte-das-imagens-aa-aviacao-do-comeco-do-seculo-xxa\/"},"wordCount":166,"commentCount":0,"publisher":{"@id":"https:\/\/www.institutodeengenharia.org.br\/site\/#organization"},"articleSection":["Not\u00edcias","Transportes"],"inLanguage":"pt-BR","potentialAction":[{"@type":"CommentAction","name":"Comment","target":["https:\/\/www.institutodeengenharia.org.br\/site\/2010\/05\/18\/veja-segunda-parte-das-imagens-aa-aviacao-do-comeco-do-seculo-xxa\/#respond"]}]},{"@type":"WebPage","@id":"https:\/\/www.institutodeengenharia.org.br\/site\/2010\/05\/18\/veja-segunda-parte-das-imagens-aa-aviacao-do-comeco-do-seculo-xxa\/","url":"https:\/\/www.institutodeengenharia.org.br\/site\/2010\/05\/18\/veja-segunda-parte-das-imagens-aa-aviacao-do-comeco-do-seculo-xxa\/","name":"Veja segunda parte das imagens \u201cA avia\u00e7\u00e3o do come\u00e7o do s\u00e9culo XX\u201d - Instituto de Engenharia","isPartOf":{"@id":"https:\/\/www.institutodeengenharia.org.br\/site\/#website"},"datePublished":"2010-05-18T22:44:55+00:00","breadcrumb":{"@id":"https:\/\/www.institutodeengenharia.org.br\/site\/2010\/05\/18\/veja-segunda-parte-das-imagens-aa-aviacao-do-comeco-do-seculo-xxa\/#breadcrumb"},"inLanguage":"pt-BR","potentialAction":[{"@type":"ReadAction","target":["https:\/\/www.institutodeengenharia.org.br\/site\/2010\/05\/18\/veja-segunda-parte-das-imagens-aa-aviacao-do-comeco-do-seculo-xxa\/"]}]},{"@type":"BreadcrumbList","@id":"https:\/\/www.institutodeengenharia.org.br\/site\/2010\/05\/18\/veja-segunda-parte-das-imagens-aa-aviacao-do-comeco-do-seculo-xxa\/#breadcrumb","itemListElement":[{"@type":"ListItem","position":1,"name":"In\u00edcio","item":"https:\/\/www.institutodeengenharia.org.br\/site\/"},{"@type":"ListItem","position":2,"name":"Veja segunda parte das imagens \u201cA avia\u00e7\u00e3o do come\u00e7o do s\u00e9culo XX\u201d"}]},{"@type":"WebSite","@id":"https:\/\/www.institutodeengenharia.org.br\/site\/#website","url":"https:\/\/www.institutodeengenharia.org.br\/site\/","name":"Instituto de Engenharia","description":"O Instituto de Engenharia promove a Engenharia em benef\u00edcio do desenvolvimento e da qualidade de vida da sociedade.","publisher":{"@id":"https:\/\/www.institutodeengenharia.org.br\/site\/#organization"},"potentialAction":[{"@type":"SearchAction","target":{"@type":"EntryPoint","urlTemplate":"https:\/\/www.institutodeengenharia.org.br\/site\/?s={search_term_string}"},"query-input":{"@type":"PropertyValueSpecification","valueRequired":true,"valueName":"search_term_string"}}],"inLanguage":"pt-BR"},{"@type":"Organization","@id":"https:\/\/www.institutodeengenharia.org.br\/site\/#organization","name":"Instituto de Engenharia","url":"https:\/\/www.institutodeengenharia.org.br\/site\/","logo":{"@type":"ImageObject","inLanguage":"pt-BR","@id":"https:\/\/www.institutodeengenharia.org.br\/site\/#\/schema\/logo\/image\/","url":"https:\/\/www.institutodeengenharia.org.br\/site\/wp-content\/uploads\/2019\/03\/logo-novo-IE2018-1.jpg","contentUrl":"https:\/\/www.institutodeengenharia.org.br\/site\/wp-content\/uploads\/2019\/03\/logo-novo-IE2018-1.jpg","width":1486,"height":1879,"caption":"Instituto de Engenharia"},"image":{"@id":"https:\/\/www.institutodeengenharia.org.br\/site\/#\/schema\/logo\/image\/"},"sameAs":["https:\/\/www.facebook.com\/institutodeengenharia","https:\/\/x.com\/iengenharia","https:\/\/www.instagram.com\/institutodeengenharia\/","https:\/\/www.linkedin.com\/company\/instituto-de-engenharia\/","https:\/\/www.youtube.com\/channel\/UCXiCAlsSMe977vamW915HxA"]},{"@type":"Person","@id":"https:\/\/www.institutodeengenharia.org.br\/site\/#\/schema\/person\/3b1ff109facef084739fc2edcb9a127f","name":"TMax Tecnologia","image":{"@type":"ImageObject","inLanguage":"pt-BR","@id":"https:\/\/secure.gravatar.com\/avatar\/f912434ef7f389c92cb311fcdae346af848465d638912574b3c669070f797701?s=96&d=mm&r=g","url":"https:\/\/secure.gravatar.com\/avatar\/f912434ef7f389c92cb311fcdae346af848465d638912574b3c669070f797701?s=96&d=mm&r=g","contentUrl":"https:\/\/secure.gravatar.com\/avatar\/f912434ef7f389c92cb311fcdae346af848465d638912574b3c669070f797701?s=96&d=mm&r=g","caption":"TMax Tecnologia"},"url":"https:\/\/www.institutodeengenharia.org.br\/site\/author\/tmax\/"}]}},"_links":{"self":[{"href":"https:\/\/www.institutodeengenharia.org.br\/site\/wp-json\/wp\/v2\/posts\/18203","targetHints":{"allow":["GET"]}}],"collection":[{"href":"https:\/\/www.institutodeengenharia.org.br\/site\/wp-json\/wp\/v2\/posts"}],"about":[{"href":"https:\/\/www.institutodeengenharia.org.br\/site\/wp-json\/wp\/v2\/types\/post"}],"author":[{"embeddable":true,"href":"https:\/\/www.institutodeengenharia.org.br\/site\/wp-json\/wp\/v2\/users\/1"}],"replies":[{"embeddable":true,"href":"https:\/\/www.institutodeengenharia.org.br\/site\/wp-json\/wp\/v2\/comments?post=18203"}],"version-history":[{"count":0,"href":"https:\/\/www.institutodeengenharia.org.br\/site\/wp-json\/wp\/v2\/posts\/18203\/revisions"}],"wp:attachment":[{"href":"https:\/\/www.institutodeengenharia.org.br\/site\/wp-json\/wp\/v2\/media?parent=18203"}],"wp:term":[{"taxonomy":"category","embeddable":true,"href":"https:\/\/www.institutodeengenharia.org.br\/site\/wp-json\/wp\/v2\/categories?post=18203"},{"taxonomy":"post_tag","embeddable":true,"href":"https:\/\/www.institutodeengenharia.org.br\/site\/wp-json\/wp\/v2\/tags?post=18203"}],"curies":[{"name":"wp","href":"https:\/\/api.w.org\/{rel}","templated":true}]}}