{"id":18196,"date":"2010-05-18T22:44:51","date_gmt":"2010-05-18T22:44:51","guid":{"rendered":"https:\/\/www.institutodeengenharia.org.br\/?p=18196"},"modified":"2010-05-18T13:40:45","modified_gmt":"2010-05-18T13:40:45","slug":"sistema-de-laser-vai-fazer-mapeamento-afinoa-da-amazonia","status":"publish","type":"post","link":"https:\/\/www.institutodeengenharia.org.br\/site\/2010\/05\/18\/sistema-de-laser-vai-fazer-mapeamento-afinoa-da-amazonia\/","title":{"rendered":"Sistema de laser vai fazer mapeamento \u201cfino\u201d da Amaz\u00f4nia"},"content":{"rendered":"<p>A floresta amaz\u00f4nica brasileira contar\u00e1, a partir deste m\u00eas, com mapeamento em tr\u00eas dimens\u00f5es. A tecnologia, ainda n\u00e3o aplicada em alta resolu\u00e7\u00e3o em florestas tropicais, permite obter imagens e medir impactos n\u00e3o identific\u00e1veis antes.&nbsp;<\/p>\n<p>Imagens convencionais de sat\u00e9lite, por exemplo, n\u00e3o eram capazes de identificar coisas como o corte de uma \u00fanica \u00e1rvore ou flagrar a presen\u00e7a de um rio sob a vegeta\u00e7\u00e3o.&nbsp;<\/p>\n<p>O sistema de \u201clidar\u201d (pronuncia-se \u201claidar\u201d; sigla inglesa da express\u00e3o \u201cdetec\u00e7\u00e3o e medi\u00e7\u00e3o de alcance de luz\u201d), consiste em um laser transportado por avi\u00e3o, cujos pulsos s\u00e3o capazes de atravessar o topo das \u00e1rvores e alcan\u00e7ar o ch\u00e3o, gerando informa\u00e7\u00f5es sobre a altura, largura e profundidade do que encontrar no caminho.&nbsp;<\/p>\n<p>Al\u00e9m de auxiliar no chamado manejo florestal (produ\u00e7\u00e3o sustent\u00e1vel dentro de matas nativas), o sistema permite medir estoques de carbono e biomassa, identificar \u00e1reas desmatadas e racionalizar os recursos para o planejamento da agricultura e da pecu\u00e1ria.&nbsp;<\/p>\n<p>O teste ser\u00e1 realizado pela Embrapa (Empresa Brasileira de Pesquisa Agropecu\u00e1ria) em uma \u00e1rea de mil hectares da Floresta Estadual de Antimary, em Sena Madureira (AC). <br \/>\nMadeira e borracha \u2013 O foco da iniciativa \u00e9 o manejo para a produ\u00e7\u00e3o de madeira, borracha, castanhas e outros produtos nativos da mata. As conclus\u00f5es devem ser publicadas em dezembro.&nbsp;<\/p>\n<p>Apesar das v\u00e1rias aplica\u00e7\u00f5es da tecnologia, o pesquisador Marcus d\u2019Oliveira, l\u00edder do projeto na Embrapa, diz que o principal cliente do \u201clidar\u201d ser\u00e1 a ind\u00fastria madeireira, que precisa dos dados para planejar estradas e trilhas, al\u00e9m da distribui\u00e7\u00e3o de \u00e1rvores.&nbsp;<\/p>\n<p>Hoje, as pesquisas florestais no Brasil s\u00e3o realizadas em campo com aux\u00edlio de GPS (Sistema de Posicionamento Global) e de imagens digitais de sat\u00e9lite. Nessas condi\u00e7\u00f5es, segundo Oliveira, h\u00e1 imprecis\u00e3o nas medi\u00e7\u00f5es, devido ao erro humano, e dificuldade de deslocar equipes. Esses problemas, diz, ser\u00e3o superados com o \u201clidar\u201d.&nbsp;<\/p>\n<p>O pesquisador afirma, por\u00e9m, que a tecnologia n\u00e3o substituir\u00e1 as imagens de sat\u00e9lite -mais f\u00e1ceis de serem produzidas e atualizadas. Ele diz que o \u201clidar\u201d ser\u00e1 usado somente para pesquisa de uma \u00e1rea espec\u00edfica, que necessite de informa\u00e7\u00f5es precisas e detalhadas. As imagens de sat\u00e9lite seguir\u00e3o fornecendo os dados gerais.&nbsp;<\/p>\n<p>Usado desde os anos 1990 no manejo de florestas temperadas dos Estados Unidos, do Canad\u00e1 e da Europa, ainda hoje a aplica\u00e7\u00e3o do \u201clidar\u201d em ambientes tropicais \u00e9 reduzida. <br \/>\nTeste de campo \u2013 Alguns testes de baixa resolu\u00e7\u00e3o foram realizados recentemente na Costa Rica e no Peru.&nbsp;<\/p>\n<p>No Brasil, o sistema vem sendo testado desde 2008 por pesquisadores da Universidade Federal do Paran\u00e1 e do Lactec (Instituto de Tecnologia para o Desenvolvimento) na an\u00e1lise de uma floresta plantada de eucalipto e p\u00ednus. <\/p>\n<p><b>Autor: Folha Online<\/b><\/p>\n","protected":false},"excerpt":{"rendered":"<p>A floresta amaz\u00f4nica brasileira contar\u00e1, a partir deste m\u00eas, com mapeamento em tr\u00eas dimens\u00f5es. A tecnologia, ainda n\u00e3o aplicada em alta resolu\u00e7\u00e3o em florestas tropicais, permite obter imagens e medir impactos n\u00e3o identific\u00e1veis antes.&nbsp; Imagens convencionais de sat\u00e9lite, por exemplo, n\u00e3o eram capazes de identificar coisas como o corte de uma \u00fanica \u00e1rvore ou flagrar [&hellip;]<\/p>\n","protected":false},"author":1,"featured_media":0,"comment_status":"open","ping_status":"open","sticky":false,"template":"","format":"standard","meta":{"footnotes":""},"categories":[31,6],"tags":[],"class_list":{"0":"post-18196","1":"post","2":"type-post","3":"status-publish","4":"format-standard","6":"category-meio-ambiente","7":"category-noticias"},"yoast_head":"<!-- This site is optimized with the Yoast SEO plugin v27.2 - https:\/\/yoast.com\/product\/yoast-seo-wordpress\/ -->\n<title>Sistema de laser vai fazer mapeamento \u201cfino\u201d da Amaz\u00f4nia - Instituto de Engenharia<\/title>\n<meta name=\"robots\" content=\"index, follow, max-snippet:-1, max-image-preview:large, max-video-preview:-1\" \/>\n<link rel=\"canonical\" href=\"https:\/\/www.institutodeengenharia.org.br\/site\/2010\/05\/18\/sistema-de-laser-vai-fazer-mapeamento-afinoa-da-amazonia\/\" \/>\n<meta property=\"og:locale\" content=\"pt_BR\" \/>\n<meta property=\"og:type\" content=\"article\" \/>\n<meta property=\"og:title\" content=\"Sistema de laser vai fazer mapeamento \u201cfino\u201d da Amaz\u00f4nia - Instituto de Engenharia\" \/>\n<meta property=\"og:description\" content=\"A floresta amaz\u00f4nica brasileira contar\u00e1, a partir deste m\u00eas, com mapeamento em tr\u00eas dimens\u00f5es. A tecnologia, ainda n\u00e3o aplicada em alta resolu\u00e7\u00e3o em florestas tropicais, permite obter imagens e medir impactos n\u00e3o identific\u00e1veis antes.&nbsp; Imagens convencionais de sat\u00e9lite, por exemplo, n\u00e3o eram capazes de identificar coisas como o corte de uma \u00fanica \u00e1rvore ou flagrar [&hellip;]\" \/>\n<meta property=\"og:url\" content=\"https:\/\/www.institutodeengenharia.org.br\/site\/2010\/05\/18\/sistema-de-laser-vai-fazer-mapeamento-afinoa-da-amazonia\/\" \/>\n<meta property=\"og:site_name\" content=\"Instituto de Engenharia\" \/>\n<meta property=\"article:publisher\" content=\"https:\/\/www.facebook.com\/institutodeengenharia\" \/>\n<meta property=\"article:published_time\" content=\"2010-05-18T22:44:51+00:00\" \/>\n<meta name=\"author\" content=\"TMax Tecnologia\" \/>\n<meta name=\"twitter:card\" content=\"summary_large_image\" \/>\n<meta name=\"twitter:creator\" content=\"@iengenharia\" \/>\n<meta name=\"twitter:site\" content=\"@iengenharia\" \/>\n<meta name=\"twitter:label1\" content=\"Escrito por\" \/>\n\t<meta name=\"twitter:data1\" content=\"TMax Tecnologia\" \/>\n\t<meta name=\"twitter:label2\" content=\"Est. tempo de leitura\" \/>\n\t<meta name=\"twitter:data2\" content=\"2 minutos\" \/>\n<script type=\"application\/ld+json\" class=\"yoast-schema-graph\">{\"@context\":\"https:\/\/schema.org\",\"@graph\":[{\"@type\":\"Article\",\"@id\":\"https:\/\/www.institutodeengenharia.org.br\/site\/2010\/05\/18\/sistema-de-laser-vai-fazer-mapeamento-afinoa-da-amazonia\/#article\",\"isPartOf\":{\"@id\":\"https:\/\/www.institutodeengenharia.org.br\/site\/2010\/05\/18\/sistema-de-laser-vai-fazer-mapeamento-afinoa-da-amazonia\/\"},\"author\":{\"name\":\"TMax Tecnologia\",\"@id\":\"https:\/\/www.institutodeengenharia.org.br\/site\/#\/schema\/person\/3b1ff109facef084739fc2edcb9a127f\"},\"headline\":\"Sistema de laser vai fazer mapeamento \u201cfino\u201d da Amaz\u00f4nia\",\"datePublished\":\"2010-05-18T22:44:51+00:00\",\"mainEntityOfPage\":{\"@id\":\"https:\/\/www.institutodeengenharia.org.br\/site\/2010\/05\/18\/sistema-de-laser-vai-fazer-mapeamento-afinoa-da-amazonia\/\"},\"wordCount\":498,\"commentCount\":0,\"publisher\":{\"@id\":\"https:\/\/www.institutodeengenharia.org.br\/site\/#organization\"},\"articleSection\":[\"Meio Ambiente\",\"Not\u00edcias\"],\"inLanguage\":\"pt-BR\",\"potentialAction\":[{\"@type\":\"CommentAction\",\"name\":\"Comment\",\"target\":[\"https:\/\/www.institutodeengenharia.org.br\/site\/2010\/05\/18\/sistema-de-laser-vai-fazer-mapeamento-afinoa-da-amazonia\/#respond\"]}]},{\"@type\":\"WebPage\",\"@id\":\"https:\/\/www.institutodeengenharia.org.br\/site\/2010\/05\/18\/sistema-de-laser-vai-fazer-mapeamento-afinoa-da-amazonia\/\",\"url\":\"https:\/\/www.institutodeengenharia.org.br\/site\/2010\/05\/18\/sistema-de-laser-vai-fazer-mapeamento-afinoa-da-amazonia\/\",\"name\":\"Sistema de laser vai fazer mapeamento \u201cfino\u201d da Amaz\u00f4nia - Instituto de Engenharia\",\"isPartOf\":{\"@id\":\"https:\/\/www.institutodeengenharia.org.br\/site\/#website\"},\"datePublished\":\"2010-05-18T22:44:51+00:00\",\"breadcrumb\":{\"@id\":\"https:\/\/www.institutodeengenharia.org.br\/site\/2010\/05\/18\/sistema-de-laser-vai-fazer-mapeamento-afinoa-da-amazonia\/#breadcrumb\"},\"inLanguage\":\"pt-BR\",\"potentialAction\":[{\"@type\":\"ReadAction\",\"target\":[\"https:\/\/www.institutodeengenharia.org.br\/site\/2010\/05\/18\/sistema-de-laser-vai-fazer-mapeamento-afinoa-da-amazonia\/\"]}]},{\"@type\":\"BreadcrumbList\",\"@id\":\"https:\/\/www.institutodeengenharia.org.br\/site\/2010\/05\/18\/sistema-de-laser-vai-fazer-mapeamento-afinoa-da-amazonia\/#breadcrumb\",\"itemListElement\":[{\"@type\":\"ListItem\",\"position\":1,\"name\":\"In\u00edcio\",\"item\":\"https:\/\/www.institutodeengenharia.org.br\/site\/\"},{\"@type\":\"ListItem\",\"position\":2,\"name\":\"Sistema de laser vai fazer mapeamento \u201cfino\u201d da Amaz\u00f4nia\"}]},{\"@type\":\"WebSite\",\"@id\":\"https:\/\/www.institutodeengenharia.org.br\/site\/#website\",\"url\":\"https:\/\/www.institutodeengenharia.org.br\/site\/\",\"name\":\"Instituto de Engenharia\",\"description\":\"O Instituto de Engenharia promove a Engenharia em benef\u00edcio do desenvolvimento e da qualidade de vida da sociedade.\",\"publisher\":{\"@id\":\"https:\/\/www.institutodeengenharia.org.br\/site\/#organization\"},\"potentialAction\":[{\"@type\":\"SearchAction\",\"target\":{\"@type\":\"EntryPoint\",\"urlTemplate\":\"https:\/\/www.institutodeengenharia.org.br\/site\/?s={search_term_string}\"},\"query-input\":{\"@type\":\"PropertyValueSpecification\",\"valueRequired\":true,\"valueName\":\"search_term_string\"}}],\"inLanguage\":\"pt-BR\"},{\"@type\":\"Organization\",\"@id\":\"https:\/\/www.institutodeengenharia.org.br\/site\/#organization\",\"name\":\"Instituto de Engenharia\",\"url\":\"https:\/\/www.institutodeengenharia.org.br\/site\/\",\"logo\":{\"@type\":\"ImageObject\",\"inLanguage\":\"pt-BR\",\"@id\":\"https:\/\/www.institutodeengenharia.org.br\/site\/#\/schema\/logo\/image\/\",\"url\":\"https:\/\/www.institutodeengenharia.org.br\/site\/wp-content\/uploads\/2019\/03\/logo-novo-IE2018-1.jpg\",\"contentUrl\":\"https:\/\/www.institutodeengenharia.org.br\/site\/wp-content\/uploads\/2019\/03\/logo-novo-IE2018-1.jpg\",\"width\":1486,\"height\":1879,\"caption\":\"Instituto de Engenharia\"},\"image\":{\"@id\":\"https:\/\/www.institutodeengenharia.org.br\/site\/#\/schema\/logo\/image\/\"},\"sameAs\":[\"https:\/\/www.facebook.com\/institutodeengenharia\",\"https:\/\/x.com\/iengenharia\",\"https:\/\/www.instagram.com\/institutodeengenharia\/\",\"https:\/\/www.linkedin.com\/company\/instituto-de-engenharia\/\",\"https:\/\/www.youtube.com\/channel\/UCXiCAlsSMe977vamW915HxA\"]},{\"@type\":\"Person\",\"@id\":\"https:\/\/www.institutodeengenharia.org.br\/site\/#\/schema\/person\/3b1ff109facef084739fc2edcb9a127f\",\"name\":\"TMax Tecnologia\",\"image\":{\"@type\":\"ImageObject\",\"inLanguage\":\"pt-BR\",\"@id\":\"https:\/\/secure.gravatar.com\/avatar\/f912434ef7f389c92cb311fcdae346af848465d638912574b3c669070f797701?s=96&d=mm&r=g\",\"url\":\"https:\/\/secure.gravatar.com\/avatar\/f912434ef7f389c92cb311fcdae346af848465d638912574b3c669070f797701?s=96&d=mm&r=g\",\"contentUrl\":\"https:\/\/secure.gravatar.com\/avatar\/f912434ef7f389c92cb311fcdae346af848465d638912574b3c669070f797701?s=96&d=mm&r=g\",\"caption\":\"TMax Tecnologia\"},\"url\":\"https:\/\/www.institutodeengenharia.org.br\/site\/author\/tmax\/\"}]}<\/script>\n<!-- \/ Yoast SEO plugin. -->","yoast_head_json":{"title":"Sistema de laser vai fazer mapeamento \u201cfino\u201d da Amaz\u00f4nia - Instituto de Engenharia","robots":{"index":"index","follow":"follow","max-snippet":"max-snippet:-1","max-image-preview":"max-image-preview:large","max-video-preview":"max-video-preview:-1"},"canonical":"https:\/\/www.institutodeengenharia.org.br\/site\/2010\/05\/18\/sistema-de-laser-vai-fazer-mapeamento-afinoa-da-amazonia\/","og_locale":"pt_BR","og_type":"article","og_title":"Sistema de laser vai fazer mapeamento \u201cfino\u201d da Amaz\u00f4nia - Instituto de Engenharia","og_description":"A floresta amaz\u00f4nica brasileira contar\u00e1, a partir deste m\u00eas, com mapeamento em tr\u00eas dimens\u00f5es. A tecnologia, ainda n\u00e3o aplicada em alta resolu\u00e7\u00e3o em florestas tropicais, permite obter imagens e medir impactos n\u00e3o identific\u00e1veis antes.&nbsp; Imagens convencionais de sat\u00e9lite, por exemplo, n\u00e3o eram capazes de identificar coisas como o corte de uma \u00fanica \u00e1rvore ou flagrar [&hellip;]","og_url":"https:\/\/www.institutodeengenharia.org.br\/site\/2010\/05\/18\/sistema-de-laser-vai-fazer-mapeamento-afinoa-da-amazonia\/","og_site_name":"Instituto de Engenharia","article_publisher":"https:\/\/www.facebook.com\/institutodeengenharia","article_published_time":"2010-05-18T22:44:51+00:00","author":"TMax Tecnologia","twitter_card":"summary_large_image","twitter_creator":"@iengenharia","twitter_site":"@iengenharia","twitter_misc":{"Escrito por":"TMax Tecnologia","Est. tempo de leitura":"2 minutos"},"schema":{"@context":"https:\/\/schema.org","@graph":[{"@type":"Article","@id":"https:\/\/www.institutodeengenharia.org.br\/site\/2010\/05\/18\/sistema-de-laser-vai-fazer-mapeamento-afinoa-da-amazonia\/#article","isPartOf":{"@id":"https:\/\/www.institutodeengenharia.org.br\/site\/2010\/05\/18\/sistema-de-laser-vai-fazer-mapeamento-afinoa-da-amazonia\/"},"author":{"name":"TMax Tecnologia","@id":"https:\/\/www.institutodeengenharia.org.br\/site\/#\/schema\/person\/3b1ff109facef084739fc2edcb9a127f"},"headline":"Sistema de laser vai fazer mapeamento \u201cfino\u201d da Amaz\u00f4nia","datePublished":"2010-05-18T22:44:51+00:00","mainEntityOfPage":{"@id":"https:\/\/www.institutodeengenharia.org.br\/site\/2010\/05\/18\/sistema-de-laser-vai-fazer-mapeamento-afinoa-da-amazonia\/"},"wordCount":498,"commentCount":0,"publisher":{"@id":"https:\/\/www.institutodeengenharia.org.br\/site\/#organization"},"articleSection":["Meio Ambiente","Not\u00edcias"],"inLanguage":"pt-BR","potentialAction":[{"@type":"CommentAction","name":"Comment","target":["https:\/\/www.institutodeengenharia.org.br\/site\/2010\/05\/18\/sistema-de-laser-vai-fazer-mapeamento-afinoa-da-amazonia\/#respond"]}]},{"@type":"WebPage","@id":"https:\/\/www.institutodeengenharia.org.br\/site\/2010\/05\/18\/sistema-de-laser-vai-fazer-mapeamento-afinoa-da-amazonia\/","url":"https:\/\/www.institutodeengenharia.org.br\/site\/2010\/05\/18\/sistema-de-laser-vai-fazer-mapeamento-afinoa-da-amazonia\/","name":"Sistema de laser vai fazer mapeamento \u201cfino\u201d da Amaz\u00f4nia - Instituto de Engenharia","isPartOf":{"@id":"https:\/\/www.institutodeengenharia.org.br\/site\/#website"},"datePublished":"2010-05-18T22:44:51+00:00","breadcrumb":{"@id":"https:\/\/www.institutodeengenharia.org.br\/site\/2010\/05\/18\/sistema-de-laser-vai-fazer-mapeamento-afinoa-da-amazonia\/#breadcrumb"},"inLanguage":"pt-BR","potentialAction":[{"@type":"ReadAction","target":["https:\/\/www.institutodeengenharia.org.br\/site\/2010\/05\/18\/sistema-de-laser-vai-fazer-mapeamento-afinoa-da-amazonia\/"]}]},{"@type":"BreadcrumbList","@id":"https:\/\/www.institutodeengenharia.org.br\/site\/2010\/05\/18\/sistema-de-laser-vai-fazer-mapeamento-afinoa-da-amazonia\/#breadcrumb","itemListElement":[{"@type":"ListItem","position":1,"name":"In\u00edcio","item":"https:\/\/www.institutodeengenharia.org.br\/site\/"},{"@type":"ListItem","position":2,"name":"Sistema de laser vai fazer mapeamento \u201cfino\u201d da Amaz\u00f4nia"}]},{"@type":"WebSite","@id":"https:\/\/www.institutodeengenharia.org.br\/site\/#website","url":"https:\/\/www.institutodeengenharia.org.br\/site\/","name":"Instituto de Engenharia","description":"O Instituto de Engenharia promove a Engenharia em benef\u00edcio do desenvolvimento e da qualidade de vida da sociedade.","publisher":{"@id":"https:\/\/www.institutodeengenharia.org.br\/site\/#organization"},"potentialAction":[{"@type":"SearchAction","target":{"@type":"EntryPoint","urlTemplate":"https:\/\/www.institutodeengenharia.org.br\/site\/?s={search_term_string}"},"query-input":{"@type":"PropertyValueSpecification","valueRequired":true,"valueName":"search_term_string"}}],"inLanguage":"pt-BR"},{"@type":"Organization","@id":"https:\/\/www.institutodeengenharia.org.br\/site\/#organization","name":"Instituto de Engenharia","url":"https:\/\/www.institutodeengenharia.org.br\/site\/","logo":{"@type":"ImageObject","inLanguage":"pt-BR","@id":"https:\/\/www.institutodeengenharia.org.br\/site\/#\/schema\/logo\/image\/","url":"https:\/\/www.institutodeengenharia.org.br\/site\/wp-content\/uploads\/2019\/03\/logo-novo-IE2018-1.jpg","contentUrl":"https:\/\/www.institutodeengenharia.org.br\/site\/wp-content\/uploads\/2019\/03\/logo-novo-IE2018-1.jpg","width":1486,"height":1879,"caption":"Instituto de Engenharia"},"image":{"@id":"https:\/\/www.institutodeengenharia.org.br\/site\/#\/schema\/logo\/image\/"},"sameAs":["https:\/\/www.facebook.com\/institutodeengenharia","https:\/\/x.com\/iengenharia","https:\/\/www.instagram.com\/institutodeengenharia\/","https:\/\/www.linkedin.com\/company\/instituto-de-engenharia\/","https:\/\/www.youtube.com\/channel\/UCXiCAlsSMe977vamW915HxA"]},{"@type":"Person","@id":"https:\/\/www.institutodeengenharia.org.br\/site\/#\/schema\/person\/3b1ff109facef084739fc2edcb9a127f","name":"TMax Tecnologia","image":{"@type":"ImageObject","inLanguage":"pt-BR","@id":"https:\/\/secure.gravatar.com\/avatar\/f912434ef7f389c92cb311fcdae346af848465d638912574b3c669070f797701?s=96&d=mm&r=g","url":"https:\/\/secure.gravatar.com\/avatar\/f912434ef7f389c92cb311fcdae346af848465d638912574b3c669070f797701?s=96&d=mm&r=g","contentUrl":"https:\/\/secure.gravatar.com\/avatar\/f912434ef7f389c92cb311fcdae346af848465d638912574b3c669070f797701?s=96&d=mm&r=g","caption":"TMax Tecnologia"},"url":"https:\/\/www.institutodeengenharia.org.br\/site\/author\/tmax\/"}]}},"_links":{"self":[{"href":"https:\/\/www.institutodeengenharia.org.br\/site\/wp-json\/wp\/v2\/posts\/18196","targetHints":{"allow":["GET"]}}],"collection":[{"href":"https:\/\/www.institutodeengenharia.org.br\/site\/wp-json\/wp\/v2\/posts"}],"about":[{"href":"https:\/\/www.institutodeengenharia.org.br\/site\/wp-json\/wp\/v2\/types\/post"}],"author":[{"embeddable":true,"href":"https:\/\/www.institutodeengenharia.org.br\/site\/wp-json\/wp\/v2\/users\/1"}],"replies":[{"embeddable":true,"href":"https:\/\/www.institutodeengenharia.org.br\/site\/wp-json\/wp\/v2\/comments?post=18196"}],"version-history":[{"count":0,"href":"https:\/\/www.institutodeengenharia.org.br\/site\/wp-json\/wp\/v2\/posts\/18196\/revisions"}],"wp:attachment":[{"href":"https:\/\/www.institutodeengenharia.org.br\/site\/wp-json\/wp\/v2\/media?parent=18196"}],"wp:term":[{"taxonomy":"category","embeddable":true,"href":"https:\/\/www.institutodeengenharia.org.br\/site\/wp-json\/wp\/v2\/categories?post=18196"},{"taxonomy":"post_tag","embeddable":true,"href":"https:\/\/www.institutodeengenharia.org.br\/site\/wp-json\/wp\/v2\/tags?post=18196"}],"curies":[{"name":"wp","href":"https:\/\/api.w.org\/{rel}","templated":true}]}}