{"id":18191,"date":"2010-05-17T22:44:48","date_gmt":"2010-05-17T22:44:48","guid":{"rendered":"https:\/\/www.institutodeengenharia.org.br\/?p=18191"},"modified":"2010-05-17T16:10:41","modified_gmt":"2010-05-17T16:10:41","slug":"escavacao-da-linha-4-do-metro-do-rio-de-janeiro-vai-comecar","status":"publish","type":"post","link":"https:\/\/www.institutodeengenharia.org.br\/site\/2010\/05\/17\/escavacao-da-linha-4-do-metro-do-rio-de-janeiro-vai-comecar\/","title":{"rendered":"Escava\u00e7\u00e3o da Linha 4 do metr\u00f4 do Rio de Janeiro vai come\u00e7ar"},"content":{"rendered":"<p>O governador S\u00e9rgio Cabral anunciou nesta sexta-feira que a perfura\u00e7\u00e3o dos t\u00faneis que v\u00e3o compor a Linha 4 do metr\u00f4 come\u00e7ar\u00e1 no dia 26 de junho. A obra, que levar\u00e1 esse meio de transporte at\u00e9 a Barra, \u00e9 um dos compromissos assumidos pelo governo do estado para os Jogos Ol\u00edmpicos de 2016. <\/p>\n<p>&#8211; Come\u00e7a a perfura\u00e7\u00e3o do t\u00fanel da Linha 4. As pessoas v\u00e3o ver para crer &#8211; disse Cabral. <\/p>\n<p>A garantia do governador coincide com as estimativas da Secretaria de Transportes, que, ao inaugurar em mar\u00e7o o canteiro de obras, previu para junho o in\u00edcio das escava\u00e7\u00f5es. A Linha 4, com extens\u00e3o de 15,2 km, ligar\u00e1 o Jardim Oce\u00e2nico, na Barra, \u00e0 G\u00e1vea, onde os trilhos encontrar\u00e3o a Linha 1, que ser\u00e1 prolongada a partir da Pra\u00e7a General Os\u00f3rio. O trajeto Barra-Zona Sul ter\u00e1 paradas em S\u00e3o Conrado (pr\u00f3ximo \u00e0 Rocinha), G\u00e1vea, Leblon e Ipanema, mas a localiza\u00e7\u00e3o das esta\u00e7\u00f5es est\u00e1 ainda em estudos. <\/p>\n<p>Segundo as informa\u00e7\u00f5es divulgadas em mar\u00e7o pela secretaria, as obras n\u00e3o ter\u00e3o, pelo menos no in\u00edcio, impacto sobre o tr\u00e2nsito, uma vez que as escava\u00e7\u00f5es ser\u00e3o feitas na rocha. <\/p>\n<p>A estimativa de custo da primeira fase \u00e9 de R$ 300 milh\u00f5es, a serem bancados pelo governo do estado. Em abril, o secret\u00e1rio estadual de transportes, Sebasti\u00e3o Rodrigues, e o ministro das Cidades, M\u00e1rcio Fortes, discutiram a possibilidade de o governo federal financiar a segunda etapa do projeto. A Linha 4 foi licitada em novembro de 1998, mas s\u00f3 saiu do papel com sua inclus\u00e3o entre os projetos-chave para os Jogos Ol\u00edmpicos. <\/p>\n<p><b>Autor: O Globo<\/b><\/p>\n","protected":false},"excerpt":{"rendered":"<p>O governador S\u00e9rgio Cabral anunciou nesta sexta-feira que a perfura\u00e7\u00e3o dos t\u00faneis que v\u00e3o compor a Linha 4 do metr\u00f4 come\u00e7ar\u00e1 no dia 26 de junho. A obra, que levar\u00e1 esse meio de transporte at\u00e9 a Barra, \u00e9 um dos compromissos assumidos pelo governo do estado para os Jogos Ol\u00edmpicos de 2016. &#8211; Come\u00e7a a [&hellip;]<\/p>\n","protected":false},"author":1,"featured_media":0,"comment_status":"open","ping_status":"open","sticky":false,"template":"","format":"standard","meta":{"footnotes":""},"categories":[6,41],"tags":[],"class_list":{"0":"post-18191","1":"post","2":"type-post","3":"status-publish","4":"format-standard","6":"category-noticias","7":"category-transportes"},"yoast_head":"<!-- This site is optimized with the Yoast SEO plugin v27.2 - https:\/\/yoast.com\/product\/yoast-seo-wordpress\/ -->\n<title>Escava\u00e7\u00e3o da Linha 4 do metr\u00f4 do Rio de Janeiro vai come\u00e7ar - Instituto de Engenharia<\/title>\n<meta name=\"robots\" content=\"index, follow, max-snippet:-1, max-image-preview:large, max-video-preview:-1\" \/>\n<link rel=\"canonical\" href=\"https:\/\/www.institutodeengenharia.org.br\/site\/2010\/05\/17\/escavacao-da-linha-4-do-metro-do-rio-de-janeiro-vai-comecar\/\" \/>\n<meta property=\"og:locale\" content=\"pt_BR\" \/>\n<meta property=\"og:type\" content=\"article\" \/>\n<meta property=\"og:title\" content=\"Escava\u00e7\u00e3o da Linha 4 do metr\u00f4 do Rio de Janeiro vai come\u00e7ar - Instituto de Engenharia\" \/>\n<meta property=\"og:description\" content=\"O governador S\u00e9rgio Cabral anunciou nesta sexta-feira que a perfura\u00e7\u00e3o dos t\u00faneis que v\u00e3o compor a Linha 4 do metr\u00f4 come\u00e7ar\u00e1 no dia 26 de junho. A obra, que levar\u00e1 esse meio de transporte at\u00e9 a Barra, \u00e9 um dos compromissos assumidos pelo governo do estado para os Jogos Ol\u00edmpicos de 2016. &#8211; Come\u00e7a a [&hellip;]\" \/>\n<meta property=\"og:url\" content=\"https:\/\/www.institutodeengenharia.org.br\/site\/2010\/05\/17\/escavacao-da-linha-4-do-metro-do-rio-de-janeiro-vai-comecar\/\" \/>\n<meta property=\"og:site_name\" content=\"Instituto de Engenharia\" \/>\n<meta property=\"article:publisher\" content=\"https:\/\/www.facebook.com\/institutodeengenharia\" \/>\n<meta property=\"article:published_time\" content=\"2010-05-17T22:44:48+00:00\" \/>\n<meta name=\"author\" content=\"TMax Tecnologia\" \/>\n<meta name=\"twitter:card\" content=\"summary_large_image\" \/>\n<meta name=\"twitter:creator\" content=\"@iengenharia\" \/>\n<meta name=\"twitter:site\" content=\"@iengenharia\" \/>\n<meta name=\"twitter:label1\" content=\"Escrito por\" \/>\n\t<meta name=\"twitter:data1\" content=\"TMax Tecnologia\" \/>\n\t<meta name=\"twitter:label2\" content=\"Est. tempo de leitura\" \/>\n\t<meta name=\"twitter:data2\" content=\"1 minuto\" \/>\n<script type=\"application\/ld+json\" class=\"yoast-schema-graph\">{\"@context\":\"https:\/\/schema.org\",\"@graph\":[{\"@type\":\"Article\",\"@id\":\"https:\/\/www.institutodeengenharia.org.br\/site\/2010\/05\/17\/escavacao-da-linha-4-do-metro-do-rio-de-janeiro-vai-comecar\/#article\",\"isPartOf\":{\"@id\":\"https:\/\/www.institutodeengenharia.org.br\/site\/2010\/05\/17\/escavacao-da-linha-4-do-metro-do-rio-de-janeiro-vai-comecar\/\"},\"author\":{\"name\":\"TMax Tecnologia\",\"@id\":\"https:\/\/www.institutodeengenharia.org.br\/site\/#\/schema\/person\/3b1ff109facef084739fc2edcb9a127f\"},\"headline\":\"Escava\u00e7\u00e3o da Linha 4 do metr\u00f4 do Rio de Janeiro vai come\u00e7ar\",\"datePublished\":\"2010-05-17T22:44:48+00:00\",\"mainEntityOfPage\":{\"@id\":\"https:\/\/www.institutodeengenharia.org.br\/site\/2010\/05\/17\/escavacao-da-linha-4-do-metro-do-rio-de-janeiro-vai-comecar\/\"},\"wordCount\":296,\"commentCount\":0,\"publisher\":{\"@id\":\"https:\/\/www.institutodeengenharia.org.br\/site\/#organization\"},\"articleSection\":[\"Not\u00edcias\",\"Transportes\"],\"inLanguage\":\"pt-BR\",\"potentialAction\":[{\"@type\":\"CommentAction\",\"name\":\"Comment\",\"target\":[\"https:\/\/www.institutodeengenharia.org.br\/site\/2010\/05\/17\/escavacao-da-linha-4-do-metro-do-rio-de-janeiro-vai-comecar\/#respond\"]}]},{\"@type\":\"WebPage\",\"@id\":\"https:\/\/www.institutodeengenharia.org.br\/site\/2010\/05\/17\/escavacao-da-linha-4-do-metro-do-rio-de-janeiro-vai-comecar\/\",\"url\":\"https:\/\/www.institutodeengenharia.org.br\/site\/2010\/05\/17\/escavacao-da-linha-4-do-metro-do-rio-de-janeiro-vai-comecar\/\",\"name\":\"Escava\u00e7\u00e3o da Linha 4 do metr\u00f4 do Rio de Janeiro vai come\u00e7ar - Instituto de Engenharia\",\"isPartOf\":{\"@id\":\"https:\/\/www.institutodeengenharia.org.br\/site\/#website\"},\"datePublished\":\"2010-05-17T22:44:48+00:00\",\"breadcrumb\":{\"@id\":\"https:\/\/www.institutodeengenharia.org.br\/site\/2010\/05\/17\/escavacao-da-linha-4-do-metro-do-rio-de-janeiro-vai-comecar\/#breadcrumb\"},\"inLanguage\":\"pt-BR\",\"potentialAction\":[{\"@type\":\"ReadAction\",\"target\":[\"https:\/\/www.institutodeengenharia.org.br\/site\/2010\/05\/17\/escavacao-da-linha-4-do-metro-do-rio-de-janeiro-vai-comecar\/\"]}]},{\"@type\":\"BreadcrumbList\",\"@id\":\"https:\/\/www.institutodeengenharia.org.br\/site\/2010\/05\/17\/escavacao-da-linha-4-do-metro-do-rio-de-janeiro-vai-comecar\/#breadcrumb\",\"itemListElement\":[{\"@type\":\"ListItem\",\"position\":1,\"name\":\"In\u00edcio\",\"item\":\"https:\/\/www.institutodeengenharia.org.br\/site\/\"},{\"@type\":\"ListItem\",\"position\":2,\"name\":\"Escava\u00e7\u00e3o da Linha 4 do metr\u00f4 do Rio de Janeiro vai come\u00e7ar\"}]},{\"@type\":\"WebSite\",\"@id\":\"https:\/\/www.institutodeengenharia.org.br\/site\/#website\",\"url\":\"https:\/\/www.institutodeengenharia.org.br\/site\/\",\"name\":\"Instituto de Engenharia\",\"description\":\"O Instituto de Engenharia promove a Engenharia em benef\u00edcio do desenvolvimento e da qualidade de vida da sociedade.\",\"publisher\":{\"@id\":\"https:\/\/www.institutodeengenharia.org.br\/site\/#organization\"},\"potentialAction\":[{\"@type\":\"SearchAction\",\"target\":{\"@type\":\"EntryPoint\",\"urlTemplate\":\"https:\/\/www.institutodeengenharia.org.br\/site\/?s={search_term_string}\"},\"query-input\":{\"@type\":\"PropertyValueSpecification\",\"valueRequired\":true,\"valueName\":\"search_term_string\"}}],\"inLanguage\":\"pt-BR\"},{\"@type\":\"Organization\",\"@id\":\"https:\/\/www.institutodeengenharia.org.br\/site\/#organization\",\"name\":\"Instituto de Engenharia\",\"url\":\"https:\/\/www.institutodeengenharia.org.br\/site\/\",\"logo\":{\"@type\":\"ImageObject\",\"inLanguage\":\"pt-BR\",\"@id\":\"https:\/\/www.institutodeengenharia.org.br\/site\/#\/schema\/logo\/image\/\",\"url\":\"https:\/\/www.institutodeengenharia.org.br\/site\/wp-content\/uploads\/2019\/03\/logo-novo-IE2018-1.jpg\",\"contentUrl\":\"https:\/\/www.institutodeengenharia.org.br\/site\/wp-content\/uploads\/2019\/03\/logo-novo-IE2018-1.jpg\",\"width\":1486,\"height\":1879,\"caption\":\"Instituto de Engenharia\"},\"image\":{\"@id\":\"https:\/\/www.institutodeengenharia.org.br\/site\/#\/schema\/logo\/image\/\"},\"sameAs\":[\"https:\/\/www.facebook.com\/institutodeengenharia\",\"https:\/\/x.com\/iengenharia\",\"https:\/\/www.instagram.com\/institutodeengenharia\/\",\"https:\/\/www.linkedin.com\/company\/instituto-de-engenharia\/\",\"https:\/\/www.youtube.com\/channel\/UCXiCAlsSMe977vamW915HxA\"]},{\"@type\":\"Person\",\"@id\":\"https:\/\/www.institutodeengenharia.org.br\/site\/#\/schema\/person\/3b1ff109facef084739fc2edcb9a127f\",\"name\":\"TMax Tecnologia\",\"image\":{\"@type\":\"ImageObject\",\"inLanguage\":\"pt-BR\",\"@id\":\"https:\/\/secure.gravatar.com\/avatar\/f912434ef7f389c92cb311fcdae346af848465d638912574b3c669070f797701?s=96&d=mm&r=g\",\"url\":\"https:\/\/secure.gravatar.com\/avatar\/f912434ef7f389c92cb311fcdae346af848465d638912574b3c669070f797701?s=96&d=mm&r=g\",\"contentUrl\":\"https:\/\/secure.gravatar.com\/avatar\/f912434ef7f389c92cb311fcdae346af848465d638912574b3c669070f797701?s=96&d=mm&r=g\",\"caption\":\"TMax Tecnologia\"},\"url\":\"https:\/\/www.institutodeengenharia.org.br\/site\/author\/tmax\/\"}]}<\/script>\n<!-- \/ Yoast SEO plugin. -->","yoast_head_json":{"title":"Escava\u00e7\u00e3o da Linha 4 do metr\u00f4 do Rio de Janeiro vai come\u00e7ar - Instituto de Engenharia","robots":{"index":"index","follow":"follow","max-snippet":"max-snippet:-1","max-image-preview":"max-image-preview:large","max-video-preview":"max-video-preview:-1"},"canonical":"https:\/\/www.institutodeengenharia.org.br\/site\/2010\/05\/17\/escavacao-da-linha-4-do-metro-do-rio-de-janeiro-vai-comecar\/","og_locale":"pt_BR","og_type":"article","og_title":"Escava\u00e7\u00e3o da Linha 4 do metr\u00f4 do Rio de Janeiro vai come\u00e7ar - Instituto de Engenharia","og_description":"O governador S\u00e9rgio Cabral anunciou nesta sexta-feira que a perfura\u00e7\u00e3o dos t\u00faneis que v\u00e3o compor a Linha 4 do metr\u00f4 come\u00e7ar\u00e1 no dia 26 de junho. A obra, que levar\u00e1 esse meio de transporte at\u00e9 a Barra, \u00e9 um dos compromissos assumidos pelo governo do estado para os Jogos Ol\u00edmpicos de 2016. &#8211; Come\u00e7a a [&hellip;]","og_url":"https:\/\/www.institutodeengenharia.org.br\/site\/2010\/05\/17\/escavacao-da-linha-4-do-metro-do-rio-de-janeiro-vai-comecar\/","og_site_name":"Instituto de Engenharia","article_publisher":"https:\/\/www.facebook.com\/institutodeengenharia","article_published_time":"2010-05-17T22:44:48+00:00","author":"TMax Tecnologia","twitter_card":"summary_large_image","twitter_creator":"@iengenharia","twitter_site":"@iengenharia","twitter_misc":{"Escrito por":"TMax Tecnologia","Est. tempo de leitura":"1 minuto"},"schema":{"@context":"https:\/\/schema.org","@graph":[{"@type":"Article","@id":"https:\/\/www.institutodeengenharia.org.br\/site\/2010\/05\/17\/escavacao-da-linha-4-do-metro-do-rio-de-janeiro-vai-comecar\/#article","isPartOf":{"@id":"https:\/\/www.institutodeengenharia.org.br\/site\/2010\/05\/17\/escavacao-da-linha-4-do-metro-do-rio-de-janeiro-vai-comecar\/"},"author":{"name":"TMax Tecnologia","@id":"https:\/\/www.institutodeengenharia.org.br\/site\/#\/schema\/person\/3b1ff109facef084739fc2edcb9a127f"},"headline":"Escava\u00e7\u00e3o da Linha 4 do metr\u00f4 do Rio de Janeiro vai come\u00e7ar","datePublished":"2010-05-17T22:44:48+00:00","mainEntityOfPage":{"@id":"https:\/\/www.institutodeengenharia.org.br\/site\/2010\/05\/17\/escavacao-da-linha-4-do-metro-do-rio-de-janeiro-vai-comecar\/"},"wordCount":296,"commentCount":0,"publisher":{"@id":"https:\/\/www.institutodeengenharia.org.br\/site\/#organization"},"articleSection":["Not\u00edcias","Transportes"],"inLanguage":"pt-BR","potentialAction":[{"@type":"CommentAction","name":"Comment","target":["https:\/\/www.institutodeengenharia.org.br\/site\/2010\/05\/17\/escavacao-da-linha-4-do-metro-do-rio-de-janeiro-vai-comecar\/#respond"]}]},{"@type":"WebPage","@id":"https:\/\/www.institutodeengenharia.org.br\/site\/2010\/05\/17\/escavacao-da-linha-4-do-metro-do-rio-de-janeiro-vai-comecar\/","url":"https:\/\/www.institutodeengenharia.org.br\/site\/2010\/05\/17\/escavacao-da-linha-4-do-metro-do-rio-de-janeiro-vai-comecar\/","name":"Escava\u00e7\u00e3o da Linha 4 do metr\u00f4 do Rio de Janeiro vai come\u00e7ar - Instituto de Engenharia","isPartOf":{"@id":"https:\/\/www.institutodeengenharia.org.br\/site\/#website"},"datePublished":"2010-05-17T22:44:48+00:00","breadcrumb":{"@id":"https:\/\/www.institutodeengenharia.org.br\/site\/2010\/05\/17\/escavacao-da-linha-4-do-metro-do-rio-de-janeiro-vai-comecar\/#breadcrumb"},"inLanguage":"pt-BR","potentialAction":[{"@type":"ReadAction","target":["https:\/\/www.institutodeengenharia.org.br\/site\/2010\/05\/17\/escavacao-da-linha-4-do-metro-do-rio-de-janeiro-vai-comecar\/"]}]},{"@type":"BreadcrumbList","@id":"https:\/\/www.institutodeengenharia.org.br\/site\/2010\/05\/17\/escavacao-da-linha-4-do-metro-do-rio-de-janeiro-vai-comecar\/#breadcrumb","itemListElement":[{"@type":"ListItem","position":1,"name":"In\u00edcio","item":"https:\/\/www.institutodeengenharia.org.br\/site\/"},{"@type":"ListItem","position":2,"name":"Escava\u00e7\u00e3o da Linha 4 do metr\u00f4 do Rio de Janeiro vai come\u00e7ar"}]},{"@type":"WebSite","@id":"https:\/\/www.institutodeengenharia.org.br\/site\/#website","url":"https:\/\/www.institutodeengenharia.org.br\/site\/","name":"Instituto de Engenharia","description":"O Instituto de Engenharia promove a Engenharia em benef\u00edcio do desenvolvimento e da qualidade de vida da sociedade.","publisher":{"@id":"https:\/\/www.institutodeengenharia.org.br\/site\/#organization"},"potentialAction":[{"@type":"SearchAction","target":{"@type":"EntryPoint","urlTemplate":"https:\/\/www.institutodeengenharia.org.br\/site\/?s={search_term_string}"},"query-input":{"@type":"PropertyValueSpecification","valueRequired":true,"valueName":"search_term_string"}}],"inLanguage":"pt-BR"},{"@type":"Organization","@id":"https:\/\/www.institutodeengenharia.org.br\/site\/#organization","name":"Instituto de Engenharia","url":"https:\/\/www.institutodeengenharia.org.br\/site\/","logo":{"@type":"ImageObject","inLanguage":"pt-BR","@id":"https:\/\/www.institutodeengenharia.org.br\/site\/#\/schema\/logo\/image\/","url":"https:\/\/www.institutodeengenharia.org.br\/site\/wp-content\/uploads\/2019\/03\/logo-novo-IE2018-1.jpg","contentUrl":"https:\/\/www.institutodeengenharia.org.br\/site\/wp-content\/uploads\/2019\/03\/logo-novo-IE2018-1.jpg","width":1486,"height":1879,"caption":"Instituto de Engenharia"},"image":{"@id":"https:\/\/www.institutodeengenharia.org.br\/site\/#\/schema\/logo\/image\/"},"sameAs":["https:\/\/www.facebook.com\/institutodeengenharia","https:\/\/x.com\/iengenharia","https:\/\/www.instagram.com\/institutodeengenharia\/","https:\/\/www.linkedin.com\/company\/instituto-de-engenharia\/","https:\/\/www.youtube.com\/channel\/UCXiCAlsSMe977vamW915HxA"]},{"@type":"Person","@id":"https:\/\/www.institutodeengenharia.org.br\/site\/#\/schema\/person\/3b1ff109facef084739fc2edcb9a127f","name":"TMax Tecnologia","image":{"@type":"ImageObject","inLanguage":"pt-BR","@id":"https:\/\/secure.gravatar.com\/avatar\/f912434ef7f389c92cb311fcdae346af848465d638912574b3c669070f797701?s=96&d=mm&r=g","url":"https:\/\/secure.gravatar.com\/avatar\/f912434ef7f389c92cb311fcdae346af848465d638912574b3c669070f797701?s=96&d=mm&r=g","contentUrl":"https:\/\/secure.gravatar.com\/avatar\/f912434ef7f389c92cb311fcdae346af848465d638912574b3c669070f797701?s=96&d=mm&r=g","caption":"TMax Tecnologia"},"url":"https:\/\/www.institutodeengenharia.org.br\/site\/author\/tmax\/"}]}},"_links":{"self":[{"href":"https:\/\/www.institutodeengenharia.org.br\/site\/wp-json\/wp\/v2\/posts\/18191","targetHints":{"allow":["GET"]}}],"collection":[{"href":"https:\/\/www.institutodeengenharia.org.br\/site\/wp-json\/wp\/v2\/posts"}],"about":[{"href":"https:\/\/www.institutodeengenharia.org.br\/site\/wp-json\/wp\/v2\/types\/post"}],"author":[{"embeddable":true,"href":"https:\/\/www.institutodeengenharia.org.br\/site\/wp-json\/wp\/v2\/users\/1"}],"replies":[{"embeddable":true,"href":"https:\/\/www.institutodeengenharia.org.br\/site\/wp-json\/wp\/v2\/comments?post=18191"}],"version-history":[{"count":0,"href":"https:\/\/www.institutodeengenharia.org.br\/site\/wp-json\/wp\/v2\/posts\/18191\/revisions"}],"wp:attachment":[{"href":"https:\/\/www.institutodeengenharia.org.br\/site\/wp-json\/wp\/v2\/media?parent=18191"}],"wp:term":[{"taxonomy":"category","embeddable":true,"href":"https:\/\/www.institutodeengenharia.org.br\/site\/wp-json\/wp\/v2\/categories?post=18191"},{"taxonomy":"post_tag","embeddable":true,"href":"https:\/\/www.institutodeengenharia.org.br\/site\/wp-json\/wp\/v2\/tags?post=18191"}],"curies":[{"name":"wp","href":"https:\/\/api.w.org\/{rel}","templated":true}]}}