{"id":18186,"date":"2010-05-17T22:44:44","date_gmt":"2010-05-17T22:44:44","guid":{"rendered":"https:\/\/www.institutodeengenharia.org.br\/?p=18186"},"modified":"2010-05-17T14:47:00","modified_gmt":"2010-05-17T14:47:00","slug":"engenheiro-suico-planeja-uma-viagem-de-40000-km-ao-redor-do-mundo-em-seu-carro-ecologico","status":"publish","type":"post","link":"https:\/\/www.institutodeengenharia.org.br\/site\/2010\/05\/17\/engenheiro-suico-planeja-uma-viagem-de-40000-km-ao-redor-do-mundo-em-seu-carro-ecologico\/","title":{"rendered":"Engenheiro su\u00ed\u00e7o planeja uma viagem de 40,000 km ao redor do mundo em seu carro ecol\u00f3gico"},"content":{"rendered":"<p>Mark Muller, um engenheiro su\u00ed\u00e7o, tem planos para uma viagem de 40,000 km ao redor do mundo em seu carro que \u00e9 movido apenas pelo vento e ao sol. A Yverdon Escola de Engenharia tamb\u00e9m est\u00e1 apoiando este projeto verde chamado ICARE Project e tem como objetivo completar a viagem maravilhosa neste carro eco mesmo sem libertar um \u00fanico grama de CO2. Pain\u00e9is de energia solar ser\u00e1 o motor el\u00e9trico durante o dia, e quando est\u00e1 escuro, um gerador e\u00f3lico vai fazer o necess\u00e1rio.<\/p>\n<p><img loading=\"lazy\" decoding=\"async\" width=\"550\" height=\"374\" alt=\"\" src=\"\/site\/userfiles\/carro__2.jpg\" \/><\/p>\n<p><img decoding=\"async\" alt=\"\" src=\"\/site\/userfiles\/carro_3(2).jpg\" \/><\/p>\n<p><b>Autor: GreenDiary<\/b><\/p>\n","protected":false},"excerpt":{"rendered":"<p>Mark Muller, um engenheiro su\u00ed\u00e7o, tem planos para uma viagem de 40,000 km ao redor do mundo em seu carro que \u00e9 movido apenas pelo vento e ao sol. A Yverdon Escola de Engenharia tamb\u00e9m est\u00e1 apoiando este projeto verde chamado ICARE Project e tem como objetivo completar a viagem maravilhosa neste carro eco mesmo [&hellip;]<\/p>\n","protected":false},"author":1,"featured_media":18187,"comment_status":"open","ping_status":"open","sticky":false,"template":"","format":"standard","meta":{"footnotes":""},"categories":[31,6],"tags":[],"class_list":{"0":"post-18186","1":"post","2":"type-post","3":"status-publish","4":"format-standard","5":"has-post-thumbnail","7":"category-meio-ambiente","8":"category-noticias"},"yoast_head":"<!-- This site is optimized with the Yoast SEO plugin v27.2 - https:\/\/yoast.com\/product\/yoast-seo-wordpress\/ -->\n<title>Engenheiro su\u00ed\u00e7o planeja uma viagem de 40,000 km ao redor do mundo em seu carro ecol\u00f3gico - Instituto de Engenharia<\/title>\n<meta name=\"robots\" content=\"index, follow, max-snippet:-1, max-image-preview:large, max-video-preview:-1\" \/>\n<link rel=\"canonical\" href=\"https:\/\/www.institutodeengenharia.org.br\/site\/2010\/05\/17\/engenheiro-suico-planeja-uma-viagem-de-40000-km-ao-redor-do-mundo-em-seu-carro-ecologico\/\" \/>\n<meta property=\"og:locale\" content=\"pt_BR\" \/>\n<meta property=\"og:type\" content=\"article\" \/>\n<meta property=\"og:title\" content=\"Engenheiro su\u00ed\u00e7o planeja uma viagem de 40,000 km ao redor do mundo em seu carro ecol\u00f3gico - Instituto de Engenharia\" \/>\n<meta property=\"og:description\" content=\"Mark Muller, um engenheiro su\u00ed\u00e7o, tem planos para uma viagem de 40,000 km ao redor do mundo em seu carro que \u00e9 movido apenas pelo vento e ao sol. A Yverdon Escola de Engenharia tamb\u00e9m est\u00e1 apoiando este projeto verde chamado ICARE Project e tem como objetivo completar a viagem maravilhosa neste carro eco mesmo [&hellip;]\" \/>\n<meta property=\"og:url\" content=\"https:\/\/www.institutodeengenharia.org.br\/site\/2010\/05\/17\/engenheiro-suico-planeja-uma-viagem-de-40000-km-ao-redor-do-mundo-em-seu-carro-ecologico\/\" \/>\n<meta property=\"og:site_name\" content=\"Instituto de Engenharia\" \/>\n<meta property=\"article:publisher\" content=\"https:\/\/www.facebook.com\/institutodeengenharia\" \/>\n<meta property=\"article:published_time\" content=\"2010-05-17T22:44:44+00:00\" \/>\n<meta property=\"og:image\" content=\"https:\/\/www.institutodeengenharia.org.br\/site\/wp-content\/uploads\/2017\/10\/carro_1(2).jpg\" \/>\n\t<meta property=\"og:image:width\" content=\"550\" \/>\n\t<meta property=\"og:image:height\" content=\"349\" \/>\n\t<meta property=\"og:image:type\" content=\"image\/jpeg\" \/>\n<meta name=\"author\" content=\"TMax Tecnologia\" \/>\n<meta name=\"twitter:card\" content=\"summary_large_image\" \/>\n<meta name=\"twitter:creator\" content=\"@iengenharia\" \/>\n<meta name=\"twitter:site\" content=\"@iengenharia\" \/>\n<meta name=\"twitter:label1\" content=\"Escrito por\" \/>\n\t<meta name=\"twitter:data1\" content=\"TMax Tecnologia\" \/>\n<script type=\"application\/ld+json\" class=\"yoast-schema-graph\">{\"@context\":\"https:\/\/schema.org\",\"@graph\":[{\"@type\":\"Article\",\"@id\":\"https:\/\/www.institutodeengenharia.org.br\/site\/2010\/05\/17\/engenheiro-suico-planeja-uma-viagem-de-40000-km-ao-redor-do-mundo-em-seu-carro-ecologico\/#article\",\"isPartOf\":{\"@id\":\"https:\/\/www.institutodeengenharia.org.br\/site\/2010\/05\/17\/engenheiro-suico-planeja-uma-viagem-de-40000-km-ao-redor-do-mundo-em-seu-carro-ecologico\/\"},\"author\":{\"name\":\"TMax Tecnologia\",\"@id\":\"https:\/\/www.institutodeengenharia.org.br\/site\/#\/schema\/person\/3b1ff109facef084739fc2edcb9a127f\"},\"headline\":\"Engenheiro su\u00ed\u00e7o planeja uma viagem de 40,000 km ao redor do mundo em seu carro ecol\u00f3gico\",\"datePublished\":\"2010-05-17T22:44:44+00:00\",\"mainEntityOfPage\":{\"@id\":\"https:\/\/www.institutodeengenharia.org.br\/site\/2010\/05\/17\/engenheiro-suico-planeja-uma-viagem-de-40000-km-ao-redor-do-mundo-em-seu-carro-ecologico\/\"},\"wordCount\":107,\"commentCount\":0,\"publisher\":{\"@id\":\"https:\/\/www.institutodeengenharia.org.br\/site\/#organization\"},\"image\":{\"@id\":\"https:\/\/www.institutodeengenharia.org.br\/site\/2010\/05\/17\/engenheiro-suico-planeja-uma-viagem-de-40000-km-ao-redor-do-mundo-em-seu-carro-ecologico\/#primaryimage\"},\"thumbnailUrl\":\"https:\/\/www.institutodeengenharia.org.br\/site\/wp-content\/uploads\/2017\/10\/carro_1(2).jpg\",\"articleSection\":[\"Meio Ambiente\",\"Not\u00edcias\"],\"inLanguage\":\"pt-BR\",\"potentialAction\":[{\"@type\":\"CommentAction\",\"name\":\"Comment\",\"target\":[\"https:\/\/www.institutodeengenharia.org.br\/site\/2010\/05\/17\/engenheiro-suico-planeja-uma-viagem-de-40000-km-ao-redor-do-mundo-em-seu-carro-ecologico\/#respond\"]}]},{\"@type\":\"WebPage\",\"@id\":\"https:\/\/www.institutodeengenharia.org.br\/site\/2010\/05\/17\/engenheiro-suico-planeja-uma-viagem-de-40000-km-ao-redor-do-mundo-em-seu-carro-ecologico\/\",\"url\":\"https:\/\/www.institutodeengenharia.org.br\/site\/2010\/05\/17\/engenheiro-suico-planeja-uma-viagem-de-40000-km-ao-redor-do-mundo-em-seu-carro-ecologico\/\",\"name\":\"Engenheiro su\u00ed\u00e7o planeja uma viagem de 40,000 km ao redor do mundo em seu carro ecol\u00f3gico - Instituto de Engenharia\",\"isPartOf\":{\"@id\":\"https:\/\/www.institutodeengenharia.org.br\/site\/#website\"},\"primaryImageOfPage\":{\"@id\":\"https:\/\/www.institutodeengenharia.org.br\/site\/2010\/05\/17\/engenheiro-suico-planeja-uma-viagem-de-40000-km-ao-redor-do-mundo-em-seu-carro-ecologico\/#primaryimage\"},\"image\":{\"@id\":\"https:\/\/www.institutodeengenharia.org.br\/site\/2010\/05\/17\/engenheiro-suico-planeja-uma-viagem-de-40000-km-ao-redor-do-mundo-em-seu-carro-ecologico\/#primaryimage\"},\"thumbnailUrl\":\"https:\/\/www.institutodeengenharia.org.br\/site\/wp-content\/uploads\/2017\/10\/carro_1(2).jpg\",\"datePublished\":\"2010-05-17T22:44:44+00:00\",\"breadcrumb\":{\"@id\":\"https:\/\/www.institutodeengenharia.org.br\/site\/2010\/05\/17\/engenheiro-suico-planeja-uma-viagem-de-40000-km-ao-redor-do-mundo-em-seu-carro-ecologico\/#breadcrumb\"},\"inLanguage\":\"pt-BR\",\"potentialAction\":[{\"@type\":\"ReadAction\",\"target\":[\"https:\/\/www.institutodeengenharia.org.br\/site\/2010\/05\/17\/engenheiro-suico-planeja-uma-viagem-de-40000-km-ao-redor-do-mundo-em-seu-carro-ecologico\/\"]}]},{\"@type\":\"ImageObject\",\"inLanguage\":\"pt-BR\",\"@id\":\"https:\/\/www.institutodeengenharia.org.br\/site\/2010\/05\/17\/engenheiro-suico-planeja-uma-viagem-de-40000-km-ao-redor-do-mundo-em-seu-carro-ecologico\/#primaryimage\",\"url\":\"https:\/\/www.institutodeengenharia.org.br\/site\/wp-content\/uploads\/2017\/10\/carro_1(2).jpg\",\"contentUrl\":\"https:\/\/www.institutodeengenharia.org.br\/site\/wp-content\/uploads\/2017\/10\/carro_1(2).jpg\",\"width\":550,\"height\":349},{\"@type\":\"BreadcrumbList\",\"@id\":\"https:\/\/www.institutodeengenharia.org.br\/site\/2010\/05\/17\/engenheiro-suico-planeja-uma-viagem-de-40000-km-ao-redor-do-mundo-em-seu-carro-ecologico\/#breadcrumb\",\"itemListElement\":[{\"@type\":\"ListItem\",\"position\":1,\"name\":\"In\u00edcio\",\"item\":\"https:\/\/www.institutodeengenharia.org.br\/site\/\"},{\"@type\":\"ListItem\",\"position\":2,\"name\":\"Engenheiro su\u00ed\u00e7o planeja uma viagem de 40,000 km ao redor do mundo em seu carro ecol\u00f3gico\"}]},{\"@type\":\"WebSite\",\"@id\":\"https:\/\/www.institutodeengenharia.org.br\/site\/#website\",\"url\":\"https:\/\/www.institutodeengenharia.org.br\/site\/\",\"name\":\"Instituto de Engenharia\",\"description\":\"O Instituto de Engenharia promove a Engenharia em benef\u00edcio do desenvolvimento e da qualidade de vida da sociedade.\",\"publisher\":{\"@id\":\"https:\/\/www.institutodeengenharia.org.br\/site\/#organization\"},\"potentialAction\":[{\"@type\":\"SearchAction\",\"target\":{\"@type\":\"EntryPoint\",\"urlTemplate\":\"https:\/\/www.institutodeengenharia.org.br\/site\/?s={search_term_string}\"},\"query-input\":{\"@type\":\"PropertyValueSpecification\",\"valueRequired\":true,\"valueName\":\"search_term_string\"}}],\"inLanguage\":\"pt-BR\"},{\"@type\":\"Organization\",\"@id\":\"https:\/\/www.institutodeengenharia.org.br\/site\/#organization\",\"name\":\"Instituto de Engenharia\",\"url\":\"https:\/\/www.institutodeengenharia.org.br\/site\/\",\"logo\":{\"@type\":\"ImageObject\",\"inLanguage\":\"pt-BR\",\"@id\":\"https:\/\/www.institutodeengenharia.org.br\/site\/#\/schema\/logo\/image\/\",\"url\":\"https:\/\/www.institutodeengenharia.org.br\/site\/wp-content\/uploads\/2019\/03\/logo-novo-IE2018-1.jpg\",\"contentUrl\":\"https:\/\/www.institutodeengenharia.org.br\/site\/wp-content\/uploads\/2019\/03\/logo-novo-IE2018-1.jpg\",\"width\":1486,\"height\":1879,\"caption\":\"Instituto de Engenharia\"},\"image\":{\"@id\":\"https:\/\/www.institutodeengenharia.org.br\/site\/#\/schema\/logo\/image\/\"},\"sameAs\":[\"https:\/\/www.facebook.com\/institutodeengenharia\",\"https:\/\/x.com\/iengenharia\",\"https:\/\/www.instagram.com\/institutodeengenharia\/\",\"https:\/\/www.linkedin.com\/company\/instituto-de-engenharia\/\",\"https:\/\/www.youtube.com\/channel\/UCXiCAlsSMe977vamW915HxA\"]},{\"@type\":\"Person\",\"@id\":\"https:\/\/www.institutodeengenharia.org.br\/site\/#\/schema\/person\/3b1ff109facef084739fc2edcb9a127f\",\"name\":\"TMax Tecnologia\",\"image\":{\"@type\":\"ImageObject\",\"inLanguage\":\"pt-BR\",\"@id\":\"https:\/\/secure.gravatar.com\/avatar\/f912434ef7f389c92cb311fcdae346af848465d638912574b3c669070f797701?s=96&d=mm&r=g\",\"url\":\"https:\/\/secure.gravatar.com\/avatar\/f912434ef7f389c92cb311fcdae346af848465d638912574b3c669070f797701?s=96&d=mm&r=g\",\"contentUrl\":\"https:\/\/secure.gravatar.com\/avatar\/f912434ef7f389c92cb311fcdae346af848465d638912574b3c669070f797701?s=96&d=mm&r=g\",\"caption\":\"TMax Tecnologia\"},\"url\":\"https:\/\/www.institutodeengenharia.org.br\/site\/author\/tmax\/\"}]}<\/script>\n<!-- \/ Yoast SEO plugin. -->","yoast_head_json":{"title":"Engenheiro su\u00ed\u00e7o planeja uma viagem de 40,000 km ao redor do mundo em seu carro ecol\u00f3gico - Instituto de Engenharia","robots":{"index":"index","follow":"follow","max-snippet":"max-snippet:-1","max-image-preview":"max-image-preview:large","max-video-preview":"max-video-preview:-1"},"canonical":"https:\/\/www.institutodeengenharia.org.br\/site\/2010\/05\/17\/engenheiro-suico-planeja-uma-viagem-de-40000-km-ao-redor-do-mundo-em-seu-carro-ecologico\/","og_locale":"pt_BR","og_type":"article","og_title":"Engenheiro su\u00ed\u00e7o planeja uma viagem de 40,000 km ao redor do mundo em seu carro ecol\u00f3gico - Instituto de Engenharia","og_description":"Mark Muller, um engenheiro su\u00ed\u00e7o, tem planos para uma viagem de 40,000 km ao redor do mundo em seu carro que \u00e9 movido apenas pelo vento e ao sol. A Yverdon Escola de Engenharia tamb\u00e9m est\u00e1 apoiando este projeto verde chamado ICARE Project e tem como objetivo completar a viagem maravilhosa neste carro eco mesmo [&hellip;]","og_url":"https:\/\/www.institutodeengenharia.org.br\/site\/2010\/05\/17\/engenheiro-suico-planeja-uma-viagem-de-40000-km-ao-redor-do-mundo-em-seu-carro-ecologico\/","og_site_name":"Instituto de Engenharia","article_publisher":"https:\/\/www.facebook.com\/institutodeengenharia","article_published_time":"2010-05-17T22:44:44+00:00","og_image":[{"width":550,"height":349,"url":"https:\/\/www.institutodeengenharia.org.br\/site\/wp-content\/uploads\/2017\/10\/carro_1(2).jpg","type":"image\/jpeg"}],"author":"TMax Tecnologia","twitter_card":"summary_large_image","twitter_creator":"@iengenharia","twitter_site":"@iengenharia","twitter_misc":{"Escrito por":"TMax Tecnologia"},"schema":{"@context":"https:\/\/schema.org","@graph":[{"@type":"Article","@id":"https:\/\/www.institutodeengenharia.org.br\/site\/2010\/05\/17\/engenheiro-suico-planeja-uma-viagem-de-40000-km-ao-redor-do-mundo-em-seu-carro-ecologico\/#article","isPartOf":{"@id":"https:\/\/www.institutodeengenharia.org.br\/site\/2010\/05\/17\/engenheiro-suico-planeja-uma-viagem-de-40000-km-ao-redor-do-mundo-em-seu-carro-ecologico\/"},"author":{"name":"TMax Tecnologia","@id":"https:\/\/www.institutodeengenharia.org.br\/site\/#\/schema\/person\/3b1ff109facef084739fc2edcb9a127f"},"headline":"Engenheiro su\u00ed\u00e7o planeja uma viagem de 40,000 km ao redor do mundo em seu carro ecol\u00f3gico","datePublished":"2010-05-17T22:44:44+00:00","mainEntityOfPage":{"@id":"https:\/\/www.institutodeengenharia.org.br\/site\/2010\/05\/17\/engenheiro-suico-planeja-uma-viagem-de-40000-km-ao-redor-do-mundo-em-seu-carro-ecologico\/"},"wordCount":107,"commentCount":0,"publisher":{"@id":"https:\/\/www.institutodeengenharia.org.br\/site\/#organization"},"image":{"@id":"https:\/\/www.institutodeengenharia.org.br\/site\/2010\/05\/17\/engenheiro-suico-planeja-uma-viagem-de-40000-km-ao-redor-do-mundo-em-seu-carro-ecologico\/#primaryimage"},"thumbnailUrl":"https:\/\/www.institutodeengenharia.org.br\/site\/wp-content\/uploads\/2017\/10\/carro_1(2).jpg","articleSection":["Meio Ambiente","Not\u00edcias"],"inLanguage":"pt-BR","potentialAction":[{"@type":"CommentAction","name":"Comment","target":["https:\/\/www.institutodeengenharia.org.br\/site\/2010\/05\/17\/engenheiro-suico-planeja-uma-viagem-de-40000-km-ao-redor-do-mundo-em-seu-carro-ecologico\/#respond"]}]},{"@type":"WebPage","@id":"https:\/\/www.institutodeengenharia.org.br\/site\/2010\/05\/17\/engenheiro-suico-planeja-uma-viagem-de-40000-km-ao-redor-do-mundo-em-seu-carro-ecologico\/","url":"https:\/\/www.institutodeengenharia.org.br\/site\/2010\/05\/17\/engenheiro-suico-planeja-uma-viagem-de-40000-km-ao-redor-do-mundo-em-seu-carro-ecologico\/","name":"Engenheiro su\u00ed\u00e7o planeja uma viagem de 40,000 km ao redor do mundo em seu carro ecol\u00f3gico - Instituto de Engenharia","isPartOf":{"@id":"https:\/\/www.institutodeengenharia.org.br\/site\/#website"},"primaryImageOfPage":{"@id":"https:\/\/www.institutodeengenharia.org.br\/site\/2010\/05\/17\/engenheiro-suico-planeja-uma-viagem-de-40000-km-ao-redor-do-mundo-em-seu-carro-ecologico\/#primaryimage"},"image":{"@id":"https:\/\/www.institutodeengenharia.org.br\/site\/2010\/05\/17\/engenheiro-suico-planeja-uma-viagem-de-40000-km-ao-redor-do-mundo-em-seu-carro-ecologico\/#primaryimage"},"thumbnailUrl":"https:\/\/www.institutodeengenharia.org.br\/site\/wp-content\/uploads\/2017\/10\/carro_1(2).jpg","datePublished":"2010-05-17T22:44:44+00:00","breadcrumb":{"@id":"https:\/\/www.institutodeengenharia.org.br\/site\/2010\/05\/17\/engenheiro-suico-planeja-uma-viagem-de-40000-km-ao-redor-do-mundo-em-seu-carro-ecologico\/#breadcrumb"},"inLanguage":"pt-BR","potentialAction":[{"@type":"ReadAction","target":["https:\/\/www.institutodeengenharia.org.br\/site\/2010\/05\/17\/engenheiro-suico-planeja-uma-viagem-de-40000-km-ao-redor-do-mundo-em-seu-carro-ecologico\/"]}]},{"@type":"ImageObject","inLanguage":"pt-BR","@id":"https:\/\/www.institutodeengenharia.org.br\/site\/2010\/05\/17\/engenheiro-suico-planeja-uma-viagem-de-40000-km-ao-redor-do-mundo-em-seu-carro-ecologico\/#primaryimage","url":"https:\/\/www.institutodeengenharia.org.br\/site\/wp-content\/uploads\/2017\/10\/carro_1(2).jpg","contentUrl":"https:\/\/www.institutodeengenharia.org.br\/site\/wp-content\/uploads\/2017\/10\/carro_1(2).jpg","width":550,"height":349},{"@type":"BreadcrumbList","@id":"https:\/\/www.institutodeengenharia.org.br\/site\/2010\/05\/17\/engenheiro-suico-planeja-uma-viagem-de-40000-km-ao-redor-do-mundo-em-seu-carro-ecologico\/#breadcrumb","itemListElement":[{"@type":"ListItem","position":1,"name":"In\u00edcio","item":"https:\/\/www.institutodeengenharia.org.br\/site\/"},{"@type":"ListItem","position":2,"name":"Engenheiro su\u00ed\u00e7o planeja uma viagem de 40,000 km ao redor do mundo em seu carro ecol\u00f3gico"}]},{"@type":"WebSite","@id":"https:\/\/www.institutodeengenharia.org.br\/site\/#website","url":"https:\/\/www.institutodeengenharia.org.br\/site\/","name":"Instituto de Engenharia","description":"O Instituto de Engenharia promove a Engenharia em benef\u00edcio do desenvolvimento e da qualidade de vida da sociedade.","publisher":{"@id":"https:\/\/www.institutodeengenharia.org.br\/site\/#organization"},"potentialAction":[{"@type":"SearchAction","target":{"@type":"EntryPoint","urlTemplate":"https:\/\/www.institutodeengenharia.org.br\/site\/?s={search_term_string}"},"query-input":{"@type":"PropertyValueSpecification","valueRequired":true,"valueName":"search_term_string"}}],"inLanguage":"pt-BR"},{"@type":"Organization","@id":"https:\/\/www.institutodeengenharia.org.br\/site\/#organization","name":"Instituto de Engenharia","url":"https:\/\/www.institutodeengenharia.org.br\/site\/","logo":{"@type":"ImageObject","inLanguage":"pt-BR","@id":"https:\/\/www.institutodeengenharia.org.br\/site\/#\/schema\/logo\/image\/","url":"https:\/\/www.institutodeengenharia.org.br\/site\/wp-content\/uploads\/2019\/03\/logo-novo-IE2018-1.jpg","contentUrl":"https:\/\/www.institutodeengenharia.org.br\/site\/wp-content\/uploads\/2019\/03\/logo-novo-IE2018-1.jpg","width":1486,"height":1879,"caption":"Instituto de Engenharia"},"image":{"@id":"https:\/\/www.institutodeengenharia.org.br\/site\/#\/schema\/logo\/image\/"},"sameAs":["https:\/\/www.facebook.com\/institutodeengenharia","https:\/\/x.com\/iengenharia","https:\/\/www.instagram.com\/institutodeengenharia\/","https:\/\/www.linkedin.com\/company\/instituto-de-engenharia\/","https:\/\/www.youtube.com\/channel\/UCXiCAlsSMe977vamW915HxA"]},{"@type":"Person","@id":"https:\/\/www.institutodeengenharia.org.br\/site\/#\/schema\/person\/3b1ff109facef084739fc2edcb9a127f","name":"TMax Tecnologia","image":{"@type":"ImageObject","inLanguage":"pt-BR","@id":"https:\/\/secure.gravatar.com\/avatar\/f912434ef7f389c92cb311fcdae346af848465d638912574b3c669070f797701?s=96&d=mm&r=g","url":"https:\/\/secure.gravatar.com\/avatar\/f912434ef7f389c92cb311fcdae346af848465d638912574b3c669070f797701?s=96&d=mm&r=g","contentUrl":"https:\/\/secure.gravatar.com\/avatar\/f912434ef7f389c92cb311fcdae346af848465d638912574b3c669070f797701?s=96&d=mm&r=g","caption":"TMax Tecnologia"},"url":"https:\/\/www.institutodeengenharia.org.br\/site\/author\/tmax\/"}]}},"_links":{"self":[{"href":"https:\/\/www.institutodeengenharia.org.br\/site\/wp-json\/wp\/v2\/posts\/18186","targetHints":{"allow":["GET"]}}],"collection":[{"href":"https:\/\/www.institutodeengenharia.org.br\/site\/wp-json\/wp\/v2\/posts"}],"about":[{"href":"https:\/\/www.institutodeengenharia.org.br\/site\/wp-json\/wp\/v2\/types\/post"}],"author":[{"embeddable":true,"href":"https:\/\/www.institutodeengenharia.org.br\/site\/wp-json\/wp\/v2\/users\/1"}],"replies":[{"embeddable":true,"href":"https:\/\/www.institutodeengenharia.org.br\/site\/wp-json\/wp\/v2\/comments?post=18186"}],"version-history":[{"count":0,"href":"https:\/\/www.institutodeengenharia.org.br\/site\/wp-json\/wp\/v2\/posts\/18186\/revisions"}],"wp:featuredmedia":[{"embeddable":true,"href":"https:\/\/www.institutodeengenharia.org.br\/site\/wp-json\/wp\/v2\/media\/18187"}],"wp:attachment":[{"href":"https:\/\/www.institutodeengenharia.org.br\/site\/wp-json\/wp\/v2\/media?parent=18186"}],"wp:term":[{"taxonomy":"category","embeddable":true,"href":"https:\/\/www.institutodeengenharia.org.br\/site\/wp-json\/wp\/v2\/categories?post=18186"},{"taxonomy":"post_tag","embeddable":true,"href":"https:\/\/www.institutodeengenharia.org.br\/site\/wp-json\/wp\/v2\/tags?post=18186"}],"curies":[{"name":"wp","href":"https:\/\/api.w.org\/{rel}","templated":true}]}}