{"id":18155,"date":"2010-05-11T22:44:15","date_gmt":"2010-05-11T22:44:15","guid":{"rendered":"https:\/\/www.institutodeengenharia.org.br\/?p=18155"},"modified":"2010-05-11T16:26:52","modified_gmt":"2010-05-11T16:26:52","slug":"forca-aerea-brasileira-abre-cinco-vagas-para-engenheiros-civis","status":"publish","type":"post","link":"https:\/\/www.institutodeengenharia.org.br\/site\/2010\/05\/11\/forca-aerea-brasileira-abre-cinco-vagas-para-engenheiros-civis\/","title":{"rendered":"For\u00e7a A\u00e9rea Brasileira abre cinco vagas para engenheiros civis"},"content":{"rendered":"<p>A FAB (For\u00e7a A\u00e9rea Brasileira) abriu concurso para a contrata\u00e7\u00e3o de cinco engenheiros civis nas cidades de Fortaleza, Recife, Rio de Janeiro, Curitiba e Florian\u00f3polis. As inscri\u00e7\u00f5es ficam abertas at\u00e9 20 de maio. <\/p>\n<p>Para se inscrever, o candidato deve possuir gradua\u00e7\u00e3o completa em engenharia civil, registro no Crea (Conselho Regional de Engenharia, Arquitetura e Agronomia), ter menos de 36 anos at\u00e9 o dia 31 de dezembro de 2011, estar em dia com as obriga\u00e7\u00f5es eleitorais e militares, entre outros pr\u00e9-requisitos dispon\u00edveis no edital. <\/p>\n<p>Os profissionais aprovados far\u00e3o o Curso de Adapta\u00e7\u00e3o Militar no CIAAR (Centro de Instru\u00e7\u00e3o e Adapta\u00e7\u00e3o da Aeron\u00e1utica) em Belo Horizonte, Minas Gerais, com in\u00edcio previsto para 24 de janeiro de 2011 e dura\u00e7\u00e3o de 18 semanas. Os candidatos que conclu\u00edrem o treinamento ser\u00e3o nomeados Primeiro-Tenente e inclusos no respectivo Quadro, sendo designado para servir em Organiza\u00e7\u00e3o Militar da localidade escolhida no ato da inscri\u00e7\u00e3o, respeitando a sua classifica\u00e7\u00e3o no concurso. <\/p>\n<p>Al\u00e9m da remunera\u00e7\u00e3o em torno de R$ 6 mil, a FAB ainda oferece outros benef\u00edcios como assist\u00eancia m\u00e9dica e odontol\u00f3gica, aposentadoria integral, alimenta\u00e7\u00e3o e moradia. <\/p>\n<p>O processo seletivo contar\u00e1 com provas de portugu\u00eas, conhecimentos especializados, exames de sa\u00fade, avalia\u00e7\u00e3o psicol\u00f3gica e teste de condicionamento f\u00edsico. As provas escritas ser\u00e3o realizadas no dia 27 de junho de 2010, em 16 cidades brasileiras. O edital est\u00e1 dispon\u00edvel <a target=\"_blank\" href=\"http:\/\/www.ciaar.com.br\/concurso11eaoear.html\">aqui<\/a>. <\/p>\n<p><b>Autor: PINIWeb<\/b><\/p>\n","protected":false},"excerpt":{"rendered":"<p>A FAB (For\u00e7a A\u00e9rea Brasileira) abriu concurso para a contrata\u00e7\u00e3o de cinco engenheiros civis nas cidades de Fortaleza, Recife, Rio de Janeiro, Curitiba e Florian\u00f3polis. As inscri\u00e7\u00f5es ficam abertas at\u00e9 20 de maio. Para se inscrever, o candidato deve possuir gradua\u00e7\u00e3o completa em engenharia civil, registro no Crea (Conselho Regional de Engenharia, Arquitetura e Agronomia), [&hellip;]<\/p>\n","protected":false},"author":1,"featured_media":0,"comment_status":"open","ping_status":"open","sticky":false,"template":"","format":"standard","meta":{"footnotes":""},"categories":[6,35],"tags":[],"class_list":{"0":"post-18155","1":"post","2":"type-post","3":"status-publish","4":"format-standard","6":"category-noticias","7":"category-pesquisa-e-desenvolvimento"},"yoast_head":"<!-- This site is optimized with the Yoast SEO plugin v27.2 - https:\/\/yoast.com\/product\/yoast-seo-wordpress\/ -->\n<title>For\u00e7a A\u00e9rea Brasileira abre cinco vagas para engenheiros civis - Instituto de Engenharia<\/title>\n<meta name=\"robots\" content=\"index, follow, max-snippet:-1, max-image-preview:large, max-video-preview:-1\" \/>\n<link rel=\"canonical\" href=\"https:\/\/www.institutodeengenharia.org.br\/site\/2010\/05\/11\/forca-aerea-brasileira-abre-cinco-vagas-para-engenheiros-civis\/\" \/>\n<meta property=\"og:locale\" content=\"pt_BR\" \/>\n<meta property=\"og:type\" content=\"article\" \/>\n<meta property=\"og:title\" content=\"For\u00e7a A\u00e9rea Brasileira abre cinco vagas para engenheiros civis - Instituto de Engenharia\" \/>\n<meta property=\"og:description\" content=\"A FAB (For\u00e7a A\u00e9rea Brasileira) abriu concurso para a contrata\u00e7\u00e3o de cinco engenheiros civis nas cidades de Fortaleza, Recife, Rio de Janeiro, Curitiba e Florian\u00f3polis. As inscri\u00e7\u00f5es ficam abertas at\u00e9 20 de maio. Para se inscrever, o candidato deve possuir gradua\u00e7\u00e3o completa em engenharia civil, registro no Crea (Conselho Regional de Engenharia, Arquitetura e Agronomia), [&hellip;]\" \/>\n<meta property=\"og:url\" content=\"https:\/\/www.institutodeengenharia.org.br\/site\/2010\/05\/11\/forca-aerea-brasileira-abre-cinco-vagas-para-engenheiros-civis\/\" \/>\n<meta property=\"og:site_name\" content=\"Instituto de Engenharia\" \/>\n<meta property=\"article:publisher\" content=\"https:\/\/www.facebook.com\/institutodeengenharia\" \/>\n<meta property=\"article:published_time\" content=\"2010-05-11T22:44:15+00:00\" \/>\n<meta name=\"author\" content=\"TMax Tecnologia\" \/>\n<meta name=\"twitter:card\" content=\"summary_large_image\" \/>\n<meta name=\"twitter:creator\" content=\"@iengenharia\" \/>\n<meta name=\"twitter:site\" content=\"@iengenharia\" \/>\n<meta name=\"twitter:label1\" content=\"Escrito por\" \/>\n\t<meta name=\"twitter:data1\" content=\"TMax Tecnologia\" \/>\n\t<meta name=\"twitter:label2\" content=\"Est. tempo de leitura\" \/>\n\t<meta name=\"twitter:data2\" content=\"1 minuto\" \/>\n<script type=\"application\/ld+json\" class=\"yoast-schema-graph\">{\"@context\":\"https:\/\/schema.org\",\"@graph\":[{\"@type\":\"Article\",\"@id\":\"https:\/\/www.institutodeengenharia.org.br\/site\/2010\/05\/11\/forca-aerea-brasileira-abre-cinco-vagas-para-engenheiros-civis\/#article\",\"isPartOf\":{\"@id\":\"https:\/\/www.institutodeengenharia.org.br\/site\/2010\/05\/11\/forca-aerea-brasileira-abre-cinco-vagas-para-engenheiros-civis\/\"},\"author\":{\"name\":\"TMax Tecnologia\",\"@id\":\"https:\/\/www.institutodeengenharia.org.br\/site\/#\/schema\/person\/3b1ff109facef084739fc2edcb9a127f\"},\"headline\":\"For\u00e7a A\u00e9rea Brasileira abre cinco vagas para engenheiros civis\",\"datePublished\":\"2010-05-11T22:44:15+00:00\",\"mainEntityOfPage\":{\"@id\":\"https:\/\/www.institutodeengenharia.org.br\/site\/2010\/05\/11\/forca-aerea-brasileira-abre-cinco-vagas-para-engenheiros-civis\/\"},\"wordCount\":257,\"commentCount\":0,\"publisher\":{\"@id\":\"https:\/\/www.institutodeengenharia.org.br\/site\/#organization\"},\"articleSection\":[\"Not\u00edcias\",\"Pesquisa e Desenvolvimento\"],\"inLanguage\":\"pt-BR\",\"potentialAction\":[{\"@type\":\"CommentAction\",\"name\":\"Comment\",\"target\":[\"https:\/\/www.institutodeengenharia.org.br\/site\/2010\/05\/11\/forca-aerea-brasileira-abre-cinco-vagas-para-engenheiros-civis\/#respond\"]}]},{\"@type\":\"WebPage\",\"@id\":\"https:\/\/www.institutodeengenharia.org.br\/site\/2010\/05\/11\/forca-aerea-brasileira-abre-cinco-vagas-para-engenheiros-civis\/\",\"url\":\"https:\/\/www.institutodeengenharia.org.br\/site\/2010\/05\/11\/forca-aerea-brasileira-abre-cinco-vagas-para-engenheiros-civis\/\",\"name\":\"For\u00e7a A\u00e9rea Brasileira abre cinco vagas para engenheiros civis - Instituto de Engenharia\",\"isPartOf\":{\"@id\":\"https:\/\/www.institutodeengenharia.org.br\/site\/#website\"},\"datePublished\":\"2010-05-11T22:44:15+00:00\",\"breadcrumb\":{\"@id\":\"https:\/\/www.institutodeengenharia.org.br\/site\/2010\/05\/11\/forca-aerea-brasileira-abre-cinco-vagas-para-engenheiros-civis\/#breadcrumb\"},\"inLanguage\":\"pt-BR\",\"potentialAction\":[{\"@type\":\"ReadAction\",\"target\":[\"https:\/\/www.institutodeengenharia.org.br\/site\/2010\/05\/11\/forca-aerea-brasileira-abre-cinco-vagas-para-engenheiros-civis\/\"]}]},{\"@type\":\"BreadcrumbList\",\"@id\":\"https:\/\/www.institutodeengenharia.org.br\/site\/2010\/05\/11\/forca-aerea-brasileira-abre-cinco-vagas-para-engenheiros-civis\/#breadcrumb\",\"itemListElement\":[{\"@type\":\"ListItem\",\"position\":1,\"name\":\"In\u00edcio\",\"item\":\"https:\/\/www.institutodeengenharia.org.br\/site\/\"},{\"@type\":\"ListItem\",\"position\":2,\"name\":\"For\u00e7a A\u00e9rea Brasileira abre cinco vagas para engenheiros civis\"}]},{\"@type\":\"WebSite\",\"@id\":\"https:\/\/www.institutodeengenharia.org.br\/site\/#website\",\"url\":\"https:\/\/www.institutodeengenharia.org.br\/site\/\",\"name\":\"Instituto de Engenharia\",\"description\":\"O Instituto de Engenharia promove a Engenharia em benef\u00edcio do desenvolvimento e da qualidade de vida da sociedade.\",\"publisher\":{\"@id\":\"https:\/\/www.institutodeengenharia.org.br\/site\/#organization\"},\"potentialAction\":[{\"@type\":\"SearchAction\",\"target\":{\"@type\":\"EntryPoint\",\"urlTemplate\":\"https:\/\/www.institutodeengenharia.org.br\/site\/?s={search_term_string}\"},\"query-input\":{\"@type\":\"PropertyValueSpecification\",\"valueRequired\":true,\"valueName\":\"search_term_string\"}}],\"inLanguage\":\"pt-BR\"},{\"@type\":\"Organization\",\"@id\":\"https:\/\/www.institutodeengenharia.org.br\/site\/#organization\",\"name\":\"Instituto de Engenharia\",\"url\":\"https:\/\/www.institutodeengenharia.org.br\/site\/\",\"logo\":{\"@type\":\"ImageObject\",\"inLanguage\":\"pt-BR\",\"@id\":\"https:\/\/www.institutodeengenharia.org.br\/site\/#\/schema\/logo\/image\/\",\"url\":\"https:\/\/www.institutodeengenharia.org.br\/site\/wp-content\/uploads\/2019\/03\/logo-novo-IE2018-1.jpg\",\"contentUrl\":\"https:\/\/www.institutodeengenharia.org.br\/site\/wp-content\/uploads\/2019\/03\/logo-novo-IE2018-1.jpg\",\"width\":1486,\"height\":1879,\"caption\":\"Instituto de Engenharia\"},\"image\":{\"@id\":\"https:\/\/www.institutodeengenharia.org.br\/site\/#\/schema\/logo\/image\/\"},\"sameAs\":[\"https:\/\/www.facebook.com\/institutodeengenharia\",\"https:\/\/x.com\/iengenharia\",\"https:\/\/www.instagram.com\/institutodeengenharia\/\",\"https:\/\/www.linkedin.com\/company\/instituto-de-engenharia\/\",\"https:\/\/www.youtube.com\/channel\/UCXiCAlsSMe977vamW915HxA\"]},{\"@type\":\"Person\",\"@id\":\"https:\/\/www.institutodeengenharia.org.br\/site\/#\/schema\/person\/3b1ff109facef084739fc2edcb9a127f\",\"name\":\"TMax Tecnologia\",\"image\":{\"@type\":\"ImageObject\",\"inLanguage\":\"pt-BR\",\"@id\":\"https:\/\/secure.gravatar.com\/avatar\/f912434ef7f389c92cb311fcdae346af848465d638912574b3c669070f797701?s=96&d=mm&r=g\",\"url\":\"https:\/\/secure.gravatar.com\/avatar\/f912434ef7f389c92cb311fcdae346af848465d638912574b3c669070f797701?s=96&d=mm&r=g\",\"contentUrl\":\"https:\/\/secure.gravatar.com\/avatar\/f912434ef7f389c92cb311fcdae346af848465d638912574b3c669070f797701?s=96&d=mm&r=g\",\"caption\":\"TMax Tecnologia\"},\"url\":\"https:\/\/www.institutodeengenharia.org.br\/site\/author\/tmax\/\"}]}<\/script>\n<!-- \/ Yoast SEO plugin. -->","yoast_head_json":{"title":"For\u00e7a A\u00e9rea Brasileira abre cinco vagas para engenheiros civis - Instituto de Engenharia","robots":{"index":"index","follow":"follow","max-snippet":"max-snippet:-1","max-image-preview":"max-image-preview:large","max-video-preview":"max-video-preview:-1"},"canonical":"https:\/\/www.institutodeengenharia.org.br\/site\/2010\/05\/11\/forca-aerea-brasileira-abre-cinco-vagas-para-engenheiros-civis\/","og_locale":"pt_BR","og_type":"article","og_title":"For\u00e7a A\u00e9rea Brasileira abre cinco vagas para engenheiros civis - Instituto de Engenharia","og_description":"A FAB (For\u00e7a A\u00e9rea Brasileira) abriu concurso para a contrata\u00e7\u00e3o de cinco engenheiros civis nas cidades de Fortaleza, Recife, Rio de Janeiro, Curitiba e Florian\u00f3polis. As inscri\u00e7\u00f5es ficam abertas at\u00e9 20 de maio. Para se inscrever, o candidato deve possuir gradua\u00e7\u00e3o completa em engenharia civil, registro no Crea (Conselho Regional de Engenharia, Arquitetura e Agronomia), [&hellip;]","og_url":"https:\/\/www.institutodeengenharia.org.br\/site\/2010\/05\/11\/forca-aerea-brasileira-abre-cinco-vagas-para-engenheiros-civis\/","og_site_name":"Instituto de Engenharia","article_publisher":"https:\/\/www.facebook.com\/institutodeengenharia","article_published_time":"2010-05-11T22:44:15+00:00","author":"TMax Tecnologia","twitter_card":"summary_large_image","twitter_creator":"@iengenharia","twitter_site":"@iengenharia","twitter_misc":{"Escrito por":"TMax Tecnologia","Est. tempo de leitura":"1 minuto"},"schema":{"@context":"https:\/\/schema.org","@graph":[{"@type":"Article","@id":"https:\/\/www.institutodeengenharia.org.br\/site\/2010\/05\/11\/forca-aerea-brasileira-abre-cinco-vagas-para-engenheiros-civis\/#article","isPartOf":{"@id":"https:\/\/www.institutodeengenharia.org.br\/site\/2010\/05\/11\/forca-aerea-brasileira-abre-cinco-vagas-para-engenheiros-civis\/"},"author":{"name":"TMax Tecnologia","@id":"https:\/\/www.institutodeengenharia.org.br\/site\/#\/schema\/person\/3b1ff109facef084739fc2edcb9a127f"},"headline":"For\u00e7a A\u00e9rea Brasileira abre cinco vagas para engenheiros civis","datePublished":"2010-05-11T22:44:15+00:00","mainEntityOfPage":{"@id":"https:\/\/www.institutodeengenharia.org.br\/site\/2010\/05\/11\/forca-aerea-brasileira-abre-cinco-vagas-para-engenheiros-civis\/"},"wordCount":257,"commentCount":0,"publisher":{"@id":"https:\/\/www.institutodeengenharia.org.br\/site\/#organization"},"articleSection":["Not\u00edcias","Pesquisa e Desenvolvimento"],"inLanguage":"pt-BR","potentialAction":[{"@type":"CommentAction","name":"Comment","target":["https:\/\/www.institutodeengenharia.org.br\/site\/2010\/05\/11\/forca-aerea-brasileira-abre-cinco-vagas-para-engenheiros-civis\/#respond"]}]},{"@type":"WebPage","@id":"https:\/\/www.institutodeengenharia.org.br\/site\/2010\/05\/11\/forca-aerea-brasileira-abre-cinco-vagas-para-engenheiros-civis\/","url":"https:\/\/www.institutodeengenharia.org.br\/site\/2010\/05\/11\/forca-aerea-brasileira-abre-cinco-vagas-para-engenheiros-civis\/","name":"For\u00e7a A\u00e9rea Brasileira abre cinco vagas para engenheiros civis - Instituto de Engenharia","isPartOf":{"@id":"https:\/\/www.institutodeengenharia.org.br\/site\/#website"},"datePublished":"2010-05-11T22:44:15+00:00","breadcrumb":{"@id":"https:\/\/www.institutodeengenharia.org.br\/site\/2010\/05\/11\/forca-aerea-brasileira-abre-cinco-vagas-para-engenheiros-civis\/#breadcrumb"},"inLanguage":"pt-BR","potentialAction":[{"@type":"ReadAction","target":["https:\/\/www.institutodeengenharia.org.br\/site\/2010\/05\/11\/forca-aerea-brasileira-abre-cinco-vagas-para-engenheiros-civis\/"]}]},{"@type":"BreadcrumbList","@id":"https:\/\/www.institutodeengenharia.org.br\/site\/2010\/05\/11\/forca-aerea-brasileira-abre-cinco-vagas-para-engenheiros-civis\/#breadcrumb","itemListElement":[{"@type":"ListItem","position":1,"name":"In\u00edcio","item":"https:\/\/www.institutodeengenharia.org.br\/site\/"},{"@type":"ListItem","position":2,"name":"For\u00e7a A\u00e9rea Brasileira abre cinco vagas para engenheiros civis"}]},{"@type":"WebSite","@id":"https:\/\/www.institutodeengenharia.org.br\/site\/#website","url":"https:\/\/www.institutodeengenharia.org.br\/site\/","name":"Instituto de Engenharia","description":"O Instituto de Engenharia promove a Engenharia em benef\u00edcio do desenvolvimento e da qualidade de vida da sociedade.","publisher":{"@id":"https:\/\/www.institutodeengenharia.org.br\/site\/#organization"},"potentialAction":[{"@type":"SearchAction","target":{"@type":"EntryPoint","urlTemplate":"https:\/\/www.institutodeengenharia.org.br\/site\/?s={search_term_string}"},"query-input":{"@type":"PropertyValueSpecification","valueRequired":true,"valueName":"search_term_string"}}],"inLanguage":"pt-BR"},{"@type":"Organization","@id":"https:\/\/www.institutodeengenharia.org.br\/site\/#organization","name":"Instituto de Engenharia","url":"https:\/\/www.institutodeengenharia.org.br\/site\/","logo":{"@type":"ImageObject","inLanguage":"pt-BR","@id":"https:\/\/www.institutodeengenharia.org.br\/site\/#\/schema\/logo\/image\/","url":"https:\/\/www.institutodeengenharia.org.br\/site\/wp-content\/uploads\/2019\/03\/logo-novo-IE2018-1.jpg","contentUrl":"https:\/\/www.institutodeengenharia.org.br\/site\/wp-content\/uploads\/2019\/03\/logo-novo-IE2018-1.jpg","width":1486,"height":1879,"caption":"Instituto de Engenharia"},"image":{"@id":"https:\/\/www.institutodeengenharia.org.br\/site\/#\/schema\/logo\/image\/"},"sameAs":["https:\/\/www.facebook.com\/institutodeengenharia","https:\/\/x.com\/iengenharia","https:\/\/www.instagram.com\/institutodeengenharia\/","https:\/\/www.linkedin.com\/company\/instituto-de-engenharia\/","https:\/\/www.youtube.com\/channel\/UCXiCAlsSMe977vamW915HxA"]},{"@type":"Person","@id":"https:\/\/www.institutodeengenharia.org.br\/site\/#\/schema\/person\/3b1ff109facef084739fc2edcb9a127f","name":"TMax Tecnologia","image":{"@type":"ImageObject","inLanguage":"pt-BR","@id":"https:\/\/secure.gravatar.com\/avatar\/f912434ef7f389c92cb311fcdae346af848465d638912574b3c669070f797701?s=96&d=mm&r=g","url":"https:\/\/secure.gravatar.com\/avatar\/f912434ef7f389c92cb311fcdae346af848465d638912574b3c669070f797701?s=96&d=mm&r=g","contentUrl":"https:\/\/secure.gravatar.com\/avatar\/f912434ef7f389c92cb311fcdae346af848465d638912574b3c669070f797701?s=96&d=mm&r=g","caption":"TMax Tecnologia"},"url":"https:\/\/www.institutodeengenharia.org.br\/site\/author\/tmax\/"}]}},"_links":{"self":[{"href":"https:\/\/www.institutodeengenharia.org.br\/site\/wp-json\/wp\/v2\/posts\/18155","targetHints":{"allow":["GET"]}}],"collection":[{"href":"https:\/\/www.institutodeengenharia.org.br\/site\/wp-json\/wp\/v2\/posts"}],"about":[{"href":"https:\/\/www.institutodeengenharia.org.br\/site\/wp-json\/wp\/v2\/types\/post"}],"author":[{"embeddable":true,"href":"https:\/\/www.institutodeengenharia.org.br\/site\/wp-json\/wp\/v2\/users\/1"}],"replies":[{"embeddable":true,"href":"https:\/\/www.institutodeengenharia.org.br\/site\/wp-json\/wp\/v2\/comments?post=18155"}],"version-history":[{"count":0,"href":"https:\/\/www.institutodeengenharia.org.br\/site\/wp-json\/wp\/v2\/posts\/18155\/revisions"}],"wp:attachment":[{"href":"https:\/\/www.institutodeengenharia.org.br\/site\/wp-json\/wp\/v2\/media?parent=18155"}],"wp:term":[{"taxonomy":"category","embeddable":true,"href":"https:\/\/www.institutodeengenharia.org.br\/site\/wp-json\/wp\/v2\/categories?post=18155"},{"taxonomy":"post_tag","embeddable":true,"href":"https:\/\/www.institutodeengenharia.org.br\/site\/wp-json\/wp\/v2\/tags?post=18155"}],"curies":[{"name":"wp","href":"https:\/\/api.w.org\/{rel}","templated":true}]}}