{"id":18153,"date":"2010-05-11T22:44:13","date_gmt":"2010-05-11T22:44:13","guid":{"rendered":"https:\/\/www.institutodeengenharia.org.br\/?p=18153"},"modified":"2010-05-11T16:22:34","modified_gmt":"2010-05-11T16:22:34","slug":"grupo-vencedor-de-belo-monte-inicia-fase-de-habilitacao-na-aneel","status":"publish","type":"post","link":"https:\/\/www.institutodeengenharia.org.br\/site\/2010\/05\/11\/grupo-vencedor-de-belo-monte-inicia-fase-de-habilitacao-na-aneel\/","title":{"rendered":"Grupo vencedor de Belo Monte inicia fase de habilita\u00e7\u00e3o na Aneel"},"content":{"rendered":"<p>O cons\u00f3rcio Norte Energia, vencedor do leil\u00e3o da hidrel\u00e9trica de Belo Monte, no Rio Xingu (PA), protocolou hoje na Ag\u00eancia Nacional de Energia El\u00e9trica (Aneel) a documenta\u00e7\u00e3o necess\u00e1ria para habilitar as empresas que comp\u00f5em o grupo. A an\u00e1lise da ag\u00eancia inicia hoje e ser\u00e1 conclu\u00edda at\u00e9 o dia 24 deste m\u00eas. <\/p>\n<p>O cons\u00f3rcio Norte Energia \u00e9 formado por nove empresas, entre companhias do setor de energia e empreiteiras: a estatal Companhia Hidro El\u00e9trica do S\u00e3o Francisco (Chesf), com 49,98% de participa\u00e7\u00e3o, Construtora Queiroz Galv\u00e3o (10,02%), Gaia Energia (10,02%), J Malucelli Construtora de Obras (9,98%), Cetenco Engenharia (5%), Galv\u00e3o Engenharia (3,75%), Mendes Junior Trading Engenharia (3,75%), Serveng-Civilsan (3,75%) e Contern Constru\u00e7\u00f5es (3,75%). O grupo venceu o leil\u00e3o no \u00faltimo dia 20, ao apresentar o lance final com o pre\u00e7o da energia a R$ 77,97 por megawatt-hora (MWh). <\/p>\n<p>O cronograma da Comiss\u00e3o Especial de Licita\u00e7\u00e3o (CEL) da Aneel fixou o prazo de entrega do conjunto de documentos por cada uma das empresas consorciadas at\u00e9 as 18 horas de hoje. Entre as exig\u00eancias expressas no edital est\u00e3o o envio de informa\u00e7\u00f5es para qualifica\u00e7\u00e3o jur\u00eddica pelos representantes legais, qualifica\u00e7\u00e3o econ\u00f4mico-financeira, como a apresenta\u00e7\u00e3o de nada consta em certid\u00e3o de fal\u00eancia, comprova\u00e7\u00e3o de regularidade fiscal e diagrama do grupo econ\u00f4mico, com a abertura do quadro de acionistas que formam o cons\u00f3rcio. <\/p>\n<p>No m\u00eas passado, representantes do Norte Energia haviam manifestado interesse de adiantar a entrega dos documentos e antecipar, para julho, a outorga de concess\u00e3o da usina, prevista para o dia 23 de setembro. <\/p>\n<p>Na \u00faltima semana, o diretor-geral da ag\u00eancia, Nelson Hubner, chegou a afirmar que a antecipa\u00e7\u00e3o da assinatura dos contratos dependia exclusivamente dos empreendedores do cons\u00f3rcio vencedor. <\/p>\n<p>Antes da assinatura dos contratos, o grupo vencedor ter\u00e1 de entregar \u00e0 Aneel a Garantia de Fiel Cumprimento, no valor de R$ 1,045 bilh\u00e3o. At\u00e9 o momento, n\u00e3o houve mudan\u00e7as no cronograma da estabelecido e a outorga est\u00e1 mantida para setembro. <\/p>\n<p><b>Autor: Valor Econ\u00f4mico<\/b><\/p>\n","protected":false},"excerpt":{"rendered":"<p>O cons\u00f3rcio Norte Energia, vencedor do leil\u00e3o da hidrel\u00e9trica de Belo Monte, no Rio Xingu (PA), protocolou hoje na Ag\u00eancia Nacional de Energia El\u00e9trica (Aneel) a documenta\u00e7\u00e3o necess\u00e1ria para habilitar as empresas que comp\u00f5em o grupo. A an\u00e1lise da ag\u00eancia inicia hoje e ser\u00e1 conclu\u00edda at\u00e9 o dia 24 deste m\u00eas. O cons\u00f3rcio Norte Energia [&hellip;]<\/p>\n","protected":false},"author":1,"featured_media":0,"comment_status":"open","ping_status":"open","sticky":false,"template":"","format":"standard","meta":{"footnotes":""},"categories":[24,6],"tags":[],"class_list":{"0":"post-18153","1":"post","2":"type-post","3":"status-publish","4":"format-standard","6":"category-energia","7":"category-noticias"},"yoast_head":"<!-- This site is optimized with the Yoast SEO plugin v27.2 - https:\/\/yoast.com\/product\/yoast-seo-wordpress\/ -->\n<title>Grupo vencedor de Belo Monte inicia fase de habilita\u00e7\u00e3o na Aneel - Instituto de Engenharia<\/title>\n<meta name=\"robots\" content=\"index, follow, max-snippet:-1, max-image-preview:large, max-video-preview:-1\" \/>\n<link rel=\"canonical\" href=\"https:\/\/www.institutodeengenharia.org.br\/site\/2010\/05\/11\/grupo-vencedor-de-belo-monte-inicia-fase-de-habilitacao-na-aneel\/\" \/>\n<meta property=\"og:locale\" content=\"pt_BR\" \/>\n<meta property=\"og:type\" content=\"article\" \/>\n<meta property=\"og:title\" content=\"Grupo vencedor de Belo Monte inicia fase de habilita\u00e7\u00e3o na Aneel - Instituto de Engenharia\" \/>\n<meta property=\"og:description\" content=\"O cons\u00f3rcio Norte Energia, vencedor do leil\u00e3o da hidrel\u00e9trica de Belo Monte, no Rio Xingu (PA), protocolou hoje na Ag\u00eancia Nacional de Energia El\u00e9trica (Aneel) a documenta\u00e7\u00e3o necess\u00e1ria para habilitar as empresas que comp\u00f5em o grupo. A an\u00e1lise da ag\u00eancia inicia hoje e ser\u00e1 conclu\u00edda at\u00e9 o dia 24 deste m\u00eas. O cons\u00f3rcio Norte Energia [&hellip;]\" \/>\n<meta property=\"og:url\" content=\"https:\/\/www.institutodeengenharia.org.br\/site\/2010\/05\/11\/grupo-vencedor-de-belo-monte-inicia-fase-de-habilitacao-na-aneel\/\" \/>\n<meta property=\"og:site_name\" content=\"Instituto de Engenharia\" \/>\n<meta property=\"article:publisher\" content=\"https:\/\/www.facebook.com\/institutodeengenharia\" \/>\n<meta property=\"article:published_time\" content=\"2010-05-11T22:44:13+00:00\" \/>\n<meta name=\"author\" content=\"TMax Tecnologia\" \/>\n<meta name=\"twitter:card\" content=\"summary_large_image\" \/>\n<meta name=\"twitter:creator\" content=\"@iengenharia\" \/>\n<meta name=\"twitter:site\" content=\"@iengenharia\" \/>\n<meta name=\"twitter:label1\" content=\"Escrito por\" \/>\n\t<meta name=\"twitter:data1\" content=\"TMax Tecnologia\" \/>\n\t<meta name=\"twitter:label2\" content=\"Est. tempo de leitura\" \/>\n\t<meta name=\"twitter:data2\" content=\"2 minutos\" \/>\n<script type=\"application\/ld+json\" class=\"yoast-schema-graph\">{\"@context\":\"https:\/\/schema.org\",\"@graph\":[{\"@type\":\"Article\",\"@id\":\"https:\/\/www.institutodeengenharia.org.br\/site\/2010\/05\/11\/grupo-vencedor-de-belo-monte-inicia-fase-de-habilitacao-na-aneel\/#article\",\"isPartOf\":{\"@id\":\"https:\/\/www.institutodeengenharia.org.br\/site\/2010\/05\/11\/grupo-vencedor-de-belo-monte-inicia-fase-de-habilitacao-na-aneel\/\"},\"author\":{\"name\":\"TMax Tecnologia\",\"@id\":\"https:\/\/www.institutodeengenharia.org.br\/site\/#\/schema\/person\/3b1ff109facef084739fc2edcb9a127f\"},\"headline\":\"Grupo vencedor de Belo Monte inicia fase de habilita\u00e7\u00e3o na Aneel\",\"datePublished\":\"2010-05-11T22:44:13+00:00\",\"mainEntityOfPage\":{\"@id\":\"https:\/\/www.institutodeengenharia.org.br\/site\/2010\/05\/11\/grupo-vencedor-de-belo-monte-inicia-fase-de-habilitacao-na-aneel\/\"},\"wordCount\":359,\"commentCount\":0,\"publisher\":{\"@id\":\"https:\/\/www.institutodeengenharia.org.br\/site\/#organization\"},\"articleSection\":[\"Energia\",\"Not\u00edcias\"],\"inLanguage\":\"pt-BR\",\"potentialAction\":[{\"@type\":\"CommentAction\",\"name\":\"Comment\",\"target\":[\"https:\/\/www.institutodeengenharia.org.br\/site\/2010\/05\/11\/grupo-vencedor-de-belo-monte-inicia-fase-de-habilitacao-na-aneel\/#respond\"]}]},{\"@type\":\"WebPage\",\"@id\":\"https:\/\/www.institutodeengenharia.org.br\/site\/2010\/05\/11\/grupo-vencedor-de-belo-monte-inicia-fase-de-habilitacao-na-aneel\/\",\"url\":\"https:\/\/www.institutodeengenharia.org.br\/site\/2010\/05\/11\/grupo-vencedor-de-belo-monte-inicia-fase-de-habilitacao-na-aneel\/\",\"name\":\"Grupo vencedor de Belo Monte inicia fase de habilita\u00e7\u00e3o na Aneel - Instituto de Engenharia\",\"isPartOf\":{\"@id\":\"https:\/\/www.institutodeengenharia.org.br\/site\/#website\"},\"datePublished\":\"2010-05-11T22:44:13+00:00\",\"breadcrumb\":{\"@id\":\"https:\/\/www.institutodeengenharia.org.br\/site\/2010\/05\/11\/grupo-vencedor-de-belo-monte-inicia-fase-de-habilitacao-na-aneel\/#breadcrumb\"},\"inLanguage\":\"pt-BR\",\"potentialAction\":[{\"@type\":\"ReadAction\",\"target\":[\"https:\/\/www.institutodeengenharia.org.br\/site\/2010\/05\/11\/grupo-vencedor-de-belo-monte-inicia-fase-de-habilitacao-na-aneel\/\"]}]},{\"@type\":\"BreadcrumbList\",\"@id\":\"https:\/\/www.institutodeengenharia.org.br\/site\/2010\/05\/11\/grupo-vencedor-de-belo-monte-inicia-fase-de-habilitacao-na-aneel\/#breadcrumb\",\"itemListElement\":[{\"@type\":\"ListItem\",\"position\":1,\"name\":\"In\u00edcio\",\"item\":\"https:\/\/www.institutodeengenharia.org.br\/site\/\"},{\"@type\":\"ListItem\",\"position\":2,\"name\":\"Grupo vencedor de Belo Monte inicia fase de habilita\u00e7\u00e3o na Aneel\"}]},{\"@type\":\"WebSite\",\"@id\":\"https:\/\/www.institutodeengenharia.org.br\/site\/#website\",\"url\":\"https:\/\/www.institutodeengenharia.org.br\/site\/\",\"name\":\"Instituto de Engenharia\",\"description\":\"O Instituto de Engenharia promove a Engenharia em benef\u00edcio do desenvolvimento e da qualidade de vida da sociedade.\",\"publisher\":{\"@id\":\"https:\/\/www.institutodeengenharia.org.br\/site\/#organization\"},\"potentialAction\":[{\"@type\":\"SearchAction\",\"target\":{\"@type\":\"EntryPoint\",\"urlTemplate\":\"https:\/\/www.institutodeengenharia.org.br\/site\/?s={search_term_string}\"},\"query-input\":{\"@type\":\"PropertyValueSpecification\",\"valueRequired\":true,\"valueName\":\"search_term_string\"}}],\"inLanguage\":\"pt-BR\"},{\"@type\":\"Organization\",\"@id\":\"https:\/\/www.institutodeengenharia.org.br\/site\/#organization\",\"name\":\"Instituto de Engenharia\",\"url\":\"https:\/\/www.institutodeengenharia.org.br\/site\/\",\"logo\":{\"@type\":\"ImageObject\",\"inLanguage\":\"pt-BR\",\"@id\":\"https:\/\/www.institutodeengenharia.org.br\/site\/#\/schema\/logo\/image\/\",\"url\":\"https:\/\/www.institutodeengenharia.org.br\/site\/wp-content\/uploads\/2019\/03\/logo-novo-IE2018-1.jpg\",\"contentUrl\":\"https:\/\/www.institutodeengenharia.org.br\/site\/wp-content\/uploads\/2019\/03\/logo-novo-IE2018-1.jpg\",\"width\":1486,\"height\":1879,\"caption\":\"Instituto de Engenharia\"},\"image\":{\"@id\":\"https:\/\/www.institutodeengenharia.org.br\/site\/#\/schema\/logo\/image\/\"},\"sameAs\":[\"https:\/\/www.facebook.com\/institutodeengenharia\",\"https:\/\/x.com\/iengenharia\",\"https:\/\/www.instagram.com\/institutodeengenharia\/\",\"https:\/\/www.linkedin.com\/company\/instituto-de-engenharia\/\",\"https:\/\/www.youtube.com\/channel\/UCXiCAlsSMe977vamW915HxA\"]},{\"@type\":\"Person\",\"@id\":\"https:\/\/www.institutodeengenharia.org.br\/site\/#\/schema\/person\/3b1ff109facef084739fc2edcb9a127f\",\"name\":\"TMax Tecnologia\",\"image\":{\"@type\":\"ImageObject\",\"inLanguage\":\"pt-BR\",\"@id\":\"https:\/\/secure.gravatar.com\/avatar\/f912434ef7f389c92cb311fcdae346af848465d638912574b3c669070f797701?s=96&d=mm&r=g\",\"url\":\"https:\/\/secure.gravatar.com\/avatar\/f912434ef7f389c92cb311fcdae346af848465d638912574b3c669070f797701?s=96&d=mm&r=g\",\"contentUrl\":\"https:\/\/secure.gravatar.com\/avatar\/f912434ef7f389c92cb311fcdae346af848465d638912574b3c669070f797701?s=96&d=mm&r=g\",\"caption\":\"TMax Tecnologia\"},\"url\":\"https:\/\/www.institutodeengenharia.org.br\/site\/author\/tmax\/\"}]}<\/script>\n<!-- \/ Yoast SEO plugin. -->","yoast_head_json":{"title":"Grupo vencedor de Belo Monte inicia fase de habilita\u00e7\u00e3o na Aneel - Instituto de Engenharia","robots":{"index":"index","follow":"follow","max-snippet":"max-snippet:-1","max-image-preview":"max-image-preview:large","max-video-preview":"max-video-preview:-1"},"canonical":"https:\/\/www.institutodeengenharia.org.br\/site\/2010\/05\/11\/grupo-vencedor-de-belo-monte-inicia-fase-de-habilitacao-na-aneel\/","og_locale":"pt_BR","og_type":"article","og_title":"Grupo vencedor de Belo Monte inicia fase de habilita\u00e7\u00e3o na Aneel - Instituto de Engenharia","og_description":"O cons\u00f3rcio Norte Energia, vencedor do leil\u00e3o da hidrel\u00e9trica de Belo Monte, no Rio Xingu (PA), protocolou hoje na Ag\u00eancia Nacional de Energia El\u00e9trica (Aneel) a documenta\u00e7\u00e3o necess\u00e1ria para habilitar as empresas que comp\u00f5em o grupo. A an\u00e1lise da ag\u00eancia inicia hoje e ser\u00e1 conclu\u00edda at\u00e9 o dia 24 deste m\u00eas. O cons\u00f3rcio Norte Energia [&hellip;]","og_url":"https:\/\/www.institutodeengenharia.org.br\/site\/2010\/05\/11\/grupo-vencedor-de-belo-monte-inicia-fase-de-habilitacao-na-aneel\/","og_site_name":"Instituto de Engenharia","article_publisher":"https:\/\/www.facebook.com\/institutodeengenharia","article_published_time":"2010-05-11T22:44:13+00:00","author":"TMax Tecnologia","twitter_card":"summary_large_image","twitter_creator":"@iengenharia","twitter_site":"@iengenharia","twitter_misc":{"Escrito por":"TMax Tecnologia","Est. tempo de leitura":"2 minutos"},"schema":{"@context":"https:\/\/schema.org","@graph":[{"@type":"Article","@id":"https:\/\/www.institutodeengenharia.org.br\/site\/2010\/05\/11\/grupo-vencedor-de-belo-monte-inicia-fase-de-habilitacao-na-aneel\/#article","isPartOf":{"@id":"https:\/\/www.institutodeengenharia.org.br\/site\/2010\/05\/11\/grupo-vencedor-de-belo-monte-inicia-fase-de-habilitacao-na-aneel\/"},"author":{"name":"TMax Tecnologia","@id":"https:\/\/www.institutodeengenharia.org.br\/site\/#\/schema\/person\/3b1ff109facef084739fc2edcb9a127f"},"headline":"Grupo vencedor de Belo Monte inicia fase de habilita\u00e7\u00e3o na Aneel","datePublished":"2010-05-11T22:44:13+00:00","mainEntityOfPage":{"@id":"https:\/\/www.institutodeengenharia.org.br\/site\/2010\/05\/11\/grupo-vencedor-de-belo-monte-inicia-fase-de-habilitacao-na-aneel\/"},"wordCount":359,"commentCount":0,"publisher":{"@id":"https:\/\/www.institutodeengenharia.org.br\/site\/#organization"},"articleSection":["Energia","Not\u00edcias"],"inLanguage":"pt-BR","potentialAction":[{"@type":"CommentAction","name":"Comment","target":["https:\/\/www.institutodeengenharia.org.br\/site\/2010\/05\/11\/grupo-vencedor-de-belo-monte-inicia-fase-de-habilitacao-na-aneel\/#respond"]}]},{"@type":"WebPage","@id":"https:\/\/www.institutodeengenharia.org.br\/site\/2010\/05\/11\/grupo-vencedor-de-belo-monte-inicia-fase-de-habilitacao-na-aneel\/","url":"https:\/\/www.institutodeengenharia.org.br\/site\/2010\/05\/11\/grupo-vencedor-de-belo-monte-inicia-fase-de-habilitacao-na-aneel\/","name":"Grupo vencedor de Belo Monte inicia fase de habilita\u00e7\u00e3o na Aneel - Instituto de Engenharia","isPartOf":{"@id":"https:\/\/www.institutodeengenharia.org.br\/site\/#website"},"datePublished":"2010-05-11T22:44:13+00:00","breadcrumb":{"@id":"https:\/\/www.institutodeengenharia.org.br\/site\/2010\/05\/11\/grupo-vencedor-de-belo-monte-inicia-fase-de-habilitacao-na-aneel\/#breadcrumb"},"inLanguage":"pt-BR","potentialAction":[{"@type":"ReadAction","target":["https:\/\/www.institutodeengenharia.org.br\/site\/2010\/05\/11\/grupo-vencedor-de-belo-monte-inicia-fase-de-habilitacao-na-aneel\/"]}]},{"@type":"BreadcrumbList","@id":"https:\/\/www.institutodeengenharia.org.br\/site\/2010\/05\/11\/grupo-vencedor-de-belo-monte-inicia-fase-de-habilitacao-na-aneel\/#breadcrumb","itemListElement":[{"@type":"ListItem","position":1,"name":"In\u00edcio","item":"https:\/\/www.institutodeengenharia.org.br\/site\/"},{"@type":"ListItem","position":2,"name":"Grupo vencedor de Belo Monte inicia fase de habilita\u00e7\u00e3o na Aneel"}]},{"@type":"WebSite","@id":"https:\/\/www.institutodeengenharia.org.br\/site\/#website","url":"https:\/\/www.institutodeengenharia.org.br\/site\/","name":"Instituto de Engenharia","description":"O Instituto de Engenharia promove a Engenharia em benef\u00edcio do desenvolvimento e da qualidade de vida da sociedade.","publisher":{"@id":"https:\/\/www.institutodeengenharia.org.br\/site\/#organization"},"potentialAction":[{"@type":"SearchAction","target":{"@type":"EntryPoint","urlTemplate":"https:\/\/www.institutodeengenharia.org.br\/site\/?s={search_term_string}"},"query-input":{"@type":"PropertyValueSpecification","valueRequired":true,"valueName":"search_term_string"}}],"inLanguage":"pt-BR"},{"@type":"Organization","@id":"https:\/\/www.institutodeengenharia.org.br\/site\/#organization","name":"Instituto de Engenharia","url":"https:\/\/www.institutodeengenharia.org.br\/site\/","logo":{"@type":"ImageObject","inLanguage":"pt-BR","@id":"https:\/\/www.institutodeengenharia.org.br\/site\/#\/schema\/logo\/image\/","url":"https:\/\/www.institutodeengenharia.org.br\/site\/wp-content\/uploads\/2019\/03\/logo-novo-IE2018-1.jpg","contentUrl":"https:\/\/www.institutodeengenharia.org.br\/site\/wp-content\/uploads\/2019\/03\/logo-novo-IE2018-1.jpg","width":1486,"height":1879,"caption":"Instituto de Engenharia"},"image":{"@id":"https:\/\/www.institutodeengenharia.org.br\/site\/#\/schema\/logo\/image\/"},"sameAs":["https:\/\/www.facebook.com\/institutodeengenharia","https:\/\/x.com\/iengenharia","https:\/\/www.instagram.com\/institutodeengenharia\/","https:\/\/www.linkedin.com\/company\/instituto-de-engenharia\/","https:\/\/www.youtube.com\/channel\/UCXiCAlsSMe977vamW915HxA"]},{"@type":"Person","@id":"https:\/\/www.institutodeengenharia.org.br\/site\/#\/schema\/person\/3b1ff109facef084739fc2edcb9a127f","name":"TMax Tecnologia","image":{"@type":"ImageObject","inLanguage":"pt-BR","@id":"https:\/\/secure.gravatar.com\/avatar\/f912434ef7f389c92cb311fcdae346af848465d638912574b3c669070f797701?s=96&d=mm&r=g","url":"https:\/\/secure.gravatar.com\/avatar\/f912434ef7f389c92cb311fcdae346af848465d638912574b3c669070f797701?s=96&d=mm&r=g","contentUrl":"https:\/\/secure.gravatar.com\/avatar\/f912434ef7f389c92cb311fcdae346af848465d638912574b3c669070f797701?s=96&d=mm&r=g","caption":"TMax Tecnologia"},"url":"https:\/\/www.institutodeengenharia.org.br\/site\/author\/tmax\/"}]}},"_links":{"self":[{"href":"https:\/\/www.institutodeengenharia.org.br\/site\/wp-json\/wp\/v2\/posts\/18153","targetHints":{"allow":["GET"]}}],"collection":[{"href":"https:\/\/www.institutodeengenharia.org.br\/site\/wp-json\/wp\/v2\/posts"}],"about":[{"href":"https:\/\/www.institutodeengenharia.org.br\/site\/wp-json\/wp\/v2\/types\/post"}],"author":[{"embeddable":true,"href":"https:\/\/www.institutodeengenharia.org.br\/site\/wp-json\/wp\/v2\/users\/1"}],"replies":[{"embeddable":true,"href":"https:\/\/www.institutodeengenharia.org.br\/site\/wp-json\/wp\/v2\/comments?post=18153"}],"version-history":[{"count":0,"href":"https:\/\/www.institutodeengenharia.org.br\/site\/wp-json\/wp\/v2\/posts\/18153\/revisions"}],"wp:attachment":[{"href":"https:\/\/www.institutodeengenharia.org.br\/site\/wp-json\/wp\/v2\/media?parent=18153"}],"wp:term":[{"taxonomy":"category","embeddable":true,"href":"https:\/\/www.institutodeengenharia.org.br\/site\/wp-json\/wp\/v2\/categories?post=18153"},{"taxonomy":"post_tag","embeddable":true,"href":"https:\/\/www.institutodeengenharia.org.br\/site\/wp-json\/wp\/v2\/tags?post=18153"}],"curies":[{"name":"wp","href":"https:\/\/api.w.org\/{rel}","templated":true}]}}