{"id":18148,"date":"2010-05-10T22:44:10","date_gmt":"2010-05-10T22:44:10","guid":{"rendered":"https:\/\/www.institutodeengenharia.org.br\/?p=18148"},"modified":"2010-05-10T16:42:17","modified_gmt":"2010-05-10T16:42:17","slug":"fab-inicia-teste-com-aeronave-nao-tripulada-para-vigiar-triplice-fronteira","status":"publish","type":"post","link":"https:\/\/www.institutodeengenharia.org.br\/site\/2010\/05\/10\/fab-inicia-teste-com-aeronave-nao-tripulada-para-vigiar-triplice-fronteira\/","title":{"rendered":"FAB inicia teste com aeronave n\u00e3o tripulada para vigiar tr\u00edplice fronteira"},"content":{"rendered":"<p>Ve\u00edculo A\u00e9reo n\u00e3o-Tripulado (VANT) foi apresentado oficialmente hoje (10\/5), na Base A\u00e9rea de Santa Maria, no Rio Grande do Sul, ao Comandante da Aeron\u00e1utica, Tenente-Brigadeiro-do-Ar Juniti Saito, e representantes do Ex\u00e9rcito e Marinha.\u00a0<\/p>\n<p>O equipamento em avalia\u00e7\u00e3o \u00e9 o Hermes 450, fabricado pela empresa israelensa Elbit Systems, e que envolve a participa\u00e7\u00e3o de sua subsidi\u00e1ria no Brasil, a empresa Aeroeletr\u00f4nica, com sede em Porto Alegre. \u201cNosso objetivo \u00e9 aprender com as For\u00e7as Armadas quais s\u00e3o as necessidades futuras para a opera\u00e7\u00e3o do VANT no Brasil. Apoiamos o projeto a fim de criar em Santa Maria um centro de excel\u00eancia em VANT no Brasil\u201d, declarou Vitor Jaime Neves, diretor-executivo da Aeroeletr\u00f4nica.\u00a0<\/p>\n<p>O VANT mede seis metros de comprimento e 10 metros de envergadura (da ponta de uma asa a outra). Voa a 110 km\/h, pode atingir cerca de 5 mil metros de altitude e permanecer por mais de 15 horas em voo. <br \/>\nO equipamento chegou ao pa\u00eds em 9 de dezembro do ano passado e, ao longo do m\u00eas de janeiro, militares da FAB iniciaram o seu treinamento com o apoio de especialistas israelenses.\u00a0<\/p>\n<p>A FAB espera concluir a etapa de avalia\u00e7\u00e3o at\u00e9 o final do ano. Nesse per\u00edodo, tamb\u00e9m participar\u00e3o do\u00a0<br \/>\nGrupo de Trabalho representantes do Ex\u00e9rcito e da Marinha.\u00a0<\/p>\n<p>\n\u201cAl\u00e9m de ser uma aeronave de grande autonomia com baixo custo de aquisi\u00e7\u00e3o e opera\u00e7\u00e3o, ainda propicia informa\u00e7\u00f5es em tempo real com risco humano inexistente pelo fato de n\u00e3o ser tripulado. Essa novidade tecnol\u00f3gica, at\u00e9 ent\u00e3o adotada por outras na\u00e7\u00f5es, hoje se faz realidade em nosso pa\u00eds\u201d, explicou o Comandante do Comando-Geral de Opera\u00e7\u00f5es A\u00e9reas (COMGAR) Tenente-Brigadeiro-do-Ar Gilberto Antonio Saboya Burnier. <\/p>\n<p><b>Autor: CECOMSAER<\/b><\/p>\n","protected":false},"excerpt":{"rendered":"<p>Ve\u00edculo A\u00e9reo n\u00e3o-Tripulado (VANT) foi apresentado oficialmente hoje (10\/5), na Base A\u00e9rea de Santa Maria, no Rio Grande do Sul, ao Comandante da Aeron\u00e1utica, Tenente-Brigadeiro-do-Ar Juniti Saito, e representantes do Ex\u00e9rcito e Marinha.\u00a0 O equipamento em avalia\u00e7\u00e3o \u00e9 o Hermes 450, fabricado pela empresa israelensa Elbit Systems, e que envolve a participa\u00e7\u00e3o de sua subsidi\u00e1ria [&hellip;]<\/p>\n","protected":false},"author":1,"featured_media":18149,"comment_status":"open","ping_status":"open","sticky":false,"template":"","format":"standard","meta":{"footnotes":""},"categories":[6,41],"tags":[],"class_list":{"0":"post-18148","1":"post","2":"type-post","3":"status-publish","4":"format-standard","5":"has-post-thumbnail","7":"category-noticias","8":"category-transportes"},"yoast_head":"<!-- This site is optimized with the Yoast SEO plugin v27.2 - https:\/\/yoast.com\/product\/yoast-seo-wordpress\/ -->\n<title>FAB inicia teste com aeronave n\u00e3o tripulada para vigiar tr\u00edplice fronteira - Instituto de Engenharia<\/title>\n<meta name=\"robots\" content=\"index, follow, max-snippet:-1, max-image-preview:large, max-video-preview:-1\" \/>\n<link rel=\"canonical\" href=\"https:\/\/www.institutodeengenharia.org.br\/site\/2010\/05\/10\/fab-inicia-teste-com-aeronave-nao-tripulada-para-vigiar-triplice-fronteira\/\" \/>\n<meta property=\"og:locale\" content=\"pt_BR\" \/>\n<meta property=\"og:type\" content=\"article\" \/>\n<meta property=\"og:title\" content=\"FAB inicia teste com aeronave n\u00e3o tripulada para vigiar tr\u00edplice fronteira - Instituto de Engenharia\" \/>\n<meta property=\"og:description\" content=\"Ve\u00edculo A\u00e9reo n\u00e3o-Tripulado (VANT) foi apresentado oficialmente hoje (10\/5), na Base A\u00e9rea de Santa Maria, no Rio Grande do Sul, ao Comandante da Aeron\u00e1utica, Tenente-Brigadeiro-do-Ar Juniti Saito, e representantes do Ex\u00e9rcito e Marinha.\u00a0 O equipamento em avalia\u00e7\u00e3o \u00e9 o Hermes 450, fabricado pela empresa israelensa Elbit Systems, e que envolve a participa\u00e7\u00e3o de sua subsidi\u00e1ria [&hellip;]\" \/>\n<meta property=\"og:url\" content=\"https:\/\/www.institutodeengenharia.org.br\/site\/2010\/05\/10\/fab-inicia-teste-com-aeronave-nao-tripulada-para-vigiar-triplice-fronteira\/\" \/>\n<meta property=\"og:site_name\" content=\"Instituto de Engenharia\" \/>\n<meta property=\"article:publisher\" content=\"https:\/\/www.facebook.com\/institutodeengenharia\" \/>\n<meta property=\"article:published_time\" content=\"2010-05-10T22:44:10+00:00\" \/>\n<meta property=\"og:image\" content=\"https:\/\/www.institutodeengenharia.org.br\/site\/wp-content\/uploads\/2017\/10\/fab.jpg\" \/>\n\t<meta property=\"og:image:width\" content=\"300\" \/>\n\t<meta property=\"og:image:height\" content=\"225\" \/>\n\t<meta property=\"og:image:type\" content=\"image\/jpeg\" \/>\n<meta name=\"author\" content=\"TMax Tecnologia\" \/>\n<meta name=\"twitter:card\" content=\"summary_large_image\" \/>\n<meta name=\"twitter:creator\" content=\"@iengenharia\" \/>\n<meta name=\"twitter:site\" content=\"@iengenharia\" \/>\n<meta name=\"twitter:label1\" content=\"Escrito por\" \/>\n\t<meta name=\"twitter:data1\" content=\"TMax Tecnologia\" \/>\n\t<meta name=\"twitter:label2\" content=\"Est. tempo de leitura\" \/>\n\t<meta name=\"twitter:data2\" content=\"1 minuto\" \/>\n<script type=\"application\/ld+json\" class=\"yoast-schema-graph\">{\"@context\":\"https:\/\/schema.org\",\"@graph\":[{\"@type\":\"Article\",\"@id\":\"https:\/\/www.institutodeengenharia.org.br\/site\/2010\/05\/10\/fab-inicia-teste-com-aeronave-nao-tripulada-para-vigiar-triplice-fronteira\/#article\",\"isPartOf\":{\"@id\":\"https:\/\/www.institutodeengenharia.org.br\/site\/2010\/05\/10\/fab-inicia-teste-com-aeronave-nao-tripulada-para-vigiar-triplice-fronteira\/\"},\"author\":{\"name\":\"TMax Tecnologia\",\"@id\":\"https:\/\/www.institutodeengenharia.org.br\/site\/#\/schema\/person\/3b1ff109facef084739fc2edcb9a127f\"},\"headline\":\"FAB inicia teste com aeronave n\u00e3o tripulada para vigiar tr\u00edplice fronteira\",\"datePublished\":\"2010-05-10T22:44:10+00:00\",\"mainEntityOfPage\":{\"@id\":\"https:\/\/www.institutodeengenharia.org.br\/site\/2010\/05\/10\/fab-inicia-teste-com-aeronave-nao-tripulada-para-vigiar-triplice-fronteira\/\"},\"wordCount\":311,\"commentCount\":0,\"publisher\":{\"@id\":\"https:\/\/www.institutodeengenharia.org.br\/site\/#organization\"},\"image\":{\"@id\":\"https:\/\/www.institutodeengenharia.org.br\/site\/2010\/05\/10\/fab-inicia-teste-com-aeronave-nao-tripulada-para-vigiar-triplice-fronteira\/#primaryimage\"},\"thumbnailUrl\":\"https:\/\/www.institutodeengenharia.org.br\/site\/wp-content\/uploads\/2017\/10\/fab.jpg\",\"articleSection\":[\"Not\u00edcias\",\"Transportes\"],\"inLanguage\":\"pt-BR\",\"potentialAction\":[{\"@type\":\"CommentAction\",\"name\":\"Comment\",\"target\":[\"https:\/\/www.institutodeengenharia.org.br\/site\/2010\/05\/10\/fab-inicia-teste-com-aeronave-nao-tripulada-para-vigiar-triplice-fronteira\/#respond\"]}]},{\"@type\":\"WebPage\",\"@id\":\"https:\/\/www.institutodeengenharia.org.br\/site\/2010\/05\/10\/fab-inicia-teste-com-aeronave-nao-tripulada-para-vigiar-triplice-fronteira\/\",\"url\":\"https:\/\/www.institutodeengenharia.org.br\/site\/2010\/05\/10\/fab-inicia-teste-com-aeronave-nao-tripulada-para-vigiar-triplice-fronteira\/\",\"name\":\"FAB inicia teste com aeronave n\u00e3o tripulada para vigiar tr\u00edplice fronteira - Instituto de Engenharia\",\"isPartOf\":{\"@id\":\"https:\/\/www.institutodeengenharia.org.br\/site\/#website\"},\"primaryImageOfPage\":{\"@id\":\"https:\/\/www.institutodeengenharia.org.br\/site\/2010\/05\/10\/fab-inicia-teste-com-aeronave-nao-tripulada-para-vigiar-triplice-fronteira\/#primaryimage\"},\"image\":{\"@id\":\"https:\/\/www.institutodeengenharia.org.br\/site\/2010\/05\/10\/fab-inicia-teste-com-aeronave-nao-tripulada-para-vigiar-triplice-fronteira\/#primaryimage\"},\"thumbnailUrl\":\"https:\/\/www.institutodeengenharia.org.br\/site\/wp-content\/uploads\/2017\/10\/fab.jpg\",\"datePublished\":\"2010-05-10T22:44:10+00:00\",\"breadcrumb\":{\"@id\":\"https:\/\/www.institutodeengenharia.org.br\/site\/2010\/05\/10\/fab-inicia-teste-com-aeronave-nao-tripulada-para-vigiar-triplice-fronteira\/#breadcrumb\"},\"inLanguage\":\"pt-BR\",\"potentialAction\":[{\"@type\":\"ReadAction\",\"target\":[\"https:\/\/www.institutodeengenharia.org.br\/site\/2010\/05\/10\/fab-inicia-teste-com-aeronave-nao-tripulada-para-vigiar-triplice-fronteira\/\"]}]},{\"@type\":\"ImageObject\",\"inLanguage\":\"pt-BR\",\"@id\":\"https:\/\/www.institutodeengenharia.org.br\/site\/2010\/05\/10\/fab-inicia-teste-com-aeronave-nao-tripulada-para-vigiar-triplice-fronteira\/#primaryimage\",\"url\":\"https:\/\/www.institutodeengenharia.org.br\/site\/wp-content\/uploads\/2017\/10\/fab.jpg\",\"contentUrl\":\"https:\/\/www.institutodeengenharia.org.br\/site\/wp-content\/uploads\/2017\/10\/fab.jpg\",\"width\":300,\"height\":225},{\"@type\":\"BreadcrumbList\",\"@id\":\"https:\/\/www.institutodeengenharia.org.br\/site\/2010\/05\/10\/fab-inicia-teste-com-aeronave-nao-tripulada-para-vigiar-triplice-fronteira\/#breadcrumb\",\"itemListElement\":[{\"@type\":\"ListItem\",\"position\":1,\"name\":\"In\u00edcio\",\"item\":\"https:\/\/www.institutodeengenharia.org.br\/site\/\"},{\"@type\":\"ListItem\",\"position\":2,\"name\":\"FAB inicia teste com aeronave n\u00e3o tripulada para vigiar tr\u00edplice fronteira\"}]},{\"@type\":\"WebSite\",\"@id\":\"https:\/\/www.institutodeengenharia.org.br\/site\/#website\",\"url\":\"https:\/\/www.institutodeengenharia.org.br\/site\/\",\"name\":\"Instituto de Engenharia\",\"description\":\"O Instituto de Engenharia promove a Engenharia em benef\u00edcio do desenvolvimento e da qualidade de vida da sociedade.\",\"publisher\":{\"@id\":\"https:\/\/www.institutodeengenharia.org.br\/site\/#organization\"},\"potentialAction\":[{\"@type\":\"SearchAction\",\"target\":{\"@type\":\"EntryPoint\",\"urlTemplate\":\"https:\/\/www.institutodeengenharia.org.br\/site\/?s={search_term_string}\"},\"query-input\":{\"@type\":\"PropertyValueSpecification\",\"valueRequired\":true,\"valueName\":\"search_term_string\"}}],\"inLanguage\":\"pt-BR\"},{\"@type\":\"Organization\",\"@id\":\"https:\/\/www.institutodeengenharia.org.br\/site\/#organization\",\"name\":\"Instituto de Engenharia\",\"url\":\"https:\/\/www.institutodeengenharia.org.br\/site\/\",\"logo\":{\"@type\":\"ImageObject\",\"inLanguage\":\"pt-BR\",\"@id\":\"https:\/\/www.institutodeengenharia.org.br\/site\/#\/schema\/logo\/image\/\",\"url\":\"https:\/\/www.institutodeengenharia.org.br\/site\/wp-content\/uploads\/2019\/03\/logo-novo-IE2018-1.jpg\",\"contentUrl\":\"https:\/\/www.institutodeengenharia.org.br\/site\/wp-content\/uploads\/2019\/03\/logo-novo-IE2018-1.jpg\",\"width\":1486,\"height\":1879,\"caption\":\"Instituto de Engenharia\"},\"image\":{\"@id\":\"https:\/\/www.institutodeengenharia.org.br\/site\/#\/schema\/logo\/image\/\"},\"sameAs\":[\"https:\/\/www.facebook.com\/institutodeengenharia\",\"https:\/\/x.com\/iengenharia\",\"https:\/\/www.instagram.com\/institutodeengenharia\/\",\"https:\/\/www.linkedin.com\/company\/instituto-de-engenharia\/\",\"https:\/\/www.youtube.com\/channel\/UCXiCAlsSMe977vamW915HxA\"]},{\"@type\":\"Person\",\"@id\":\"https:\/\/www.institutodeengenharia.org.br\/site\/#\/schema\/person\/3b1ff109facef084739fc2edcb9a127f\",\"name\":\"TMax Tecnologia\",\"image\":{\"@type\":\"ImageObject\",\"inLanguage\":\"pt-BR\",\"@id\":\"https:\/\/secure.gravatar.com\/avatar\/f912434ef7f389c92cb311fcdae346af848465d638912574b3c669070f797701?s=96&d=mm&r=g\",\"url\":\"https:\/\/secure.gravatar.com\/avatar\/f912434ef7f389c92cb311fcdae346af848465d638912574b3c669070f797701?s=96&d=mm&r=g\",\"contentUrl\":\"https:\/\/secure.gravatar.com\/avatar\/f912434ef7f389c92cb311fcdae346af848465d638912574b3c669070f797701?s=96&d=mm&r=g\",\"caption\":\"TMax Tecnologia\"},\"url\":\"https:\/\/www.institutodeengenharia.org.br\/site\/author\/tmax\/\"}]}<\/script>\n<!-- \/ Yoast SEO plugin. -->","yoast_head_json":{"title":"FAB inicia teste com aeronave n\u00e3o tripulada para vigiar tr\u00edplice fronteira - Instituto de Engenharia","robots":{"index":"index","follow":"follow","max-snippet":"max-snippet:-1","max-image-preview":"max-image-preview:large","max-video-preview":"max-video-preview:-1"},"canonical":"https:\/\/www.institutodeengenharia.org.br\/site\/2010\/05\/10\/fab-inicia-teste-com-aeronave-nao-tripulada-para-vigiar-triplice-fronteira\/","og_locale":"pt_BR","og_type":"article","og_title":"FAB inicia teste com aeronave n\u00e3o tripulada para vigiar tr\u00edplice fronteira - Instituto de Engenharia","og_description":"Ve\u00edculo A\u00e9reo n\u00e3o-Tripulado (VANT) foi apresentado oficialmente hoje (10\/5), na Base A\u00e9rea de Santa Maria, no Rio Grande do Sul, ao Comandante da Aeron\u00e1utica, Tenente-Brigadeiro-do-Ar Juniti Saito, e representantes do Ex\u00e9rcito e Marinha.\u00a0 O equipamento em avalia\u00e7\u00e3o \u00e9 o Hermes 450, fabricado pela empresa israelensa Elbit Systems, e que envolve a participa\u00e7\u00e3o de sua subsidi\u00e1ria [&hellip;]","og_url":"https:\/\/www.institutodeengenharia.org.br\/site\/2010\/05\/10\/fab-inicia-teste-com-aeronave-nao-tripulada-para-vigiar-triplice-fronteira\/","og_site_name":"Instituto de Engenharia","article_publisher":"https:\/\/www.facebook.com\/institutodeengenharia","article_published_time":"2010-05-10T22:44:10+00:00","og_image":[{"width":300,"height":225,"url":"https:\/\/www.institutodeengenharia.org.br\/site\/wp-content\/uploads\/2017\/10\/fab.jpg","type":"image\/jpeg"}],"author":"TMax Tecnologia","twitter_card":"summary_large_image","twitter_creator":"@iengenharia","twitter_site":"@iengenharia","twitter_misc":{"Escrito por":"TMax Tecnologia","Est. tempo de leitura":"1 minuto"},"schema":{"@context":"https:\/\/schema.org","@graph":[{"@type":"Article","@id":"https:\/\/www.institutodeengenharia.org.br\/site\/2010\/05\/10\/fab-inicia-teste-com-aeronave-nao-tripulada-para-vigiar-triplice-fronteira\/#article","isPartOf":{"@id":"https:\/\/www.institutodeengenharia.org.br\/site\/2010\/05\/10\/fab-inicia-teste-com-aeronave-nao-tripulada-para-vigiar-triplice-fronteira\/"},"author":{"name":"TMax Tecnologia","@id":"https:\/\/www.institutodeengenharia.org.br\/site\/#\/schema\/person\/3b1ff109facef084739fc2edcb9a127f"},"headline":"FAB inicia teste com aeronave n\u00e3o tripulada para vigiar tr\u00edplice fronteira","datePublished":"2010-05-10T22:44:10+00:00","mainEntityOfPage":{"@id":"https:\/\/www.institutodeengenharia.org.br\/site\/2010\/05\/10\/fab-inicia-teste-com-aeronave-nao-tripulada-para-vigiar-triplice-fronteira\/"},"wordCount":311,"commentCount":0,"publisher":{"@id":"https:\/\/www.institutodeengenharia.org.br\/site\/#organization"},"image":{"@id":"https:\/\/www.institutodeengenharia.org.br\/site\/2010\/05\/10\/fab-inicia-teste-com-aeronave-nao-tripulada-para-vigiar-triplice-fronteira\/#primaryimage"},"thumbnailUrl":"https:\/\/www.institutodeengenharia.org.br\/site\/wp-content\/uploads\/2017\/10\/fab.jpg","articleSection":["Not\u00edcias","Transportes"],"inLanguage":"pt-BR","potentialAction":[{"@type":"CommentAction","name":"Comment","target":["https:\/\/www.institutodeengenharia.org.br\/site\/2010\/05\/10\/fab-inicia-teste-com-aeronave-nao-tripulada-para-vigiar-triplice-fronteira\/#respond"]}]},{"@type":"WebPage","@id":"https:\/\/www.institutodeengenharia.org.br\/site\/2010\/05\/10\/fab-inicia-teste-com-aeronave-nao-tripulada-para-vigiar-triplice-fronteira\/","url":"https:\/\/www.institutodeengenharia.org.br\/site\/2010\/05\/10\/fab-inicia-teste-com-aeronave-nao-tripulada-para-vigiar-triplice-fronteira\/","name":"FAB inicia teste com aeronave n\u00e3o tripulada para vigiar tr\u00edplice fronteira - Instituto de Engenharia","isPartOf":{"@id":"https:\/\/www.institutodeengenharia.org.br\/site\/#website"},"primaryImageOfPage":{"@id":"https:\/\/www.institutodeengenharia.org.br\/site\/2010\/05\/10\/fab-inicia-teste-com-aeronave-nao-tripulada-para-vigiar-triplice-fronteira\/#primaryimage"},"image":{"@id":"https:\/\/www.institutodeengenharia.org.br\/site\/2010\/05\/10\/fab-inicia-teste-com-aeronave-nao-tripulada-para-vigiar-triplice-fronteira\/#primaryimage"},"thumbnailUrl":"https:\/\/www.institutodeengenharia.org.br\/site\/wp-content\/uploads\/2017\/10\/fab.jpg","datePublished":"2010-05-10T22:44:10+00:00","breadcrumb":{"@id":"https:\/\/www.institutodeengenharia.org.br\/site\/2010\/05\/10\/fab-inicia-teste-com-aeronave-nao-tripulada-para-vigiar-triplice-fronteira\/#breadcrumb"},"inLanguage":"pt-BR","potentialAction":[{"@type":"ReadAction","target":["https:\/\/www.institutodeengenharia.org.br\/site\/2010\/05\/10\/fab-inicia-teste-com-aeronave-nao-tripulada-para-vigiar-triplice-fronteira\/"]}]},{"@type":"ImageObject","inLanguage":"pt-BR","@id":"https:\/\/www.institutodeengenharia.org.br\/site\/2010\/05\/10\/fab-inicia-teste-com-aeronave-nao-tripulada-para-vigiar-triplice-fronteira\/#primaryimage","url":"https:\/\/www.institutodeengenharia.org.br\/site\/wp-content\/uploads\/2017\/10\/fab.jpg","contentUrl":"https:\/\/www.institutodeengenharia.org.br\/site\/wp-content\/uploads\/2017\/10\/fab.jpg","width":300,"height":225},{"@type":"BreadcrumbList","@id":"https:\/\/www.institutodeengenharia.org.br\/site\/2010\/05\/10\/fab-inicia-teste-com-aeronave-nao-tripulada-para-vigiar-triplice-fronteira\/#breadcrumb","itemListElement":[{"@type":"ListItem","position":1,"name":"In\u00edcio","item":"https:\/\/www.institutodeengenharia.org.br\/site\/"},{"@type":"ListItem","position":2,"name":"FAB inicia teste com aeronave n\u00e3o tripulada para vigiar tr\u00edplice fronteira"}]},{"@type":"WebSite","@id":"https:\/\/www.institutodeengenharia.org.br\/site\/#website","url":"https:\/\/www.institutodeengenharia.org.br\/site\/","name":"Instituto de Engenharia","description":"O Instituto de Engenharia promove a Engenharia em benef\u00edcio do desenvolvimento e da qualidade de vida da sociedade.","publisher":{"@id":"https:\/\/www.institutodeengenharia.org.br\/site\/#organization"},"potentialAction":[{"@type":"SearchAction","target":{"@type":"EntryPoint","urlTemplate":"https:\/\/www.institutodeengenharia.org.br\/site\/?s={search_term_string}"},"query-input":{"@type":"PropertyValueSpecification","valueRequired":true,"valueName":"search_term_string"}}],"inLanguage":"pt-BR"},{"@type":"Organization","@id":"https:\/\/www.institutodeengenharia.org.br\/site\/#organization","name":"Instituto de Engenharia","url":"https:\/\/www.institutodeengenharia.org.br\/site\/","logo":{"@type":"ImageObject","inLanguage":"pt-BR","@id":"https:\/\/www.institutodeengenharia.org.br\/site\/#\/schema\/logo\/image\/","url":"https:\/\/www.institutodeengenharia.org.br\/site\/wp-content\/uploads\/2019\/03\/logo-novo-IE2018-1.jpg","contentUrl":"https:\/\/www.institutodeengenharia.org.br\/site\/wp-content\/uploads\/2019\/03\/logo-novo-IE2018-1.jpg","width":1486,"height":1879,"caption":"Instituto de Engenharia"},"image":{"@id":"https:\/\/www.institutodeengenharia.org.br\/site\/#\/schema\/logo\/image\/"},"sameAs":["https:\/\/www.facebook.com\/institutodeengenharia","https:\/\/x.com\/iengenharia","https:\/\/www.instagram.com\/institutodeengenharia\/","https:\/\/www.linkedin.com\/company\/instituto-de-engenharia\/","https:\/\/www.youtube.com\/channel\/UCXiCAlsSMe977vamW915HxA"]},{"@type":"Person","@id":"https:\/\/www.institutodeengenharia.org.br\/site\/#\/schema\/person\/3b1ff109facef084739fc2edcb9a127f","name":"TMax Tecnologia","image":{"@type":"ImageObject","inLanguage":"pt-BR","@id":"https:\/\/secure.gravatar.com\/avatar\/f912434ef7f389c92cb311fcdae346af848465d638912574b3c669070f797701?s=96&d=mm&r=g","url":"https:\/\/secure.gravatar.com\/avatar\/f912434ef7f389c92cb311fcdae346af848465d638912574b3c669070f797701?s=96&d=mm&r=g","contentUrl":"https:\/\/secure.gravatar.com\/avatar\/f912434ef7f389c92cb311fcdae346af848465d638912574b3c669070f797701?s=96&d=mm&r=g","caption":"TMax Tecnologia"},"url":"https:\/\/www.institutodeengenharia.org.br\/site\/author\/tmax\/"}]}},"_links":{"self":[{"href":"https:\/\/www.institutodeengenharia.org.br\/site\/wp-json\/wp\/v2\/posts\/18148","targetHints":{"allow":["GET"]}}],"collection":[{"href":"https:\/\/www.institutodeengenharia.org.br\/site\/wp-json\/wp\/v2\/posts"}],"about":[{"href":"https:\/\/www.institutodeengenharia.org.br\/site\/wp-json\/wp\/v2\/types\/post"}],"author":[{"embeddable":true,"href":"https:\/\/www.institutodeengenharia.org.br\/site\/wp-json\/wp\/v2\/users\/1"}],"replies":[{"embeddable":true,"href":"https:\/\/www.institutodeengenharia.org.br\/site\/wp-json\/wp\/v2\/comments?post=18148"}],"version-history":[{"count":0,"href":"https:\/\/www.institutodeengenharia.org.br\/site\/wp-json\/wp\/v2\/posts\/18148\/revisions"}],"wp:featuredmedia":[{"embeddable":true,"href":"https:\/\/www.institutodeengenharia.org.br\/site\/wp-json\/wp\/v2\/media\/18149"}],"wp:attachment":[{"href":"https:\/\/www.institutodeengenharia.org.br\/site\/wp-json\/wp\/v2\/media?parent=18148"}],"wp:term":[{"taxonomy":"category","embeddable":true,"href":"https:\/\/www.institutodeengenharia.org.br\/site\/wp-json\/wp\/v2\/categories?post=18148"},{"taxonomy":"post_tag","embeddable":true,"href":"https:\/\/www.institutodeengenharia.org.br\/site\/wp-json\/wp\/v2\/tags?post=18148"}],"curies":[{"name":"wp","href":"https:\/\/api.w.org\/{rel}","templated":true}]}}