{"id":18145,"date":"2010-05-10T22:44:08","date_gmt":"2010-05-10T22:44:08","guid":{"rendered":"https:\/\/www.institutodeengenharia.org.br\/?p=18145"},"modified":"2010-05-10T15:22:26","modified_gmt":"2010-05-10T15:22:26","slug":"um-dia-historico-para-a-indutria-naval-do-brasil","status":"publish","type":"post","link":"https:\/\/www.institutodeengenharia.org.br\/site\/2010\/05\/10\/um-dia-historico-para-a-indutria-naval-do-brasil\/","title":{"rendered":"Um dia hist\u00f3rico para a ind\u00fatria naval do Brasil"},"content":{"rendered":"<p>Num dia hist\u00f3rico para a ind\u00fastria naval do Brasil, o Estaleiro Atl\u00e2ntico Sul (EAS) realizou,&nbsp;na \u00faltima&nbsp;sexta-feira, a cerim\u00f4nia de Lan\u00e7amento do seu primeiro navio, o petroleiro Jo\u00e3o C\u00e2ndido. O navio marca o fim de 14 anos sem a constru\u00e7\u00e3o de grandes embarca\u00e7\u00f5es no Pa\u00eds. <\/p>\n<p>Primeiro de uma s\u00e9rie de 22 navios petroleiros encomendados ao Estaleiro pela Transpetro, o Jo\u00e3o C\u00e2ndido integra o Programa de Moderniza\u00e7\u00e3o e Expans\u00e3o da Frota (Promef). A embarca\u00e7\u00e3o, do tipo Suezmax, tem 274 metros de comprimento e capacidade para transportar um milh\u00e3o de barris de petr\u00f3leo. <\/p>\n<p>&#8220;Voc\u00eas n\u00e3o imaginam o que sentimos quando abrimos a v\u00e1lvula de admiss\u00e3o do Dique Seco, vimos a \u00e1gua come\u00e7ar a fluir e tocar o fundo do casco do navio. Isso \u00e9 algo que nunca esqueceremos&#8221;, disse, em seu discurso, o presidente do EAS, Angelo Bellelis, ao comentar o preparativos da cerim\u00f4nia. <\/p>\n<p>O ponto alto do lan\u00e7amento foi a sa\u00edda do navio do Dique Seco, ao som de m\u00fasica e da sirene da embarca\u00e7\u00e3o. Puxado por quatro rebocadores, o Jo\u00e3o C\u00e2ndido foi levado at\u00e9 o Cais de Acabamento do EAS, onde passar\u00e1 pela montagem final, testes e provas, at\u00e9 ser entregue ao armador em agosto pr\u00f3ximo. <\/p>\n<p>Outro momento marcante foi o batismo do navio pela soldadora do EAS Josenilda Maria da Silva, escolhida como madrinha do petroleiro. Coube a Josenilda a honra ler a mensagem de batismo e, depois, com uma machadinha, cortar uma corda, acionando o mecanismo para a quebra de uma garrafa de champanhe no costado da embarca\u00e7\u00e3o. <\/p>\n<p>Estiveram presentes os presidentes da Rep\u00fablica do Brasil, Luiz In\u00e1cio Lula da Silva; da Petrobras, Sergio Gabrielli; da Transpetro, Sergio Machado, e da sul coreana Samsung Heavy Industries (SHI), In Sik Roh, al\u00e9m do governador de Pernambuco, Eduardo Campos, entre outras autoridades. Ao todo, oito mil convidados participaram da cerim\u00f4nia, entre eles os 3,7 mil funcion\u00e1rios do Estaleiro. <\/p>\n<p>\n<strong>Perfil do petroleiro Jo\u00e3o C\u00e2ndido&nbsp;<br \/>\n<\/strong><br \/>\n\u2022 Tipo de navio: Suezmax (tem as maiores dimens\u00f5es para passar no Canal de Suez, que liga o Mar Vermelho ao Mar Mediterr\u00e2neo) <br \/>\n\u2022 Comprimento total: 274,2 metros <br \/>\n\u2022 Comprimento entre perpendiculares: 264 metros <br \/>\n\u2022 Boca moldada: 48 metros <br \/>\n\u2022 Pontal moldado: 23,2 metros <br \/>\n\u2022 Calado de escantilh\u00e3o: 17 metros <br \/>\n\u2022 Demanda de a\u00e7o: 24,5 mil toneladas <br \/>\n\u2022 Capacidade: 1 milh\u00e3o de barris <br \/>\n\u2022 Porte bruto (peso da embarca\u00e7\u00e3o mais a carga m\u00e1xima): 157,7 mil toneladas <br \/>\n\u2022 Velocidade de servi\u00e7o: 14,80 n\u00f3s <br \/>\n\u2022 Consumo de tinta na constru\u00e7\u00e3o: 300 mil litros <br \/>\n\u2022 Motor principal: Doosan 6S70ME-C7 \u2013 MCR 22.920BHP x 91 RPM <br \/>\n\u2022 H\u00e9lice de passo fixo <br \/>\n\u2022 N\u00famero de segrega\u00e7\u00f5es:3 <\/p>\n<p><b>Autor: Estaleiro Atl\u00e2ntico Sul<\/b><\/p>\n","protected":false},"excerpt":{"rendered":"<p>Num dia hist\u00f3rico para a ind\u00fastria naval do Brasil, o Estaleiro Atl\u00e2ntico Sul (EAS) realizou,&nbsp;na \u00faltima&nbsp;sexta-feira, a cerim\u00f4nia de Lan\u00e7amento do seu primeiro navio, o petroleiro Jo\u00e3o C\u00e2ndido. O navio marca o fim de 14 anos sem a constru\u00e7\u00e3o de grandes embarca\u00e7\u00f5es no Pa\u00eds. Primeiro de uma s\u00e9rie de 22 navios petroleiros encomendados ao Estaleiro [&hellip;]<\/p>\n","protected":false},"author":1,"featured_media":0,"comment_status":"open","ping_status":"open","sticky":false,"template":"","format":"standard","meta":{"footnotes":""},"categories":[6,41],"tags":[],"class_list":{"0":"post-18145","1":"post","2":"type-post","3":"status-publish","4":"format-standard","6":"category-noticias","7":"category-transportes"},"yoast_head":"<!-- This site is optimized with the Yoast SEO plugin v27.2 - https:\/\/yoast.com\/product\/yoast-seo-wordpress\/ -->\n<title>Um dia hist\u00f3rico para a ind\u00fatria naval do Brasil - Instituto de Engenharia<\/title>\n<meta name=\"robots\" content=\"index, follow, max-snippet:-1, max-image-preview:large, max-video-preview:-1\" \/>\n<link rel=\"canonical\" href=\"https:\/\/www.institutodeengenharia.org.br\/site\/2010\/05\/10\/um-dia-historico-para-a-indutria-naval-do-brasil\/\" \/>\n<meta property=\"og:locale\" content=\"pt_BR\" \/>\n<meta property=\"og:type\" content=\"article\" \/>\n<meta property=\"og:title\" content=\"Um dia hist\u00f3rico para a ind\u00fatria naval do Brasil - Instituto de Engenharia\" \/>\n<meta property=\"og:description\" content=\"Num dia hist\u00f3rico para a ind\u00fastria naval do Brasil, o Estaleiro Atl\u00e2ntico Sul (EAS) realizou,&nbsp;na \u00faltima&nbsp;sexta-feira, a cerim\u00f4nia de Lan\u00e7amento do seu primeiro navio, o petroleiro Jo\u00e3o C\u00e2ndido. O navio marca o fim de 14 anos sem a constru\u00e7\u00e3o de grandes embarca\u00e7\u00f5es no Pa\u00eds. Primeiro de uma s\u00e9rie de 22 navios petroleiros encomendados ao Estaleiro [&hellip;]\" \/>\n<meta property=\"og:url\" content=\"https:\/\/www.institutodeengenharia.org.br\/site\/2010\/05\/10\/um-dia-historico-para-a-indutria-naval-do-brasil\/\" \/>\n<meta property=\"og:site_name\" content=\"Instituto de Engenharia\" \/>\n<meta property=\"article:publisher\" content=\"https:\/\/www.facebook.com\/institutodeengenharia\" \/>\n<meta property=\"article:published_time\" content=\"2010-05-10T22:44:08+00:00\" \/>\n<meta name=\"author\" content=\"TMax Tecnologia\" \/>\n<meta name=\"twitter:card\" content=\"summary_large_image\" \/>\n<meta name=\"twitter:creator\" content=\"@iengenharia\" \/>\n<meta name=\"twitter:site\" content=\"@iengenharia\" \/>\n<meta name=\"twitter:label1\" content=\"Escrito por\" \/>\n\t<meta name=\"twitter:data1\" content=\"TMax Tecnologia\" \/>\n\t<meta name=\"twitter:label2\" content=\"Est. tempo de leitura\" \/>\n\t<meta name=\"twitter:data2\" content=\"2 minutos\" \/>\n<script type=\"application\/ld+json\" class=\"yoast-schema-graph\">{\"@context\":\"https:\/\/schema.org\",\"@graph\":[{\"@type\":\"Article\",\"@id\":\"https:\/\/www.institutodeengenharia.org.br\/site\/2010\/05\/10\/um-dia-historico-para-a-indutria-naval-do-brasil\/#article\",\"isPartOf\":{\"@id\":\"https:\/\/www.institutodeengenharia.org.br\/site\/2010\/05\/10\/um-dia-historico-para-a-indutria-naval-do-brasil\/\"},\"author\":{\"name\":\"TMax Tecnologia\",\"@id\":\"https:\/\/www.institutodeengenharia.org.br\/site\/#\/schema\/person\/3b1ff109facef084739fc2edcb9a127f\"},\"headline\":\"Um dia hist\u00f3rico para a ind\u00fatria naval do Brasil\",\"datePublished\":\"2010-05-10T22:44:08+00:00\",\"mainEntityOfPage\":{\"@id\":\"https:\/\/www.institutodeengenharia.org.br\/site\/2010\/05\/10\/um-dia-historico-para-a-indutria-naval-do-brasil\/\"},\"wordCount\":466,\"commentCount\":0,\"publisher\":{\"@id\":\"https:\/\/www.institutodeengenharia.org.br\/site\/#organization\"},\"articleSection\":[\"Not\u00edcias\",\"Transportes\"],\"inLanguage\":\"pt-BR\",\"potentialAction\":[{\"@type\":\"CommentAction\",\"name\":\"Comment\",\"target\":[\"https:\/\/www.institutodeengenharia.org.br\/site\/2010\/05\/10\/um-dia-historico-para-a-indutria-naval-do-brasil\/#respond\"]}]},{\"@type\":\"WebPage\",\"@id\":\"https:\/\/www.institutodeengenharia.org.br\/site\/2010\/05\/10\/um-dia-historico-para-a-indutria-naval-do-brasil\/\",\"url\":\"https:\/\/www.institutodeengenharia.org.br\/site\/2010\/05\/10\/um-dia-historico-para-a-indutria-naval-do-brasil\/\",\"name\":\"Um dia hist\u00f3rico para a ind\u00fatria naval do Brasil - Instituto de Engenharia\",\"isPartOf\":{\"@id\":\"https:\/\/www.institutodeengenharia.org.br\/site\/#website\"},\"datePublished\":\"2010-05-10T22:44:08+00:00\",\"breadcrumb\":{\"@id\":\"https:\/\/www.institutodeengenharia.org.br\/site\/2010\/05\/10\/um-dia-historico-para-a-indutria-naval-do-brasil\/#breadcrumb\"},\"inLanguage\":\"pt-BR\",\"potentialAction\":[{\"@type\":\"ReadAction\",\"target\":[\"https:\/\/www.institutodeengenharia.org.br\/site\/2010\/05\/10\/um-dia-historico-para-a-indutria-naval-do-brasil\/\"]}]},{\"@type\":\"BreadcrumbList\",\"@id\":\"https:\/\/www.institutodeengenharia.org.br\/site\/2010\/05\/10\/um-dia-historico-para-a-indutria-naval-do-brasil\/#breadcrumb\",\"itemListElement\":[{\"@type\":\"ListItem\",\"position\":1,\"name\":\"In\u00edcio\",\"item\":\"https:\/\/www.institutodeengenharia.org.br\/site\/\"},{\"@type\":\"ListItem\",\"position\":2,\"name\":\"Um dia hist\u00f3rico para a ind\u00fatria naval do Brasil\"}]},{\"@type\":\"WebSite\",\"@id\":\"https:\/\/www.institutodeengenharia.org.br\/site\/#website\",\"url\":\"https:\/\/www.institutodeengenharia.org.br\/site\/\",\"name\":\"Instituto de Engenharia\",\"description\":\"O Instituto de Engenharia promove a Engenharia em benef\u00edcio do desenvolvimento e da qualidade de vida da sociedade.\",\"publisher\":{\"@id\":\"https:\/\/www.institutodeengenharia.org.br\/site\/#organization\"},\"potentialAction\":[{\"@type\":\"SearchAction\",\"target\":{\"@type\":\"EntryPoint\",\"urlTemplate\":\"https:\/\/www.institutodeengenharia.org.br\/site\/?s={search_term_string}\"},\"query-input\":{\"@type\":\"PropertyValueSpecification\",\"valueRequired\":true,\"valueName\":\"search_term_string\"}}],\"inLanguage\":\"pt-BR\"},{\"@type\":\"Organization\",\"@id\":\"https:\/\/www.institutodeengenharia.org.br\/site\/#organization\",\"name\":\"Instituto de Engenharia\",\"url\":\"https:\/\/www.institutodeengenharia.org.br\/site\/\",\"logo\":{\"@type\":\"ImageObject\",\"inLanguage\":\"pt-BR\",\"@id\":\"https:\/\/www.institutodeengenharia.org.br\/site\/#\/schema\/logo\/image\/\",\"url\":\"https:\/\/www.institutodeengenharia.org.br\/site\/wp-content\/uploads\/2019\/03\/logo-novo-IE2018-1.jpg\",\"contentUrl\":\"https:\/\/www.institutodeengenharia.org.br\/site\/wp-content\/uploads\/2019\/03\/logo-novo-IE2018-1.jpg\",\"width\":1486,\"height\":1879,\"caption\":\"Instituto de Engenharia\"},\"image\":{\"@id\":\"https:\/\/www.institutodeengenharia.org.br\/site\/#\/schema\/logo\/image\/\"},\"sameAs\":[\"https:\/\/www.facebook.com\/institutodeengenharia\",\"https:\/\/x.com\/iengenharia\",\"https:\/\/www.instagram.com\/institutodeengenharia\/\",\"https:\/\/www.linkedin.com\/company\/instituto-de-engenharia\/\",\"https:\/\/www.youtube.com\/channel\/UCXiCAlsSMe977vamW915HxA\"]},{\"@type\":\"Person\",\"@id\":\"https:\/\/www.institutodeengenharia.org.br\/site\/#\/schema\/person\/3b1ff109facef084739fc2edcb9a127f\",\"name\":\"TMax Tecnologia\",\"image\":{\"@type\":\"ImageObject\",\"inLanguage\":\"pt-BR\",\"@id\":\"https:\/\/secure.gravatar.com\/avatar\/f912434ef7f389c92cb311fcdae346af848465d638912574b3c669070f797701?s=96&d=mm&r=g\",\"url\":\"https:\/\/secure.gravatar.com\/avatar\/f912434ef7f389c92cb311fcdae346af848465d638912574b3c669070f797701?s=96&d=mm&r=g\",\"contentUrl\":\"https:\/\/secure.gravatar.com\/avatar\/f912434ef7f389c92cb311fcdae346af848465d638912574b3c669070f797701?s=96&d=mm&r=g\",\"caption\":\"TMax Tecnologia\"},\"url\":\"https:\/\/www.institutodeengenharia.org.br\/site\/author\/tmax\/\"}]}<\/script>\n<!-- \/ Yoast SEO plugin. -->","yoast_head_json":{"title":"Um dia hist\u00f3rico para a ind\u00fatria naval do Brasil - Instituto de Engenharia","robots":{"index":"index","follow":"follow","max-snippet":"max-snippet:-1","max-image-preview":"max-image-preview:large","max-video-preview":"max-video-preview:-1"},"canonical":"https:\/\/www.institutodeengenharia.org.br\/site\/2010\/05\/10\/um-dia-historico-para-a-indutria-naval-do-brasil\/","og_locale":"pt_BR","og_type":"article","og_title":"Um dia hist\u00f3rico para a ind\u00fatria naval do Brasil - Instituto de Engenharia","og_description":"Num dia hist\u00f3rico para a ind\u00fastria naval do Brasil, o Estaleiro Atl\u00e2ntico Sul (EAS) realizou,&nbsp;na \u00faltima&nbsp;sexta-feira, a cerim\u00f4nia de Lan\u00e7amento do seu primeiro navio, o petroleiro Jo\u00e3o C\u00e2ndido. O navio marca o fim de 14 anos sem a constru\u00e7\u00e3o de grandes embarca\u00e7\u00f5es no Pa\u00eds. Primeiro de uma s\u00e9rie de 22 navios petroleiros encomendados ao Estaleiro [&hellip;]","og_url":"https:\/\/www.institutodeengenharia.org.br\/site\/2010\/05\/10\/um-dia-historico-para-a-indutria-naval-do-brasil\/","og_site_name":"Instituto de Engenharia","article_publisher":"https:\/\/www.facebook.com\/institutodeengenharia","article_published_time":"2010-05-10T22:44:08+00:00","author":"TMax Tecnologia","twitter_card":"summary_large_image","twitter_creator":"@iengenharia","twitter_site":"@iengenharia","twitter_misc":{"Escrito por":"TMax Tecnologia","Est. tempo de leitura":"2 minutos"},"schema":{"@context":"https:\/\/schema.org","@graph":[{"@type":"Article","@id":"https:\/\/www.institutodeengenharia.org.br\/site\/2010\/05\/10\/um-dia-historico-para-a-indutria-naval-do-brasil\/#article","isPartOf":{"@id":"https:\/\/www.institutodeengenharia.org.br\/site\/2010\/05\/10\/um-dia-historico-para-a-indutria-naval-do-brasil\/"},"author":{"name":"TMax Tecnologia","@id":"https:\/\/www.institutodeengenharia.org.br\/site\/#\/schema\/person\/3b1ff109facef084739fc2edcb9a127f"},"headline":"Um dia hist\u00f3rico para a ind\u00fatria naval do Brasil","datePublished":"2010-05-10T22:44:08+00:00","mainEntityOfPage":{"@id":"https:\/\/www.institutodeengenharia.org.br\/site\/2010\/05\/10\/um-dia-historico-para-a-indutria-naval-do-brasil\/"},"wordCount":466,"commentCount":0,"publisher":{"@id":"https:\/\/www.institutodeengenharia.org.br\/site\/#organization"},"articleSection":["Not\u00edcias","Transportes"],"inLanguage":"pt-BR","potentialAction":[{"@type":"CommentAction","name":"Comment","target":["https:\/\/www.institutodeengenharia.org.br\/site\/2010\/05\/10\/um-dia-historico-para-a-indutria-naval-do-brasil\/#respond"]}]},{"@type":"WebPage","@id":"https:\/\/www.institutodeengenharia.org.br\/site\/2010\/05\/10\/um-dia-historico-para-a-indutria-naval-do-brasil\/","url":"https:\/\/www.institutodeengenharia.org.br\/site\/2010\/05\/10\/um-dia-historico-para-a-indutria-naval-do-brasil\/","name":"Um dia hist\u00f3rico para a ind\u00fatria naval do Brasil - Instituto de Engenharia","isPartOf":{"@id":"https:\/\/www.institutodeengenharia.org.br\/site\/#website"},"datePublished":"2010-05-10T22:44:08+00:00","breadcrumb":{"@id":"https:\/\/www.institutodeengenharia.org.br\/site\/2010\/05\/10\/um-dia-historico-para-a-indutria-naval-do-brasil\/#breadcrumb"},"inLanguage":"pt-BR","potentialAction":[{"@type":"ReadAction","target":["https:\/\/www.institutodeengenharia.org.br\/site\/2010\/05\/10\/um-dia-historico-para-a-indutria-naval-do-brasil\/"]}]},{"@type":"BreadcrumbList","@id":"https:\/\/www.institutodeengenharia.org.br\/site\/2010\/05\/10\/um-dia-historico-para-a-indutria-naval-do-brasil\/#breadcrumb","itemListElement":[{"@type":"ListItem","position":1,"name":"In\u00edcio","item":"https:\/\/www.institutodeengenharia.org.br\/site\/"},{"@type":"ListItem","position":2,"name":"Um dia hist\u00f3rico para a ind\u00fatria naval do Brasil"}]},{"@type":"WebSite","@id":"https:\/\/www.institutodeengenharia.org.br\/site\/#website","url":"https:\/\/www.institutodeengenharia.org.br\/site\/","name":"Instituto de Engenharia","description":"O Instituto de Engenharia promove a Engenharia em benef\u00edcio do desenvolvimento e da qualidade de vida da sociedade.","publisher":{"@id":"https:\/\/www.institutodeengenharia.org.br\/site\/#organization"},"potentialAction":[{"@type":"SearchAction","target":{"@type":"EntryPoint","urlTemplate":"https:\/\/www.institutodeengenharia.org.br\/site\/?s={search_term_string}"},"query-input":{"@type":"PropertyValueSpecification","valueRequired":true,"valueName":"search_term_string"}}],"inLanguage":"pt-BR"},{"@type":"Organization","@id":"https:\/\/www.institutodeengenharia.org.br\/site\/#organization","name":"Instituto de Engenharia","url":"https:\/\/www.institutodeengenharia.org.br\/site\/","logo":{"@type":"ImageObject","inLanguage":"pt-BR","@id":"https:\/\/www.institutodeengenharia.org.br\/site\/#\/schema\/logo\/image\/","url":"https:\/\/www.institutodeengenharia.org.br\/site\/wp-content\/uploads\/2019\/03\/logo-novo-IE2018-1.jpg","contentUrl":"https:\/\/www.institutodeengenharia.org.br\/site\/wp-content\/uploads\/2019\/03\/logo-novo-IE2018-1.jpg","width":1486,"height":1879,"caption":"Instituto de Engenharia"},"image":{"@id":"https:\/\/www.institutodeengenharia.org.br\/site\/#\/schema\/logo\/image\/"},"sameAs":["https:\/\/www.facebook.com\/institutodeengenharia","https:\/\/x.com\/iengenharia","https:\/\/www.instagram.com\/institutodeengenharia\/","https:\/\/www.linkedin.com\/company\/instituto-de-engenharia\/","https:\/\/www.youtube.com\/channel\/UCXiCAlsSMe977vamW915HxA"]},{"@type":"Person","@id":"https:\/\/www.institutodeengenharia.org.br\/site\/#\/schema\/person\/3b1ff109facef084739fc2edcb9a127f","name":"TMax Tecnologia","image":{"@type":"ImageObject","inLanguage":"pt-BR","@id":"https:\/\/secure.gravatar.com\/avatar\/f912434ef7f389c92cb311fcdae346af848465d638912574b3c669070f797701?s=96&d=mm&r=g","url":"https:\/\/secure.gravatar.com\/avatar\/f912434ef7f389c92cb311fcdae346af848465d638912574b3c669070f797701?s=96&d=mm&r=g","contentUrl":"https:\/\/secure.gravatar.com\/avatar\/f912434ef7f389c92cb311fcdae346af848465d638912574b3c669070f797701?s=96&d=mm&r=g","caption":"TMax Tecnologia"},"url":"https:\/\/www.institutodeengenharia.org.br\/site\/author\/tmax\/"}]}},"_links":{"self":[{"href":"https:\/\/www.institutodeengenharia.org.br\/site\/wp-json\/wp\/v2\/posts\/18145","targetHints":{"allow":["GET"]}}],"collection":[{"href":"https:\/\/www.institutodeengenharia.org.br\/site\/wp-json\/wp\/v2\/posts"}],"about":[{"href":"https:\/\/www.institutodeengenharia.org.br\/site\/wp-json\/wp\/v2\/types\/post"}],"author":[{"embeddable":true,"href":"https:\/\/www.institutodeengenharia.org.br\/site\/wp-json\/wp\/v2\/users\/1"}],"replies":[{"embeddable":true,"href":"https:\/\/www.institutodeengenharia.org.br\/site\/wp-json\/wp\/v2\/comments?post=18145"}],"version-history":[{"count":0,"href":"https:\/\/www.institutodeengenharia.org.br\/site\/wp-json\/wp\/v2\/posts\/18145\/revisions"}],"wp:attachment":[{"href":"https:\/\/www.institutodeengenharia.org.br\/site\/wp-json\/wp\/v2\/media?parent=18145"}],"wp:term":[{"taxonomy":"category","embeddable":true,"href":"https:\/\/www.institutodeengenharia.org.br\/site\/wp-json\/wp\/v2\/categories?post=18145"},{"taxonomy":"post_tag","embeddable":true,"href":"https:\/\/www.institutodeengenharia.org.br\/site\/wp-json\/wp\/v2\/tags?post=18145"}],"curies":[{"name":"wp","href":"https:\/\/api.w.org\/{rel}","templated":true}]}}