{"id":18125,"date":"2010-05-06T22:43:56","date_gmt":"2010-05-06T22:43:56","guid":{"rendered":"https:\/\/www.institutodeengenharia.org.br\/?p=18125"},"modified":"2010-05-06T16:14:33","modified_gmt":"2010-05-06T16:14:33","slug":"trem-rapido-de-joanesburgo-comeca-a-operar-no-dia-8-de-junho","status":"publish","type":"post","link":"https:\/\/www.institutodeengenharia.org.br\/site\/2010\/05\/06\/trem-rapido-de-joanesburgo-comeca-a-operar-no-dia-8-de-junho\/","title":{"rendered":"Trem r\u00e1pido de Joanesburgo come\u00e7a a operar no dia 8 de junho"},"content":{"rendered":"<p>Os cerca de 20 quil\u00f4metros que separam o Aeroporto Internacional de Joanesburgo e o bairro de Sandton poder\u00e3o ser percorridos em pouco mais de dez minutos, a partir do dia 8 de junho. O Comit\u00ea Organizador da Copa do Mundo confirmou que o trecho do Gautrain (trem r\u00e1pido) ligando os dois pontos estar\u00e1 em funcionamento antes da data prevista &#8211; 27 de junho. Ser\u00e1 o primeiro trecho do Gautrain a operar na cidade e a passagem custar\u00e1 entre 70 e 100 rands (R$ 18 e R$ 25).\u00a0<\/p>\n<p>Um grupo de jornalistas foi convidado a testar o Gautrain como parte das comemora\u00e7\u00f5es para os 50 dias da Copa. Os trens s\u00e3o equipados com cadeiras acolchoadas e podem atingir at\u00e9 160 quil\u00f4metros por hora.\u00a0<\/p>\n<p><img loading=\"lazy\" decoding=\"async\" alt=\"\" width=\"400\" height=\"276\" src=\"\/site\/userfiles\/trem2.jpg\" \/><\/p>\n<p>Al\u00e9m de evitar o tr\u00e2nsito ca\u00f3tico da cidade nos hor\u00e1rios de rush, a viagem de trem \u00e9 bem mais barata do que pegar um taxi at\u00e9 Sandton, que n\u00e3o sai por menos de 300 randas (R$ 75). O Gautrain tamb\u00e9m ajuda a minimizar os problemas de transporte do pa\u00eds, j\u00e1 que a maioria da popula\u00e7\u00e3o ainda depende de vans informais para se locomover. No entanto, um dos trechos mais aguardados, ligando o Aeroporto de Joanesburgo \u00e0 cidade de Pret\u00f3ria, s\u00f3 ficar\u00e1 pronto no meio de 2011.\u00a0<\/p>\n<p><img loading=\"lazy\" decoding=\"async\" alt=\"\" width=\"400\" height=\"260\" src=\"\/site\/userfiles\/trem3.jpg\" \/><\/p>\n<p>Como n\u00e3o h\u00e1 esta\u00e7\u00f5es do Gautrain perto dos est\u00e1dios, em dias de jogo centenas de \u00f4nibus fretados ser\u00e3o disponibilizados para levar os torcedores aos locais das partidas. Os pontos de encontro ser\u00e3o hot\u00e9is credenciados pela Fifa e esta\u00e7\u00f5es de \u201cPark and Ride\u201d, onde os f\u00e3s poder\u00e3o estacionar seu carro. <\/p>\n<p><img loading=\"lazy\" decoding=\"async\" alt=\"\" width=\"400\" height=\"286\" src=\"\/site\/userfiles\/trem4.jpg\" \/><\/p>\n<p>Veja v\u00eddeo.\u00a0<\/p>\n<p>\n<object style=\"height: 344px; width: 425px\"><param name=\"movie\" value=\"http:\/\/www.youtube.com\/v\/pkJfQqL9AKE\"><param name=\"allowFullScreen\" value=\"true\"><param name=\"allowScriptAccess\" value=\"always\"><embed src=\"http:\/\/www.youtube.com\/v\/pkJfQqL9AKE\" type=\"application\/x-shockwave-flash\" allowfullscreen=\"true\" allowScriptAccess=\"always\" width=\"425\" height=\"344\"><\/object><\/p>\n<p><b>Autor: Globo Esporte<\/b><\/p>\n","protected":false},"excerpt":{"rendered":"<p>Os cerca de 20 quil\u00f4metros que separam o Aeroporto Internacional de Joanesburgo e o bairro de Sandton poder\u00e3o ser percorridos em pouco mais de dez minutos, a partir do dia 8 de junho. O Comit\u00ea Organizador da Copa do Mundo confirmou que o trecho do Gautrain (trem r\u00e1pido) ligando os dois pontos estar\u00e1 em funcionamento [&hellip;]<\/p>\n","protected":false},"author":1,"featured_media":18126,"comment_status":"open","ping_status":"open","sticky":false,"template":"","format":"standard","meta":{"footnotes":""},"categories":[6,41],"tags":[],"class_list":{"0":"post-18125","1":"post","2":"type-post","3":"status-publish","4":"format-standard","5":"has-post-thumbnail","7":"category-noticias","8":"category-transportes"},"yoast_head":"<!-- This site is optimized with the Yoast SEO plugin v27.2 - https:\/\/yoast.com\/product\/yoast-seo-wordpress\/ -->\n<title>Trem r\u00e1pido de Joanesburgo come\u00e7a a operar no dia 8 de junho - Instituto de Engenharia<\/title>\n<meta name=\"robots\" content=\"index, follow, max-snippet:-1, max-image-preview:large, max-video-preview:-1\" \/>\n<link rel=\"canonical\" href=\"https:\/\/www.institutodeengenharia.org.br\/site\/2010\/05\/06\/trem-rapido-de-joanesburgo-comeca-a-operar-no-dia-8-de-junho\/\" \/>\n<meta property=\"og:locale\" content=\"pt_BR\" \/>\n<meta property=\"og:type\" content=\"article\" \/>\n<meta property=\"og:title\" content=\"Trem r\u00e1pido de Joanesburgo come\u00e7a a operar no dia 8 de junho - Instituto de Engenharia\" \/>\n<meta property=\"og:description\" content=\"Os cerca de 20 quil\u00f4metros que separam o Aeroporto Internacional de Joanesburgo e o bairro de Sandton poder\u00e3o ser percorridos em pouco mais de dez minutos, a partir do dia 8 de junho. O Comit\u00ea Organizador da Copa do Mundo confirmou que o trecho do Gautrain (trem r\u00e1pido) ligando os dois pontos estar\u00e1 em funcionamento [&hellip;]\" \/>\n<meta property=\"og:url\" content=\"https:\/\/www.institutodeengenharia.org.br\/site\/2010\/05\/06\/trem-rapido-de-joanesburgo-comeca-a-operar-no-dia-8-de-junho\/\" \/>\n<meta property=\"og:site_name\" content=\"Instituto de Engenharia\" \/>\n<meta property=\"article:publisher\" content=\"https:\/\/www.facebook.com\/institutodeengenharia\" \/>\n<meta property=\"article:published_time\" content=\"2010-05-06T22:43:56+00:00\" \/>\n<meta property=\"og:image\" content=\"https:\/\/www.institutodeengenharia.org.br\/site\/wp-content\/uploads\/2017\/10\/trem1.jpg\" \/>\n\t<meta property=\"og:image:width\" content=\"400\" \/>\n\t<meta property=\"og:image:height\" content=\"250\" \/>\n\t<meta property=\"og:image:type\" content=\"image\/jpeg\" \/>\n<meta name=\"author\" content=\"TMax Tecnologia\" \/>\n<meta name=\"twitter:card\" content=\"summary_large_image\" \/>\n<meta name=\"twitter:creator\" content=\"@iengenharia\" \/>\n<meta name=\"twitter:site\" content=\"@iengenharia\" \/>\n<meta name=\"twitter:label1\" content=\"Escrito por\" \/>\n\t<meta name=\"twitter:data1\" content=\"TMax Tecnologia\" \/>\n\t<meta name=\"twitter:label2\" content=\"Est. tempo de leitura\" \/>\n\t<meta name=\"twitter:data2\" content=\"1 minuto\" \/>\n<script type=\"application\/ld+json\" class=\"yoast-schema-graph\">{\"@context\":\"https:\/\/schema.org\",\"@graph\":[{\"@type\":\"Article\",\"@id\":\"https:\/\/www.institutodeengenharia.org.br\/site\/2010\/05\/06\/trem-rapido-de-joanesburgo-comeca-a-operar-no-dia-8-de-junho\/#article\",\"isPartOf\":{\"@id\":\"https:\/\/www.institutodeengenharia.org.br\/site\/2010\/05\/06\/trem-rapido-de-joanesburgo-comeca-a-operar-no-dia-8-de-junho\/\"},\"author\":{\"name\":\"TMax Tecnologia\",\"@id\":\"https:\/\/www.institutodeengenharia.org.br\/site\/#\/schema\/person\/3b1ff109facef084739fc2edcb9a127f\"},\"headline\":\"Trem r\u00e1pido de Joanesburgo come\u00e7a a operar no dia 8 de junho\",\"datePublished\":\"2010-05-06T22:43:56+00:00\",\"mainEntityOfPage\":{\"@id\":\"https:\/\/www.institutodeengenharia.org.br\/site\/2010\/05\/06\/trem-rapido-de-joanesburgo-comeca-a-operar-no-dia-8-de-junho\/\"},\"wordCount\":286,\"commentCount\":0,\"publisher\":{\"@id\":\"https:\/\/www.institutodeengenharia.org.br\/site\/#organization\"},\"image\":{\"@id\":\"https:\/\/www.institutodeengenharia.org.br\/site\/2010\/05\/06\/trem-rapido-de-joanesburgo-comeca-a-operar-no-dia-8-de-junho\/#primaryimage\"},\"thumbnailUrl\":\"https:\/\/www.institutodeengenharia.org.br\/site\/wp-content\/uploads\/2017\/10\/trem1.jpg\",\"articleSection\":[\"Not\u00edcias\",\"Transportes\"],\"inLanguage\":\"pt-BR\",\"potentialAction\":[{\"@type\":\"CommentAction\",\"name\":\"Comment\",\"target\":[\"https:\/\/www.institutodeengenharia.org.br\/site\/2010\/05\/06\/trem-rapido-de-joanesburgo-comeca-a-operar-no-dia-8-de-junho\/#respond\"]}]},{\"@type\":\"WebPage\",\"@id\":\"https:\/\/www.institutodeengenharia.org.br\/site\/2010\/05\/06\/trem-rapido-de-joanesburgo-comeca-a-operar-no-dia-8-de-junho\/\",\"url\":\"https:\/\/www.institutodeengenharia.org.br\/site\/2010\/05\/06\/trem-rapido-de-joanesburgo-comeca-a-operar-no-dia-8-de-junho\/\",\"name\":\"Trem r\u00e1pido de Joanesburgo come\u00e7a a operar no dia 8 de junho - Instituto de Engenharia\",\"isPartOf\":{\"@id\":\"https:\/\/www.institutodeengenharia.org.br\/site\/#website\"},\"primaryImageOfPage\":{\"@id\":\"https:\/\/www.institutodeengenharia.org.br\/site\/2010\/05\/06\/trem-rapido-de-joanesburgo-comeca-a-operar-no-dia-8-de-junho\/#primaryimage\"},\"image\":{\"@id\":\"https:\/\/www.institutodeengenharia.org.br\/site\/2010\/05\/06\/trem-rapido-de-joanesburgo-comeca-a-operar-no-dia-8-de-junho\/#primaryimage\"},\"thumbnailUrl\":\"https:\/\/www.institutodeengenharia.org.br\/site\/wp-content\/uploads\/2017\/10\/trem1.jpg\",\"datePublished\":\"2010-05-06T22:43:56+00:00\",\"breadcrumb\":{\"@id\":\"https:\/\/www.institutodeengenharia.org.br\/site\/2010\/05\/06\/trem-rapido-de-joanesburgo-comeca-a-operar-no-dia-8-de-junho\/#breadcrumb\"},\"inLanguage\":\"pt-BR\",\"potentialAction\":[{\"@type\":\"ReadAction\",\"target\":[\"https:\/\/www.institutodeengenharia.org.br\/site\/2010\/05\/06\/trem-rapido-de-joanesburgo-comeca-a-operar-no-dia-8-de-junho\/\"]}]},{\"@type\":\"ImageObject\",\"inLanguage\":\"pt-BR\",\"@id\":\"https:\/\/www.institutodeengenharia.org.br\/site\/2010\/05\/06\/trem-rapido-de-joanesburgo-comeca-a-operar-no-dia-8-de-junho\/#primaryimage\",\"url\":\"https:\/\/www.institutodeengenharia.org.br\/site\/wp-content\/uploads\/2017\/10\/trem1.jpg\",\"contentUrl\":\"https:\/\/www.institutodeengenharia.org.br\/site\/wp-content\/uploads\/2017\/10\/trem1.jpg\",\"width\":400,\"height\":250},{\"@type\":\"BreadcrumbList\",\"@id\":\"https:\/\/www.institutodeengenharia.org.br\/site\/2010\/05\/06\/trem-rapido-de-joanesburgo-comeca-a-operar-no-dia-8-de-junho\/#breadcrumb\",\"itemListElement\":[{\"@type\":\"ListItem\",\"position\":1,\"name\":\"In\u00edcio\",\"item\":\"https:\/\/www.institutodeengenharia.org.br\/site\/\"},{\"@type\":\"ListItem\",\"position\":2,\"name\":\"Trem r\u00e1pido de Joanesburgo come\u00e7a a operar no dia 8 de junho\"}]},{\"@type\":\"WebSite\",\"@id\":\"https:\/\/www.institutodeengenharia.org.br\/site\/#website\",\"url\":\"https:\/\/www.institutodeengenharia.org.br\/site\/\",\"name\":\"Instituto de Engenharia\",\"description\":\"O Instituto de Engenharia promove a Engenharia em benef\u00edcio do desenvolvimento e da qualidade de vida da sociedade.\",\"publisher\":{\"@id\":\"https:\/\/www.institutodeengenharia.org.br\/site\/#organization\"},\"potentialAction\":[{\"@type\":\"SearchAction\",\"target\":{\"@type\":\"EntryPoint\",\"urlTemplate\":\"https:\/\/www.institutodeengenharia.org.br\/site\/?s={search_term_string}\"},\"query-input\":{\"@type\":\"PropertyValueSpecification\",\"valueRequired\":true,\"valueName\":\"search_term_string\"}}],\"inLanguage\":\"pt-BR\"},{\"@type\":\"Organization\",\"@id\":\"https:\/\/www.institutodeengenharia.org.br\/site\/#organization\",\"name\":\"Instituto de Engenharia\",\"url\":\"https:\/\/www.institutodeengenharia.org.br\/site\/\",\"logo\":{\"@type\":\"ImageObject\",\"inLanguage\":\"pt-BR\",\"@id\":\"https:\/\/www.institutodeengenharia.org.br\/site\/#\/schema\/logo\/image\/\",\"url\":\"https:\/\/www.institutodeengenharia.org.br\/site\/wp-content\/uploads\/2019\/03\/logo-novo-IE2018-1.jpg\",\"contentUrl\":\"https:\/\/www.institutodeengenharia.org.br\/site\/wp-content\/uploads\/2019\/03\/logo-novo-IE2018-1.jpg\",\"width\":1486,\"height\":1879,\"caption\":\"Instituto de Engenharia\"},\"image\":{\"@id\":\"https:\/\/www.institutodeengenharia.org.br\/site\/#\/schema\/logo\/image\/\"},\"sameAs\":[\"https:\/\/www.facebook.com\/institutodeengenharia\",\"https:\/\/x.com\/iengenharia\",\"https:\/\/www.instagram.com\/institutodeengenharia\/\",\"https:\/\/www.linkedin.com\/company\/instituto-de-engenharia\/\",\"https:\/\/www.youtube.com\/channel\/UCXiCAlsSMe977vamW915HxA\"]},{\"@type\":\"Person\",\"@id\":\"https:\/\/www.institutodeengenharia.org.br\/site\/#\/schema\/person\/3b1ff109facef084739fc2edcb9a127f\",\"name\":\"TMax Tecnologia\",\"image\":{\"@type\":\"ImageObject\",\"inLanguage\":\"pt-BR\",\"@id\":\"https:\/\/secure.gravatar.com\/avatar\/f912434ef7f389c92cb311fcdae346af848465d638912574b3c669070f797701?s=96&d=mm&r=g\",\"url\":\"https:\/\/secure.gravatar.com\/avatar\/f912434ef7f389c92cb311fcdae346af848465d638912574b3c669070f797701?s=96&d=mm&r=g\",\"contentUrl\":\"https:\/\/secure.gravatar.com\/avatar\/f912434ef7f389c92cb311fcdae346af848465d638912574b3c669070f797701?s=96&d=mm&r=g\",\"caption\":\"TMax Tecnologia\"},\"url\":\"https:\/\/www.institutodeengenharia.org.br\/site\/author\/tmax\/\"}]}<\/script>\n<!-- \/ Yoast SEO plugin. -->","yoast_head_json":{"title":"Trem r\u00e1pido de Joanesburgo come\u00e7a a operar no dia 8 de junho - Instituto de Engenharia","robots":{"index":"index","follow":"follow","max-snippet":"max-snippet:-1","max-image-preview":"max-image-preview:large","max-video-preview":"max-video-preview:-1"},"canonical":"https:\/\/www.institutodeengenharia.org.br\/site\/2010\/05\/06\/trem-rapido-de-joanesburgo-comeca-a-operar-no-dia-8-de-junho\/","og_locale":"pt_BR","og_type":"article","og_title":"Trem r\u00e1pido de Joanesburgo come\u00e7a a operar no dia 8 de junho - Instituto de Engenharia","og_description":"Os cerca de 20 quil\u00f4metros que separam o Aeroporto Internacional de Joanesburgo e o bairro de Sandton poder\u00e3o ser percorridos em pouco mais de dez minutos, a partir do dia 8 de junho. O Comit\u00ea Organizador da Copa do Mundo confirmou que o trecho do Gautrain (trem r\u00e1pido) ligando os dois pontos estar\u00e1 em funcionamento [&hellip;]","og_url":"https:\/\/www.institutodeengenharia.org.br\/site\/2010\/05\/06\/trem-rapido-de-joanesburgo-comeca-a-operar-no-dia-8-de-junho\/","og_site_name":"Instituto de Engenharia","article_publisher":"https:\/\/www.facebook.com\/institutodeengenharia","article_published_time":"2010-05-06T22:43:56+00:00","og_image":[{"width":400,"height":250,"url":"https:\/\/www.institutodeengenharia.org.br\/site\/wp-content\/uploads\/2017\/10\/trem1.jpg","type":"image\/jpeg"}],"author":"TMax Tecnologia","twitter_card":"summary_large_image","twitter_creator":"@iengenharia","twitter_site":"@iengenharia","twitter_misc":{"Escrito por":"TMax Tecnologia","Est. tempo de leitura":"1 minuto"},"schema":{"@context":"https:\/\/schema.org","@graph":[{"@type":"Article","@id":"https:\/\/www.institutodeengenharia.org.br\/site\/2010\/05\/06\/trem-rapido-de-joanesburgo-comeca-a-operar-no-dia-8-de-junho\/#article","isPartOf":{"@id":"https:\/\/www.institutodeengenharia.org.br\/site\/2010\/05\/06\/trem-rapido-de-joanesburgo-comeca-a-operar-no-dia-8-de-junho\/"},"author":{"name":"TMax Tecnologia","@id":"https:\/\/www.institutodeengenharia.org.br\/site\/#\/schema\/person\/3b1ff109facef084739fc2edcb9a127f"},"headline":"Trem r\u00e1pido de Joanesburgo come\u00e7a a operar no dia 8 de junho","datePublished":"2010-05-06T22:43:56+00:00","mainEntityOfPage":{"@id":"https:\/\/www.institutodeengenharia.org.br\/site\/2010\/05\/06\/trem-rapido-de-joanesburgo-comeca-a-operar-no-dia-8-de-junho\/"},"wordCount":286,"commentCount":0,"publisher":{"@id":"https:\/\/www.institutodeengenharia.org.br\/site\/#organization"},"image":{"@id":"https:\/\/www.institutodeengenharia.org.br\/site\/2010\/05\/06\/trem-rapido-de-joanesburgo-comeca-a-operar-no-dia-8-de-junho\/#primaryimage"},"thumbnailUrl":"https:\/\/www.institutodeengenharia.org.br\/site\/wp-content\/uploads\/2017\/10\/trem1.jpg","articleSection":["Not\u00edcias","Transportes"],"inLanguage":"pt-BR","potentialAction":[{"@type":"CommentAction","name":"Comment","target":["https:\/\/www.institutodeengenharia.org.br\/site\/2010\/05\/06\/trem-rapido-de-joanesburgo-comeca-a-operar-no-dia-8-de-junho\/#respond"]}]},{"@type":"WebPage","@id":"https:\/\/www.institutodeengenharia.org.br\/site\/2010\/05\/06\/trem-rapido-de-joanesburgo-comeca-a-operar-no-dia-8-de-junho\/","url":"https:\/\/www.institutodeengenharia.org.br\/site\/2010\/05\/06\/trem-rapido-de-joanesburgo-comeca-a-operar-no-dia-8-de-junho\/","name":"Trem r\u00e1pido de Joanesburgo come\u00e7a a operar no dia 8 de junho - Instituto de Engenharia","isPartOf":{"@id":"https:\/\/www.institutodeengenharia.org.br\/site\/#website"},"primaryImageOfPage":{"@id":"https:\/\/www.institutodeengenharia.org.br\/site\/2010\/05\/06\/trem-rapido-de-joanesburgo-comeca-a-operar-no-dia-8-de-junho\/#primaryimage"},"image":{"@id":"https:\/\/www.institutodeengenharia.org.br\/site\/2010\/05\/06\/trem-rapido-de-joanesburgo-comeca-a-operar-no-dia-8-de-junho\/#primaryimage"},"thumbnailUrl":"https:\/\/www.institutodeengenharia.org.br\/site\/wp-content\/uploads\/2017\/10\/trem1.jpg","datePublished":"2010-05-06T22:43:56+00:00","breadcrumb":{"@id":"https:\/\/www.institutodeengenharia.org.br\/site\/2010\/05\/06\/trem-rapido-de-joanesburgo-comeca-a-operar-no-dia-8-de-junho\/#breadcrumb"},"inLanguage":"pt-BR","potentialAction":[{"@type":"ReadAction","target":["https:\/\/www.institutodeengenharia.org.br\/site\/2010\/05\/06\/trem-rapido-de-joanesburgo-comeca-a-operar-no-dia-8-de-junho\/"]}]},{"@type":"ImageObject","inLanguage":"pt-BR","@id":"https:\/\/www.institutodeengenharia.org.br\/site\/2010\/05\/06\/trem-rapido-de-joanesburgo-comeca-a-operar-no-dia-8-de-junho\/#primaryimage","url":"https:\/\/www.institutodeengenharia.org.br\/site\/wp-content\/uploads\/2017\/10\/trem1.jpg","contentUrl":"https:\/\/www.institutodeengenharia.org.br\/site\/wp-content\/uploads\/2017\/10\/trem1.jpg","width":400,"height":250},{"@type":"BreadcrumbList","@id":"https:\/\/www.institutodeengenharia.org.br\/site\/2010\/05\/06\/trem-rapido-de-joanesburgo-comeca-a-operar-no-dia-8-de-junho\/#breadcrumb","itemListElement":[{"@type":"ListItem","position":1,"name":"In\u00edcio","item":"https:\/\/www.institutodeengenharia.org.br\/site\/"},{"@type":"ListItem","position":2,"name":"Trem r\u00e1pido de Joanesburgo come\u00e7a a operar no dia 8 de junho"}]},{"@type":"WebSite","@id":"https:\/\/www.institutodeengenharia.org.br\/site\/#website","url":"https:\/\/www.institutodeengenharia.org.br\/site\/","name":"Instituto de Engenharia","description":"O Instituto de Engenharia promove a Engenharia em benef\u00edcio do desenvolvimento e da qualidade de vida da sociedade.","publisher":{"@id":"https:\/\/www.institutodeengenharia.org.br\/site\/#organization"},"potentialAction":[{"@type":"SearchAction","target":{"@type":"EntryPoint","urlTemplate":"https:\/\/www.institutodeengenharia.org.br\/site\/?s={search_term_string}"},"query-input":{"@type":"PropertyValueSpecification","valueRequired":true,"valueName":"search_term_string"}}],"inLanguage":"pt-BR"},{"@type":"Organization","@id":"https:\/\/www.institutodeengenharia.org.br\/site\/#organization","name":"Instituto de Engenharia","url":"https:\/\/www.institutodeengenharia.org.br\/site\/","logo":{"@type":"ImageObject","inLanguage":"pt-BR","@id":"https:\/\/www.institutodeengenharia.org.br\/site\/#\/schema\/logo\/image\/","url":"https:\/\/www.institutodeengenharia.org.br\/site\/wp-content\/uploads\/2019\/03\/logo-novo-IE2018-1.jpg","contentUrl":"https:\/\/www.institutodeengenharia.org.br\/site\/wp-content\/uploads\/2019\/03\/logo-novo-IE2018-1.jpg","width":1486,"height":1879,"caption":"Instituto de Engenharia"},"image":{"@id":"https:\/\/www.institutodeengenharia.org.br\/site\/#\/schema\/logo\/image\/"},"sameAs":["https:\/\/www.facebook.com\/institutodeengenharia","https:\/\/x.com\/iengenharia","https:\/\/www.instagram.com\/institutodeengenharia\/","https:\/\/www.linkedin.com\/company\/instituto-de-engenharia\/","https:\/\/www.youtube.com\/channel\/UCXiCAlsSMe977vamW915HxA"]},{"@type":"Person","@id":"https:\/\/www.institutodeengenharia.org.br\/site\/#\/schema\/person\/3b1ff109facef084739fc2edcb9a127f","name":"TMax Tecnologia","image":{"@type":"ImageObject","inLanguage":"pt-BR","@id":"https:\/\/secure.gravatar.com\/avatar\/f912434ef7f389c92cb311fcdae346af848465d638912574b3c669070f797701?s=96&d=mm&r=g","url":"https:\/\/secure.gravatar.com\/avatar\/f912434ef7f389c92cb311fcdae346af848465d638912574b3c669070f797701?s=96&d=mm&r=g","contentUrl":"https:\/\/secure.gravatar.com\/avatar\/f912434ef7f389c92cb311fcdae346af848465d638912574b3c669070f797701?s=96&d=mm&r=g","caption":"TMax Tecnologia"},"url":"https:\/\/www.institutodeengenharia.org.br\/site\/author\/tmax\/"}]}},"_links":{"self":[{"href":"https:\/\/www.institutodeengenharia.org.br\/site\/wp-json\/wp\/v2\/posts\/18125","targetHints":{"allow":["GET"]}}],"collection":[{"href":"https:\/\/www.institutodeengenharia.org.br\/site\/wp-json\/wp\/v2\/posts"}],"about":[{"href":"https:\/\/www.institutodeengenharia.org.br\/site\/wp-json\/wp\/v2\/types\/post"}],"author":[{"embeddable":true,"href":"https:\/\/www.institutodeengenharia.org.br\/site\/wp-json\/wp\/v2\/users\/1"}],"replies":[{"embeddable":true,"href":"https:\/\/www.institutodeengenharia.org.br\/site\/wp-json\/wp\/v2\/comments?post=18125"}],"version-history":[{"count":0,"href":"https:\/\/www.institutodeengenharia.org.br\/site\/wp-json\/wp\/v2\/posts\/18125\/revisions"}],"wp:featuredmedia":[{"embeddable":true,"href":"https:\/\/www.institutodeengenharia.org.br\/site\/wp-json\/wp\/v2\/media\/18126"}],"wp:attachment":[{"href":"https:\/\/www.institutodeengenharia.org.br\/site\/wp-json\/wp\/v2\/media?parent=18125"}],"wp:term":[{"taxonomy":"category","embeddable":true,"href":"https:\/\/www.institutodeengenharia.org.br\/site\/wp-json\/wp\/v2\/categories?post=18125"},{"taxonomy":"post_tag","embeddable":true,"href":"https:\/\/www.institutodeengenharia.org.br\/site\/wp-json\/wp\/v2\/tags?post=18125"}],"curies":[{"name":"wp","href":"https:\/\/api.w.org\/{rel}","templated":true}]}}