{"id":18121,"date":"2010-05-05T22:43:52","date_gmt":"2010-05-05T22:43:52","guid":{"rendered":"https:\/\/www.institutodeengenharia.org.br\/?p=18121"},"modified":"2010-05-05T16:44:10","modified_gmt":"2010-05-05T16:44:10","slug":"vale-anuncia-fundo-de-r-605-milhoes-para-reflorestamento-na-amazonia","status":"publish","type":"post","link":"https:\/\/www.institutodeengenharia.org.br\/site\/2010\/05\/05\/vale-anuncia-fundo-de-r-605-milhoes-para-reflorestamento-na-amazonia\/","title":{"rendered":"Vale anuncia fundo de R$ 605 milh\u00f5es para reflorestamento na Amaz\u00f4nia"},"content":{"rendered":"<p>A mineradora Vale, o Banco Nacional de Desenvolvimento Econ\u00f4mico e Social (BNDES) e os fundos de pens\u00e3o da Caixa Econ\u00f4mica Federal (Funcef) e da Petrobras (Petros) anunciaram na manh\u00e3 desta quarta-feira (5) a forma\u00e7\u00e3o de um fundo de reflorestamento com patrim\u00f4nio de R$ 605 milh\u00f5es, cuja atua\u00e7\u00e3o ter\u00e1 impacto direto em terras da Amaz\u00f4nia. Em entrevista coletiva realizada no Rio de Janeiro, dirigentes das empresas disseram que a ideia \u00e9 recuperar \u00e1reas degradadas de florestas no Par\u00e1 a partir de parcerias com fazendeiros.<\/p>\n<p>Para realizar o projeto, as empresas identificaram fazendas com titularidade de terra e que podem ser regularizadas. A proposta \u00e9 arrendar as propriedades e investir em seu reflorestamento. A longo prazo, a madeira produzida nas terras poder\u00e1 suprir demandas da Vale ou ser comercializada. <\/p>\n<p>A divis\u00e3o do fundo ainda est\u00e1 em fase final de negocia\u00e7\u00e3o, mas 40% do total dever\u00e3o ir para a Vale. Os outros tr\u00eas cotistas ter\u00e3o 20% cada. A rentabilidade esperada para o neg\u00f3cio varia de 8% a 10%. &#8220;O Brasil est\u00e1 na moda e a Amaz\u00f4nia mais ainda. Quando se fala em Amaz\u00f4nia, todo mundo j\u00e1 quer investir. Gente no Bahrein, China e Jap\u00e3o j\u00e1 manifestou interesse&#8221;, disse o presidente da Vale, Roger Agnelli, durante a coletiva. <\/p>\n<p>A meta do projeto \u00e9 reflorestar 450 mil hectares de \u00e1reas degradadas at\u00e9 2022, dos quais 150 mil ter\u00e3o plantio de florestas industriais e 300 mil ser\u00e3o usados para recuperar mata nativa na Amaz\u00f4nia. Os munic\u00edpios contemplados no <\/p>\n<p>fundo est\u00e3o em locais de expans\u00e3o de atividades produtivas, com territ\u00f3rio j\u00e1 desmatado, segundo o Macrozoneamento Ecol\u00f3gico-Econ\u00f4mico do Par\u00e1. As cidades s\u00e3o Dom Eliseu, Ulian\u00f3polis, Paragominas, Rondon do Par\u00e1, Abel Figueiredo e Bom Jesus do Tocantins. <\/p>\n<p>Os recursos iniciais do projeto ser\u00e3o investidos na Vale Florestar S.A. A empresa, que ainda est\u00e1 sendo constitu\u00edda, \u00e9 fruto de um projeto que a Vale desenvolve desde 2007 e estar\u00e1 focada no desenvolvimento de neg\u00f3cios florestais no Brasil. <\/p>\n<p><b>Autor: G1<\/b><\/p>\n","protected":false},"excerpt":{"rendered":"<p>A mineradora Vale, o Banco Nacional de Desenvolvimento Econ\u00f4mico e Social (BNDES) e os fundos de pens\u00e3o da Caixa Econ\u00f4mica Federal (Funcef) e da Petrobras (Petros) anunciaram na manh\u00e3 desta quarta-feira (5) a forma\u00e7\u00e3o de um fundo de reflorestamento com patrim\u00f4nio de R$ 605 milh\u00f5es, cuja atua\u00e7\u00e3o ter\u00e1 impacto direto em terras da Amaz\u00f4nia. Em [&hellip;]<\/p>\n","protected":false},"author":1,"featured_media":0,"comment_status":"open","ping_status":"open","sticky":false,"template":"","format":"standard","meta":{"footnotes":""},"categories":[31,6],"tags":[],"class_list":{"0":"post-18121","1":"post","2":"type-post","3":"status-publish","4":"format-standard","6":"category-meio-ambiente","7":"category-noticias"},"yoast_head":"<!-- This site is optimized with the Yoast SEO plugin v27.2 - https:\/\/yoast.com\/product\/yoast-seo-wordpress\/ -->\n<title>Vale anuncia fundo de R$ 605 milh\u00f5es para reflorestamento na Amaz\u00f4nia - Instituto de Engenharia<\/title>\n<meta name=\"robots\" content=\"index, follow, max-snippet:-1, max-image-preview:large, max-video-preview:-1\" \/>\n<link rel=\"canonical\" href=\"https:\/\/www.institutodeengenharia.org.br\/site\/2010\/05\/05\/vale-anuncia-fundo-de-r-605-milhoes-para-reflorestamento-na-amazonia\/\" \/>\n<meta property=\"og:locale\" content=\"pt_BR\" \/>\n<meta property=\"og:type\" content=\"article\" \/>\n<meta property=\"og:title\" content=\"Vale anuncia fundo de R$ 605 milh\u00f5es para reflorestamento na Amaz\u00f4nia - Instituto de Engenharia\" \/>\n<meta property=\"og:description\" content=\"A mineradora Vale, o Banco Nacional de Desenvolvimento Econ\u00f4mico e Social (BNDES) e os fundos de pens\u00e3o da Caixa Econ\u00f4mica Federal (Funcef) e da Petrobras (Petros) anunciaram na manh\u00e3 desta quarta-feira (5) a forma\u00e7\u00e3o de um fundo de reflorestamento com patrim\u00f4nio de R$ 605 milh\u00f5es, cuja atua\u00e7\u00e3o ter\u00e1 impacto direto em terras da Amaz\u00f4nia. Em [&hellip;]\" \/>\n<meta property=\"og:url\" content=\"https:\/\/www.institutodeengenharia.org.br\/site\/2010\/05\/05\/vale-anuncia-fundo-de-r-605-milhoes-para-reflorestamento-na-amazonia\/\" \/>\n<meta property=\"og:site_name\" content=\"Instituto de Engenharia\" \/>\n<meta property=\"article:publisher\" content=\"https:\/\/www.facebook.com\/institutodeengenharia\" \/>\n<meta property=\"article:published_time\" content=\"2010-05-05T22:43:52+00:00\" \/>\n<meta name=\"author\" content=\"TMax Tecnologia\" \/>\n<meta name=\"twitter:card\" content=\"summary_large_image\" \/>\n<meta name=\"twitter:creator\" content=\"@iengenharia\" \/>\n<meta name=\"twitter:site\" content=\"@iengenharia\" \/>\n<meta name=\"twitter:label1\" content=\"Escrito por\" \/>\n\t<meta name=\"twitter:data1\" content=\"TMax Tecnologia\" \/>\n\t<meta name=\"twitter:label2\" content=\"Est. tempo de leitura\" \/>\n\t<meta name=\"twitter:data2\" content=\"2 minutos\" \/>\n<script type=\"application\/ld+json\" class=\"yoast-schema-graph\">{\"@context\":\"https:\/\/schema.org\",\"@graph\":[{\"@type\":\"Article\",\"@id\":\"https:\/\/www.institutodeengenharia.org.br\/site\/2010\/05\/05\/vale-anuncia-fundo-de-r-605-milhoes-para-reflorestamento-na-amazonia\/#article\",\"isPartOf\":{\"@id\":\"https:\/\/www.institutodeengenharia.org.br\/site\/2010\/05\/05\/vale-anuncia-fundo-de-r-605-milhoes-para-reflorestamento-na-amazonia\/\"},\"author\":{\"name\":\"TMax Tecnologia\",\"@id\":\"https:\/\/www.institutodeengenharia.org.br\/site\/#\/schema\/person\/3b1ff109facef084739fc2edcb9a127f\"},\"headline\":\"Vale anuncia fundo de R$ 605 milh\u00f5es para reflorestamento na Amaz\u00f4nia\",\"datePublished\":\"2010-05-05T22:43:52+00:00\",\"mainEntityOfPage\":{\"@id\":\"https:\/\/www.institutodeengenharia.org.br\/site\/2010\/05\/05\/vale-anuncia-fundo-de-r-605-milhoes-para-reflorestamento-na-amazonia\/\"},\"wordCount\":348,\"commentCount\":0,\"publisher\":{\"@id\":\"https:\/\/www.institutodeengenharia.org.br\/site\/#organization\"},\"articleSection\":[\"Meio Ambiente\",\"Not\u00edcias\"],\"inLanguage\":\"pt-BR\",\"potentialAction\":[{\"@type\":\"CommentAction\",\"name\":\"Comment\",\"target\":[\"https:\/\/www.institutodeengenharia.org.br\/site\/2010\/05\/05\/vale-anuncia-fundo-de-r-605-milhoes-para-reflorestamento-na-amazonia\/#respond\"]}]},{\"@type\":\"WebPage\",\"@id\":\"https:\/\/www.institutodeengenharia.org.br\/site\/2010\/05\/05\/vale-anuncia-fundo-de-r-605-milhoes-para-reflorestamento-na-amazonia\/\",\"url\":\"https:\/\/www.institutodeengenharia.org.br\/site\/2010\/05\/05\/vale-anuncia-fundo-de-r-605-milhoes-para-reflorestamento-na-amazonia\/\",\"name\":\"Vale anuncia fundo de R$ 605 milh\u00f5es para reflorestamento na Amaz\u00f4nia - Instituto de Engenharia\",\"isPartOf\":{\"@id\":\"https:\/\/www.institutodeengenharia.org.br\/site\/#website\"},\"datePublished\":\"2010-05-05T22:43:52+00:00\",\"breadcrumb\":{\"@id\":\"https:\/\/www.institutodeengenharia.org.br\/site\/2010\/05\/05\/vale-anuncia-fundo-de-r-605-milhoes-para-reflorestamento-na-amazonia\/#breadcrumb\"},\"inLanguage\":\"pt-BR\",\"potentialAction\":[{\"@type\":\"ReadAction\",\"target\":[\"https:\/\/www.institutodeengenharia.org.br\/site\/2010\/05\/05\/vale-anuncia-fundo-de-r-605-milhoes-para-reflorestamento-na-amazonia\/\"]}]},{\"@type\":\"BreadcrumbList\",\"@id\":\"https:\/\/www.institutodeengenharia.org.br\/site\/2010\/05\/05\/vale-anuncia-fundo-de-r-605-milhoes-para-reflorestamento-na-amazonia\/#breadcrumb\",\"itemListElement\":[{\"@type\":\"ListItem\",\"position\":1,\"name\":\"In\u00edcio\",\"item\":\"https:\/\/www.institutodeengenharia.org.br\/site\/\"},{\"@type\":\"ListItem\",\"position\":2,\"name\":\"Vale anuncia fundo de R$ 605 milh\u00f5es para reflorestamento na Amaz\u00f4nia\"}]},{\"@type\":\"WebSite\",\"@id\":\"https:\/\/www.institutodeengenharia.org.br\/site\/#website\",\"url\":\"https:\/\/www.institutodeengenharia.org.br\/site\/\",\"name\":\"Instituto de Engenharia\",\"description\":\"O Instituto de Engenharia promove a Engenharia em benef\u00edcio do desenvolvimento e da qualidade de vida da sociedade.\",\"publisher\":{\"@id\":\"https:\/\/www.institutodeengenharia.org.br\/site\/#organization\"},\"potentialAction\":[{\"@type\":\"SearchAction\",\"target\":{\"@type\":\"EntryPoint\",\"urlTemplate\":\"https:\/\/www.institutodeengenharia.org.br\/site\/?s={search_term_string}\"},\"query-input\":{\"@type\":\"PropertyValueSpecification\",\"valueRequired\":true,\"valueName\":\"search_term_string\"}}],\"inLanguage\":\"pt-BR\"},{\"@type\":\"Organization\",\"@id\":\"https:\/\/www.institutodeengenharia.org.br\/site\/#organization\",\"name\":\"Instituto de Engenharia\",\"url\":\"https:\/\/www.institutodeengenharia.org.br\/site\/\",\"logo\":{\"@type\":\"ImageObject\",\"inLanguage\":\"pt-BR\",\"@id\":\"https:\/\/www.institutodeengenharia.org.br\/site\/#\/schema\/logo\/image\/\",\"url\":\"https:\/\/www.institutodeengenharia.org.br\/site\/wp-content\/uploads\/2019\/03\/logo-novo-IE2018-1.jpg\",\"contentUrl\":\"https:\/\/www.institutodeengenharia.org.br\/site\/wp-content\/uploads\/2019\/03\/logo-novo-IE2018-1.jpg\",\"width\":1486,\"height\":1879,\"caption\":\"Instituto de Engenharia\"},\"image\":{\"@id\":\"https:\/\/www.institutodeengenharia.org.br\/site\/#\/schema\/logo\/image\/\"},\"sameAs\":[\"https:\/\/www.facebook.com\/institutodeengenharia\",\"https:\/\/x.com\/iengenharia\",\"https:\/\/www.instagram.com\/institutodeengenharia\/\",\"https:\/\/www.linkedin.com\/company\/instituto-de-engenharia\/\",\"https:\/\/www.youtube.com\/channel\/UCXiCAlsSMe977vamW915HxA\"]},{\"@type\":\"Person\",\"@id\":\"https:\/\/www.institutodeengenharia.org.br\/site\/#\/schema\/person\/3b1ff109facef084739fc2edcb9a127f\",\"name\":\"TMax Tecnologia\",\"image\":{\"@type\":\"ImageObject\",\"inLanguage\":\"pt-BR\",\"@id\":\"https:\/\/secure.gravatar.com\/avatar\/f912434ef7f389c92cb311fcdae346af848465d638912574b3c669070f797701?s=96&d=mm&r=g\",\"url\":\"https:\/\/secure.gravatar.com\/avatar\/f912434ef7f389c92cb311fcdae346af848465d638912574b3c669070f797701?s=96&d=mm&r=g\",\"contentUrl\":\"https:\/\/secure.gravatar.com\/avatar\/f912434ef7f389c92cb311fcdae346af848465d638912574b3c669070f797701?s=96&d=mm&r=g\",\"caption\":\"TMax Tecnologia\"},\"url\":\"https:\/\/www.institutodeengenharia.org.br\/site\/author\/tmax\/\"}]}<\/script>\n<!-- \/ Yoast SEO plugin. -->","yoast_head_json":{"title":"Vale anuncia fundo de R$ 605 milh\u00f5es para reflorestamento na Amaz\u00f4nia - Instituto de Engenharia","robots":{"index":"index","follow":"follow","max-snippet":"max-snippet:-1","max-image-preview":"max-image-preview:large","max-video-preview":"max-video-preview:-1"},"canonical":"https:\/\/www.institutodeengenharia.org.br\/site\/2010\/05\/05\/vale-anuncia-fundo-de-r-605-milhoes-para-reflorestamento-na-amazonia\/","og_locale":"pt_BR","og_type":"article","og_title":"Vale anuncia fundo de R$ 605 milh\u00f5es para reflorestamento na Amaz\u00f4nia - Instituto de Engenharia","og_description":"A mineradora Vale, o Banco Nacional de Desenvolvimento Econ\u00f4mico e Social (BNDES) e os fundos de pens\u00e3o da Caixa Econ\u00f4mica Federal (Funcef) e da Petrobras (Petros) anunciaram na manh\u00e3 desta quarta-feira (5) a forma\u00e7\u00e3o de um fundo de reflorestamento com patrim\u00f4nio de R$ 605 milh\u00f5es, cuja atua\u00e7\u00e3o ter\u00e1 impacto direto em terras da Amaz\u00f4nia. Em [&hellip;]","og_url":"https:\/\/www.institutodeengenharia.org.br\/site\/2010\/05\/05\/vale-anuncia-fundo-de-r-605-milhoes-para-reflorestamento-na-amazonia\/","og_site_name":"Instituto de Engenharia","article_publisher":"https:\/\/www.facebook.com\/institutodeengenharia","article_published_time":"2010-05-05T22:43:52+00:00","author":"TMax Tecnologia","twitter_card":"summary_large_image","twitter_creator":"@iengenharia","twitter_site":"@iengenharia","twitter_misc":{"Escrito por":"TMax Tecnologia","Est. tempo de leitura":"2 minutos"},"schema":{"@context":"https:\/\/schema.org","@graph":[{"@type":"Article","@id":"https:\/\/www.institutodeengenharia.org.br\/site\/2010\/05\/05\/vale-anuncia-fundo-de-r-605-milhoes-para-reflorestamento-na-amazonia\/#article","isPartOf":{"@id":"https:\/\/www.institutodeengenharia.org.br\/site\/2010\/05\/05\/vale-anuncia-fundo-de-r-605-milhoes-para-reflorestamento-na-amazonia\/"},"author":{"name":"TMax Tecnologia","@id":"https:\/\/www.institutodeengenharia.org.br\/site\/#\/schema\/person\/3b1ff109facef084739fc2edcb9a127f"},"headline":"Vale anuncia fundo de R$ 605 milh\u00f5es para reflorestamento na Amaz\u00f4nia","datePublished":"2010-05-05T22:43:52+00:00","mainEntityOfPage":{"@id":"https:\/\/www.institutodeengenharia.org.br\/site\/2010\/05\/05\/vale-anuncia-fundo-de-r-605-milhoes-para-reflorestamento-na-amazonia\/"},"wordCount":348,"commentCount":0,"publisher":{"@id":"https:\/\/www.institutodeengenharia.org.br\/site\/#organization"},"articleSection":["Meio Ambiente","Not\u00edcias"],"inLanguage":"pt-BR","potentialAction":[{"@type":"CommentAction","name":"Comment","target":["https:\/\/www.institutodeengenharia.org.br\/site\/2010\/05\/05\/vale-anuncia-fundo-de-r-605-milhoes-para-reflorestamento-na-amazonia\/#respond"]}]},{"@type":"WebPage","@id":"https:\/\/www.institutodeengenharia.org.br\/site\/2010\/05\/05\/vale-anuncia-fundo-de-r-605-milhoes-para-reflorestamento-na-amazonia\/","url":"https:\/\/www.institutodeengenharia.org.br\/site\/2010\/05\/05\/vale-anuncia-fundo-de-r-605-milhoes-para-reflorestamento-na-amazonia\/","name":"Vale anuncia fundo de R$ 605 milh\u00f5es para reflorestamento na Amaz\u00f4nia - Instituto de Engenharia","isPartOf":{"@id":"https:\/\/www.institutodeengenharia.org.br\/site\/#website"},"datePublished":"2010-05-05T22:43:52+00:00","breadcrumb":{"@id":"https:\/\/www.institutodeengenharia.org.br\/site\/2010\/05\/05\/vale-anuncia-fundo-de-r-605-milhoes-para-reflorestamento-na-amazonia\/#breadcrumb"},"inLanguage":"pt-BR","potentialAction":[{"@type":"ReadAction","target":["https:\/\/www.institutodeengenharia.org.br\/site\/2010\/05\/05\/vale-anuncia-fundo-de-r-605-milhoes-para-reflorestamento-na-amazonia\/"]}]},{"@type":"BreadcrumbList","@id":"https:\/\/www.institutodeengenharia.org.br\/site\/2010\/05\/05\/vale-anuncia-fundo-de-r-605-milhoes-para-reflorestamento-na-amazonia\/#breadcrumb","itemListElement":[{"@type":"ListItem","position":1,"name":"In\u00edcio","item":"https:\/\/www.institutodeengenharia.org.br\/site\/"},{"@type":"ListItem","position":2,"name":"Vale anuncia fundo de R$ 605 milh\u00f5es para reflorestamento na Amaz\u00f4nia"}]},{"@type":"WebSite","@id":"https:\/\/www.institutodeengenharia.org.br\/site\/#website","url":"https:\/\/www.institutodeengenharia.org.br\/site\/","name":"Instituto de Engenharia","description":"O Instituto de Engenharia promove a Engenharia em benef\u00edcio do desenvolvimento e da qualidade de vida da sociedade.","publisher":{"@id":"https:\/\/www.institutodeengenharia.org.br\/site\/#organization"},"potentialAction":[{"@type":"SearchAction","target":{"@type":"EntryPoint","urlTemplate":"https:\/\/www.institutodeengenharia.org.br\/site\/?s={search_term_string}"},"query-input":{"@type":"PropertyValueSpecification","valueRequired":true,"valueName":"search_term_string"}}],"inLanguage":"pt-BR"},{"@type":"Organization","@id":"https:\/\/www.institutodeengenharia.org.br\/site\/#organization","name":"Instituto de Engenharia","url":"https:\/\/www.institutodeengenharia.org.br\/site\/","logo":{"@type":"ImageObject","inLanguage":"pt-BR","@id":"https:\/\/www.institutodeengenharia.org.br\/site\/#\/schema\/logo\/image\/","url":"https:\/\/www.institutodeengenharia.org.br\/site\/wp-content\/uploads\/2019\/03\/logo-novo-IE2018-1.jpg","contentUrl":"https:\/\/www.institutodeengenharia.org.br\/site\/wp-content\/uploads\/2019\/03\/logo-novo-IE2018-1.jpg","width":1486,"height":1879,"caption":"Instituto de Engenharia"},"image":{"@id":"https:\/\/www.institutodeengenharia.org.br\/site\/#\/schema\/logo\/image\/"},"sameAs":["https:\/\/www.facebook.com\/institutodeengenharia","https:\/\/x.com\/iengenharia","https:\/\/www.instagram.com\/institutodeengenharia\/","https:\/\/www.linkedin.com\/company\/instituto-de-engenharia\/","https:\/\/www.youtube.com\/channel\/UCXiCAlsSMe977vamW915HxA"]},{"@type":"Person","@id":"https:\/\/www.institutodeengenharia.org.br\/site\/#\/schema\/person\/3b1ff109facef084739fc2edcb9a127f","name":"TMax Tecnologia","image":{"@type":"ImageObject","inLanguage":"pt-BR","@id":"https:\/\/secure.gravatar.com\/avatar\/f912434ef7f389c92cb311fcdae346af848465d638912574b3c669070f797701?s=96&d=mm&r=g","url":"https:\/\/secure.gravatar.com\/avatar\/f912434ef7f389c92cb311fcdae346af848465d638912574b3c669070f797701?s=96&d=mm&r=g","contentUrl":"https:\/\/secure.gravatar.com\/avatar\/f912434ef7f389c92cb311fcdae346af848465d638912574b3c669070f797701?s=96&d=mm&r=g","caption":"TMax Tecnologia"},"url":"https:\/\/www.institutodeengenharia.org.br\/site\/author\/tmax\/"}]}},"_links":{"self":[{"href":"https:\/\/www.institutodeengenharia.org.br\/site\/wp-json\/wp\/v2\/posts\/18121","targetHints":{"allow":["GET"]}}],"collection":[{"href":"https:\/\/www.institutodeengenharia.org.br\/site\/wp-json\/wp\/v2\/posts"}],"about":[{"href":"https:\/\/www.institutodeengenharia.org.br\/site\/wp-json\/wp\/v2\/types\/post"}],"author":[{"embeddable":true,"href":"https:\/\/www.institutodeengenharia.org.br\/site\/wp-json\/wp\/v2\/users\/1"}],"replies":[{"embeddable":true,"href":"https:\/\/www.institutodeengenharia.org.br\/site\/wp-json\/wp\/v2\/comments?post=18121"}],"version-history":[{"count":0,"href":"https:\/\/www.institutodeengenharia.org.br\/site\/wp-json\/wp\/v2\/posts\/18121\/revisions"}],"wp:attachment":[{"href":"https:\/\/www.institutodeengenharia.org.br\/site\/wp-json\/wp\/v2\/media?parent=18121"}],"wp:term":[{"taxonomy":"category","embeddable":true,"href":"https:\/\/www.institutodeengenharia.org.br\/site\/wp-json\/wp\/v2\/categories?post=18121"},{"taxonomy":"post_tag","embeddable":true,"href":"https:\/\/www.institutodeengenharia.org.br\/site\/wp-json\/wp\/v2\/tags?post=18121"}],"curies":[{"name":"wp","href":"https:\/\/api.w.org\/{rel}","templated":true}]}}