{"id":18097,"date":"2010-05-03T22:43:32","date_gmt":"2010-05-03T22:43:32","guid":{"rendered":"https:\/\/www.institutodeengenharia.org.br\/?p=18097"},"modified":"2010-05-03T09:16:45","modified_gmt":"2010-05-03T09:16:45","slug":"transpetro-lanca-ao-mar-nesta-semana-primeiro-navio-do-promef","status":"publish","type":"post","link":"https:\/\/www.institutodeengenharia.org.br\/site\/2010\/05\/03\/transpetro-lanca-ao-mar-nesta-semana-primeiro-navio-do-promef\/","title":{"rendered":"Transpetro lan\u00e7a ao mar nesta semana primeiro navio do Promef"},"content":{"rendered":"<p>A Transpetro, subsidi\u00e1ria da Petrobras para o setor de transporte de derivados, vai lan\u00e7ar ao mar nesta semana o primeiro navio do Programa de Moderniza\u00e7\u00e3o e Expans\u00e3o da Frota Nacional de Petroleiros (Promef).<\/p>\n<p>&nbsp;O lan\u00e7amento ser\u00e1 no Estaleiro Atl\u00e2ntico Sul (EAS) em Pernambuco, no pr\u00f3ximo dia 7 de maio,&nbsp;com a presen\u00e7a do presidente Luiz In\u00e1cio Lula da Silva. A embarca\u00e7\u00e3o, do tipo Suezmax, tem 274 metros de comprimento e capacidade para transportar 1 milh\u00e3o de barris de petr\u00f3leo. Este \u00e9 o primeiro navio petroleiro constru\u00eddo no Brasil que ser\u00e1 entregue ao Sistema Petrobras em mais de 13 anos. Nesse per\u00edodo caiu a produ\u00e7\u00e3o da ind\u00fastria naval brasileira, depois de ser a segunda maior fabricante mundial nos anos 70.&nbsp;<\/p>\n<p>A partir do Promef, um dos principais projetos do Programa de Acelera\u00e7\u00e3o do Crescimento (PAC), os estaleiros nacionais se modernizaram e novas unidades de produ\u00e7\u00e3o, como o Atl\u00e2ntico Sul, surgiram. Hoje, o Brasil ocupa o quinto lugar no mundo na produ\u00e7\u00e3o de navios petroleiros. \u201cO lan\u00e7amento ao mar do primeiro navio do Promef \u00e9 um fato hist\u00f3rico. Atravessamos uma verdadeira epopeia para chegarmos a esse ponto.<\/p>\n<p>&nbsp;Quando iniciamos o programa, a desconfian\u00e7a era enorme. Mas este ano, com os primeiros navios sendo lan\u00e7ados, veremos a prova real do acerto e da for\u00e7a do Promef, que entra agora em uma nova etapa, inclusive porque j\u00e1 estamos trabalhando para lan\u00e7ar a terceira fase\u201d, afirmou o presidente da Transpetro, Sergio Machado. O Promef j\u00e1 gerou 15 mil empregos diretos. Esse n\u00famero chegar\u00e1 a 40 mil, uma vez que nas duas primeiras fases o programa prev\u00ea a constru\u00e7\u00e3o de 49 navios no pa\u00eds. Em raz\u00e3o das demandas previstas com a distribui\u00e7\u00e3o de petr\u00f3leo e derivados por conta das descobertas do pr\u00e9-sal, a Petrobras planeja o lan\u00e7amento da terceira fase do Promef<\/p>\n<p><b>Autor: Correio Brazileiense<\/b><\/p>\n","protected":false},"excerpt":{"rendered":"<p>A Transpetro, subsidi\u00e1ria da Petrobras para o setor de transporte de derivados, vai lan\u00e7ar ao mar nesta semana o primeiro navio do Programa de Moderniza\u00e7\u00e3o e Expans\u00e3o da Frota Nacional de Petroleiros (Promef). &nbsp;O lan\u00e7amento ser\u00e1 no Estaleiro Atl\u00e2ntico Sul (EAS) em Pernambuco, no pr\u00f3ximo dia 7 de maio,&nbsp;com a presen\u00e7a do presidente Luiz In\u00e1cio [&hellip;]<\/p>\n","protected":false},"author":1,"featured_media":0,"comment_status":"open","ping_status":"open","sticky":false,"template":"","format":"standard","meta":{"footnotes":""},"categories":[6,41],"tags":[],"class_list":{"0":"post-18097","1":"post","2":"type-post","3":"status-publish","4":"format-standard","6":"category-noticias","7":"category-transportes"},"yoast_head":"<!-- This site is optimized with the Yoast SEO plugin v27.2 - https:\/\/yoast.com\/product\/yoast-seo-wordpress\/ -->\n<title>Transpetro lan\u00e7a ao mar nesta semana primeiro navio do Promef - Instituto de Engenharia<\/title>\n<meta name=\"robots\" content=\"index, follow, max-snippet:-1, max-image-preview:large, max-video-preview:-1\" \/>\n<link rel=\"canonical\" href=\"https:\/\/www.institutodeengenharia.org.br\/site\/2010\/05\/03\/transpetro-lanca-ao-mar-nesta-semana-primeiro-navio-do-promef\/\" \/>\n<meta property=\"og:locale\" content=\"pt_BR\" \/>\n<meta property=\"og:type\" content=\"article\" \/>\n<meta property=\"og:title\" content=\"Transpetro lan\u00e7a ao mar nesta semana primeiro navio do Promef - Instituto de Engenharia\" \/>\n<meta property=\"og:description\" content=\"A Transpetro, subsidi\u00e1ria da Petrobras para o setor de transporte de derivados, vai lan\u00e7ar ao mar nesta semana o primeiro navio do Programa de Moderniza\u00e7\u00e3o e Expans\u00e3o da Frota Nacional de Petroleiros (Promef). &nbsp;O lan\u00e7amento ser\u00e1 no Estaleiro Atl\u00e2ntico Sul (EAS) em Pernambuco, no pr\u00f3ximo dia 7 de maio,&nbsp;com a presen\u00e7a do presidente Luiz In\u00e1cio [&hellip;]\" \/>\n<meta property=\"og:url\" content=\"https:\/\/www.institutodeengenharia.org.br\/site\/2010\/05\/03\/transpetro-lanca-ao-mar-nesta-semana-primeiro-navio-do-promef\/\" \/>\n<meta property=\"og:site_name\" content=\"Instituto de Engenharia\" \/>\n<meta property=\"article:publisher\" content=\"https:\/\/www.facebook.com\/institutodeengenharia\" \/>\n<meta property=\"article:published_time\" content=\"2010-05-03T22:43:32+00:00\" \/>\n<meta name=\"author\" content=\"TMax Tecnologia\" \/>\n<meta name=\"twitter:card\" content=\"summary_large_image\" \/>\n<meta name=\"twitter:creator\" content=\"@iengenharia\" \/>\n<meta name=\"twitter:site\" content=\"@iengenharia\" \/>\n<meta name=\"twitter:label1\" content=\"Escrito por\" \/>\n\t<meta name=\"twitter:data1\" content=\"TMax Tecnologia\" \/>\n\t<meta name=\"twitter:label2\" content=\"Est. tempo de leitura\" \/>\n\t<meta name=\"twitter:data2\" content=\"2 minutos\" \/>\n<script type=\"application\/ld+json\" class=\"yoast-schema-graph\">{\"@context\":\"https:\/\/schema.org\",\"@graph\":[{\"@type\":\"Article\",\"@id\":\"https:\/\/www.institutodeengenharia.org.br\/site\/2010\/05\/03\/transpetro-lanca-ao-mar-nesta-semana-primeiro-navio-do-promef\/#article\",\"isPartOf\":{\"@id\":\"https:\/\/www.institutodeengenharia.org.br\/site\/2010\/05\/03\/transpetro-lanca-ao-mar-nesta-semana-primeiro-navio-do-promef\/\"},\"author\":{\"name\":\"TMax Tecnologia\",\"@id\":\"https:\/\/www.institutodeengenharia.org.br\/site\/#\/schema\/person\/3b1ff109facef084739fc2edcb9a127f\"},\"headline\":\"Transpetro lan\u00e7a ao mar nesta semana primeiro navio do Promef\",\"datePublished\":\"2010-05-03T22:43:32+00:00\",\"mainEntityOfPage\":{\"@id\":\"https:\/\/www.institutodeengenharia.org.br\/site\/2010\/05\/03\/transpetro-lanca-ao-mar-nesta-semana-primeiro-navio-do-promef\/\"},\"wordCount\":338,\"commentCount\":0,\"publisher\":{\"@id\":\"https:\/\/www.institutodeengenharia.org.br\/site\/#organization\"},\"articleSection\":[\"Not\u00edcias\",\"Transportes\"],\"inLanguage\":\"pt-BR\",\"potentialAction\":[{\"@type\":\"CommentAction\",\"name\":\"Comment\",\"target\":[\"https:\/\/www.institutodeengenharia.org.br\/site\/2010\/05\/03\/transpetro-lanca-ao-mar-nesta-semana-primeiro-navio-do-promef\/#respond\"]}]},{\"@type\":\"WebPage\",\"@id\":\"https:\/\/www.institutodeengenharia.org.br\/site\/2010\/05\/03\/transpetro-lanca-ao-mar-nesta-semana-primeiro-navio-do-promef\/\",\"url\":\"https:\/\/www.institutodeengenharia.org.br\/site\/2010\/05\/03\/transpetro-lanca-ao-mar-nesta-semana-primeiro-navio-do-promef\/\",\"name\":\"Transpetro lan\u00e7a ao mar nesta semana primeiro navio do Promef - Instituto de Engenharia\",\"isPartOf\":{\"@id\":\"https:\/\/www.institutodeengenharia.org.br\/site\/#website\"},\"datePublished\":\"2010-05-03T22:43:32+00:00\",\"breadcrumb\":{\"@id\":\"https:\/\/www.institutodeengenharia.org.br\/site\/2010\/05\/03\/transpetro-lanca-ao-mar-nesta-semana-primeiro-navio-do-promef\/#breadcrumb\"},\"inLanguage\":\"pt-BR\",\"potentialAction\":[{\"@type\":\"ReadAction\",\"target\":[\"https:\/\/www.institutodeengenharia.org.br\/site\/2010\/05\/03\/transpetro-lanca-ao-mar-nesta-semana-primeiro-navio-do-promef\/\"]}]},{\"@type\":\"BreadcrumbList\",\"@id\":\"https:\/\/www.institutodeengenharia.org.br\/site\/2010\/05\/03\/transpetro-lanca-ao-mar-nesta-semana-primeiro-navio-do-promef\/#breadcrumb\",\"itemListElement\":[{\"@type\":\"ListItem\",\"position\":1,\"name\":\"In\u00edcio\",\"item\":\"https:\/\/www.institutodeengenharia.org.br\/site\/\"},{\"@type\":\"ListItem\",\"position\":2,\"name\":\"Transpetro lan\u00e7a ao mar nesta semana primeiro navio do Promef\"}]},{\"@type\":\"WebSite\",\"@id\":\"https:\/\/www.institutodeengenharia.org.br\/site\/#website\",\"url\":\"https:\/\/www.institutodeengenharia.org.br\/site\/\",\"name\":\"Instituto de Engenharia\",\"description\":\"O Instituto de Engenharia promove a Engenharia em benef\u00edcio do desenvolvimento e da qualidade de vida da sociedade.\",\"publisher\":{\"@id\":\"https:\/\/www.institutodeengenharia.org.br\/site\/#organization\"},\"potentialAction\":[{\"@type\":\"SearchAction\",\"target\":{\"@type\":\"EntryPoint\",\"urlTemplate\":\"https:\/\/www.institutodeengenharia.org.br\/site\/?s={search_term_string}\"},\"query-input\":{\"@type\":\"PropertyValueSpecification\",\"valueRequired\":true,\"valueName\":\"search_term_string\"}}],\"inLanguage\":\"pt-BR\"},{\"@type\":\"Organization\",\"@id\":\"https:\/\/www.institutodeengenharia.org.br\/site\/#organization\",\"name\":\"Instituto de Engenharia\",\"url\":\"https:\/\/www.institutodeengenharia.org.br\/site\/\",\"logo\":{\"@type\":\"ImageObject\",\"inLanguage\":\"pt-BR\",\"@id\":\"https:\/\/www.institutodeengenharia.org.br\/site\/#\/schema\/logo\/image\/\",\"url\":\"https:\/\/www.institutodeengenharia.org.br\/site\/wp-content\/uploads\/2019\/03\/logo-novo-IE2018-1.jpg\",\"contentUrl\":\"https:\/\/www.institutodeengenharia.org.br\/site\/wp-content\/uploads\/2019\/03\/logo-novo-IE2018-1.jpg\",\"width\":1486,\"height\":1879,\"caption\":\"Instituto de Engenharia\"},\"image\":{\"@id\":\"https:\/\/www.institutodeengenharia.org.br\/site\/#\/schema\/logo\/image\/\"},\"sameAs\":[\"https:\/\/www.facebook.com\/institutodeengenharia\",\"https:\/\/x.com\/iengenharia\",\"https:\/\/www.instagram.com\/institutodeengenharia\/\",\"https:\/\/www.linkedin.com\/company\/instituto-de-engenharia\/\",\"https:\/\/www.youtube.com\/channel\/UCXiCAlsSMe977vamW915HxA\"]},{\"@type\":\"Person\",\"@id\":\"https:\/\/www.institutodeengenharia.org.br\/site\/#\/schema\/person\/3b1ff109facef084739fc2edcb9a127f\",\"name\":\"TMax Tecnologia\",\"image\":{\"@type\":\"ImageObject\",\"inLanguage\":\"pt-BR\",\"@id\":\"https:\/\/secure.gravatar.com\/avatar\/f912434ef7f389c92cb311fcdae346af848465d638912574b3c669070f797701?s=96&d=mm&r=g\",\"url\":\"https:\/\/secure.gravatar.com\/avatar\/f912434ef7f389c92cb311fcdae346af848465d638912574b3c669070f797701?s=96&d=mm&r=g\",\"contentUrl\":\"https:\/\/secure.gravatar.com\/avatar\/f912434ef7f389c92cb311fcdae346af848465d638912574b3c669070f797701?s=96&d=mm&r=g\",\"caption\":\"TMax Tecnologia\"},\"url\":\"https:\/\/www.institutodeengenharia.org.br\/site\/author\/tmax\/\"}]}<\/script>\n<!-- \/ Yoast SEO plugin. -->","yoast_head_json":{"title":"Transpetro lan\u00e7a ao mar nesta semana primeiro navio do Promef - Instituto de Engenharia","robots":{"index":"index","follow":"follow","max-snippet":"max-snippet:-1","max-image-preview":"max-image-preview:large","max-video-preview":"max-video-preview:-1"},"canonical":"https:\/\/www.institutodeengenharia.org.br\/site\/2010\/05\/03\/transpetro-lanca-ao-mar-nesta-semana-primeiro-navio-do-promef\/","og_locale":"pt_BR","og_type":"article","og_title":"Transpetro lan\u00e7a ao mar nesta semana primeiro navio do Promef - Instituto de Engenharia","og_description":"A Transpetro, subsidi\u00e1ria da Petrobras para o setor de transporte de derivados, vai lan\u00e7ar ao mar nesta semana o primeiro navio do Programa de Moderniza\u00e7\u00e3o e Expans\u00e3o da Frota Nacional de Petroleiros (Promef). &nbsp;O lan\u00e7amento ser\u00e1 no Estaleiro Atl\u00e2ntico Sul (EAS) em Pernambuco, no pr\u00f3ximo dia 7 de maio,&nbsp;com a presen\u00e7a do presidente Luiz In\u00e1cio [&hellip;]","og_url":"https:\/\/www.institutodeengenharia.org.br\/site\/2010\/05\/03\/transpetro-lanca-ao-mar-nesta-semana-primeiro-navio-do-promef\/","og_site_name":"Instituto de Engenharia","article_publisher":"https:\/\/www.facebook.com\/institutodeengenharia","article_published_time":"2010-05-03T22:43:32+00:00","author":"TMax Tecnologia","twitter_card":"summary_large_image","twitter_creator":"@iengenharia","twitter_site":"@iengenharia","twitter_misc":{"Escrito por":"TMax Tecnologia","Est. tempo de leitura":"2 minutos"},"schema":{"@context":"https:\/\/schema.org","@graph":[{"@type":"Article","@id":"https:\/\/www.institutodeengenharia.org.br\/site\/2010\/05\/03\/transpetro-lanca-ao-mar-nesta-semana-primeiro-navio-do-promef\/#article","isPartOf":{"@id":"https:\/\/www.institutodeengenharia.org.br\/site\/2010\/05\/03\/transpetro-lanca-ao-mar-nesta-semana-primeiro-navio-do-promef\/"},"author":{"name":"TMax Tecnologia","@id":"https:\/\/www.institutodeengenharia.org.br\/site\/#\/schema\/person\/3b1ff109facef084739fc2edcb9a127f"},"headline":"Transpetro lan\u00e7a ao mar nesta semana primeiro navio do Promef","datePublished":"2010-05-03T22:43:32+00:00","mainEntityOfPage":{"@id":"https:\/\/www.institutodeengenharia.org.br\/site\/2010\/05\/03\/transpetro-lanca-ao-mar-nesta-semana-primeiro-navio-do-promef\/"},"wordCount":338,"commentCount":0,"publisher":{"@id":"https:\/\/www.institutodeengenharia.org.br\/site\/#organization"},"articleSection":["Not\u00edcias","Transportes"],"inLanguage":"pt-BR","potentialAction":[{"@type":"CommentAction","name":"Comment","target":["https:\/\/www.institutodeengenharia.org.br\/site\/2010\/05\/03\/transpetro-lanca-ao-mar-nesta-semana-primeiro-navio-do-promef\/#respond"]}]},{"@type":"WebPage","@id":"https:\/\/www.institutodeengenharia.org.br\/site\/2010\/05\/03\/transpetro-lanca-ao-mar-nesta-semana-primeiro-navio-do-promef\/","url":"https:\/\/www.institutodeengenharia.org.br\/site\/2010\/05\/03\/transpetro-lanca-ao-mar-nesta-semana-primeiro-navio-do-promef\/","name":"Transpetro lan\u00e7a ao mar nesta semana primeiro navio do Promef - Instituto de Engenharia","isPartOf":{"@id":"https:\/\/www.institutodeengenharia.org.br\/site\/#website"},"datePublished":"2010-05-03T22:43:32+00:00","breadcrumb":{"@id":"https:\/\/www.institutodeengenharia.org.br\/site\/2010\/05\/03\/transpetro-lanca-ao-mar-nesta-semana-primeiro-navio-do-promef\/#breadcrumb"},"inLanguage":"pt-BR","potentialAction":[{"@type":"ReadAction","target":["https:\/\/www.institutodeengenharia.org.br\/site\/2010\/05\/03\/transpetro-lanca-ao-mar-nesta-semana-primeiro-navio-do-promef\/"]}]},{"@type":"BreadcrumbList","@id":"https:\/\/www.institutodeengenharia.org.br\/site\/2010\/05\/03\/transpetro-lanca-ao-mar-nesta-semana-primeiro-navio-do-promef\/#breadcrumb","itemListElement":[{"@type":"ListItem","position":1,"name":"In\u00edcio","item":"https:\/\/www.institutodeengenharia.org.br\/site\/"},{"@type":"ListItem","position":2,"name":"Transpetro lan\u00e7a ao mar nesta semana primeiro navio do Promef"}]},{"@type":"WebSite","@id":"https:\/\/www.institutodeengenharia.org.br\/site\/#website","url":"https:\/\/www.institutodeengenharia.org.br\/site\/","name":"Instituto de Engenharia","description":"O Instituto de Engenharia promove a Engenharia em benef\u00edcio do desenvolvimento e da qualidade de vida da sociedade.","publisher":{"@id":"https:\/\/www.institutodeengenharia.org.br\/site\/#organization"},"potentialAction":[{"@type":"SearchAction","target":{"@type":"EntryPoint","urlTemplate":"https:\/\/www.institutodeengenharia.org.br\/site\/?s={search_term_string}"},"query-input":{"@type":"PropertyValueSpecification","valueRequired":true,"valueName":"search_term_string"}}],"inLanguage":"pt-BR"},{"@type":"Organization","@id":"https:\/\/www.institutodeengenharia.org.br\/site\/#organization","name":"Instituto de Engenharia","url":"https:\/\/www.institutodeengenharia.org.br\/site\/","logo":{"@type":"ImageObject","inLanguage":"pt-BR","@id":"https:\/\/www.institutodeengenharia.org.br\/site\/#\/schema\/logo\/image\/","url":"https:\/\/www.institutodeengenharia.org.br\/site\/wp-content\/uploads\/2019\/03\/logo-novo-IE2018-1.jpg","contentUrl":"https:\/\/www.institutodeengenharia.org.br\/site\/wp-content\/uploads\/2019\/03\/logo-novo-IE2018-1.jpg","width":1486,"height":1879,"caption":"Instituto de Engenharia"},"image":{"@id":"https:\/\/www.institutodeengenharia.org.br\/site\/#\/schema\/logo\/image\/"},"sameAs":["https:\/\/www.facebook.com\/institutodeengenharia","https:\/\/x.com\/iengenharia","https:\/\/www.instagram.com\/institutodeengenharia\/","https:\/\/www.linkedin.com\/company\/instituto-de-engenharia\/","https:\/\/www.youtube.com\/channel\/UCXiCAlsSMe977vamW915HxA"]},{"@type":"Person","@id":"https:\/\/www.institutodeengenharia.org.br\/site\/#\/schema\/person\/3b1ff109facef084739fc2edcb9a127f","name":"TMax Tecnologia","image":{"@type":"ImageObject","inLanguage":"pt-BR","@id":"https:\/\/secure.gravatar.com\/avatar\/f912434ef7f389c92cb311fcdae346af848465d638912574b3c669070f797701?s=96&d=mm&r=g","url":"https:\/\/secure.gravatar.com\/avatar\/f912434ef7f389c92cb311fcdae346af848465d638912574b3c669070f797701?s=96&d=mm&r=g","contentUrl":"https:\/\/secure.gravatar.com\/avatar\/f912434ef7f389c92cb311fcdae346af848465d638912574b3c669070f797701?s=96&d=mm&r=g","caption":"TMax Tecnologia"},"url":"https:\/\/www.institutodeengenharia.org.br\/site\/author\/tmax\/"}]}},"_links":{"self":[{"href":"https:\/\/www.institutodeengenharia.org.br\/site\/wp-json\/wp\/v2\/posts\/18097","targetHints":{"allow":["GET"]}}],"collection":[{"href":"https:\/\/www.institutodeengenharia.org.br\/site\/wp-json\/wp\/v2\/posts"}],"about":[{"href":"https:\/\/www.institutodeengenharia.org.br\/site\/wp-json\/wp\/v2\/types\/post"}],"author":[{"embeddable":true,"href":"https:\/\/www.institutodeengenharia.org.br\/site\/wp-json\/wp\/v2\/users\/1"}],"replies":[{"embeddable":true,"href":"https:\/\/www.institutodeengenharia.org.br\/site\/wp-json\/wp\/v2\/comments?post=18097"}],"version-history":[{"count":0,"href":"https:\/\/www.institutodeengenharia.org.br\/site\/wp-json\/wp\/v2\/posts\/18097\/revisions"}],"wp:attachment":[{"href":"https:\/\/www.institutodeengenharia.org.br\/site\/wp-json\/wp\/v2\/media?parent=18097"}],"wp:term":[{"taxonomy":"category","embeddable":true,"href":"https:\/\/www.institutodeengenharia.org.br\/site\/wp-json\/wp\/v2\/categories?post=18097"},{"taxonomy":"post_tag","embeddable":true,"href":"https:\/\/www.institutodeengenharia.org.br\/site\/wp-json\/wp\/v2\/tags?post=18097"}],"curies":[{"name":"wp","href":"https:\/\/api.w.org\/{rel}","templated":true}]}}