{"id":18066,"date":"2010-04-27T22:43:08","date_gmt":"2010-04-27T22:43:08","guid":{"rendered":"https:\/\/www.institutodeengenharia.org.br\/?p=18066"},"modified":"2010-04-27T11:38:40","modified_gmt":"2010-04-27T11:38:40","slug":"escola-da-cidade-reabre-inscricoes","status":"publish","type":"post","link":"https:\/\/www.institutodeengenharia.org.br\/site\/2010\/04\/27\/escola-da-cidade-reabre-inscricoes\/","title":{"rendered":"Escola da Cidade reabre inscri\u00e7\u00f5es"},"content":{"rendered":"<p><em>Curso \u00e9 destinado a arquitetos e urbanistas, artistas, engenheiros, al\u00e9m de demais interessados <\/p>\n<p><\/em>A Escola da Cidade \u2013 Faculdade de Arquitetura e Urbanismo localizada no centro de S\u00e3o Paulo est\u00e1 com inscri\u00e7\u00f5es abertas para o segundo m\u00f3dulo do curso de p\u00f3s-gradua\u00e7\u00e3o lato senso Geografia, Cidade e Arquitetura. <\/p>\n<p>\u2018Geografia, Cidade e Arquitetura\u2019 tem a proposta de discutir, atrav\u00e9s da arquitetura, a ocupa\u00e7\u00e3o futura do territ\u00f3rio americano e suas cidades. Al\u00e9m do corpo docente da Escola e de convidados nacionais de diversas \u00e1reas do conhecimento, a especializa\u00e7\u00e3o contar\u00e1 com a participa\u00e7\u00e3o de professores internacionais das faculdades de arquitetura conveniadas \u00e0 Escola da Cidade. <\/p>\n<p>O curso, que \u00e9 destinado a arquitetos e urbanistas, artistas, engenheiros, al\u00e9m de demais interessados no tema, \u00e9 dividido em quatro m\u00f3dulos bimestrais \u2013 Territ\u00f3rio, Cidade, Espa\u00e7o P\u00fablico, Equipamento Social \u2013 que estudam, respectivamente, os pa\u00edses Chile, Brasil, Argentina e M\u00e9xico. <\/p>\n<p>As inscri\u00e7\u00f5es est\u00e3o abertas para o m\u00f3dulo Cidade, que estudar\u00e1 o Brasil. <\/p>\n<p>O objetivo \u00e9 promover o estudo de outros pa\u00edses at\u00e9 2012. A id\u00e9ia \u00e9 refletir sobre as necessidades pr\u00f3prias destes pa\u00edses, as relacionando \u00e0s esferas culturais, s\u00f3cio-econ\u00f4micas e ambientais. <\/p>\n<p>Cada m\u00f3dulo bimestral ter\u00e1 tr\u00eas ciclos: Hist\u00f3ria e Cultura Americana, Arte e Arquitetura Americana e Ateli\u00ea de Projeto. <\/p>\n<p>A especializa\u00e7\u00e3o acontece na sede da Escola da Cidade a partir de 10 de maio e ser\u00e1 coordenada pelos arquitetos \u00c1lvaro Puntoni e Fernando Vi\u00e9gas, doutor e mestre, respectivamente, formados pela Faculdade de Arquitetura e Urbanismo da Universidade de S\u00e3o Paulo (FAAUSP). <\/p>\n<p><strong>INSCRI\u00c7\u00d5ES<\/strong> <br \/>\nAs inscri\u00e7\u00f5es est\u00e3o abertas at\u00e9 5 de maio e podem ser feitas pelo site www.escoladacidade.edu.br ou na secretaria da Escola da Cidade. Demais informa\u00e7\u00f5es s\u00e3o obtidas pelo telefone (11) 3258-8108 das 15h \u00e0s 19h ou pelo e-mail posgraduacao@escoladacidade.edu.br. <\/p>\n<p><strong>ESCOLA DA CIDADE <br \/>\n<\/strong>A Escola da Cidade \u00e9 uma institui\u00e7\u00e3o de ensino superior reconhecida pelo Minist\u00e9rio da Educa\u00e7\u00e3o que oferece curso de gradua\u00e7\u00e3o em Arquitetura e Urbanismo. A Escola \u00e9 um centro de estudos de gradua\u00e7\u00e3o e p\u00f3s-gradua\u00e7\u00e3o do desenho do ambiente, das diferentes formas de ocupa\u00e7\u00e3o do espa\u00e7o e das rela\u00e7\u00f5es entre arquitetura, hist\u00f3ria, cultura, territ\u00f3rio e natureza. <\/p>\n<p>Institui\u00e7\u00e3o de ensino sem fins lucrativos, a Faculdade re\u00fane um conjunto de professores capacitados para formar futuros arquitetos que elaborem reflex\u00f5es cr\u00edticas e criem solu\u00e7\u00f5es t\u00e9cnicas e est\u00e9ticas, lidem com conhecimentos que estruturam o pensamento construtivo, reconhe\u00e7am a dimens\u00e3o do espa\u00e7o coletivo, fomentem processos interpretativos estruturados, cont\u00ednuos e criativos. <\/p>\n<p><b>Autor: Assessoria de imprensa<\/b><\/p>\n","protected":false},"excerpt":{"rendered":"<p>Curso \u00e9 destinado a arquitetos e urbanistas, artistas, engenheiros, al\u00e9m de demais interessados A Escola da Cidade \u2013 Faculdade de Arquitetura e Urbanismo localizada no centro de S\u00e3o Paulo est\u00e1 com inscri\u00e7\u00f5es abertas para o segundo m\u00f3dulo do curso de p\u00f3s-gradua\u00e7\u00e3o lato senso Geografia, Cidade e Arquitetura. \u2018Geografia, Cidade e Arquitetura\u2019 tem a proposta de [&hellip;]<\/p>\n","protected":false},"author":1,"featured_media":0,"comment_status":"open","ping_status":"open","sticky":false,"template":"","format":"standard","meta":{"footnotes":""},"categories":[6,35],"tags":[],"class_list":{"0":"post-18066","1":"post","2":"type-post","3":"status-publish","4":"format-standard","6":"category-noticias","7":"category-pesquisa-e-desenvolvimento"},"yoast_head":"<!-- This site is optimized with the Yoast SEO plugin v27.2 - https:\/\/yoast.com\/product\/yoast-seo-wordpress\/ -->\n<title>Escola da Cidade reabre inscri\u00e7\u00f5es - Instituto de Engenharia<\/title>\n<meta name=\"robots\" content=\"index, follow, max-snippet:-1, max-image-preview:large, max-video-preview:-1\" \/>\n<link rel=\"canonical\" href=\"https:\/\/www.institutodeengenharia.org.br\/site\/2010\/04\/27\/escola-da-cidade-reabre-inscricoes\/\" \/>\n<meta property=\"og:locale\" content=\"pt_BR\" \/>\n<meta property=\"og:type\" content=\"article\" \/>\n<meta property=\"og:title\" content=\"Escola da Cidade reabre inscri\u00e7\u00f5es - Instituto de Engenharia\" \/>\n<meta property=\"og:description\" content=\"Curso \u00e9 destinado a arquitetos e urbanistas, artistas, engenheiros, al\u00e9m de demais interessados A Escola da Cidade \u2013 Faculdade de Arquitetura e Urbanismo localizada no centro de S\u00e3o Paulo est\u00e1 com inscri\u00e7\u00f5es abertas para o segundo m\u00f3dulo do curso de p\u00f3s-gradua\u00e7\u00e3o lato senso Geografia, Cidade e Arquitetura. \u2018Geografia, Cidade e Arquitetura\u2019 tem a proposta de [&hellip;]\" \/>\n<meta property=\"og:url\" content=\"https:\/\/www.institutodeengenharia.org.br\/site\/2010\/04\/27\/escola-da-cidade-reabre-inscricoes\/\" \/>\n<meta property=\"og:site_name\" content=\"Instituto de Engenharia\" \/>\n<meta property=\"article:publisher\" content=\"https:\/\/www.facebook.com\/institutodeengenharia\" \/>\n<meta property=\"article:published_time\" content=\"2010-04-27T22:43:08+00:00\" \/>\n<meta name=\"author\" content=\"TMax Tecnologia\" \/>\n<meta name=\"twitter:card\" content=\"summary_large_image\" \/>\n<meta name=\"twitter:creator\" content=\"@iengenharia\" \/>\n<meta name=\"twitter:site\" content=\"@iengenharia\" \/>\n<meta name=\"twitter:label1\" content=\"Escrito por\" \/>\n\t<meta name=\"twitter:data1\" content=\"TMax Tecnologia\" \/>\n\t<meta name=\"twitter:label2\" content=\"Est. tempo de leitura\" \/>\n\t<meta name=\"twitter:data2\" content=\"2 minutos\" \/>\n<script type=\"application\/ld+json\" class=\"yoast-schema-graph\">{\"@context\":\"https:\/\/schema.org\",\"@graph\":[{\"@type\":\"Article\",\"@id\":\"https:\/\/www.institutodeengenharia.org.br\/site\/2010\/04\/27\/escola-da-cidade-reabre-inscricoes\/#article\",\"isPartOf\":{\"@id\":\"https:\/\/www.institutodeengenharia.org.br\/site\/2010\/04\/27\/escola-da-cidade-reabre-inscricoes\/\"},\"author\":{\"name\":\"TMax Tecnologia\",\"@id\":\"https:\/\/www.institutodeengenharia.org.br\/site\/#\/schema\/person\/3b1ff109facef084739fc2edcb9a127f\"},\"headline\":\"Escola da Cidade reabre inscri\u00e7\u00f5es\",\"datePublished\":\"2010-04-27T22:43:08+00:00\",\"mainEntityOfPage\":{\"@id\":\"https:\/\/www.institutodeengenharia.org.br\/site\/2010\/04\/27\/escola-da-cidade-reabre-inscricoes\/\"},\"wordCount\":453,\"commentCount\":0,\"publisher\":{\"@id\":\"https:\/\/www.institutodeengenharia.org.br\/site\/#organization\"},\"articleSection\":[\"Not\u00edcias\",\"Pesquisa e Desenvolvimento\"],\"inLanguage\":\"pt-BR\",\"potentialAction\":[{\"@type\":\"CommentAction\",\"name\":\"Comment\",\"target\":[\"https:\/\/www.institutodeengenharia.org.br\/site\/2010\/04\/27\/escola-da-cidade-reabre-inscricoes\/#respond\"]}]},{\"@type\":\"WebPage\",\"@id\":\"https:\/\/www.institutodeengenharia.org.br\/site\/2010\/04\/27\/escola-da-cidade-reabre-inscricoes\/\",\"url\":\"https:\/\/www.institutodeengenharia.org.br\/site\/2010\/04\/27\/escola-da-cidade-reabre-inscricoes\/\",\"name\":\"Escola da Cidade reabre inscri\u00e7\u00f5es - Instituto de Engenharia\",\"isPartOf\":{\"@id\":\"https:\/\/www.institutodeengenharia.org.br\/site\/#website\"},\"datePublished\":\"2010-04-27T22:43:08+00:00\",\"breadcrumb\":{\"@id\":\"https:\/\/www.institutodeengenharia.org.br\/site\/2010\/04\/27\/escola-da-cidade-reabre-inscricoes\/#breadcrumb\"},\"inLanguage\":\"pt-BR\",\"potentialAction\":[{\"@type\":\"ReadAction\",\"target\":[\"https:\/\/www.institutodeengenharia.org.br\/site\/2010\/04\/27\/escola-da-cidade-reabre-inscricoes\/\"]}]},{\"@type\":\"BreadcrumbList\",\"@id\":\"https:\/\/www.institutodeengenharia.org.br\/site\/2010\/04\/27\/escola-da-cidade-reabre-inscricoes\/#breadcrumb\",\"itemListElement\":[{\"@type\":\"ListItem\",\"position\":1,\"name\":\"In\u00edcio\",\"item\":\"https:\/\/www.institutodeengenharia.org.br\/site\/\"},{\"@type\":\"ListItem\",\"position\":2,\"name\":\"Escola da Cidade reabre inscri\u00e7\u00f5es\"}]},{\"@type\":\"WebSite\",\"@id\":\"https:\/\/www.institutodeengenharia.org.br\/site\/#website\",\"url\":\"https:\/\/www.institutodeengenharia.org.br\/site\/\",\"name\":\"Instituto de Engenharia\",\"description\":\"O Instituto de Engenharia promove a Engenharia em benef\u00edcio do desenvolvimento e da qualidade de vida da sociedade.\",\"publisher\":{\"@id\":\"https:\/\/www.institutodeengenharia.org.br\/site\/#organization\"},\"potentialAction\":[{\"@type\":\"SearchAction\",\"target\":{\"@type\":\"EntryPoint\",\"urlTemplate\":\"https:\/\/www.institutodeengenharia.org.br\/site\/?s={search_term_string}\"},\"query-input\":{\"@type\":\"PropertyValueSpecification\",\"valueRequired\":true,\"valueName\":\"search_term_string\"}}],\"inLanguage\":\"pt-BR\"},{\"@type\":\"Organization\",\"@id\":\"https:\/\/www.institutodeengenharia.org.br\/site\/#organization\",\"name\":\"Instituto de Engenharia\",\"url\":\"https:\/\/www.institutodeengenharia.org.br\/site\/\",\"logo\":{\"@type\":\"ImageObject\",\"inLanguage\":\"pt-BR\",\"@id\":\"https:\/\/www.institutodeengenharia.org.br\/site\/#\/schema\/logo\/image\/\",\"url\":\"https:\/\/www.institutodeengenharia.org.br\/site\/wp-content\/uploads\/2019\/03\/logo-novo-IE2018-1.jpg\",\"contentUrl\":\"https:\/\/www.institutodeengenharia.org.br\/site\/wp-content\/uploads\/2019\/03\/logo-novo-IE2018-1.jpg\",\"width\":1486,\"height\":1879,\"caption\":\"Instituto de Engenharia\"},\"image\":{\"@id\":\"https:\/\/www.institutodeengenharia.org.br\/site\/#\/schema\/logo\/image\/\"},\"sameAs\":[\"https:\/\/www.facebook.com\/institutodeengenharia\",\"https:\/\/x.com\/iengenharia\",\"https:\/\/www.instagram.com\/institutodeengenharia\/\",\"https:\/\/www.linkedin.com\/company\/instituto-de-engenharia\/\",\"https:\/\/www.youtube.com\/channel\/UCXiCAlsSMe977vamW915HxA\"]},{\"@type\":\"Person\",\"@id\":\"https:\/\/www.institutodeengenharia.org.br\/site\/#\/schema\/person\/3b1ff109facef084739fc2edcb9a127f\",\"name\":\"TMax Tecnologia\",\"image\":{\"@type\":\"ImageObject\",\"inLanguage\":\"pt-BR\",\"@id\":\"https:\/\/secure.gravatar.com\/avatar\/f912434ef7f389c92cb311fcdae346af848465d638912574b3c669070f797701?s=96&d=mm&r=g\",\"url\":\"https:\/\/secure.gravatar.com\/avatar\/f912434ef7f389c92cb311fcdae346af848465d638912574b3c669070f797701?s=96&d=mm&r=g\",\"contentUrl\":\"https:\/\/secure.gravatar.com\/avatar\/f912434ef7f389c92cb311fcdae346af848465d638912574b3c669070f797701?s=96&d=mm&r=g\",\"caption\":\"TMax Tecnologia\"},\"url\":\"https:\/\/www.institutodeengenharia.org.br\/site\/author\/tmax\/\"}]}<\/script>\n<!-- \/ Yoast SEO plugin. -->","yoast_head_json":{"title":"Escola da Cidade reabre inscri\u00e7\u00f5es - Instituto de Engenharia","robots":{"index":"index","follow":"follow","max-snippet":"max-snippet:-1","max-image-preview":"max-image-preview:large","max-video-preview":"max-video-preview:-1"},"canonical":"https:\/\/www.institutodeengenharia.org.br\/site\/2010\/04\/27\/escola-da-cidade-reabre-inscricoes\/","og_locale":"pt_BR","og_type":"article","og_title":"Escola da Cidade reabre inscri\u00e7\u00f5es - Instituto de Engenharia","og_description":"Curso \u00e9 destinado a arquitetos e urbanistas, artistas, engenheiros, al\u00e9m de demais interessados A Escola da Cidade \u2013 Faculdade de Arquitetura e Urbanismo localizada no centro de S\u00e3o Paulo est\u00e1 com inscri\u00e7\u00f5es abertas para o segundo m\u00f3dulo do curso de p\u00f3s-gradua\u00e7\u00e3o lato senso Geografia, Cidade e Arquitetura. \u2018Geografia, Cidade e Arquitetura\u2019 tem a proposta de [&hellip;]","og_url":"https:\/\/www.institutodeengenharia.org.br\/site\/2010\/04\/27\/escola-da-cidade-reabre-inscricoes\/","og_site_name":"Instituto de Engenharia","article_publisher":"https:\/\/www.facebook.com\/institutodeengenharia","article_published_time":"2010-04-27T22:43:08+00:00","author":"TMax Tecnologia","twitter_card":"summary_large_image","twitter_creator":"@iengenharia","twitter_site":"@iengenharia","twitter_misc":{"Escrito por":"TMax Tecnologia","Est. tempo de leitura":"2 minutos"},"schema":{"@context":"https:\/\/schema.org","@graph":[{"@type":"Article","@id":"https:\/\/www.institutodeengenharia.org.br\/site\/2010\/04\/27\/escola-da-cidade-reabre-inscricoes\/#article","isPartOf":{"@id":"https:\/\/www.institutodeengenharia.org.br\/site\/2010\/04\/27\/escola-da-cidade-reabre-inscricoes\/"},"author":{"name":"TMax Tecnologia","@id":"https:\/\/www.institutodeengenharia.org.br\/site\/#\/schema\/person\/3b1ff109facef084739fc2edcb9a127f"},"headline":"Escola da Cidade reabre inscri\u00e7\u00f5es","datePublished":"2010-04-27T22:43:08+00:00","mainEntityOfPage":{"@id":"https:\/\/www.institutodeengenharia.org.br\/site\/2010\/04\/27\/escola-da-cidade-reabre-inscricoes\/"},"wordCount":453,"commentCount":0,"publisher":{"@id":"https:\/\/www.institutodeengenharia.org.br\/site\/#organization"},"articleSection":["Not\u00edcias","Pesquisa e Desenvolvimento"],"inLanguage":"pt-BR","potentialAction":[{"@type":"CommentAction","name":"Comment","target":["https:\/\/www.institutodeengenharia.org.br\/site\/2010\/04\/27\/escola-da-cidade-reabre-inscricoes\/#respond"]}]},{"@type":"WebPage","@id":"https:\/\/www.institutodeengenharia.org.br\/site\/2010\/04\/27\/escola-da-cidade-reabre-inscricoes\/","url":"https:\/\/www.institutodeengenharia.org.br\/site\/2010\/04\/27\/escola-da-cidade-reabre-inscricoes\/","name":"Escola da Cidade reabre inscri\u00e7\u00f5es - Instituto de Engenharia","isPartOf":{"@id":"https:\/\/www.institutodeengenharia.org.br\/site\/#website"},"datePublished":"2010-04-27T22:43:08+00:00","breadcrumb":{"@id":"https:\/\/www.institutodeengenharia.org.br\/site\/2010\/04\/27\/escola-da-cidade-reabre-inscricoes\/#breadcrumb"},"inLanguage":"pt-BR","potentialAction":[{"@type":"ReadAction","target":["https:\/\/www.institutodeengenharia.org.br\/site\/2010\/04\/27\/escola-da-cidade-reabre-inscricoes\/"]}]},{"@type":"BreadcrumbList","@id":"https:\/\/www.institutodeengenharia.org.br\/site\/2010\/04\/27\/escola-da-cidade-reabre-inscricoes\/#breadcrumb","itemListElement":[{"@type":"ListItem","position":1,"name":"In\u00edcio","item":"https:\/\/www.institutodeengenharia.org.br\/site\/"},{"@type":"ListItem","position":2,"name":"Escola da Cidade reabre inscri\u00e7\u00f5es"}]},{"@type":"WebSite","@id":"https:\/\/www.institutodeengenharia.org.br\/site\/#website","url":"https:\/\/www.institutodeengenharia.org.br\/site\/","name":"Instituto de Engenharia","description":"O Instituto de Engenharia promove a Engenharia em benef\u00edcio do desenvolvimento e da qualidade de vida da sociedade.","publisher":{"@id":"https:\/\/www.institutodeengenharia.org.br\/site\/#organization"},"potentialAction":[{"@type":"SearchAction","target":{"@type":"EntryPoint","urlTemplate":"https:\/\/www.institutodeengenharia.org.br\/site\/?s={search_term_string}"},"query-input":{"@type":"PropertyValueSpecification","valueRequired":true,"valueName":"search_term_string"}}],"inLanguage":"pt-BR"},{"@type":"Organization","@id":"https:\/\/www.institutodeengenharia.org.br\/site\/#organization","name":"Instituto de Engenharia","url":"https:\/\/www.institutodeengenharia.org.br\/site\/","logo":{"@type":"ImageObject","inLanguage":"pt-BR","@id":"https:\/\/www.institutodeengenharia.org.br\/site\/#\/schema\/logo\/image\/","url":"https:\/\/www.institutodeengenharia.org.br\/site\/wp-content\/uploads\/2019\/03\/logo-novo-IE2018-1.jpg","contentUrl":"https:\/\/www.institutodeengenharia.org.br\/site\/wp-content\/uploads\/2019\/03\/logo-novo-IE2018-1.jpg","width":1486,"height":1879,"caption":"Instituto de Engenharia"},"image":{"@id":"https:\/\/www.institutodeengenharia.org.br\/site\/#\/schema\/logo\/image\/"},"sameAs":["https:\/\/www.facebook.com\/institutodeengenharia","https:\/\/x.com\/iengenharia","https:\/\/www.instagram.com\/institutodeengenharia\/","https:\/\/www.linkedin.com\/company\/instituto-de-engenharia\/","https:\/\/www.youtube.com\/channel\/UCXiCAlsSMe977vamW915HxA"]},{"@type":"Person","@id":"https:\/\/www.institutodeengenharia.org.br\/site\/#\/schema\/person\/3b1ff109facef084739fc2edcb9a127f","name":"TMax Tecnologia","image":{"@type":"ImageObject","inLanguage":"pt-BR","@id":"https:\/\/secure.gravatar.com\/avatar\/f912434ef7f389c92cb311fcdae346af848465d638912574b3c669070f797701?s=96&d=mm&r=g","url":"https:\/\/secure.gravatar.com\/avatar\/f912434ef7f389c92cb311fcdae346af848465d638912574b3c669070f797701?s=96&d=mm&r=g","contentUrl":"https:\/\/secure.gravatar.com\/avatar\/f912434ef7f389c92cb311fcdae346af848465d638912574b3c669070f797701?s=96&d=mm&r=g","caption":"TMax Tecnologia"},"url":"https:\/\/www.institutodeengenharia.org.br\/site\/author\/tmax\/"}]}},"_links":{"self":[{"href":"https:\/\/www.institutodeengenharia.org.br\/site\/wp-json\/wp\/v2\/posts\/18066","targetHints":{"allow":["GET"]}}],"collection":[{"href":"https:\/\/www.institutodeengenharia.org.br\/site\/wp-json\/wp\/v2\/posts"}],"about":[{"href":"https:\/\/www.institutodeengenharia.org.br\/site\/wp-json\/wp\/v2\/types\/post"}],"author":[{"embeddable":true,"href":"https:\/\/www.institutodeengenharia.org.br\/site\/wp-json\/wp\/v2\/users\/1"}],"replies":[{"embeddable":true,"href":"https:\/\/www.institutodeengenharia.org.br\/site\/wp-json\/wp\/v2\/comments?post=18066"}],"version-history":[{"count":0,"href":"https:\/\/www.institutodeengenharia.org.br\/site\/wp-json\/wp\/v2\/posts\/18066\/revisions"}],"wp:attachment":[{"href":"https:\/\/www.institutodeengenharia.org.br\/site\/wp-json\/wp\/v2\/media?parent=18066"}],"wp:term":[{"taxonomy":"category","embeddable":true,"href":"https:\/\/www.institutodeengenharia.org.br\/site\/wp-json\/wp\/v2\/categories?post=18066"},{"taxonomy":"post_tag","embeddable":true,"href":"https:\/\/www.institutodeengenharia.org.br\/site\/wp-json\/wp\/v2\/tags?post=18066"}],"curies":[{"name":"wp","href":"https:\/\/api.w.org\/{rel}","templated":true}]}}