{"id":18065,"date":"2010-04-27T22:43:07","date_gmt":"2010-04-27T22:43:07","guid":{"rendered":"https:\/\/www.institutodeengenharia.org.br\/?p=18065"},"modified":"2010-04-27T11:13:24","modified_gmt":"2010-04-27T11:13:24","slug":"comecou-a-obra-de-dragagem-do-porto-de-angra-orcada-em-r-5-milhoes","status":"publish","type":"post","link":"https:\/\/www.institutodeengenharia.org.br\/site\/2010\/04\/27\/comecou-a-obra-de-dragagem-do-porto-de-angra-orcada-em-r-5-milhoes\/","title":{"rendered":"Come\u00e7ou a obra de dragagem do porto de Angra, or\u00e7ada em R$ 5 milh\u00f5es"},"content":{"rendered":"<p>A dragagem do porto do munic\u00edpio de Angra dos Reis foi assinada quinta-feira. A assinatura aconteceu na Ger\u00eancia de Docas, localizada no munic\u00edpio, e contou com a presen\u00e7a de autoridades do \u00e2mbito municipal, estadual e federal. A empresa licitada pelo governo federal para realizar a obra, or\u00e7ada em R$ 5 milh\u00f5es, foi a Enterpa Engenharia, representada na cerim\u00f4nia pela presidente Cl\u00e1udia de Carvalho e pelo diretor Pedro Salom\u00e3o.&nbsp;<\/p>\n<p>Segundo o secret\u00e1rio municipal de Atividades Econ\u00f4micas, Alexandre Tabet, representando o prefeito Tuca Jord\u00e3o na cerim\u00f4nia, a dragagem \u00e9 muito importante para o munic\u00edpio, pois beneficiar\u00e1 o porto, que poder\u00e1 atracar navios de at\u00e9 de dez metros de calado. \u201cA a\u00e7\u00e3o de dragagem aumentar\u00e1 a profundidade dos ber\u00e7os para dez metros, possibilitando a atraca\u00e7\u00e3o de navios de maior calado. A profundidade hoje gira em torno dos oito metros na preamar, ou seja, na mar\u00e9 cheia. \u00c9 necess\u00e1rio, nesta situa\u00e7\u00e3o, aguardar a mar\u00e9 subir para carregar e descarregar as embarca\u00e7\u00f5es\u201d, explicou Alexandre. <br \/>\nA dragagem vai acontecer em duas etapas: a primeira j\u00e1 come\u00e7ou com a draga Virg\u00ednia, mas ser\u00e1 acelerada com a chegada da Ranger, que em seis dias chegar\u00e1 e finalizar\u00e1 o trabalho, que ser\u00e1 finalizado at\u00e9 o final do m\u00eas de maio.&nbsp;<\/p>\n<p>Na ocasi\u00e3o, quem representou o ministro Pedro Britto foi o diretor de Planejamento Portu\u00e1rio da Secretaria Especial de Portos, Jorge Lu\u00eds Zuma, acompanhado do deputado federal Lu\u00eds S\u00e9rgio.&nbsp;<\/p>\n<p>O subsecret\u00e1rio de Transportes do Estado, Delmo Pinho, tamb\u00e9m esteve presente e se mostrou satisfeito com o desfecho dessa hist\u00f3ria. Diversos trabalhadores do porto foram assistir a assinatura e o presidente da estiva, Aur\u00e9lio de Moura, tamb\u00e9m. A Cia. Docas foi representada pelo seu gerente local, Francisco Almeida, e os vereadores Jos\u00e9 Ant\u00f4nio e Ant\u00f4nio Cordeiro tamb\u00e9m se fizeram presentes.<\/p>\n<p><b>Autor: Portos e Navios<\/b><\/p>\n","protected":false},"excerpt":{"rendered":"<p>A dragagem do porto do munic\u00edpio de Angra dos Reis foi assinada quinta-feira. A assinatura aconteceu na Ger\u00eancia de Docas, localizada no munic\u00edpio, e contou com a presen\u00e7a de autoridades do \u00e2mbito municipal, estadual e federal. A empresa licitada pelo governo federal para realizar a obra, or\u00e7ada em R$ 5 milh\u00f5es, foi a Enterpa Engenharia, [&hellip;]<\/p>\n","protected":false},"author":1,"featured_media":0,"comment_status":"open","ping_status":"open","sticky":false,"template":"","format":"standard","meta":{"footnotes":""},"categories":[6,41],"tags":[],"class_list":{"0":"post-18065","1":"post","2":"type-post","3":"status-publish","4":"format-standard","6":"category-noticias","7":"category-transportes"},"yoast_head":"<!-- This site is optimized with the Yoast SEO plugin v27.2 - https:\/\/yoast.com\/product\/yoast-seo-wordpress\/ -->\n<title>Come\u00e7ou a obra de dragagem do porto de Angra, or\u00e7ada em R$ 5 milh\u00f5es - Instituto de Engenharia<\/title>\n<meta name=\"robots\" content=\"index, follow, max-snippet:-1, max-image-preview:large, max-video-preview:-1\" \/>\n<link rel=\"canonical\" href=\"https:\/\/www.institutodeengenharia.org.br\/site\/2010\/04\/27\/comecou-a-obra-de-dragagem-do-porto-de-angra-orcada-em-r-5-milhoes\/\" \/>\n<meta property=\"og:locale\" content=\"pt_BR\" \/>\n<meta property=\"og:type\" content=\"article\" \/>\n<meta property=\"og:title\" content=\"Come\u00e7ou a obra de dragagem do porto de Angra, or\u00e7ada em R$ 5 milh\u00f5es - Instituto de Engenharia\" \/>\n<meta property=\"og:description\" content=\"A dragagem do porto do munic\u00edpio de Angra dos Reis foi assinada quinta-feira. A assinatura aconteceu na Ger\u00eancia de Docas, localizada no munic\u00edpio, e contou com a presen\u00e7a de autoridades do \u00e2mbito municipal, estadual e federal. A empresa licitada pelo governo federal para realizar a obra, or\u00e7ada em R$ 5 milh\u00f5es, foi a Enterpa Engenharia, [&hellip;]\" \/>\n<meta property=\"og:url\" content=\"https:\/\/www.institutodeengenharia.org.br\/site\/2010\/04\/27\/comecou-a-obra-de-dragagem-do-porto-de-angra-orcada-em-r-5-milhoes\/\" \/>\n<meta property=\"og:site_name\" content=\"Instituto de Engenharia\" \/>\n<meta property=\"article:publisher\" content=\"https:\/\/www.facebook.com\/institutodeengenharia\" \/>\n<meta property=\"article:published_time\" content=\"2010-04-27T22:43:07+00:00\" \/>\n<meta name=\"author\" content=\"TMax Tecnologia\" \/>\n<meta name=\"twitter:card\" content=\"summary_large_image\" \/>\n<meta name=\"twitter:creator\" content=\"@iengenharia\" \/>\n<meta name=\"twitter:site\" content=\"@iengenharia\" \/>\n<meta name=\"twitter:label1\" content=\"Escrito por\" \/>\n\t<meta name=\"twitter:data1\" content=\"TMax Tecnologia\" \/>\n\t<meta name=\"twitter:label2\" content=\"Est. tempo de leitura\" \/>\n\t<meta name=\"twitter:data2\" content=\"2 minutos\" \/>\n<script type=\"application\/ld+json\" class=\"yoast-schema-graph\">{\"@context\":\"https:\/\/schema.org\",\"@graph\":[{\"@type\":\"Article\",\"@id\":\"https:\/\/www.institutodeengenharia.org.br\/site\/2010\/04\/27\/comecou-a-obra-de-dragagem-do-porto-de-angra-orcada-em-r-5-milhoes\/#article\",\"isPartOf\":{\"@id\":\"https:\/\/www.institutodeengenharia.org.br\/site\/2010\/04\/27\/comecou-a-obra-de-dragagem-do-porto-de-angra-orcada-em-r-5-milhoes\/\"},\"author\":{\"name\":\"TMax Tecnologia\",\"@id\":\"https:\/\/www.institutodeengenharia.org.br\/site\/#\/schema\/person\/3b1ff109facef084739fc2edcb9a127f\"},\"headline\":\"Come\u00e7ou a obra de dragagem do porto de Angra, or\u00e7ada em R$ 5 milh\u00f5es\",\"datePublished\":\"2010-04-27T22:43:07+00:00\",\"mainEntityOfPage\":{\"@id\":\"https:\/\/www.institutodeengenharia.org.br\/site\/2010\/04\/27\/comecou-a-obra-de-dragagem-do-porto-de-angra-orcada-em-r-5-milhoes\/\"},\"wordCount\":345,\"commentCount\":0,\"publisher\":{\"@id\":\"https:\/\/www.institutodeengenharia.org.br\/site\/#organization\"},\"articleSection\":[\"Not\u00edcias\",\"Transportes\"],\"inLanguage\":\"pt-BR\",\"potentialAction\":[{\"@type\":\"CommentAction\",\"name\":\"Comment\",\"target\":[\"https:\/\/www.institutodeengenharia.org.br\/site\/2010\/04\/27\/comecou-a-obra-de-dragagem-do-porto-de-angra-orcada-em-r-5-milhoes\/#respond\"]}]},{\"@type\":\"WebPage\",\"@id\":\"https:\/\/www.institutodeengenharia.org.br\/site\/2010\/04\/27\/comecou-a-obra-de-dragagem-do-porto-de-angra-orcada-em-r-5-milhoes\/\",\"url\":\"https:\/\/www.institutodeengenharia.org.br\/site\/2010\/04\/27\/comecou-a-obra-de-dragagem-do-porto-de-angra-orcada-em-r-5-milhoes\/\",\"name\":\"Come\u00e7ou a obra de dragagem do porto de Angra, or\u00e7ada em R$ 5 milh\u00f5es - Instituto de Engenharia\",\"isPartOf\":{\"@id\":\"https:\/\/www.institutodeengenharia.org.br\/site\/#website\"},\"datePublished\":\"2010-04-27T22:43:07+00:00\",\"breadcrumb\":{\"@id\":\"https:\/\/www.institutodeengenharia.org.br\/site\/2010\/04\/27\/comecou-a-obra-de-dragagem-do-porto-de-angra-orcada-em-r-5-milhoes\/#breadcrumb\"},\"inLanguage\":\"pt-BR\",\"potentialAction\":[{\"@type\":\"ReadAction\",\"target\":[\"https:\/\/www.institutodeengenharia.org.br\/site\/2010\/04\/27\/comecou-a-obra-de-dragagem-do-porto-de-angra-orcada-em-r-5-milhoes\/\"]}]},{\"@type\":\"BreadcrumbList\",\"@id\":\"https:\/\/www.institutodeengenharia.org.br\/site\/2010\/04\/27\/comecou-a-obra-de-dragagem-do-porto-de-angra-orcada-em-r-5-milhoes\/#breadcrumb\",\"itemListElement\":[{\"@type\":\"ListItem\",\"position\":1,\"name\":\"In\u00edcio\",\"item\":\"https:\/\/www.institutodeengenharia.org.br\/site\/\"},{\"@type\":\"ListItem\",\"position\":2,\"name\":\"Come\u00e7ou a obra de dragagem do porto de Angra, or\u00e7ada em R$ 5 milh\u00f5es\"}]},{\"@type\":\"WebSite\",\"@id\":\"https:\/\/www.institutodeengenharia.org.br\/site\/#website\",\"url\":\"https:\/\/www.institutodeengenharia.org.br\/site\/\",\"name\":\"Instituto de Engenharia\",\"description\":\"O Instituto de Engenharia promove a Engenharia em benef\u00edcio do desenvolvimento e da qualidade de vida da sociedade.\",\"publisher\":{\"@id\":\"https:\/\/www.institutodeengenharia.org.br\/site\/#organization\"},\"potentialAction\":[{\"@type\":\"SearchAction\",\"target\":{\"@type\":\"EntryPoint\",\"urlTemplate\":\"https:\/\/www.institutodeengenharia.org.br\/site\/?s={search_term_string}\"},\"query-input\":{\"@type\":\"PropertyValueSpecification\",\"valueRequired\":true,\"valueName\":\"search_term_string\"}}],\"inLanguage\":\"pt-BR\"},{\"@type\":\"Organization\",\"@id\":\"https:\/\/www.institutodeengenharia.org.br\/site\/#organization\",\"name\":\"Instituto de Engenharia\",\"url\":\"https:\/\/www.institutodeengenharia.org.br\/site\/\",\"logo\":{\"@type\":\"ImageObject\",\"inLanguage\":\"pt-BR\",\"@id\":\"https:\/\/www.institutodeengenharia.org.br\/site\/#\/schema\/logo\/image\/\",\"url\":\"https:\/\/www.institutodeengenharia.org.br\/site\/wp-content\/uploads\/2019\/03\/logo-novo-IE2018-1.jpg\",\"contentUrl\":\"https:\/\/www.institutodeengenharia.org.br\/site\/wp-content\/uploads\/2019\/03\/logo-novo-IE2018-1.jpg\",\"width\":1486,\"height\":1879,\"caption\":\"Instituto de Engenharia\"},\"image\":{\"@id\":\"https:\/\/www.institutodeengenharia.org.br\/site\/#\/schema\/logo\/image\/\"},\"sameAs\":[\"https:\/\/www.facebook.com\/institutodeengenharia\",\"https:\/\/x.com\/iengenharia\",\"https:\/\/www.instagram.com\/institutodeengenharia\/\",\"https:\/\/www.linkedin.com\/company\/instituto-de-engenharia\/\",\"https:\/\/www.youtube.com\/channel\/UCXiCAlsSMe977vamW915HxA\"]},{\"@type\":\"Person\",\"@id\":\"https:\/\/www.institutodeengenharia.org.br\/site\/#\/schema\/person\/3b1ff109facef084739fc2edcb9a127f\",\"name\":\"TMax Tecnologia\",\"image\":{\"@type\":\"ImageObject\",\"inLanguage\":\"pt-BR\",\"@id\":\"https:\/\/secure.gravatar.com\/avatar\/f912434ef7f389c92cb311fcdae346af848465d638912574b3c669070f797701?s=96&d=mm&r=g\",\"url\":\"https:\/\/secure.gravatar.com\/avatar\/f912434ef7f389c92cb311fcdae346af848465d638912574b3c669070f797701?s=96&d=mm&r=g\",\"contentUrl\":\"https:\/\/secure.gravatar.com\/avatar\/f912434ef7f389c92cb311fcdae346af848465d638912574b3c669070f797701?s=96&d=mm&r=g\",\"caption\":\"TMax Tecnologia\"},\"url\":\"https:\/\/www.institutodeengenharia.org.br\/site\/author\/tmax\/\"}]}<\/script>\n<!-- \/ Yoast SEO plugin. -->","yoast_head_json":{"title":"Come\u00e7ou a obra de dragagem do porto de Angra, or\u00e7ada em R$ 5 milh\u00f5es - Instituto de Engenharia","robots":{"index":"index","follow":"follow","max-snippet":"max-snippet:-1","max-image-preview":"max-image-preview:large","max-video-preview":"max-video-preview:-1"},"canonical":"https:\/\/www.institutodeengenharia.org.br\/site\/2010\/04\/27\/comecou-a-obra-de-dragagem-do-porto-de-angra-orcada-em-r-5-milhoes\/","og_locale":"pt_BR","og_type":"article","og_title":"Come\u00e7ou a obra de dragagem do porto de Angra, or\u00e7ada em R$ 5 milh\u00f5es - Instituto de Engenharia","og_description":"A dragagem do porto do munic\u00edpio de Angra dos Reis foi assinada quinta-feira. A assinatura aconteceu na Ger\u00eancia de Docas, localizada no munic\u00edpio, e contou com a presen\u00e7a de autoridades do \u00e2mbito municipal, estadual e federal. A empresa licitada pelo governo federal para realizar a obra, or\u00e7ada em R$ 5 milh\u00f5es, foi a Enterpa Engenharia, [&hellip;]","og_url":"https:\/\/www.institutodeengenharia.org.br\/site\/2010\/04\/27\/comecou-a-obra-de-dragagem-do-porto-de-angra-orcada-em-r-5-milhoes\/","og_site_name":"Instituto de Engenharia","article_publisher":"https:\/\/www.facebook.com\/institutodeengenharia","article_published_time":"2010-04-27T22:43:07+00:00","author":"TMax Tecnologia","twitter_card":"summary_large_image","twitter_creator":"@iengenharia","twitter_site":"@iengenharia","twitter_misc":{"Escrito por":"TMax Tecnologia","Est. tempo de leitura":"2 minutos"},"schema":{"@context":"https:\/\/schema.org","@graph":[{"@type":"Article","@id":"https:\/\/www.institutodeengenharia.org.br\/site\/2010\/04\/27\/comecou-a-obra-de-dragagem-do-porto-de-angra-orcada-em-r-5-milhoes\/#article","isPartOf":{"@id":"https:\/\/www.institutodeengenharia.org.br\/site\/2010\/04\/27\/comecou-a-obra-de-dragagem-do-porto-de-angra-orcada-em-r-5-milhoes\/"},"author":{"name":"TMax Tecnologia","@id":"https:\/\/www.institutodeengenharia.org.br\/site\/#\/schema\/person\/3b1ff109facef084739fc2edcb9a127f"},"headline":"Come\u00e7ou a obra de dragagem do porto de Angra, or\u00e7ada em R$ 5 milh\u00f5es","datePublished":"2010-04-27T22:43:07+00:00","mainEntityOfPage":{"@id":"https:\/\/www.institutodeengenharia.org.br\/site\/2010\/04\/27\/comecou-a-obra-de-dragagem-do-porto-de-angra-orcada-em-r-5-milhoes\/"},"wordCount":345,"commentCount":0,"publisher":{"@id":"https:\/\/www.institutodeengenharia.org.br\/site\/#organization"},"articleSection":["Not\u00edcias","Transportes"],"inLanguage":"pt-BR","potentialAction":[{"@type":"CommentAction","name":"Comment","target":["https:\/\/www.institutodeengenharia.org.br\/site\/2010\/04\/27\/comecou-a-obra-de-dragagem-do-porto-de-angra-orcada-em-r-5-milhoes\/#respond"]}]},{"@type":"WebPage","@id":"https:\/\/www.institutodeengenharia.org.br\/site\/2010\/04\/27\/comecou-a-obra-de-dragagem-do-porto-de-angra-orcada-em-r-5-milhoes\/","url":"https:\/\/www.institutodeengenharia.org.br\/site\/2010\/04\/27\/comecou-a-obra-de-dragagem-do-porto-de-angra-orcada-em-r-5-milhoes\/","name":"Come\u00e7ou a obra de dragagem do porto de Angra, or\u00e7ada em R$ 5 milh\u00f5es - Instituto de Engenharia","isPartOf":{"@id":"https:\/\/www.institutodeengenharia.org.br\/site\/#website"},"datePublished":"2010-04-27T22:43:07+00:00","breadcrumb":{"@id":"https:\/\/www.institutodeengenharia.org.br\/site\/2010\/04\/27\/comecou-a-obra-de-dragagem-do-porto-de-angra-orcada-em-r-5-milhoes\/#breadcrumb"},"inLanguage":"pt-BR","potentialAction":[{"@type":"ReadAction","target":["https:\/\/www.institutodeengenharia.org.br\/site\/2010\/04\/27\/comecou-a-obra-de-dragagem-do-porto-de-angra-orcada-em-r-5-milhoes\/"]}]},{"@type":"BreadcrumbList","@id":"https:\/\/www.institutodeengenharia.org.br\/site\/2010\/04\/27\/comecou-a-obra-de-dragagem-do-porto-de-angra-orcada-em-r-5-milhoes\/#breadcrumb","itemListElement":[{"@type":"ListItem","position":1,"name":"In\u00edcio","item":"https:\/\/www.institutodeengenharia.org.br\/site\/"},{"@type":"ListItem","position":2,"name":"Come\u00e7ou a obra de dragagem do porto de Angra, or\u00e7ada em R$ 5 milh\u00f5es"}]},{"@type":"WebSite","@id":"https:\/\/www.institutodeengenharia.org.br\/site\/#website","url":"https:\/\/www.institutodeengenharia.org.br\/site\/","name":"Instituto de Engenharia","description":"O Instituto de Engenharia promove a Engenharia em benef\u00edcio do desenvolvimento e da qualidade de vida da sociedade.","publisher":{"@id":"https:\/\/www.institutodeengenharia.org.br\/site\/#organization"},"potentialAction":[{"@type":"SearchAction","target":{"@type":"EntryPoint","urlTemplate":"https:\/\/www.institutodeengenharia.org.br\/site\/?s={search_term_string}"},"query-input":{"@type":"PropertyValueSpecification","valueRequired":true,"valueName":"search_term_string"}}],"inLanguage":"pt-BR"},{"@type":"Organization","@id":"https:\/\/www.institutodeengenharia.org.br\/site\/#organization","name":"Instituto de Engenharia","url":"https:\/\/www.institutodeengenharia.org.br\/site\/","logo":{"@type":"ImageObject","inLanguage":"pt-BR","@id":"https:\/\/www.institutodeengenharia.org.br\/site\/#\/schema\/logo\/image\/","url":"https:\/\/www.institutodeengenharia.org.br\/site\/wp-content\/uploads\/2019\/03\/logo-novo-IE2018-1.jpg","contentUrl":"https:\/\/www.institutodeengenharia.org.br\/site\/wp-content\/uploads\/2019\/03\/logo-novo-IE2018-1.jpg","width":1486,"height":1879,"caption":"Instituto de Engenharia"},"image":{"@id":"https:\/\/www.institutodeengenharia.org.br\/site\/#\/schema\/logo\/image\/"},"sameAs":["https:\/\/www.facebook.com\/institutodeengenharia","https:\/\/x.com\/iengenharia","https:\/\/www.instagram.com\/institutodeengenharia\/","https:\/\/www.linkedin.com\/company\/instituto-de-engenharia\/","https:\/\/www.youtube.com\/channel\/UCXiCAlsSMe977vamW915HxA"]},{"@type":"Person","@id":"https:\/\/www.institutodeengenharia.org.br\/site\/#\/schema\/person\/3b1ff109facef084739fc2edcb9a127f","name":"TMax Tecnologia","image":{"@type":"ImageObject","inLanguage":"pt-BR","@id":"https:\/\/secure.gravatar.com\/avatar\/f912434ef7f389c92cb311fcdae346af848465d638912574b3c669070f797701?s=96&d=mm&r=g","url":"https:\/\/secure.gravatar.com\/avatar\/f912434ef7f389c92cb311fcdae346af848465d638912574b3c669070f797701?s=96&d=mm&r=g","contentUrl":"https:\/\/secure.gravatar.com\/avatar\/f912434ef7f389c92cb311fcdae346af848465d638912574b3c669070f797701?s=96&d=mm&r=g","caption":"TMax Tecnologia"},"url":"https:\/\/www.institutodeengenharia.org.br\/site\/author\/tmax\/"}]}},"_links":{"self":[{"href":"https:\/\/www.institutodeengenharia.org.br\/site\/wp-json\/wp\/v2\/posts\/18065","targetHints":{"allow":["GET"]}}],"collection":[{"href":"https:\/\/www.institutodeengenharia.org.br\/site\/wp-json\/wp\/v2\/posts"}],"about":[{"href":"https:\/\/www.institutodeengenharia.org.br\/site\/wp-json\/wp\/v2\/types\/post"}],"author":[{"embeddable":true,"href":"https:\/\/www.institutodeengenharia.org.br\/site\/wp-json\/wp\/v2\/users\/1"}],"replies":[{"embeddable":true,"href":"https:\/\/www.institutodeengenharia.org.br\/site\/wp-json\/wp\/v2\/comments?post=18065"}],"version-history":[{"count":0,"href":"https:\/\/www.institutodeengenharia.org.br\/site\/wp-json\/wp\/v2\/posts\/18065\/revisions"}],"wp:attachment":[{"href":"https:\/\/www.institutodeengenharia.org.br\/site\/wp-json\/wp\/v2\/media?parent=18065"}],"wp:term":[{"taxonomy":"category","embeddable":true,"href":"https:\/\/www.institutodeengenharia.org.br\/site\/wp-json\/wp\/v2\/categories?post=18065"},{"taxonomy":"post_tag","embeddable":true,"href":"https:\/\/www.institutodeengenharia.org.br\/site\/wp-json\/wp\/v2\/tags?post=18065"}],"curies":[{"name":"wp","href":"https:\/\/api.w.org\/{rel}","templated":true}]}}