{"id":18058,"date":"2010-04-26T22:43:01","date_gmt":"2010-04-26T22:43:01","guid":{"rendered":"https:\/\/www.institutodeengenharia.org.br\/?p=18058"},"modified":"2010-04-26T15:07:10","modified_gmt":"2010-04-26T15:07:10","slug":"goldman-inaugura-novo-laboratorio-do-ipt","status":"publish","type":"post","link":"https:\/\/www.institutodeengenharia.org.br\/site\/2010\/04\/26\/goldman-inaugura-novo-laboratorio-do-ipt\/","title":{"rendered":"Goldman inaugura novo laborat\u00f3rio do IPT"},"content":{"rendered":"<p>O governador Alberto Goldman inaugurou nesta segunda-feira, 26, a nova c\u00e2mara de compatibilidade eletromagn\u00e9tica do Instituto de Pesquisas Tecnol\u00f3gicas do Estado de S\u00e3o Paulo (IPT). A nova instala\u00e7\u00e3o \u00e9 aplicada em pesquisas para evitar interfer\u00eancias entre equipamentos eletr\u00f4nicos como TVs, r\u00e1dios, celulares, computadores e sistemas eletrom\u00e9dicos, entre outros. <\/p>\n<p>Durante a visita, o governador tamb\u00e9m formalizou a abertura da exposi\u00e7\u00e3o sobre o processo de moderniza\u00e7\u00e3o do IPT, que mostra um resumo das principais frentes de pesquisas que est\u00e3o recebendo novas capacita\u00e7\u00f5es laboratoriais. <\/p>\n<p>O investimento realizado pelo Governo do Estado no projeto foi de R$ 4 milh\u00f5es, incluindo os recursos tecnol\u00f3gicos e as obras civis. O novo laborat\u00f3rio dar\u00e1 suporte tecnol\u00f3gico \u00e0 industria eletroeletr\u00f4nica para que seus produtos sejam compat\u00edveis entre si. <\/p>\n<p>Emiss\u00f5es eletromagn\u00e9ticas afetam o desempenho dos equipamentos. &#8220;Podemos observar o problema quando temos uma \u00fanica rede dentro de casa e ligamos um liquidificador e uma TV simultaneamente. A imagem do televisor fica &#039;riscada&#039; e isso se deve \u00e0 interfer\u00eancia eletromagn\u00e9tica&#8221;, afirma o pesquisador e coordenador do projeto Mario Leite Pereira Filho. <\/p>\n<p>A c\u00e2mara consiste em uma sala revestida com espuma de poliuretano com infiltra\u00e7\u00e3o de grafite por meio de uma combina\u00e7\u00e3o de cones, pir\u00e2mides e pain\u00e9is, cuja finalidade \u00e9 impedir o eco das ondas eletromagn\u00e9ticas, garantindo assim precis\u00e3o nas medi\u00e7\u00f5es efetuadas por equipamentos de \u00faltima gera\u00e7\u00e3o. <\/p>\n<p>&#8220;Todas as pesquisas e inaugura\u00e7\u00f5es feitas aqui, com investimento de R$ 170 milh\u00f5es, s\u00f3 nessa gest\u00e3o, s\u00e3o para se produzir laborat\u00f3rios e preparar nossos pesquisadores para que eles possam produzir inova\u00e7\u00f5es que v\u00e3o servir n\u00e3o s\u00f3 para S\u00e3o Paulo propriamente, v\u00e3o servir para o Brasil&#8221;, ressaltou o governador. <\/p>\n<p><strong>Moderniza\u00e7\u00e3o<\/strong> <\/p>\n<p>A aquisi\u00e7\u00e3o da c\u00e2mara faz parte do projeto de moderniza\u00e7\u00e3o do IPT, que est\u00e1 recebendo investimentos de R$ 160 milh\u00f5es no tri\u00eanio 2008-2010. Desse montante, R$ 98 milh\u00f5es s\u00e3o provenientes do Governo de S\u00e3o Paulo e o restante de parceiros e ag\u00eancias de fomento, como Petrobras, FINEP, FAPESP e BNDES. <\/p>\n<p>Os investimentos compreendem a aquisi\u00e7\u00e3o de equipamentos nacionais e importados, a constru\u00e7\u00e3o e adapta\u00e7\u00e3o da infraestrutura para receber os novos equipamentos, novas \u00e1reas de pesquisa e a capacita\u00e7\u00e3o e contrata\u00e7\u00e3o de recursos humanos. <\/p>\n<p>Em 2009, a equipe que faz a gest\u00e3o desse projeto trabalhou em 202 processos de aquisi\u00e7\u00e3o e contra\u00e7\u00e3o de obras, dos quais 177 foram destinados \u00e0 compra de equipamentos e 25 \u00e0 contrata\u00e7\u00e3o de empresas projetistas e empreiteiras para a execu\u00e7\u00e3o de reformas e novas constru\u00e7\u00f5es. <\/p>\n<p><strong>Bionano<\/strong> <\/p>\n<p>Destaque entre as novas constru\u00e7\u00f5es, o novo pr\u00e9dio de bionanotecnologia est\u00e1 recebendo R$ 46 milh\u00f5es entre obras e equipamentos. O pr\u00e9dio ter\u00e1 oito mil metros quadrados e ser\u00e1 destinado ao estudo de biotecnologia (desenvolvimento com organismos vivos), tecnologia de part\u00edculas (microencapsula\u00e7\u00e3o de componentes qu\u00edmicos e terapia medicinal, como em cosm\u00e9ticos) e micromanufatura de equipamentos e metrologia. <\/p>\n<p>A bionanotecnologia \u00e9 a \u00e1rea de pesquisa para descoberta e produ\u00e7\u00e3o de materiais milhares de vezes menores que a espessura de um fio de cabelo. Tradicionalmente, uma part\u00edcula recebe o prefixo &#8220;nano&#8221; caso tenha di\u00e2metro de entre um e 100 nan\u00f4metros, ou cerca de 0,01% do di\u00e2metro de um fio de cabelo. Atualmente, cerca de 600 produtos que cont\u00eam nanomateriais est\u00e3o no mercado em todo o mundo. <\/p>\n<p><strong>Sobre o IPT<\/strong> <\/p>\n<p>O IPT \u00e9 um instituto vinculado \u00e0 Secretaria de Desenvolvimento do Estado de S\u00e3o Paulo e h\u00e1 110 anos vem colaborando para o processo de desenvolvimento do Pa\u00eds. Uma das maiores institui\u00e7\u00f5es de pesquisas do Brasil, o IPT conta com laborat\u00f3rios capacitados e equipe de pesquisadores e t\u00e9cnicos altamente qualificados. Por meio de 12 centros tecnol\u00f3gicos, atua de forma multidisciplinar, contemplando os mais diversos segmentos como energia, transportes, petr\u00f3leo e g\u00e1s, meio ambiente, constru\u00e7\u00e3o civil, cidades e seguran\u00e7a. <\/p>\n<p><strong>Servi\u00e7o<\/strong> <\/p>\n<p>Exposi\u00e7\u00e3o Moderniza <br \/>\nInstituto de Pesquisas Tecnol\u00f3gicas &#8211; Av. Prof. Almeida Prado, 532 &#8211; Edif\u00edcio 1 (Adriano Marchini) &#8211; Cidade Universit\u00e1ria &#8211; S\u00e3o Paulo\/SP <br \/>\nAberta ao p\u00fablico das 9h00 \u00e0s 16h00 <br \/>\n\u00c9 imprescind\u00edvel o agendamento via e-mail para eventos@ipt.br<\/p>\n<p><b>Autor: Portal do Governo do Estado de S\u00e3o Paulo<\/b><\/p>\n","protected":false},"excerpt":{"rendered":"<p>O governador Alberto Goldman inaugurou nesta segunda-feira, 26, a nova c\u00e2mara de compatibilidade eletromagn\u00e9tica do Instituto de Pesquisas Tecnol\u00f3gicas do Estado de S\u00e3o Paulo (IPT). A nova instala\u00e7\u00e3o \u00e9 aplicada em pesquisas para evitar interfer\u00eancias entre equipamentos eletr\u00f4nicos como TVs, r\u00e1dios, celulares, computadores e sistemas eletrom\u00e9dicos, entre outros. Durante a visita, o governador tamb\u00e9m formalizou [&hellip;]<\/p>\n","protected":false},"author":1,"featured_media":0,"comment_status":"open","ping_status":"open","sticky":false,"template":"","format":"standard","meta":{"footnotes":""},"categories":[6,35],"tags":[],"class_list":{"0":"post-18058","1":"post","2":"type-post","3":"status-publish","4":"format-standard","6":"category-noticias","7":"category-pesquisa-e-desenvolvimento"},"yoast_head":"<!-- This site is optimized with the Yoast SEO plugin v27.2 - https:\/\/yoast.com\/product\/yoast-seo-wordpress\/ -->\n<title>Goldman inaugura novo laborat\u00f3rio do IPT - Instituto de Engenharia<\/title>\n<meta name=\"robots\" content=\"index, follow, max-snippet:-1, max-image-preview:large, max-video-preview:-1\" \/>\n<link rel=\"canonical\" href=\"https:\/\/www.institutodeengenharia.org.br\/site\/2010\/04\/26\/goldman-inaugura-novo-laboratorio-do-ipt\/\" \/>\n<meta property=\"og:locale\" content=\"pt_BR\" \/>\n<meta property=\"og:type\" content=\"article\" \/>\n<meta property=\"og:title\" content=\"Goldman inaugura novo laborat\u00f3rio do IPT - Instituto de Engenharia\" \/>\n<meta property=\"og:description\" content=\"O governador Alberto Goldman inaugurou nesta segunda-feira, 26, a nova c\u00e2mara de compatibilidade eletromagn\u00e9tica do Instituto de Pesquisas Tecnol\u00f3gicas do Estado de S\u00e3o Paulo (IPT). A nova instala\u00e7\u00e3o \u00e9 aplicada em pesquisas para evitar interfer\u00eancias entre equipamentos eletr\u00f4nicos como TVs, r\u00e1dios, celulares, computadores e sistemas eletrom\u00e9dicos, entre outros. Durante a visita, o governador tamb\u00e9m formalizou [&hellip;]\" \/>\n<meta property=\"og:url\" content=\"https:\/\/www.institutodeengenharia.org.br\/site\/2010\/04\/26\/goldman-inaugura-novo-laboratorio-do-ipt\/\" \/>\n<meta property=\"og:site_name\" content=\"Instituto de Engenharia\" \/>\n<meta property=\"article:publisher\" content=\"https:\/\/www.facebook.com\/institutodeengenharia\" \/>\n<meta property=\"article:published_time\" content=\"2010-04-26T22:43:01+00:00\" \/>\n<meta name=\"author\" content=\"TMax Tecnologia\" \/>\n<meta name=\"twitter:card\" content=\"summary_large_image\" \/>\n<meta name=\"twitter:creator\" content=\"@iengenharia\" \/>\n<meta name=\"twitter:site\" content=\"@iengenharia\" \/>\n<meta name=\"twitter:label1\" content=\"Escrito por\" \/>\n\t<meta name=\"twitter:data1\" content=\"TMax Tecnologia\" \/>\n\t<meta name=\"twitter:label2\" content=\"Est. tempo de leitura\" \/>\n\t<meta name=\"twitter:data2\" content=\"4 minutos\" \/>\n<script type=\"application\/ld+json\" class=\"yoast-schema-graph\">{\"@context\":\"https:\/\/schema.org\",\"@graph\":[{\"@type\":\"Article\",\"@id\":\"https:\/\/www.institutodeengenharia.org.br\/site\/2010\/04\/26\/goldman-inaugura-novo-laboratorio-do-ipt\/#article\",\"isPartOf\":{\"@id\":\"https:\/\/www.institutodeengenharia.org.br\/site\/2010\/04\/26\/goldman-inaugura-novo-laboratorio-do-ipt\/\"},\"author\":{\"name\":\"TMax Tecnologia\",\"@id\":\"https:\/\/www.institutodeengenharia.org.br\/site\/#\/schema\/person\/3b1ff109facef084739fc2edcb9a127f\"},\"headline\":\"Goldman inaugura novo laborat\u00f3rio do IPT\",\"datePublished\":\"2010-04-26T22:43:01+00:00\",\"mainEntityOfPage\":{\"@id\":\"https:\/\/www.institutodeengenharia.org.br\/site\/2010\/04\/26\/goldman-inaugura-novo-laboratorio-do-ipt\/\"},\"wordCount\":728,\"commentCount\":0,\"publisher\":{\"@id\":\"https:\/\/www.institutodeengenharia.org.br\/site\/#organization\"},\"articleSection\":[\"Not\u00edcias\",\"Pesquisa e Desenvolvimento\"],\"inLanguage\":\"pt-BR\",\"potentialAction\":[{\"@type\":\"CommentAction\",\"name\":\"Comment\",\"target\":[\"https:\/\/www.institutodeengenharia.org.br\/site\/2010\/04\/26\/goldman-inaugura-novo-laboratorio-do-ipt\/#respond\"]}]},{\"@type\":\"WebPage\",\"@id\":\"https:\/\/www.institutodeengenharia.org.br\/site\/2010\/04\/26\/goldman-inaugura-novo-laboratorio-do-ipt\/\",\"url\":\"https:\/\/www.institutodeengenharia.org.br\/site\/2010\/04\/26\/goldman-inaugura-novo-laboratorio-do-ipt\/\",\"name\":\"Goldman inaugura novo laborat\u00f3rio do IPT - Instituto de Engenharia\",\"isPartOf\":{\"@id\":\"https:\/\/www.institutodeengenharia.org.br\/site\/#website\"},\"datePublished\":\"2010-04-26T22:43:01+00:00\",\"breadcrumb\":{\"@id\":\"https:\/\/www.institutodeengenharia.org.br\/site\/2010\/04\/26\/goldman-inaugura-novo-laboratorio-do-ipt\/#breadcrumb\"},\"inLanguage\":\"pt-BR\",\"potentialAction\":[{\"@type\":\"ReadAction\",\"target\":[\"https:\/\/www.institutodeengenharia.org.br\/site\/2010\/04\/26\/goldman-inaugura-novo-laboratorio-do-ipt\/\"]}]},{\"@type\":\"BreadcrumbList\",\"@id\":\"https:\/\/www.institutodeengenharia.org.br\/site\/2010\/04\/26\/goldman-inaugura-novo-laboratorio-do-ipt\/#breadcrumb\",\"itemListElement\":[{\"@type\":\"ListItem\",\"position\":1,\"name\":\"In\u00edcio\",\"item\":\"https:\/\/www.institutodeengenharia.org.br\/site\/\"},{\"@type\":\"ListItem\",\"position\":2,\"name\":\"Goldman inaugura novo laborat\u00f3rio do IPT\"}]},{\"@type\":\"WebSite\",\"@id\":\"https:\/\/www.institutodeengenharia.org.br\/site\/#website\",\"url\":\"https:\/\/www.institutodeengenharia.org.br\/site\/\",\"name\":\"Instituto de Engenharia\",\"description\":\"O Instituto de Engenharia promove a Engenharia em benef\u00edcio do desenvolvimento e da qualidade de vida da sociedade.\",\"publisher\":{\"@id\":\"https:\/\/www.institutodeengenharia.org.br\/site\/#organization\"},\"potentialAction\":[{\"@type\":\"SearchAction\",\"target\":{\"@type\":\"EntryPoint\",\"urlTemplate\":\"https:\/\/www.institutodeengenharia.org.br\/site\/?s={search_term_string}\"},\"query-input\":{\"@type\":\"PropertyValueSpecification\",\"valueRequired\":true,\"valueName\":\"search_term_string\"}}],\"inLanguage\":\"pt-BR\"},{\"@type\":\"Organization\",\"@id\":\"https:\/\/www.institutodeengenharia.org.br\/site\/#organization\",\"name\":\"Instituto de Engenharia\",\"url\":\"https:\/\/www.institutodeengenharia.org.br\/site\/\",\"logo\":{\"@type\":\"ImageObject\",\"inLanguage\":\"pt-BR\",\"@id\":\"https:\/\/www.institutodeengenharia.org.br\/site\/#\/schema\/logo\/image\/\",\"url\":\"https:\/\/www.institutodeengenharia.org.br\/site\/wp-content\/uploads\/2019\/03\/logo-novo-IE2018-1.jpg\",\"contentUrl\":\"https:\/\/www.institutodeengenharia.org.br\/site\/wp-content\/uploads\/2019\/03\/logo-novo-IE2018-1.jpg\",\"width\":1486,\"height\":1879,\"caption\":\"Instituto de Engenharia\"},\"image\":{\"@id\":\"https:\/\/www.institutodeengenharia.org.br\/site\/#\/schema\/logo\/image\/\"},\"sameAs\":[\"https:\/\/www.facebook.com\/institutodeengenharia\",\"https:\/\/x.com\/iengenharia\",\"https:\/\/www.instagram.com\/institutodeengenharia\/\",\"https:\/\/www.linkedin.com\/company\/instituto-de-engenharia\/\",\"https:\/\/www.youtube.com\/channel\/UCXiCAlsSMe977vamW915HxA\"]},{\"@type\":\"Person\",\"@id\":\"https:\/\/www.institutodeengenharia.org.br\/site\/#\/schema\/person\/3b1ff109facef084739fc2edcb9a127f\",\"name\":\"TMax Tecnologia\",\"image\":{\"@type\":\"ImageObject\",\"inLanguage\":\"pt-BR\",\"@id\":\"https:\/\/secure.gravatar.com\/avatar\/f912434ef7f389c92cb311fcdae346af848465d638912574b3c669070f797701?s=96&d=mm&r=g\",\"url\":\"https:\/\/secure.gravatar.com\/avatar\/f912434ef7f389c92cb311fcdae346af848465d638912574b3c669070f797701?s=96&d=mm&r=g\",\"contentUrl\":\"https:\/\/secure.gravatar.com\/avatar\/f912434ef7f389c92cb311fcdae346af848465d638912574b3c669070f797701?s=96&d=mm&r=g\",\"caption\":\"TMax Tecnologia\"},\"url\":\"https:\/\/www.institutodeengenharia.org.br\/site\/author\/tmax\/\"}]}<\/script>\n<!-- \/ Yoast SEO plugin. -->","yoast_head_json":{"title":"Goldman inaugura novo laborat\u00f3rio do IPT - Instituto de Engenharia","robots":{"index":"index","follow":"follow","max-snippet":"max-snippet:-1","max-image-preview":"max-image-preview:large","max-video-preview":"max-video-preview:-1"},"canonical":"https:\/\/www.institutodeengenharia.org.br\/site\/2010\/04\/26\/goldman-inaugura-novo-laboratorio-do-ipt\/","og_locale":"pt_BR","og_type":"article","og_title":"Goldman inaugura novo laborat\u00f3rio do IPT - Instituto de Engenharia","og_description":"O governador Alberto Goldman inaugurou nesta segunda-feira, 26, a nova c\u00e2mara de compatibilidade eletromagn\u00e9tica do Instituto de Pesquisas Tecnol\u00f3gicas do Estado de S\u00e3o Paulo (IPT). A nova instala\u00e7\u00e3o \u00e9 aplicada em pesquisas para evitar interfer\u00eancias entre equipamentos eletr\u00f4nicos como TVs, r\u00e1dios, celulares, computadores e sistemas eletrom\u00e9dicos, entre outros. Durante a visita, o governador tamb\u00e9m formalizou [&hellip;]","og_url":"https:\/\/www.institutodeengenharia.org.br\/site\/2010\/04\/26\/goldman-inaugura-novo-laboratorio-do-ipt\/","og_site_name":"Instituto de Engenharia","article_publisher":"https:\/\/www.facebook.com\/institutodeengenharia","article_published_time":"2010-04-26T22:43:01+00:00","author":"TMax Tecnologia","twitter_card":"summary_large_image","twitter_creator":"@iengenharia","twitter_site":"@iengenharia","twitter_misc":{"Escrito por":"TMax Tecnologia","Est. tempo de leitura":"4 minutos"},"schema":{"@context":"https:\/\/schema.org","@graph":[{"@type":"Article","@id":"https:\/\/www.institutodeengenharia.org.br\/site\/2010\/04\/26\/goldman-inaugura-novo-laboratorio-do-ipt\/#article","isPartOf":{"@id":"https:\/\/www.institutodeengenharia.org.br\/site\/2010\/04\/26\/goldman-inaugura-novo-laboratorio-do-ipt\/"},"author":{"name":"TMax Tecnologia","@id":"https:\/\/www.institutodeengenharia.org.br\/site\/#\/schema\/person\/3b1ff109facef084739fc2edcb9a127f"},"headline":"Goldman inaugura novo laborat\u00f3rio do IPT","datePublished":"2010-04-26T22:43:01+00:00","mainEntityOfPage":{"@id":"https:\/\/www.institutodeengenharia.org.br\/site\/2010\/04\/26\/goldman-inaugura-novo-laboratorio-do-ipt\/"},"wordCount":728,"commentCount":0,"publisher":{"@id":"https:\/\/www.institutodeengenharia.org.br\/site\/#organization"},"articleSection":["Not\u00edcias","Pesquisa e Desenvolvimento"],"inLanguage":"pt-BR","potentialAction":[{"@type":"CommentAction","name":"Comment","target":["https:\/\/www.institutodeengenharia.org.br\/site\/2010\/04\/26\/goldman-inaugura-novo-laboratorio-do-ipt\/#respond"]}]},{"@type":"WebPage","@id":"https:\/\/www.institutodeengenharia.org.br\/site\/2010\/04\/26\/goldman-inaugura-novo-laboratorio-do-ipt\/","url":"https:\/\/www.institutodeengenharia.org.br\/site\/2010\/04\/26\/goldman-inaugura-novo-laboratorio-do-ipt\/","name":"Goldman inaugura novo laborat\u00f3rio do IPT - Instituto de Engenharia","isPartOf":{"@id":"https:\/\/www.institutodeengenharia.org.br\/site\/#website"},"datePublished":"2010-04-26T22:43:01+00:00","breadcrumb":{"@id":"https:\/\/www.institutodeengenharia.org.br\/site\/2010\/04\/26\/goldman-inaugura-novo-laboratorio-do-ipt\/#breadcrumb"},"inLanguage":"pt-BR","potentialAction":[{"@type":"ReadAction","target":["https:\/\/www.institutodeengenharia.org.br\/site\/2010\/04\/26\/goldman-inaugura-novo-laboratorio-do-ipt\/"]}]},{"@type":"BreadcrumbList","@id":"https:\/\/www.institutodeengenharia.org.br\/site\/2010\/04\/26\/goldman-inaugura-novo-laboratorio-do-ipt\/#breadcrumb","itemListElement":[{"@type":"ListItem","position":1,"name":"In\u00edcio","item":"https:\/\/www.institutodeengenharia.org.br\/site\/"},{"@type":"ListItem","position":2,"name":"Goldman inaugura novo laborat\u00f3rio do IPT"}]},{"@type":"WebSite","@id":"https:\/\/www.institutodeengenharia.org.br\/site\/#website","url":"https:\/\/www.institutodeengenharia.org.br\/site\/","name":"Instituto de Engenharia","description":"O Instituto de Engenharia promove a Engenharia em benef\u00edcio do desenvolvimento e da qualidade de vida da sociedade.","publisher":{"@id":"https:\/\/www.institutodeengenharia.org.br\/site\/#organization"},"potentialAction":[{"@type":"SearchAction","target":{"@type":"EntryPoint","urlTemplate":"https:\/\/www.institutodeengenharia.org.br\/site\/?s={search_term_string}"},"query-input":{"@type":"PropertyValueSpecification","valueRequired":true,"valueName":"search_term_string"}}],"inLanguage":"pt-BR"},{"@type":"Organization","@id":"https:\/\/www.institutodeengenharia.org.br\/site\/#organization","name":"Instituto de Engenharia","url":"https:\/\/www.institutodeengenharia.org.br\/site\/","logo":{"@type":"ImageObject","inLanguage":"pt-BR","@id":"https:\/\/www.institutodeengenharia.org.br\/site\/#\/schema\/logo\/image\/","url":"https:\/\/www.institutodeengenharia.org.br\/site\/wp-content\/uploads\/2019\/03\/logo-novo-IE2018-1.jpg","contentUrl":"https:\/\/www.institutodeengenharia.org.br\/site\/wp-content\/uploads\/2019\/03\/logo-novo-IE2018-1.jpg","width":1486,"height":1879,"caption":"Instituto de Engenharia"},"image":{"@id":"https:\/\/www.institutodeengenharia.org.br\/site\/#\/schema\/logo\/image\/"},"sameAs":["https:\/\/www.facebook.com\/institutodeengenharia","https:\/\/x.com\/iengenharia","https:\/\/www.instagram.com\/institutodeengenharia\/","https:\/\/www.linkedin.com\/company\/instituto-de-engenharia\/","https:\/\/www.youtube.com\/channel\/UCXiCAlsSMe977vamW915HxA"]},{"@type":"Person","@id":"https:\/\/www.institutodeengenharia.org.br\/site\/#\/schema\/person\/3b1ff109facef084739fc2edcb9a127f","name":"TMax Tecnologia","image":{"@type":"ImageObject","inLanguage":"pt-BR","@id":"https:\/\/secure.gravatar.com\/avatar\/f912434ef7f389c92cb311fcdae346af848465d638912574b3c669070f797701?s=96&d=mm&r=g","url":"https:\/\/secure.gravatar.com\/avatar\/f912434ef7f389c92cb311fcdae346af848465d638912574b3c669070f797701?s=96&d=mm&r=g","contentUrl":"https:\/\/secure.gravatar.com\/avatar\/f912434ef7f389c92cb311fcdae346af848465d638912574b3c669070f797701?s=96&d=mm&r=g","caption":"TMax Tecnologia"},"url":"https:\/\/www.institutodeengenharia.org.br\/site\/author\/tmax\/"}]}},"_links":{"self":[{"href":"https:\/\/www.institutodeengenharia.org.br\/site\/wp-json\/wp\/v2\/posts\/18058","targetHints":{"allow":["GET"]}}],"collection":[{"href":"https:\/\/www.institutodeengenharia.org.br\/site\/wp-json\/wp\/v2\/posts"}],"about":[{"href":"https:\/\/www.institutodeengenharia.org.br\/site\/wp-json\/wp\/v2\/types\/post"}],"author":[{"embeddable":true,"href":"https:\/\/www.institutodeengenharia.org.br\/site\/wp-json\/wp\/v2\/users\/1"}],"replies":[{"embeddable":true,"href":"https:\/\/www.institutodeengenharia.org.br\/site\/wp-json\/wp\/v2\/comments?post=18058"}],"version-history":[{"count":0,"href":"https:\/\/www.institutodeengenharia.org.br\/site\/wp-json\/wp\/v2\/posts\/18058\/revisions"}],"wp:attachment":[{"href":"https:\/\/www.institutodeengenharia.org.br\/site\/wp-json\/wp\/v2\/media?parent=18058"}],"wp:term":[{"taxonomy":"category","embeddable":true,"href":"https:\/\/www.institutodeengenharia.org.br\/site\/wp-json\/wp\/v2\/categories?post=18058"},{"taxonomy":"post_tag","embeddable":true,"href":"https:\/\/www.institutodeengenharia.org.br\/site\/wp-json\/wp\/v2\/tags?post=18058"}],"curies":[{"name":"wp","href":"https:\/\/api.w.org\/{rel}","templated":true}]}}