{"id":18045,"date":"2010-04-23T22:42:50","date_gmt":"2010-04-23T22:42:50","guid":{"rendered":"https:\/\/www.institutodeengenharia.org.br\/?p=18045"},"modified":"2010-04-23T13:48:54","modified_gmt":"2010-04-23T13:48:54","slug":"joao-candido-sera-nome-de-primeiro-navio-do-eas","status":"publish","type":"post","link":"https:\/\/www.institutodeengenharia.org.br\/site\/2010\/04\/23\/joao-candido-sera-nome-de-primeiro-navio-do-eas\/","title":{"rendered":"Jo\u00e3o C\u00e2ndido ser\u00e1 nome de primeiro navio do EAS"},"content":{"rendered":"<p><em>Primeira embarca\u00e7\u00e3o do Estaleiro Atl\u00e2ntico Sul ser\u00e1 lan\u00e7ado ao mar no dia 3 de maio, marcando o renascimento da ind\u00fastria naval. Navio ser\u00e1 tamb\u00e9m o primog\u00eanito da nova frota da Transpetro<\/p>\n<p><\/em>Jo\u00e3o C\u00e2ndido \u00e9 o nome de batismo do primeiro navio constru\u00eddo em Pernambuco. Encomendada pela Transpetro ao Estaleiro Atl\u00e2ntico Sul (EAS), no Complexo de Suape, a embarca\u00e7\u00e3o ser\u00e1 lan\u00e7ada ao mar no pr\u00f3ximo dia 3, numa cerim\u00f4nia capitaneada pelo presidente Luiz In\u00e1cio Lula da Silva. Escolhido pela Presid\u00eancia da Rep\u00fablica, o nome \u00e9 uma homenagem ao marinheiro negro que liderou a Revolta da Chibata, no Rio de Janeiro, em 1910. O petroleiro \u00e9 o primeiro constru\u00eddo no Pa\u00eds em 13 anos, depois que a ind\u00fastria naval brasileira entrou em colapso. <\/p>\n<p>A simbologia desse lan\u00e7amento ao mar \u00e9 t\u00e3o grande quanto a embarca\u00e7\u00e3o, que mede 274 metros de comprimento (o equivalente a dois campos oficiais de futebol), porque marca o renascimento da ind\u00fastria naval no Pa\u00eds. O Jo\u00e3o C\u00e2ndido \u00e9 o primeiro navio constru\u00eddo em Pernambuco, o n\u00famero 1 do EAS e o primog\u00eanito da nova frota de 49 embarca\u00e7\u00f5es da Transpetro, encomendada aos estaleiros nacionais via Programa de Moderniza\u00e7\u00e3o e Expans\u00e3o da Frota (Promef). <\/p>\n<p>\u201cO lan\u00e7amento ao mar do primeiro navio do Promef \u00e9 um fato hist\u00f3rico. Atravessamos uma verdadeira epop\u00e9ia para chegarmos a esse ponto. Quando iniciamos o programa, a desconfian\u00e7a era enorme. Mas este ano, com os primeiros navios sendo lan\u00e7ados, veremos a prova real do acerto e da for\u00e7a do programa, que entra agora em uma nova etapa, inclusive porque j\u00e1 estamos trabalhando para lan\u00e7ar a sua terceira fase\u201d, diz o presidente da Transpetro, S\u00e9rgio Machado. <\/p>\n<p>No Atl\u00e2ntico Sul, a correria dos 3.400 funcion\u00e1rios \u00e9 grande para concluir a montagem do petroleiro. Desde novembro do ano passado, a empresa funciona com expediente de 24 horas e os feriados tamb\u00e9m foram incorporados \u00e0 jornada. Depois de flutuar, o trabalho continuar\u00e1 no cais de acabamento para a entrega da embarca\u00e7\u00e3o, que dever\u00e1 ocorrer tr\u00eas meses depois. <\/p>\n<p>O lan\u00e7amento ao mar \u00e9 o ritual mais importante da constru\u00e7\u00e3o de um navio. Na cerim\u00f4nia, a madrinha quebra uma garrafa de champanhe no costado e faz um discurso desejando boa sorte \u00e0 embarca\u00e7\u00e3o. Para flutuar o navio, o dique cheio \u00e9 inundado com 24 horas de anteced\u00eancia. A sa\u00edda da embarca\u00e7\u00e3o \u00e9 marcada pela abertura da chamada porta-batel, que veda a entrada do dique. A Transpetro ainda n\u00e3o anunciou quem ser\u00e1 a madrinha do primeiro petroleiro pernambucano. <\/p>\n<p><b>Autor: Jornal do Commercio<\/b><\/p>\n","protected":false},"excerpt":{"rendered":"<p>Primeira embarca\u00e7\u00e3o do Estaleiro Atl\u00e2ntico Sul ser\u00e1 lan\u00e7ado ao mar no dia 3 de maio, marcando o renascimento da ind\u00fastria naval. Navio ser\u00e1 tamb\u00e9m o primog\u00eanito da nova frota da Transpetro Jo\u00e3o C\u00e2ndido \u00e9 o nome de batismo do primeiro navio constru\u00eddo em Pernambuco. Encomendada pela Transpetro ao Estaleiro Atl\u00e2ntico Sul (EAS), no Complexo de [&hellip;]<\/p>\n","protected":false},"author":1,"featured_media":18046,"comment_status":"open","ping_status":"open","sticky":false,"template":"","format":"standard","meta":{"footnotes":""},"categories":[6,41],"tags":[],"class_list":{"0":"post-18045","1":"post","2":"type-post","3":"status-publish","4":"format-standard","5":"has-post-thumbnail","7":"category-noticias","8":"category-transportes"},"yoast_head":"<!-- This site is optimized with the Yoast SEO plugin v27.2 - https:\/\/yoast.com\/product\/yoast-seo-wordpress\/ -->\n<title>Jo\u00e3o C\u00e2ndido ser\u00e1 nome de primeiro navio do EAS - Instituto de Engenharia<\/title>\n<meta name=\"robots\" content=\"index, follow, max-snippet:-1, max-image-preview:large, max-video-preview:-1\" \/>\n<link rel=\"canonical\" href=\"https:\/\/www.institutodeengenharia.org.br\/site\/2010\/04\/23\/joao-candido-sera-nome-de-primeiro-navio-do-eas\/\" \/>\n<meta property=\"og:locale\" content=\"pt_BR\" \/>\n<meta property=\"og:type\" content=\"article\" \/>\n<meta property=\"og:title\" content=\"Jo\u00e3o C\u00e2ndido ser\u00e1 nome de primeiro navio do EAS - Instituto de Engenharia\" \/>\n<meta property=\"og:description\" content=\"Primeira embarca\u00e7\u00e3o do Estaleiro Atl\u00e2ntico Sul ser\u00e1 lan\u00e7ado ao mar no dia 3 de maio, marcando o renascimento da ind\u00fastria naval. Navio ser\u00e1 tamb\u00e9m o primog\u00eanito da nova frota da Transpetro Jo\u00e3o C\u00e2ndido \u00e9 o nome de batismo do primeiro navio constru\u00eddo em Pernambuco. Encomendada pela Transpetro ao Estaleiro Atl\u00e2ntico Sul (EAS), no Complexo de [&hellip;]\" \/>\n<meta property=\"og:url\" content=\"https:\/\/www.institutodeengenharia.org.br\/site\/2010\/04\/23\/joao-candido-sera-nome-de-primeiro-navio-do-eas\/\" \/>\n<meta property=\"og:site_name\" content=\"Instituto de Engenharia\" \/>\n<meta property=\"article:publisher\" content=\"https:\/\/www.facebook.com\/institutodeengenharia\" \/>\n<meta property=\"article:published_time\" content=\"2010-04-23T22:42:50+00:00\" \/>\n<meta property=\"og:image\" content=\"https:\/\/www.institutodeengenharia.org.br\/site\/wp-content\/uploads\/2017\/10\/noticia_2353_107262147.jpg\" \/>\n\t<meta property=\"og:image:width\" content=\"309\" \/>\n\t<meta property=\"og:image:height\" content=\"237\" \/>\n\t<meta property=\"og:image:type\" content=\"image\/jpeg\" \/>\n<meta name=\"author\" content=\"TMax Tecnologia\" \/>\n<meta name=\"twitter:card\" content=\"summary_large_image\" \/>\n<meta name=\"twitter:creator\" content=\"@iengenharia\" \/>\n<meta name=\"twitter:site\" content=\"@iengenharia\" \/>\n<meta name=\"twitter:label1\" content=\"Escrito por\" \/>\n\t<meta name=\"twitter:data1\" content=\"TMax Tecnologia\" \/>\n\t<meta name=\"twitter:label2\" content=\"Est. tempo de leitura\" \/>\n\t<meta name=\"twitter:data2\" content=\"2 minutos\" \/>\n<script type=\"application\/ld+json\" class=\"yoast-schema-graph\">{\"@context\":\"https:\/\/schema.org\",\"@graph\":[{\"@type\":\"Article\",\"@id\":\"https:\/\/www.institutodeengenharia.org.br\/site\/2010\/04\/23\/joao-candido-sera-nome-de-primeiro-navio-do-eas\/#article\",\"isPartOf\":{\"@id\":\"https:\/\/www.institutodeengenharia.org.br\/site\/2010\/04\/23\/joao-candido-sera-nome-de-primeiro-navio-do-eas\/\"},\"author\":{\"name\":\"TMax Tecnologia\",\"@id\":\"https:\/\/www.institutodeengenharia.org.br\/site\/#\/schema\/person\/3b1ff109facef084739fc2edcb9a127f\"},\"headline\":\"Jo\u00e3o C\u00e2ndido ser\u00e1 nome de primeiro navio do EAS\",\"datePublished\":\"2010-04-23T22:42:50+00:00\",\"mainEntityOfPage\":{\"@id\":\"https:\/\/www.institutodeengenharia.org.br\/site\/2010\/04\/23\/joao-candido-sera-nome-de-primeiro-navio-do-eas\/\"},\"wordCount\":453,\"commentCount\":0,\"publisher\":{\"@id\":\"https:\/\/www.institutodeengenharia.org.br\/site\/#organization\"},\"image\":{\"@id\":\"https:\/\/www.institutodeengenharia.org.br\/site\/2010\/04\/23\/joao-candido-sera-nome-de-primeiro-navio-do-eas\/#primaryimage\"},\"thumbnailUrl\":\"https:\/\/www.institutodeengenharia.org.br\/site\/wp-content\/uploads\/2017\/10\/noticia_2353_107262147.jpg\",\"articleSection\":[\"Not\u00edcias\",\"Transportes\"],\"inLanguage\":\"pt-BR\",\"potentialAction\":[{\"@type\":\"CommentAction\",\"name\":\"Comment\",\"target\":[\"https:\/\/www.institutodeengenharia.org.br\/site\/2010\/04\/23\/joao-candido-sera-nome-de-primeiro-navio-do-eas\/#respond\"]}]},{\"@type\":\"WebPage\",\"@id\":\"https:\/\/www.institutodeengenharia.org.br\/site\/2010\/04\/23\/joao-candido-sera-nome-de-primeiro-navio-do-eas\/\",\"url\":\"https:\/\/www.institutodeengenharia.org.br\/site\/2010\/04\/23\/joao-candido-sera-nome-de-primeiro-navio-do-eas\/\",\"name\":\"Jo\u00e3o C\u00e2ndido ser\u00e1 nome de primeiro navio do EAS - Instituto de Engenharia\",\"isPartOf\":{\"@id\":\"https:\/\/www.institutodeengenharia.org.br\/site\/#website\"},\"primaryImageOfPage\":{\"@id\":\"https:\/\/www.institutodeengenharia.org.br\/site\/2010\/04\/23\/joao-candido-sera-nome-de-primeiro-navio-do-eas\/#primaryimage\"},\"image\":{\"@id\":\"https:\/\/www.institutodeengenharia.org.br\/site\/2010\/04\/23\/joao-candido-sera-nome-de-primeiro-navio-do-eas\/#primaryimage\"},\"thumbnailUrl\":\"https:\/\/www.institutodeengenharia.org.br\/site\/wp-content\/uploads\/2017\/10\/noticia_2353_107262147.jpg\",\"datePublished\":\"2010-04-23T22:42:50+00:00\",\"breadcrumb\":{\"@id\":\"https:\/\/www.institutodeengenharia.org.br\/site\/2010\/04\/23\/joao-candido-sera-nome-de-primeiro-navio-do-eas\/#breadcrumb\"},\"inLanguage\":\"pt-BR\",\"potentialAction\":[{\"@type\":\"ReadAction\",\"target\":[\"https:\/\/www.institutodeengenharia.org.br\/site\/2010\/04\/23\/joao-candido-sera-nome-de-primeiro-navio-do-eas\/\"]}]},{\"@type\":\"ImageObject\",\"inLanguage\":\"pt-BR\",\"@id\":\"https:\/\/www.institutodeengenharia.org.br\/site\/2010\/04\/23\/joao-candido-sera-nome-de-primeiro-navio-do-eas\/#primaryimage\",\"url\":\"https:\/\/www.institutodeengenharia.org.br\/site\/wp-content\/uploads\/2017\/10\/noticia_2353_107262147.jpg\",\"contentUrl\":\"https:\/\/www.institutodeengenharia.org.br\/site\/wp-content\/uploads\/2017\/10\/noticia_2353_107262147.jpg\",\"width\":309,\"height\":237,\"caption\":\"Primeiro navio do EAS vai ao mar dia 3 de maio\"},{\"@type\":\"BreadcrumbList\",\"@id\":\"https:\/\/www.institutodeengenharia.org.br\/site\/2010\/04\/23\/joao-candido-sera-nome-de-primeiro-navio-do-eas\/#breadcrumb\",\"itemListElement\":[{\"@type\":\"ListItem\",\"position\":1,\"name\":\"In\u00edcio\",\"item\":\"https:\/\/www.institutodeengenharia.org.br\/site\/\"},{\"@type\":\"ListItem\",\"position\":2,\"name\":\"Jo\u00e3o C\u00e2ndido ser\u00e1 nome de primeiro navio do EAS\"}]},{\"@type\":\"WebSite\",\"@id\":\"https:\/\/www.institutodeengenharia.org.br\/site\/#website\",\"url\":\"https:\/\/www.institutodeengenharia.org.br\/site\/\",\"name\":\"Instituto de Engenharia\",\"description\":\"O Instituto de Engenharia promove a Engenharia em benef\u00edcio do desenvolvimento e da qualidade de vida da sociedade.\",\"publisher\":{\"@id\":\"https:\/\/www.institutodeengenharia.org.br\/site\/#organization\"},\"potentialAction\":[{\"@type\":\"SearchAction\",\"target\":{\"@type\":\"EntryPoint\",\"urlTemplate\":\"https:\/\/www.institutodeengenharia.org.br\/site\/?s={search_term_string}\"},\"query-input\":{\"@type\":\"PropertyValueSpecification\",\"valueRequired\":true,\"valueName\":\"search_term_string\"}}],\"inLanguage\":\"pt-BR\"},{\"@type\":\"Organization\",\"@id\":\"https:\/\/www.institutodeengenharia.org.br\/site\/#organization\",\"name\":\"Instituto de Engenharia\",\"url\":\"https:\/\/www.institutodeengenharia.org.br\/site\/\",\"logo\":{\"@type\":\"ImageObject\",\"inLanguage\":\"pt-BR\",\"@id\":\"https:\/\/www.institutodeengenharia.org.br\/site\/#\/schema\/logo\/image\/\",\"url\":\"https:\/\/www.institutodeengenharia.org.br\/site\/wp-content\/uploads\/2019\/03\/logo-novo-IE2018-1.jpg\",\"contentUrl\":\"https:\/\/www.institutodeengenharia.org.br\/site\/wp-content\/uploads\/2019\/03\/logo-novo-IE2018-1.jpg\",\"width\":1486,\"height\":1879,\"caption\":\"Instituto de Engenharia\"},\"image\":{\"@id\":\"https:\/\/www.institutodeengenharia.org.br\/site\/#\/schema\/logo\/image\/\"},\"sameAs\":[\"https:\/\/www.facebook.com\/institutodeengenharia\",\"https:\/\/x.com\/iengenharia\",\"https:\/\/www.instagram.com\/institutodeengenharia\/\",\"https:\/\/www.linkedin.com\/company\/instituto-de-engenharia\/\",\"https:\/\/www.youtube.com\/channel\/UCXiCAlsSMe977vamW915HxA\"]},{\"@type\":\"Person\",\"@id\":\"https:\/\/www.institutodeengenharia.org.br\/site\/#\/schema\/person\/3b1ff109facef084739fc2edcb9a127f\",\"name\":\"TMax Tecnologia\",\"image\":{\"@type\":\"ImageObject\",\"inLanguage\":\"pt-BR\",\"@id\":\"https:\/\/secure.gravatar.com\/avatar\/f912434ef7f389c92cb311fcdae346af848465d638912574b3c669070f797701?s=96&d=mm&r=g\",\"url\":\"https:\/\/secure.gravatar.com\/avatar\/f912434ef7f389c92cb311fcdae346af848465d638912574b3c669070f797701?s=96&d=mm&r=g\",\"contentUrl\":\"https:\/\/secure.gravatar.com\/avatar\/f912434ef7f389c92cb311fcdae346af848465d638912574b3c669070f797701?s=96&d=mm&r=g\",\"caption\":\"TMax Tecnologia\"},\"url\":\"https:\/\/www.institutodeengenharia.org.br\/site\/author\/tmax\/\"}]}<\/script>\n<!-- \/ Yoast SEO plugin. -->","yoast_head_json":{"title":"Jo\u00e3o C\u00e2ndido ser\u00e1 nome de primeiro navio do EAS - Instituto de Engenharia","robots":{"index":"index","follow":"follow","max-snippet":"max-snippet:-1","max-image-preview":"max-image-preview:large","max-video-preview":"max-video-preview:-1"},"canonical":"https:\/\/www.institutodeengenharia.org.br\/site\/2010\/04\/23\/joao-candido-sera-nome-de-primeiro-navio-do-eas\/","og_locale":"pt_BR","og_type":"article","og_title":"Jo\u00e3o C\u00e2ndido ser\u00e1 nome de primeiro navio do EAS - Instituto de Engenharia","og_description":"Primeira embarca\u00e7\u00e3o do Estaleiro Atl\u00e2ntico Sul ser\u00e1 lan\u00e7ado ao mar no dia 3 de maio, marcando o renascimento da ind\u00fastria naval. Navio ser\u00e1 tamb\u00e9m o primog\u00eanito da nova frota da Transpetro Jo\u00e3o C\u00e2ndido \u00e9 o nome de batismo do primeiro navio constru\u00eddo em Pernambuco. Encomendada pela Transpetro ao Estaleiro Atl\u00e2ntico Sul (EAS), no Complexo de [&hellip;]","og_url":"https:\/\/www.institutodeengenharia.org.br\/site\/2010\/04\/23\/joao-candido-sera-nome-de-primeiro-navio-do-eas\/","og_site_name":"Instituto de Engenharia","article_publisher":"https:\/\/www.facebook.com\/institutodeengenharia","article_published_time":"2010-04-23T22:42:50+00:00","og_image":[{"width":309,"height":237,"url":"https:\/\/www.institutodeengenharia.org.br\/site\/wp-content\/uploads\/2017\/10\/noticia_2353_107262147.jpg","type":"image\/jpeg"}],"author":"TMax Tecnologia","twitter_card":"summary_large_image","twitter_creator":"@iengenharia","twitter_site":"@iengenharia","twitter_misc":{"Escrito por":"TMax Tecnologia","Est. tempo de leitura":"2 minutos"},"schema":{"@context":"https:\/\/schema.org","@graph":[{"@type":"Article","@id":"https:\/\/www.institutodeengenharia.org.br\/site\/2010\/04\/23\/joao-candido-sera-nome-de-primeiro-navio-do-eas\/#article","isPartOf":{"@id":"https:\/\/www.institutodeengenharia.org.br\/site\/2010\/04\/23\/joao-candido-sera-nome-de-primeiro-navio-do-eas\/"},"author":{"name":"TMax Tecnologia","@id":"https:\/\/www.institutodeengenharia.org.br\/site\/#\/schema\/person\/3b1ff109facef084739fc2edcb9a127f"},"headline":"Jo\u00e3o C\u00e2ndido ser\u00e1 nome de primeiro navio do EAS","datePublished":"2010-04-23T22:42:50+00:00","mainEntityOfPage":{"@id":"https:\/\/www.institutodeengenharia.org.br\/site\/2010\/04\/23\/joao-candido-sera-nome-de-primeiro-navio-do-eas\/"},"wordCount":453,"commentCount":0,"publisher":{"@id":"https:\/\/www.institutodeengenharia.org.br\/site\/#organization"},"image":{"@id":"https:\/\/www.institutodeengenharia.org.br\/site\/2010\/04\/23\/joao-candido-sera-nome-de-primeiro-navio-do-eas\/#primaryimage"},"thumbnailUrl":"https:\/\/www.institutodeengenharia.org.br\/site\/wp-content\/uploads\/2017\/10\/noticia_2353_107262147.jpg","articleSection":["Not\u00edcias","Transportes"],"inLanguage":"pt-BR","potentialAction":[{"@type":"CommentAction","name":"Comment","target":["https:\/\/www.institutodeengenharia.org.br\/site\/2010\/04\/23\/joao-candido-sera-nome-de-primeiro-navio-do-eas\/#respond"]}]},{"@type":"WebPage","@id":"https:\/\/www.institutodeengenharia.org.br\/site\/2010\/04\/23\/joao-candido-sera-nome-de-primeiro-navio-do-eas\/","url":"https:\/\/www.institutodeengenharia.org.br\/site\/2010\/04\/23\/joao-candido-sera-nome-de-primeiro-navio-do-eas\/","name":"Jo\u00e3o C\u00e2ndido ser\u00e1 nome de primeiro navio do EAS - Instituto de Engenharia","isPartOf":{"@id":"https:\/\/www.institutodeengenharia.org.br\/site\/#website"},"primaryImageOfPage":{"@id":"https:\/\/www.institutodeengenharia.org.br\/site\/2010\/04\/23\/joao-candido-sera-nome-de-primeiro-navio-do-eas\/#primaryimage"},"image":{"@id":"https:\/\/www.institutodeengenharia.org.br\/site\/2010\/04\/23\/joao-candido-sera-nome-de-primeiro-navio-do-eas\/#primaryimage"},"thumbnailUrl":"https:\/\/www.institutodeengenharia.org.br\/site\/wp-content\/uploads\/2017\/10\/noticia_2353_107262147.jpg","datePublished":"2010-04-23T22:42:50+00:00","breadcrumb":{"@id":"https:\/\/www.institutodeengenharia.org.br\/site\/2010\/04\/23\/joao-candido-sera-nome-de-primeiro-navio-do-eas\/#breadcrumb"},"inLanguage":"pt-BR","potentialAction":[{"@type":"ReadAction","target":["https:\/\/www.institutodeengenharia.org.br\/site\/2010\/04\/23\/joao-candido-sera-nome-de-primeiro-navio-do-eas\/"]}]},{"@type":"ImageObject","inLanguage":"pt-BR","@id":"https:\/\/www.institutodeengenharia.org.br\/site\/2010\/04\/23\/joao-candido-sera-nome-de-primeiro-navio-do-eas\/#primaryimage","url":"https:\/\/www.institutodeengenharia.org.br\/site\/wp-content\/uploads\/2017\/10\/noticia_2353_107262147.jpg","contentUrl":"https:\/\/www.institutodeengenharia.org.br\/site\/wp-content\/uploads\/2017\/10\/noticia_2353_107262147.jpg","width":309,"height":237,"caption":"Primeiro navio do EAS vai ao mar dia 3 de maio"},{"@type":"BreadcrumbList","@id":"https:\/\/www.institutodeengenharia.org.br\/site\/2010\/04\/23\/joao-candido-sera-nome-de-primeiro-navio-do-eas\/#breadcrumb","itemListElement":[{"@type":"ListItem","position":1,"name":"In\u00edcio","item":"https:\/\/www.institutodeengenharia.org.br\/site\/"},{"@type":"ListItem","position":2,"name":"Jo\u00e3o C\u00e2ndido ser\u00e1 nome de primeiro navio do EAS"}]},{"@type":"WebSite","@id":"https:\/\/www.institutodeengenharia.org.br\/site\/#website","url":"https:\/\/www.institutodeengenharia.org.br\/site\/","name":"Instituto de Engenharia","description":"O Instituto de Engenharia promove a Engenharia em benef\u00edcio do desenvolvimento e da qualidade de vida da sociedade.","publisher":{"@id":"https:\/\/www.institutodeengenharia.org.br\/site\/#organization"},"potentialAction":[{"@type":"SearchAction","target":{"@type":"EntryPoint","urlTemplate":"https:\/\/www.institutodeengenharia.org.br\/site\/?s={search_term_string}"},"query-input":{"@type":"PropertyValueSpecification","valueRequired":true,"valueName":"search_term_string"}}],"inLanguage":"pt-BR"},{"@type":"Organization","@id":"https:\/\/www.institutodeengenharia.org.br\/site\/#organization","name":"Instituto de Engenharia","url":"https:\/\/www.institutodeengenharia.org.br\/site\/","logo":{"@type":"ImageObject","inLanguage":"pt-BR","@id":"https:\/\/www.institutodeengenharia.org.br\/site\/#\/schema\/logo\/image\/","url":"https:\/\/www.institutodeengenharia.org.br\/site\/wp-content\/uploads\/2019\/03\/logo-novo-IE2018-1.jpg","contentUrl":"https:\/\/www.institutodeengenharia.org.br\/site\/wp-content\/uploads\/2019\/03\/logo-novo-IE2018-1.jpg","width":1486,"height":1879,"caption":"Instituto de Engenharia"},"image":{"@id":"https:\/\/www.institutodeengenharia.org.br\/site\/#\/schema\/logo\/image\/"},"sameAs":["https:\/\/www.facebook.com\/institutodeengenharia","https:\/\/x.com\/iengenharia","https:\/\/www.instagram.com\/institutodeengenharia\/","https:\/\/www.linkedin.com\/company\/instituto-de-engenharia\/","https:\/\/www.youtube.com\/channel\/UCXiCAlsSMe977vamW915HxA"]},{"@type":"Person","@id":"https:\/\/www.institutodeengenharia.org.br\/site\/#\/schema\/person\/3b1ff109facef084739fc2edcb9a127f","name":"TMax Tecnologia","image":{"@type":"ImageObject","inLanguage":"pt-BR","@id":"https:\/\/secure.gravatar.com\/avatar\/f912434ef7f389c92cb311fcdae346af848465d638912574b3c669070f797701?s=96&d=mm&r=g","url":"https:\/\/secure.gravatar.com\/avatar\/f912434ef7f389c92cb311fcdae346af848465d638912574b3c669070f797701?s=96&d=mm&r=g","contentUrl":"https:\/\/secure.gravatar.com\/avatar\/f912434ef7f389c92cb311fcdae346af848465d638912574b3c669070f797701?s=96&d=mm&r=g","caption":"TMax Tecnologia"},"url":"https:\/\/www.institutodeengenharia.org.br\/site\/author\/tmax\/"}]}},"_links":{"self":[{"href":"https:\/\/www.institutodeengenharia.org.br\/site\/wp-json\/wp\/v2\/posts\/18045","targetHints":{"allow":["GET"]}}],"collection":[{"href":"https:\/\/www.institutodeengenharia.org.br\/site\/wp-json\/wp\/v2\/posts"}],"about":[{"href":"https:\/\/www.institutodeengenharia.org.br\/site\/wp-json\/wp\/v2\/types\/post"}],"author":[{"embeddable":true,"href":"https:\/\/www.institutodeengenharia.org.br\/site\/wp-json\/wp\/v2\/users\/1"}],"replies":[{"embeddable":true,"href":"https:\/\/www.institutodeengenharia.org.br\/site\/wp-json\/wp\/v2\/comments?post=18045"}],"version-history":[{"count":0,"href":"https:\/\/www.institutodeengenharia.org.br\/site\/wp-json\/wp\/v2\/posts\/18045\/revisions"}],"wp:featuredmedia":[{"embeddable":true,"href":"https:\/\/www.institutodeengenharia.org.br\/site\/wp-json\/wp\/v2\/media\/18046"}],"wp:attachment":[{"href":"https:\/\/www.institutodeengenharia.org.br\/site\/wp-json\/wp\/v2\/media?parent=18045"}],"wp:term":[{"taxonomy":"category","embeddable":true,"href":"https:\/\/www.institutodeengenharia.org.br\/site\/wp-json\/wp\/v2\/categories?post=18045"},{"taxonomy":"post_tag","embeddable":true,"href":"https:\/\/www.institutodeengenharia.org.br\/site\/wp-json\/wp\/v2\/tags?post=18045"}],"curies":[{"name":"wp","href":"https:\/\/api.w.org\/{rel}","templated":true}]}}