{"id":18044,"date":"2010-04-23T22:42:49","date_gmt":"2010-04-23T22:42:49","guid":{"rendered":"https:\/\/www.institutodeengenharia.org.br\/?p=18044"},"modified":"2010-04-23T13:43:02","modified_gmt":"2010-04-23T13:43:02","slug":"segundo-ministro-dos-transportes-estudos-do-ferroanel-comecam-neste-ano","status":"publish","type":"post","link":"https:\/\/www.institutodeengenharia.org.br\/site\/2010\/04\/23\/segundo-ministro-dos-transportes-estudos-do-ferroanel-comecam-neste-ano\/","title":{"rendered":"Segundo ministro dos transportes, estudos do Ferroanel come\u00e7am neste ano"},"content":{"rendered":"<p>Est\u00e3o previstos para iniciar ainda neste ano os estudos de implanta\u00e7\u00e3o do Ferroanel de S\u00e3o Paulo. Para isso, falta apenas a assinatura de um acordo entre a Ag\u00eancia Nacional de Transportes Terrestres (ANTT) e o Banco Mundial para o financiamento das an\u00e1lises, que ter\u00e3o tamb\u00e9m a participa\u00e7\u00e3o do Governo de S\u00e3o Paulo. <\/p>\n<p>A expectativa foi revelada para \u201cA Tribuna\u201d pelo ministro dos Transportes, Paulo S\u00e9rgio Passos. Com a viabiliza\u00e7\u00e3o deste conv\u00eanio, uma velha disputa promete voltar \u00e0 tona no setor: qual tramo da obra deve ser priorizado, o Norte ou o Sul. O Ferroanel \u00e9 um anel vi\u00e1rio com dois tramos. O Norte facilitar\u00e1 o escoamento de cargas pelos portos do Rio de Janeiro. O Sul, por meio do Porto de Santos, \u00e0 medida que ir\u00e1 eliminar a passagem dos trens pela Esta\u00e7\u00e3o da Luz, na Capital. <\/p>\n<p>De acordo com o ministro, os termos de refer\u00eancia para a contrata\u00e7\u00e3o do estudo est\u00e3o em vias de serem liberados. Os documentos foram elaborados pelo governo paulista. &#8220;A ANTT est\u00e1 fechando os entendimentos com o Banco Mundial para assinar o conv\u00eanio, tomara que ainda neste m\u00eas. Da\u00ed, iniciar os estudos&#8221;, afirmou Passos. Estes estudos v\u00e3o avaliar o potencial econ\u00f4mico do empreendimento, separando-o por tramos. <\/p>\n<p>O ministro tamb\u00e9m destacou que o ingresso do Governo do Estado no trabalho propiciar\u00e1 mais celeridade ao licenciamento do Ferroanel. N\u00e3o porque poder\u00e1 interferir diretamente na emiss\u00e3o de licen\u00e7as, at\u00e9 porque esta tarefa provavelmente caber\u00e1 ao Ibama, \u00f3rg\u00e3o federal. Mas, essencialmente, para permitir que a faixa de dom\u00ednio do Rodoanel M\u00e1rio Covas possa ser utilizada para a constru\u00e7\u00e3o do Ferroanel. A ideia, conforme ressaltou o ministro, \u00e9 que a obra ferrovi\u00e1ria fique \u00e0s margens do Rodoanel. Com isso, ser\u00e1 evitado o desmatamento para a constru\u00e7\u00e3o do ramal. <\/p>\n<p><b>Autor: A Tribuna<\/b><\/p>\n","protected":false},"excerpt":{"rendered":"<p>Est\u00e3o previstos para iniciar ainda neste ano os estudos de implanta\u00e7\u00e3o do Ferroanel de S\u00e3o Paulo. Para isso, falta apenas a assinatura de um acordo entre a Ag\u00eancia Nacional de Transportes Terrestres (ANTT) e o Banco Mundial para o financiamento das an\u00e1lises, que ter\u00e3o tamb\u00e9m a participa\u00e7\u00e3o do Governo de S\u00e3o Paulo. A expectativa foi [&hellip;]<\/p>\n","protected":false},"author":1,"featured_media":0,"comment_status":"open","ping_status":"open","sticky":false,"template":"","format":"standard","meta":{"footnotes":""},"categories":[6,41],"tags":[],"class_list":{"0":"post-18044","1":"post","2":"type-post","3":"status-publish","4":"format-standard","6":"category-noticias","7":"category-transportes"},"yoast_head":"<!-- This site is optimized with the Yoast SEO plugin v27.2 - https:\/\/yoast.com\/product\/yoast-seo-wordpress\/ -->\n<title>Segundo ministro dos transportes, estudos do Ferroanel come\u00e7am neste ano - Instituto de Engenharia<\/title>\n<meta name=\"robots\" content=\"index, follow, max-snippet:-1, max-image-preview:large, max-video-preview:-1\" \/>\n<link rel=\"canonical\" href=\"https:\/\/www.institutodeengenharia.org.br\/site\/2010\/04\/23\/segundo-ministro-dos-transportes-estudos-do-ferroanel-comecam-neste-ano\/\" \/>\n<meta property=\"og:locale\" content=\"pt_BR\" \/>\n<meta property=\"og:type\" content=\"article\" \/>\n<meta property=\"og:title\" content=\"Segundo ministro dos transportes, estudos do Ferroanel come\u00e7am neste ano - Instituto de Engenharia\" \/>\n<meta property=\"og:description\" content=\"Est\u00e3o previstos para iniciar ainda neste ano os estudos de implanta\u00e7\u00e3o do Ferroanel de S\u00e3o Paulo. Para isso, falta apenas a assinatura de um acordo entre a Ag\u00eancia Nacional de Transportes Terrestres (ANTT) e o Banco Mundial para o financiamento das an\u00e1lises, que ter\u00e3o tamb\u00e9m a participa\u00e7\u00e3o do Governo de S\u00e3o Paulo. A expectativa foi [&hellip;]\" \/>\n<meta property=\"og:url\" content=\"https:\/\/www.institutodeengenharia.org.br\/site\/2010\/04\/23\/segundo-ministro-dos-transportes-estudos-do-ferroanel-comecam-neste-ano\/\" \/>\n<meta property=\"og:site_name\" content=\"Instituto de Engenharia\" \/>\n<meta property=\"article:publisher\" content=\"https:\/\/www.facebook.com\/institutodeengenharia\" \/>\n<meta property=\"article:published_time\" content=\"2010-04-23T22:42:49+00:00\" \/>\n<meta name=\"author\" content=\"TMax Tecnologia\" \/>\n<meta name=\"twitter:card\" content=\"summary_large_image\" \/>\n<meta name=\"twitter:creator\" content=\"@iengenharia\" \/>\n<meta name=\"twitter:site\" content=\"@iengenharia\" \/>\n<meta name=\"twitter:label1\" content=\"Escrito por\" \/>\n\t<meta name=\"twitter:data1\" content=\"TMax Tecnologia\" \/>\n\t<meta name=\"twitter:label2\" content=\"Est. tempo de leitura\" \/>\n\t<meta name=\"twitter:data2\" content=\"2 minutos\" \/>\n<script type=\"application\/ld+json\" class=\"yoast-schema-graph\">{\"@context\":\"https:\/\/schema.org\",\"@graph\":[{\"@type\":\"Article\",\"@id\":\"https:\/\/www.institutodeengenharia.org.br\/site\/2010\/04\/23\/segundo-ministro-dos-transportes-estudos-do-ferroanel-comecam-neste-ano\/#article\",\"isPartOf\":{\"@id\":\"https:\/\/www.institutodeengenharia.org.br\/site\/2010\/04\/23\/segundo-ministro-dos-transportes-estudos-do-ferroanel-comecam-neste-ano\/\"},\"author\":{\"name\":\"TMax Tecnologia\",\"@id\":\"https:\/\/www.institutodeengenharia.org.br\/site\/#\/schema\/person\/3b1ff109facef084739fc2edcb9a127f\"},\"headline\":\"Segundo ministro dos transportes, estudos do Ferroanel come\u00e7am neste ano\",\"datePublished\":\"2010-04-23T22:42:49+00:00\",\"mainEntityOfPage\":{\"@id\":\"https:\/\/www.institutodeengenharia.org.br\/site\/2010\/04\/23\/segundo-ministro-dos-transportes-estudos-do-ferroanel-comecam-neste-ano\/\"},\"wordCount\":329,\"commentCount\":0,\"publisher\":{\"@id\":\"https:\/\/www.institutodeengenharia.org.br\/site\/#organization\"},\"articleSection\":[\"Not\u00edcias\",\"Transportes\"],\"inLanguage\":\"pt-BR\",\"potentialAction\":[{\"@type\":\"CommentAction\",\"name\":\"Comment\",\"target\":[\"https:\/\/www.institutodeengenharia.org.br\/site\/2010\/04\/23\/segundo-ministro-dos-transportes-estudos-do-ferroanel-comecam-neste-ano\/#respond\"]}]},{\"@type\":\"WebPage\",\"@id\":\"https:\/\/www.institutodeengenharia.org.br\/site\/2010\/04\/23\/segundo-ministro-dos-transportes-estudos-do-ferroanel-comecam-neste-ano\/\",\"url\":\"https:\/\/www.institutodeengenharia.org.br\/site\/2010\/04\/23\/segundo-ministro-dos-transportes-estudos-do-ferroanel-comecam-neste-ano\/\",\"name\":\"Segundo ministro dos transportes, estudos do Ferroanel come\u00e7am neste ano - Instituto de Engenharia\",\"isPartOf\":{\"@id\":\"https:\/\/www.institutodeengenharia.org.br\/site\/#website\"},\"datePublished\":\"2010-04-23T22:42:49+00:00\",\"breadcrumb\":{\"@id\":\"https:\/\/www.institutodeengenharia.org.br\/site\/2010\/04\/23\/segundo-ministro-dos-transportes-estudos-do-ferroanel-comecam-neste-ano\/#breadcrumb\"},\"inLanguage\":\"pt-BR\",\"potentialAction\":[{\"@type\":\"ReadAction\",\"target\":[\"https:\/\/www.institutodeengenharia.org.br\/site\/2010\/04\/23\/segundo-ministro-dos-transportes-estudos-do-ferroanel-comecam-neste-ano\/\"]}]},{\"@type\":\"BreadcrumbList\",\"@id\":\"https:\/\/www.institutodeengenharia.org.br\/site\/2010\/04\/23\/segundo-ministro-dos-transportes-estudos-do-ferroanel-comecam-neste-ano\/#breadcrumb\",\"itemListElement\":[{\"@type\":\"ListItem\",\"position\":1,\"name\":\"In\u00edcio\",\"item\":\"https:\/\/www.institutodeengenharia.org.br\/site\/\"},{\"@type\":\"ListItem\",\"position\":2,\"name\":\"Segundo ministro dos transportes, estudos do Ferroanel come\u00e7am neste ano\"}]},{\"@type\":\"WebSite\",\"@id\":\"https:\/\/www.institutodeengenharia.org.br\/site\/#website\",\"url\":\"https:\/\/www.institutodeengenharia.org.br\/site\/\",\"name\":\"Instituto de Engenharia\",\"description\":\"O Instituto de Engenharia promove a Engenharia em benef\u00edcio do desenvolvimento e da qualidade de vida da sociedade.\",\"publisher\":{\"@id\":\"https:\/\/www.institutodeengenharia.org.br\/site\/#organization\"},\"potentialAction\":[{\"@type\":\"SearchAction\",\"target\":{\"@type\":\"EntryPoint\",\"urlTemplate\":\"https:\/\/www.institutodeengenharia.org.br\/site\/?s={search_term_string}\"},\"query-input\":{\"@type\":\"PropertyValueSpecification\",\"valueRequired\":true,\"valueName\":\"search_term_string\"}}],\"inLanguage\":\"pt-BR\"},{\"@type\":\"Organization\",\"@id\":\"https:\/\/www.institutodeengenharia.org.br\/site\/#organization\",\"name\":\"Instituto de Engenharia\",\"url\":\"https:\/\/www.institutodeengenharia.org.br\/site\/\",\"logo\":{\"@type\":\"ImageObject\",\"inLanguage\":\"pt-BR\",\"@id\":\"https:\/\/www.institutodeengenharia.org.br\/site\/#\/schema\/logo\/image\/\",\"url\":\"https:\/\/www.institutodeengenharia.org.br\/site\/wp-content\/uploads\/2019\/03\/logo-novo-IE2018-1.jpg\",\"contentUrl\":\"https:\/\/www.institutodeengenharia.org.br\/site\/wp-content\/uploads\/2019\/03\/logo-novo-IE2018-1.jpg\",\"width\":1486,\"height\":1879,\"caption\":\"Instituto de Engenharia\"},\"image\":{\"@id\":\"https:\/\/www.institutodeengenharia.org.br\/site\/#\/schema\/logo\/image\/\"},\"sameAs\":[\"https:\/\/www.facebook.com\/institutodeengenharia\",\"https:\/\/x.com\/iengenharia\",\"https:\/\/www.instagram.com\/institutodeengenharia\/\",\"https:\/\/www.linkedin.com\/company\/instituto-de-engenharia\/\",\"https:\/\/www.youtube.com\/channel\/UCXiCAlsSMe977vamW915HxA\"]},{\"@type\":\"Person\",\"@id\":\"https:\/\/www.institutodeengenharia.org.br\/site\/#\/schema\/person\/3b1ff109facef084739fc2edcb9a127f\",\"name\":\"TMax Tecnologia\",\"image\":{\"@type\":\"ImageObject\",\"inLanguage\":\"pt-BR\",\"@id\":\"https:\/\/secure.gravatar.com\/avatar\/f912434ef7f389c92cb311fcdae346af848465d638912574b3c669070f797701?s=96&d=mm&r=g\",\"url\":\"https:\/\/secure.gravatar.com\/avatar\/f912434ef7f389c92cb311fcdae346af848465d638912574b3c669070f797701?s=96&d=mm&r=g\",\"contentUrl\":\"https:\/\/secure.gravatar.com\/avatar\/f912434ef7f389c92cb311fcdae346af848465d638912574b3c669070f797701?s=96&d=mm&r=g\",\"caption\":\"TMax Tecnologia\"},\"url\":\"https:\/\/www.institutodeengenharia.org.br\/site\/author\/tmax\/\"}]}<\/script>\n<!-- \/ Yoast SEO plugin. -->","yoast_head_json":{"title":"Segundo ministro dos transportes, estudos do Ferroanel come\u00e7am neste ano - Instituto de Engenharia","robots":{"index":"index","follow":"follow","max-snippet":"max-snippet:-1","max-image-preview":"max-image-preview:large","max-video-preview":"max-video-preview:-1"},"canonical":"https:\/\/www.institutodeengenharia.org.br\/site\/2010\/04\/23\/segundo-ministro-dos-transportes-estudos-do-ferroanel-comecam-neste-ano\/","og_locale":"pt_BR","og_type":"article","og_title":"Segundo ministro dos transportes, estudos do Ferroanel come\u00e7am neste ano - Instituto de Engenharia","og_description":"Est\u00e3o previstos para iniciar ainda neste ano os estudos de implanta\u00e7\u00e3o do Ferroanel de S\u00e3o Paulo. Para isso, falta apenas a assinatura de um acordo entre a Ag\u00eancia Nacional de Transportes Terrestres (ANTT) e o Banco Mundial para o financiamento das an\u00e1lises, que ter\u00e3o tamb\u00e9m a participa\u00e7\u00e3o do Governo de S\u00e3o Paulo. A expectativa foi [&hellip;]","og_url":"https:\/\/www.institutodeengenharia.org.br\/site\/2010\/04\/23\/segundo-ministro-dos-transportes-estudos-do-ferroanel-comecam-neste-ano\/","og_site_name":"Instituto de Engenharia","article_publisher":"https:\/\/www.facebook.com\/institutodeengenharia","article_published_time":"2010-04-23T22:42:49+00:00","author":"TMax Tecnologia","twitter_card":"summary_large_image","twitter_creator":"@iengenharia","twitter_site":"@iengenharia","twitter_misc":{"Escrito por":"TMax Tecnologia","Est. tempo de leitura":"2 minutos"},"schema":{"@context":"https:\/\/schema.org","@graph":[{"@type":"Article","@id":"https:\/\/www.institutodeengenharia.org.br\/site\/2010\/04\/23\/segundo-ministro-dos-transportes-estudos-do-ferroanel-comecam-neste-ano\/#article","isPartOf":{"@id":"https:\/\/www.institutodeengenharia.org.br\/site\/2010\/04\/23\/segundo-ministro-dos-transportes-estudos-do-ferroanel-comecam-neste-ano\/"},"author":{"name":"TMax Tecnologia","@id":"https:\/\/www.institutodeengenharia.org.br\/site\/#\/schema\/person\/3b1ff109facef084739fc2edcb9a127f"},"headline":"Segundo ministro dos transportes, estudos do Ferroanel come\u00e7am neste ano","datePublished":"2010-04-23T22:42:49+00:00","mainEntityOfPage":{"@id":"https:\/\/www.institutodeengenharia.org.br\/site\/2010\/04\/23\/segundo-ministro-dos-transportes-estudos-do-ferroanel-comecam-neste-ano\/"},"wordCount":329,"commentCount":0,"publisher":{"@id":"https:\/\/www.institutodeengenharia.org.br\/site\/#organization"},"articleSection":["Not\u00edcias","Transportes"],"inLanguage":"pt-BR","potentialAction":[{"@type":"CommentAction","name":"Comment","target":["https:\/\/www.institutodeengenharia.org.br\/site\/2010\/04\/23\/segundo-ministro-dos-transportes-estudos-do-ferroanel-comecam-neste-ano\/#respond"]}]},{"@type":"WebPage","@id":"https:\/\/www.institutodeengenharia.org.br\/site\/2010\/04\/23\/segundo-ministro-dos-transportes-estudos-do-ferroanel-comecam-neste-ano\/","url":"https:\/\/www.institutodeengenharia.org.br\/site\/2010\/04\/23\/segundo-ministro-dos-transportes-estudos-do-ferroanel-comecam-neste-ano\/","name":"Segundo ministro dos transportes, estudos do Ferroanel come\u00e7am neste ano - Instituto de Engenharia","isPartOf":{"@id":"https:\/\/www.institutodeengenharia.org.br\/site\/#website"},"datePublished":"2010-04-23T22:42:49+00:00","breadcrumb":{"@id":"https:\/\/www.institutodeengenharia.org.br\/site\/2010\/04\/23\/segundo-ministro-dos-transportes-estudos-do-ferroanel-comecam-neste-ano\/#breadcrumb"},"inLanguage":"pt-BR","potentialAction":[{"@type":"ReadAction","target":["https:\/\/www.institutodeengenharia.org.br\/site\/2010\/04\/23\/segundo-ministro-dos-transportes-estudos-do-ferroanel-comecam-neste-ano\/"]}]},{"@type":"BreadcrumbList","@id":"https:\/\/www.institutodeengenharia.org.br\/site\/2010\/04\/23\/segundo-ministro-dos-transportes-estudos-do-ferroanel-comecam-neste-ano\/#breadcrumb","itemListElement":[{"@type":"ListItem","position":1,"name":"In\u00edcio","item":"https:\/\/www.institutodeengenharia.org.br\/site\/"},{"@type":"ListItem","position":2,"name":"Segundo ministro dos transportes, estudos do Ferroanel come\u00e7am neste ano"}]},{"@type":"WebSite","@id":"https:\/\/www.institutodeengenharia.org.br\/site\/#website","url":"https:\/\/www.institutodeengenharia.org.br\/site\/","name":"Instituto de Engenharia","description":"O Instituto de Engenharia promove a Engenharia em benef\u00edcio do desenvolvimento e da qualidade de vida da sociedade.","publisher":{"@id":"https:\/\/www.institutodeengenharia.org.br\/site\/#organization"},"potentialAction":[{"@type":"SearchAction","target":{"@type":"EntryPoint","urlTemplate":"https:\/\/www.institutodeengenharia.org.br\/site\/?s={search_term_string}"},"query-input":{"@type":"PropertyValueSpecification","valueRequired":true,"valueName":"search_term_string"}}],"inLanguage":"pt-BR"},{"@type":"Organization","@id":"https:\/\/www.institutodeengenharia.org.br\/site\/#organization","name":"Instituto de Engenharia","url":"https:\/\/www.institutodeengenharia.org.br\/site\/","logo":{"@type":"ImageObject","inLanguage":"pt-BR","@id":"https:\/\/www.institutodeengenharia.org.br\/site\/#\/schema\/logo\/image\/","url":"https:\/\/www.institutodeengenharia.org.br\/site\/wp-content\/uploads\/2019\/03\/logo-novo-IE2018-1.jpg","contentUrl":"https:\/\/www.institutodeengenharia.org.br\/site\/wp-content\/uploads\/2019\/03\/logo-novo-IE2018-1.jpg","width":1486,"height":1879,"caption":"Instituto de Engenharia"},"image":{"@id":"https:\/\/www.institutodeengenharia.org.br\/site\/#\/schema\/logo\/image\/"},"sameAs":["https:\/\/www.facebook.com\/institutodeengenharia","https:\/\/x.com\/iengenharia","https:\/\/www.instagram.com\/institutodeengenharia\/","https:\/\/www.linkedin.com\/company\/instituto-de-engenharia\/","https:\/\/www.youtube.com\/channel\/UCXiCAlsSMe977vamW915HxA"]},{"@type":"Person","@id":"https:\/\/www.institutodeengenharia.org.br\/site\/#\/schema\/person\/3b1ff109facef084739fc2edcb9a127f","name":"TMax Tecnologia","image":{"@type":"ImageObject","inLanguage":"pt-BR","@id":"https:\/\/secure.gravatar.com\/avatar\/f912434ef7f389c92cb311fcdae346af848465d638912574b3c669070f797701?s=96&d=mm&r=g","url":"https:\/\/secure.gravatar.com\/avatar\/f912434ef7f389c92cb311fcdae346af848465d638912574b3c669070f797701?s=96&d=mm&r=g","contentUrl":"https:\/\/secure.gravatar.com\/avatar\/f912434ef7f389c92cb311fcdae346af848465d638912574b3c669070f797701?s=96&d=mm&r=g","caption":"TMax Tecnologia"},"url":"https:\/\/www.institutodeengenharia.org.br\/site\/author\/tmax\/"}]}},"_links":{"self":[{"href":"https:\/\/www.institutodeengenharia.org.br\/site\/wp-json\/wp\/v2\/posts\/18044","targetHints":{"allow":["GET"]}}],"collection":[{"href":"https:\/\/www.institutodeengenharia.org.br\/site\/wp-json\/wp\/v2\/posts"}],"about":[{"href":"https:\/\/www.institutodeengenharia.org.br\/site\/wp-json\/wp\/v2\/types\/post"}],"author":[{"embeddable":true,"href":"https:\/\/www.institutodeengenharia.org.br\/site\/wp-json\/wp\/v2\/users\/1"}],"replies":[{"embeddable":true,"href":"https:\/\/www.institutodeengenharia.org.br\/site\/wp-json\/wp\/v2\/comments?post=18044"}],"version-history":[{"count":0,"href":"https:\/\/www.institutodeengenharia.org.br\/site\/wp-json\/wp\/v2\/posts\/18044\/revisions"}],"wp:attachment":[{"href":"https:\/\/www.institutodeengenharia.org.br\/site\/wp-json\/wp\/v2\/media?parent=18044"}],"wp:term":[{"taxonomy":"category","embeddable":true,"href":"https:\/\/www.institutodeengenharia.org.br\/site\/wp-json\/wp\/v2\/categories?post=18044"},{"taxonomy":"post_tag","embeddable":true,"href":"https:\/\/www.institutodeengenharia.org.br\/site\/wp-json\/wp\/v2\/tags?post=18044"}],"curies":[{"name":"wp","href":"https:\/\/api.w.org\/{rel}","templated":true}]}}