{"id":18032,"date":"2010-04-22T22:42:39","date_gmt":"2010-04-22T22:42:39","guid":{"rendered":"https:\/\/www.institutodeengenharia.org.br\/?p=18032"},"modified":"2010-04-22T09:14:18","modified_gmt":"2010-04-22T09:14:18","slug":"consorcio-norte-energia-arremata-usina-de-belo-monte-em-leilao","status":"publish","type":"post","link":"https:\/\/www.institutodeengenharia.org.br\/site\/2010\/04\/22\/consorcio-norte-energia-arremata-usina-de-belo-monte-em-leilao\/","title":{"rendered":"Cons\u00f3rcio Norte Energia arremata usina de Belo Monte em leil\u00e3o"},"content":{"rendered":"<p>O cons\u00f3rcio Norte Energia, que tem participa\u00e7\u00e3o da Companhia Hidro El\u00e9trica do S\u00e3o Francisco (Chesf), subsidi\u00e1ria da Eletrobras, da Construtora Queiroz Galv\u00e3o, da Galv\u00e3o Engenharia e de outras seis empresas, arrematou, em leil\u00e3o realizado nesta ter\u00e7a-feira (20), a usina de Belo Monte. A informa\u00e7\u00e3o \u00e9 da Ag\u00eancia Nacional de Energia El\u00e9trica (Aneel).&nbsp;<\/p>\n<p>O outro cons\u00f3rcio que concorreu foi o Belo Monte Energia, formado pela construtora Andrade Gutierrez, pela Vale, pela Neoenergia. Nesse grupo, estavam ainda duas subsidi\u00e1rias da Eletrobras: Furnas e Eletrosul.&nbsp;<\/p>\n<p>O leil\u00e3o foi conduzido com base no menor pre\u00e7o oferecido pela energia el\u00e9trica da usina. Deste modo, quem ofertasse o menor lance, pelo pre\u00e7o a ser cobrado, ganharia o direito de construir e, posteriormente, vender a energia el\u00e9trica de Belo Monte. O pre\u00e7o m\u00e1ximo definido pelo Minist\u00e9rio de Minas e Energia foi de R$ 83 por megawwatt hora. O cons\u00f3rcio vencedor se comprometeu com o pre\u00e7o de R$ 77,97 por megawatt hora. O des\u00e1gio foi de 6,02%.&nbsp;<\/p>\n<p>Belo Monte \u2013 Localizada no rio Xingu, no munic\u00edpio de Vit\u00f3ria do Xingu (PA), Belo Monte ser\u00e1 a segunda maior usina do Brasil, atr\u00e1s apenas da binacional Itaipu, e custar\u00e1 pelo menos R$ 19 bilh\u00f5es, segundo o governo federal. H\u00e1 especula\u00e7\u00f5es, por\u00e9m, de que a obra poderia custar at\u00e9 R$ 30 bilh\u00f5es. O governo, por\u00e9m, est\u00e1 oferecendo benef\u00edcios fiscais (desconto de 75% no pagamento do IR) aos compradores, al\u00e9m de empr\u00e9stimo (80% da obra ser\u00e1 financiada pelo BNDES).&nbsp;<\/p>\n<p>Trata-se da segunda maior obra do Programa de Acelera\u00e7\u00e3o do Crescimento (PAC), uma das principais bandeiras do governo Lula. O prazo m\u00e1ximo para in\u00edcio da gera\u00e7\u00e3o da primeira unidade \u00e9 em fevereiro de 2015. A data limite para entrada em opera\u00e7\u00e3o da ultima m\u00e1quina \u00e9 em janeiro de 2019. <br \/>\nImbr\u00f3glio na Justi\u00e7a e manifesta\u00e7\u00f5es \u2013 O processo s\u00f3 p\u00f4de ir adiante ap\u00f3s libera\u00e7\u00e3o do Tribunal Regional Federal da 1\u00aa Regi\u00e3o (TRF-1). Desde a semana passada, o leil\u00e3o \u00e9 alvo de imbr\u00f3glio jur\u00eddico.&nbsp;<\/p>\n<p>O Minist\u00e9rio P\u00fablico Federal do Par\u00e1 entrou com duas a\u00e7\u00f5es civis p\u00fablicas na tentativa de barrar a disputa.&nbsp;<\/p>\n<p>No primeiro processo, o leil\u00e3o chegou a ser suspenso, mas acabou confirmado na sexta-feira (16). Nesta segunda-feira (19), voltou a ser suspenso. Ap\u00f3s o t\u00e9rmino do leil\u00e3o, mas antes do an\u00fancio da decis\u00e3o, uma nova liminar foi concedida, sendo posteriormente cassada.&nbsp;<\/p>\n<p>A obra, uma das vitrines do governo federal, \u00e9 alvo de contesta\u00e7\u00f5es por parte de moradores locais, especialistas e entidades nacionais e internacionais. S\u00e3o alvos de cr\u00edtica a viabilidade econ\u00f4mica da obra, o impacto para comunidades ind\u00edgenas e a possibilidade de seca em parte do rio. O governo, no entanto, diz que os \u00edndios n\u00e3o ser\u00e3o afetados e afirma que a obra \u00e9 fundamental para garantir o abastecimento de energia el\u00e9trica nos pr\u00f3ximos anos.&nbsp;<\/p>\n<p>Antes do leil\u00e3o, movimentos sociais e ambientalistas se manifestaram na Aneel, em Bras\u00edlia, em ato que reuniu cerca de 500 pessoas. O Greenpeace despejou um monte de esterco na entrada da Aneel. Em cima do esterco, um cartaz dizia: \u201cBelo Monte de \u2018M\u2019\u201d. Seis manifestantes se acorrentaram em frente ao pr\u00e9dio, prejudicando, momentaneamente, a entrada dos funcion\u00e1rios. \u201cSomos contra a usina. A obra traria grande impacto ambiental. Afetaria o fluxo do rio\u201d, disse Ricardo Baitelo, coordenador de Energia Renov\u00e1vel do Greenpeace.&nbsp;<\/p>\n<p>Empreendimento \u2013 A hidrel\u00e9trica ocupar\u00e1 parte da \u00e1rea de cinco: Altamira, Anapu, Brasil Novo, Senador Jos\u00e9 Porf\u00edrio e Vit\u00f3ria do Xingu. Altamira \u00e9 a mais desenvolvida e tem a maior popula\u00e7\u00e3o dentre essas cidades, com 98 mil habitantes, segundo o Instituto Brasileiro de Geografia e Estat\u00edstica (IBGE). Os demais munic\u00edpios t\u00eam entre 10 mil e 20 mil habitantes. <br \/>\nA regi\u00e3o discute h\u00e1 mais de 30 anos a instala\u00e7\u00e3o da hidrel\u00e9trica no Rio Xingu, mas teve a certeza de que o in\u00edcio da obra se aproximava ap\u00f3s a concess\u00e3o em fevereiro, pelo Ibama, da licen\u00e7a ambiental.&nbsp;<\/p>\n<p>Uma das cr\u00edticas ao projeto se refere \u00e0 capacidade de gera\u00e7\u00e3o de energia. Segundo dados do governo, o rio Xingu perde vaz\u00e3o \u2013 quantidade de \u00e1gua \u2013 no ver\u00e3o, \u00e9poca de seca. Por conta disso, a expectativa \u00e9 de que Belo Monte, que ter\u00e1 capacidade instalada de 11.233 MW, tenha uma gera\u00e7\u00e3o m\u00e9dia de 4.500 MW. Em \u00e9poca de cheia pode-se operar perto da capacidade e, em tempo de seca, a gera\u00e7\u00e3o pode ir abaixo de mil MW. Para cr\u00edticos da obra, isso coloca em xeque a viabilidade econ\u00f4mica do projeto. \n<\/p>\n<p><b>Autor: G1<\/b><\/p>\n","protected":false},"excerpt":{"rendered":"<p>O cons\u00f3rcio Norte Energia, que tem participa\u00e7\u00e3o da Companhia Hidro El\u00e9trica do S\u00e3o Francisco (Chesf), subsidi\u00e1ria da Eletrobras, da Construtora Queiroz Galv\u00e3o, da Galv\u00e3o Engenharia e de outras seis empresas, arrematou, em leil\u00e3o realizado nesta ter\u00e7a-feira (20), a usina de Belo Monte. A informa\u00e7\u00e3o \u00e9 da Ag\u00eancia Nacional de Energia El\u00e9trica (Aneel).&nbsp; O outro cons\u00f3rcio [&hellip;]<\/p>\n","protected":false},"author":1,"featured_media":0,"comment_status":"open","ping_status":"open","sticky":false,"template":"","format":"standard","meta":{"footnotes":""},"categories":[24,6],"tags":[],"class_list":{"0":"post-18032","1":"post","2":"type-post","3":"status-publish","4":"format-standard","6":"category-energia","7":"category-noticias"},"yoast_head":"<!-- This site is optimized with the Yoast SEO plugin v27.2 - https:\/\/yoast.com\/product\/yoast-seo-wordpress\/ -->\n<title>Cons\u00f3rcio Norte Energia arremata usina de Belo Monte em leil\u00e3o - Instituto de Engenharia<\/title>\n<meta name=\"robots\" content=\"index, follow, max-snippet:-1, max-image-preview:large, max-video-preview:-1\" \/>\n<link rel=\"canonical\" href=\"https:\/\/www.institutodeengenharia.org.br\/site\/2010\/04\/22\/consorcio-norte-energia-arremata-usina-de-belo-monte-em-leilao\/\" \/>\n<meta property=\"og:locale\" content=\"pt_BR\" \/>\n<meta property=\"og:type\" content=\"article\" \/>\n<meta property=\"og:title\" content=\"Cons\u00f3rcio Norte Energia arremata usina de Belo Monte em leil\u00e3o - Instituto de Engenharia\" \/>\n<meta property=\"og:description\" content=\"O cons\u00f3rcio Norte Energia, que tem participa\u00e7\u00e3o da Companhia Hidro El\u00e9trica do S\u00e3o Francisco (Chesf), subsidi\u00e1ria da Eletrobras, da Construtora Queiroz Galv\u00e3o, da Galv\u00e3o Engenharia e de outras seis empresas, arrematou, em leil\u00e3o realizado nesta ter\u00e7a-feira (20), a usina de Belo Monte. A informa\u00e7\u00e3o \u00e9 da Ag\u00eancia Nacional de Energia El\u00e9trica (Aneel).&nbsp; O outro cons\u00f3rcio [&hellip;]\" \/>\n<meta property=\"og:url\" content=\"https:\/\/www.institutodeengenharia.org.br\/site\/2010\/04\/22\/consorcio-norte-energia-arremata-usina-de-belo-monte-em-leilao\/\" \/>\n<meta property=\"og:site_name\" content=\"Instituto de Engenharia\" \/>\n<meta property=\"article:publisher\" content=\"https:\/\/www.facebook.com\/institutodeengenharia\" \/>\n<meta property=\"article:published_time\" content=\"2010-04-22T22:42:39+00:00\" \/>\n<meta name=\"author\" content=\"TMax Tecnologia\" \/>\n<meta name=\"twitter:card\" content=\"summary_large_image\" \/>\n<meta name=\"twitter:creator\" content=\"@iengenharia\" \/>\n<meta name=\"twitter:site\" content=\"@iengenharia\" \/>\n<meta name=\"twitter:label1\" content=\"Escrito por\" \/>\n\t<meta name=\"twitter:data1\" content=\"TMax Tecnologia\" \/>\n\t<meta name=\"twitter:label2\" content=\"Est. tempo de leitura\" \/>\n\t<meta name=\"twitter:data2\" content=\"4 minutos\" \/>\n<script type=\"application\/ld+json\" class=\"yoast-schema-graph\">{\"@context\":\"https:\/\/schema.org\",\"@graph\":[{\"@type\":\"Article\",\"@id\":\"https:\/\/www.institutodeengenharia.org.br\/site\/2010\/04\/22\/consorcio-norte-energia-arremata-usina-de-belo-monte-em-leilao\/#article\",\"isPartOf\":{\"@id\":\"https:\/\/www.institutodeengenharia.org.br\/site\/2010\/04\/22\/consorcio-norte-energia-arremata-usina-de-belo-monte-em-leilao\/\"},\"author\":{\"name\":\"TMax Tecnologia\",\"@id\":\"https:\/\/www.institutodeengenharia.org.br\/site\/#\/schema\/person\/3b1ff109facef084739fc2edcb9a127f\"},\"headline\":\"Cons\u00f3rcio Norte Energia arremata usina de Belo Monte em leil\u00e3o\",\"datePublished\":\"2010-04-22T22:42:39+00:00\",\"mainEntityOfPage\":{\"@id\":\"https:\/\/www.institutodeengenharia.org.br\/site\/2010\/04\/22\/consorcio-norte-energia-arremata-usina-de-belo-monte-em-leilao\/\"},\"wordCount\":808,\"commentCount\":0,\"publisher\":{\"@id\":\"https:\/\/www.institutodeengenharia.org.br\/site\/#organization\"},\"articleSection\":[\"Energia\",\"Not\u00edcias\"],\"inLanguage\":\"pt-BR\",\"potentialAction\":[{\"@type\":\"CommentAction\",\"name\":\"Comment\",\"target\":[\"https:\/\/www.institutodeengenharia.org.br\/site\/2010\/04\/22\/consorcio-norte-energia-arremata-usina-de-belo-monte-em-leilao\/#respond\"]}]},{\"@type\":\"WebPage\",\"@id\":\"https:\/\/www.institutodeengenharia.org.br\/site\/2010\/04\/22\/consorcio-norte-energia-arremata-usina-de-belo-monte-em-leilao\/\",\"url\":\"https:\/\/www.institutodeengenharia.org.br\/site\/2010\/04\/22\/consorcio-norte-energia-arremata-usina-de-belo-monte-em-leilao\/\",\"name\":\"Cons\u00f3rcio Norte Energia arremata usina de Belo Monte em leil\u00e3o - Instituto de Engenharia\",\"isPartOf\":{\"@id\":\"https:\/\/www.institutodeengenharia.org.br\/site\/#website\"},\"datePublished\":\"2010-04-22T22:42:39+00:00\",\"breadcrumb\":{\"@id\":\"https:\/\/www.institutodeengenharia.org.br\/site\/2010\/04\/22\/consorcio-norte-energia-arremata-usina-de-belo-monte-em-leilao\/#breadcrumb\"},\"inLanguage\":\"pt-BR\",\"potentialAction\":[{\"@type\":\"ReadAction\",\"target\":[\"https:\/\/www.institutodeengenharia.org.br\/site\/2010\/04\/22\/consorcio-norte-energia-arremata-usina-de-belo-monte-em-leilao\/\"]}]},{\"@type\":\"BreadcrumbList\",\"@id\":\"https:\/\/www.institutodeengenharia.org.br\/site\/2010\/04\/22\/consorcio-norte-energia-arremata-usina-de-belo-monte-em-leilao\/#breadcrumb\",\"itemListElement\":[{\"@type\":\"ListItem\",\"position\":1,\"name\":\"In\u00edcio\",\"item\":\"https:\/\/www.institutodeengenharia.org.br\/site\/\"},{\"@type\":\"ListItem\",\"position\":2,\"name\":\"Cons\u00f3rcio Norte Energia arremata usina de Belo Monte em leil\u00e3o\"}]},{\"@type\":\"WebSite\",\"@id\":\"https:\/\/www.institutodeengenharia.org.br\/site\/#website\",\"url\":\"https:\/\/www.institutodeengenharia.org.br\/site\/\",\"name\":\"Instituto de Engenharia\",\"description\":\"O Instituto de Engenharia promove a Engenharia em benef\u00edcio do desenvolvimento e da qualidade de vida da sociedade.\",\"publisher\":{\"@id\":\"https:\/\/www.institutodeengenharia.org.br\/site\/#organization\"},\"potentialAction\":[{\"@type\":\"SearchAction\",\"target\":{\"@type\":\"EntryPoint\",\"urlTemplate\":\"https:\/\/www.institutodeengenharia.org.br\/site\/?s={search_term_string}\"},\"query-input\":{\"@type\":\"PropertyValueSpecification\",\"valueRequired\":true,\"valueName\":\"search_term_string\"}}],\"inLanguage\":\"pt-BR\"},{\"@type\":\"Organization\",\"@id\":\"https:\/\/www.institutodeengenharia.org.br\/site\/#organization\",\"name\":\"Instituto de Engenharia\",\"url\":\"https:\/\/www.institutodeengenharia.org.br\/site\/\",\"logo\":{\"@type\":\"ImageObject\",\"inLanguage\":\"pt-BR\",\"@id\":\"https:\/\/www.institutodeengenharia.org.br\/site\/#\/schema\/logo\/image\/\",\"url\":\"https:\/\/www.institutodeengenharia.org.br\/site\/wp-content\/uploads\/2019\/03\/logo-novo-IE2018-1.jpg\",\"contentUrl\":\"https:\/\/www.institutodeengenharia.org.br\/site\/wp-content\/uploads\/2019\/03\/logo-novo-IE2018-1.jpg\",\"width\":1486,\"height\":1879,\"caption\":\"Instituto de Engenharia\"},\"image\":{\"@id\":\"https:\/\/www.institutodeengenharia.org.br\/site\/#\/schema\/logo\/image\/\"},\"sameAs\":[\"https:\/\/www.facebook.com\/institutodeengenharia\",\"https:\/\/x.com\/iengenharia\",\"https:\/\/www.instagram.com\/institutodeengenharia\/\",\"https:\/\/www.linkedin.com\/company\/instituto-de-engenharia\/\",\"https:\/\/www.youtube.com\/channel\/UCXiCAlsSMe977vamW915HxA\"]},{\"@type\":\"Person\",\"@id\":\"https:\/\/www.institutodeengenharia.org.br\/site\/#\/schema\/person\/3b1ff109facef084739fc2edcb9a127f\",\"name\":\"TMax Tecnologia\",\"image\":{\"@type\":\"ImageObject\",\"inLanguage\":\"pt-BR\",\"@id\":\"https:\/\/secure.gravatar.com\/avatar\/f912434ef7f389c92cb311fcdae346af848465d638912574b3c669070f797701?s=96&d=mm&r=g\",\"url\":\"https:\/\/secure.gravatar.com\/avatar\/f912434ef7f389c92cb311fcdae346af848465d638912574b3c669070f797701?s=96&d=mm&r=g\",\"contentUrl\":\"https:\/\/secure.gravatar.com\/avatar\/f912434ef7f389c92cb311fcdae346af848465d638912574b3c669070f797701?s=96&d=mm&r=g\",\"caption\":\"TMax Tecnologia\"},\"url\":\"https:\/\/www.institutodeengenharia.org.br\/site\/author\/tmax\/\"}]}<\/script>\n<!-- \/ Yoast SEO plugin. -->","yoast_head_json":{"title":"Cons\u00f3rcio Norte Energia arremata usina de Belo Monte em leil\u00e3o - Instituto de Engenharia","robots":{"index":"index","follow":"follow","max-snippet":"max-snippet:-1","max-image-preview":"max-image-preview:large","max-video-preview":"max-video-preview:-1"},"canonical":"https:\/\/www.institutodeengenharia.org.br\/site\/2010\/04\/22\/consorcio-norte-energia-arremata-usina-de-belo-monte-em-leilao\/","og_locale":"pt_BR","og_type":"article","og_title":"Cons\u00f3rcio Norte Energia arremata usina de Belo Monte em leil\u00e3o - Instituto de Engenharia","og_description":"O cons\u00f3rcio Norte Energia, que tem participa\u00e7\u00e3o da Companhia Hidro El\u00e9trica do S\u00e3o Francisco (Chesf), subsidi\u00e1ria da Eletrobras, da Construtora Queiroz Galv\u00e3o, da Galv\u00e3o Engenharia e de outras seis empresas, arrematou, em leil\u00e3o realizado nesta ter\u00e7a-feira (20), a usina de Belo Monte. A informa\u00e7\u00e3o \u00e9 da Ag\u00eancia Nacional de Energia El\u00e9trica (Aneel).&nbsp; O outro cons\u00f3rcio [&hellip;]","og_url":"https:\/\/www.institutodeengenharia.org.br\/site\/2010\/04\/22\/consorcio-norte-energia-arremata-usina-de-belo-monte-em-leilao\/","og_site_name":"Instituto de Engenharia","article_publisher":"https:\/\/www.facebook.com\/institutodeengenharia","article_published_time":"2010-04-22T22:42:39+00:00","author":"TMax Tecnologia","twitter_card":"summary_large_image","twitter_creator":"@iengenharia","twitter_site":"@iengenharia","twitter_misc":{"Escrito por":"TMax Tecnologia","Est. tempo de leitura":"4 minutos"},"schema":{"@context":"https:\/\/schema.org","@graph":[{"@type":"Article","@id":"https:\/\/www.institutodeengenharia.org.br\/site\/2010\/04\/22\/consorcio-norte-energia-arremata-usina-de-belo-monte-em-leilao\/#article","isPartOf":{"@id":"https:\/\/www.institutodeengenharia.org.br\/site\/2010\/04\/22\/consorcio-norte-energia-arremata-usina-de-belo-monte-em-leilao\/"},"author":{"name":"TMax Tecnologia","@id":"https:\/\/www.institutodeengenharia.org.br\/site\/#\/schema\/person\/3b1ff109facef084739fc2edcb9a127f"},"headline":"Cons\u00f3rcio Norte Energia arremata usina de Belo Monte em leil\u00e3o","datePublished":"2010-04-22T22:42:39+00:00","mainEntityOfPage":{"@id":"https:\/\/www.institutodeengenharia.org.br\/site\/2010\/04\/22\/consorcio-norte-energia-arremata-usina-de-belo-monte-em-leilao\/"},"wordCount":808,"commentCount":0,"publisher":{"@id":"https:\/\/www.institutodeengenharia.org.br\/site\/#organization"},"articleSection":["Energia","Not\u00edcias"],"inLanguage":"pt-BR","potentialAction":[{"@type":"CommentAction","name":"Comment","target":["https:\/\/www.institutodeengenharia.org.br\/site\/2010\/04\/22\/consorcio-norte-energia-arremata-usina-de-belo-monte-em-leilao\/#respond"]}]},{"@type":"WebPage","@id":"https:\/\/www.institutodeengenharia.org.br\/site\/2010\/04\/22\/consorcio-norte-energia-arremata-usina-de-belo-monte-em-leilao\/","url":"https:\/\/www.institutodeengenharia.org.br\/site\/2010\/04\/22\/consorcio-norte-energia-arremata-usina-de-belo-monte-em-leilao\/","name":"Cons\u00f3rcio Norte Energia arremata usina de Belo Monte em leil\u00e3o - Instituto de Engenharia","isPartOf":{"@id":"https:\/\/www.institutodeengenharia.org.br\/site\/#website"},"datePublished":"2010-04-22T22:42:39+00:00","breadcrumb":{"@id":"https:\/\/www.institutodeengenharia.org.br\/site\/2010\/04\/22\/consorcio-norte-energia-arremata-usina-de-belo-monte-em-leilao\/#breadcrumb"},"inLanguage":"pt-BR","potentialAction":[{"@type":"ReadAction","target":["https:\/\/www.institutodeengenharia.org.br\/site\/2010\/04\/22\/consorcio-norte-energia-arremata-usina-de-belo-monte-em-leilao\/"]}]},{"@type":"BreadcrumbList","@id":"https:\/\/www.institutodeengenharia.org.br\/site\/2010\/04\/22\/consorcio-norte-energia-arremata-usina-de-belo-monte-em-leilao\/#breadcrumb","itemListElement":[{"@type":"ListItem","position":1,"name":"In\u00edcio","item":"https:\/\/www.institutodeengenharia.org.br\/site\/"},{"@type":"ListItem","position":2,"name":"Cons\u00f3rcio Norte Energia arremata usina de Belo Monte em leil\u00e3o"}]},{"@type":"WebSite","@id":"https:\/\/www.institutodeengenharia.org.br\/site\/#website","url":"https:\/\/www.institutodeengenharia.org.br\/site\/","name":"Instituto de Engenharia","description":"O Instituto de Engenharia promove a Engenharia em benef\u00edcio do desenvolvimento e da qualidade de vida da sociedade.","publisher":{"@id":"https:\/\/www.institutodeengenharia.org.br\/site\/#organization"},"potentialAction":[{"@type":"SearchAction","target":{"@type":"EntryPoint","urlTemplate":"https:\/\/www.institutodeengenharia.org.br\/site\/?s={search_term_string}"},"query-input":{"@type":"PropertyValueSpecification","valueRequired":true,"valueName":"search_term_string"}}],"inLanguage":"pt-BR"},{"@type":"Organization","@id":"https:\/\/www.institutodeengenharia.org.br\/site\/#organization","name":"Instituto de Engenharia","url":"https:\/\/www.institutodeengenharia.org.br\/site\/","logo":{"@type":"ImageObject","inLanguage":"pt-BR","@id":"https:\/\/www.institutodeengenharia.org.br\/site\/#\/schema\/logo\/image\/","url":"https:\/\/www.institutodeengenharia.org.br\/site\/wp-content\/uploads\/2019\/03\/logo-novo-IE2018-1.jpg","contentUrl":"https:\/\/www.institutodeengenharia.org.br\/site\/wp-content\/uploads\/2019\/03\/logo-novo-IE2018-1.jpg","width":1486,"height":1879,"caption":"Instituto de Engenharia"},"image":{"@id":"https:\/\/www.institutodeengenharia.org.br\/site\/#\/schema\/logo\/image\/"},"sameAs":["https:\/\/www.facebook.com\/institutodeengenharia","https:\/\/x.com\/iengenharia","https:\/\/www.instagram.com\/institutodeengenharia\/","https:\/\/www.linkedin.com\/company\/instituto-de-engenharia\/","https:\/\/www.youtube.com\/channel\/UCXiCAlsSMe977vamW915HxA"]},{"@type":"Person","@id":"https:\/\/www.institutodeengenharia.org.br\/site\/#\/schema\/person\/3b1ff109facef084739fc2edcb9a127f","name":"TMax Tecnologia","image":{"@type":"ImageObject","inLanguage":"pt-BR","@id":"https:\/\/secure.gravatar.com\/avatar\/f912434ef7f389c92cb311fcdae346af848465d638912574b3c669070f797701?s=96&d=mm&r=g","url":"https:\/\/secure.gravatar.com\/avatar\/f912434ef7f389c92cb311fcdae346af848465d638912574b3c669070f797701?s=96&d=mm&r=g","contentUrl":"https:\/\/secure.gravatar.com\/avatar\/f912434ef7f389c92cb311fcdae346af848465d638912574b3c669070f797701?s=96&d=mm&r=g","caption":"TMax Tecnologia"},"url":"https:\/\/www.institutodeengenharia.org.br\/site\/author\/tmax\/"}]}},"_links":{"self":[{"href":"https:\/\/www.institutodeengenharia.org.br\/site\/wp-json\/wp\/v2\/posts\/18032","targetHints":{"allow":["GET"]}}],"collection":[{"href":"https:\/\/www.institutodeengenharia.org.br\/site\/wp-json\/wp\/v2\/posts"}],"about":[{"href":"https:\/\/www.institutodeengenharia.org.br\/site\/wp-json\/wp\/v2\/types\/post"}],"author":[{"embeddable":true,"href":"https:\/\/www.institutodeengenharia.org.br\/site\/wp-json\/wp\/v2\/users\/1"}],"replies":[{"embeddable":true,"href":"https:\/\/www.institutodeengenharia.org.br\/site\/wp-json\/wp\/v2\/comments?post=18032"}],"version-history":[{"count":0,"href":"https:\/\/www.institutodeengenharia.org.br\/site\/wp-json\/wp\/v2\/posts\/18032\/revisions"}],"wp:attachment":[{"href":"https:\/\/www.institutodeengenharia.org.br\/site\/wp-json\/wp\/v2\/media?parent=18032"}],"wp:term":[{"taxonomy":"category","embeddable":true,"href":"https:\/\/www.institutodeengenharia.org.br\/site\/wp-json\/wp\/v2\/categories?post=18032"},{"taxonomy":"post_tag","embeddable":true,"href":"https:\/\/www.institutodeengenharia.org.br\/site\/wp-json\/wp\/v2\/tags?post=18032"}],"curies":[{"name":"wp","href":"https:\/\/api.w.org\/{rel}","templated":true}]}}