{"id":18027,"date":"2010-04-20T22:42:35","date_gmt":"2010-04-20T22:42:35","guid":{"rendered":"https:\/\/www.institutodeengenharia.org.br\/?p=18027"},"modified":"2010-04-20T15:03:36","modified_gmt":"2010-04-20T15:03:36","slug":"primeiro-navio-a-ser-fabricado-pelo-eas-vai-ao-mar-em-maio","status":"publish","type":"post","link":"https:\/\/www.institutodeengenharia.org.br\/site\/2010\/04\/20\/primeiro-navio-a-ser-fabricado-pelo-eas-vai-ao-mar-em-maio\/","title":{"rendered":"Primeiro navio a ser fabricado pelo EAS vai ao mar em maio"},"content":{"rendered":"<p>O primeiro navio a ser fabricado pelo Estaleiro Atl\u00e2ntico Sul (EAS) ser\u00e1 lan\u00e7ado ao mar no pr\u00f3ximo dia 3 de maio. O evento j\u00e1 tem a confirma\u00e7\u00e3o da presen\u00e7a do presidente Luiz In\u00e1cio Lula da Silva. Uma comitiva de ministros, deputados federais e estaduais devem acompanh\u00e1-lo, al\u00e9m do governador Eduardo Campos. A embarca\u00e7\u00e3o &#8211; um petroleiro do tipo Suezmax &#8211; simboliza a retomada da ind\u00fastria naval brasileira no tocante ao setor de petr\u00f3leo. H\u00e1 mais de 13 anos a produ\u00e7\u00e3o desse tipo de navio estava paralisada. A encomenda foi feita pela Transpetro (subsidi\u00e1ria da Petrobras) e atende ao\u00a0Programa de Moderniza\u00e7\u00e3o e Expans\u00e3o da Frota (Promef I).\u00a0<\/p>\n<p>A embarca\u00e7\u00e3o tem 274 metros de comprimento e capacidade para transportar um milh\u00e3o de barris de petr\u00f3leo, tendo custado US$ 120 milh\u00f5es \u00e0 Transpetro. Em suas duas primeiras fases, o Promef prev\u00ea a constru\u00e7\u00e3o de 49 navios no Brasil. \u201cO lan\u00e7amento ao mar do primeiro navio do Promef \u00e9 um fato hist\u00f3rico. Quando iniciamos o programa, a desconfian\u00e7a era enorme. Mas, este ano, com os primeiros navios sendo lan\u00e7ados, veremos a prova real do acerto e da for\u00e7a do Promef, que entra agora em uma nova etapa\u201d, afirma o presidente da Transpetro, S\u00e9rgio Machado.\u00a0<\/p>\n<p>Inicialmente, o Estaleiro Atl\u00e2ntico Sul previa o lan\u00e7amento ao mar do seu primeiro navio em fevereiro.\u00a0<\/p>\n<p>Depois, passou para o fim de mar\u00e7o e, posteriormente, abril. Ontem, a reportagem tentou contato com a assessoria do EAS, sem sucesso. Informa\u00e7\u00f5es de bastidores davam conta de que o petroleiro ainda n\u00e3o estava pronto para sair do dique seco. Todavia, a informa\u00e7\u00e3o da empresa era de que os servi\u00e7os desta etapa foram conclu\u00eddos em mar\u00e7o e o evento n\u00e3o acontecia por falta de sintonia com a agenda do presidente Lula.<\/p>\n<p>Veja v\u00eddeo sobre o Porto de Suape.<embed height=\"344\" type=\"application\/x-shockwave-flash\" width=\"425\" src=\"http:\/\/www.youtube.com\/v\/BBb2887Dkkk\" allowfullscreen=\"true\" allowscriptaccess=\"always\"><\/embed><\/p>\n<p><b>Autor: Folha de Pernambuco<\/b><\/p>\n","protected":false},"excerpt":{"rendered":"<p>O primeiro navio a ser fabricado pelo Estaleiro Atl\u00e2ntico Sul (EAS) ser\u00e1 lan\u00e7ado ao mar no pr\u00f3ximo dia 3 de maio. O evento j\u00e1 tem a confirma\u00e7\u00e3o da presen\u00e7a do presidente Luiz In\u00e1cio Lula da Silva. Uma comitiva de ministros, deputados federais e estaduais devem acompanh\u00e1-lo, al\u00e9m do governador Eduardo Campos. A embarca\u00e7\u00e3o &#8211; um [&hellip;]<\/p>\n","protected":false},"author":1,"featured_media":0,"comment_status":"open","ping_status":"open","sticky":false,"template":"","format":"standard","meta":{"footnotes":""},"categories":[6,41],"tags":[],"class_list":{"0":"post-18027","1":"post","2":"type-post","3":"status-publish","4":"format-standard","6":"category-noticias","7":"category-transportes"},"yoast_head":"<!-- This site is optimized with the Yoast SEO plugin v27.2 - https:\/\/yoast.com\/product\/yoast-seo-wordpress\/ -->\n<title>Primeiro navio a ser fabricado pelo EAS vai ao mar em maio - Instituto de Engenharia<\/title>\n<meta name=\"robots\" content=\"index, follow, max-snippet:-1, max-image-preview:large, max-video-preview:-1\" \/>\n<link rel=\"canonical\" href=\"https:\/\/www.institutodeengenharia.org.br\/site\/2010\/04\/20\/primeiro-navio-a-ser-fabricado-pelo-eas-vai-ao-mar-em-maio\/\" \/>\n<meta property=\"og:locale\" content=\"pt_BR\" \/>\n<meta property=\"og:type\" content=\"article\" \/>\n<meta property=\"og:title\" content=\"Primeiro navio a ser fabricado pelo EAS vai ao mar em maio - Instituto de Engenharia\" \/>\n<meta property=\"og:description\" content=\"O primeiro navio a ser fabricado pelo Estaleiro Atl\u00e2ntico Sul (EAS) ser\u00e1 lan\u00e7ado ao mar no pr\u00f3ximo dia 3 de maio. O evento j\u00e1 tem a confirma\u00e7\u00e3o da presen\u00e7a do presidente Luiz In\u00e1cio Lula da Silva. Uma comitiva de ministros, deputados federais e estaduais devem acompanh\u00e1-lo, al\u00e9m do governador Eduardo Campos. A embarca\u00e7\u00e3o &#8211; um [&hellip;]\" \/>\n<meta property=\"og:url\" content=\"https:\/\/www.institutodeengenharia.org.br\/site\/2010\/04\/20\/primeiro-navio-a-ser-fabricado-pelo-eas-vai-ao-mar-em-maio\/\" \/>\n<meta property=\"og:site_name\" content=\"Instituto de Engenharia\" \/>\n<meta property=\"article:publisher\" content=\"https:\/\/www.facebook.com\/institutodeengenharia\" \/>\n<meta property=\"article:published_time\" content=\"2010-04-20T22:42:35+00:00\" \/>\n<meta name=\"author\" content=\"TMax Tecnologia\" \/>\n<meta name=\"twitter:card\" content=\"summary_large_image\" \/>\n<meta name=\"twitter:creator\" content=\"@iengenharia\" \/>\n<meta name=\"twitter:site\" content=\"@iengenharia\" \/>\n<meta name=\"twitter:label1\" content=\"Escrito por\" \/>\n\t<meta name=\"twitter:data1\" content=\"TMax Tecnologia\" \/>\n\t<meta name=\"twitter:label2\" content=\"Est. tempo de leitura\" \/>\n\t<meta name=\"twitter:data2\" content=\"2 minutos\" \/>\n<script type=\"application\/ld+json\" class=\"yoast-schema-graph\">{\"@context\":\"https:\/\/schema.org\",\"@graph\":[{\"@type\":\"Article\",\"@id\":\"https:\/\/www.institutodeengenharia.org.br\/site\/2010\/04\/20\/primeiro-navio-a-ser-fabricado-pelo-eas-vai-ao-mar-em-maio\/#article\",\"isPartOf\":{\"@id\":\"https:\/\/www.institutodeengenharia.org.br\/site\/2010\/04\/20\/primeiro-navio-a-ser-fabricado-pelo-eas-vai-ao-mar-em-maio\/\"},\"author\":{\"name\":\"TMax Tecnologia\",\"@id\":\"https:\/\/www.institutodeengenharia.org.br\/site\/#\/schema\/person\/3b1ff109facef084739fc2edcb9a127f\"},\"headline\":\"Primeiro navio a ser fabricado pelo EAS vai ao mar em maio\",\"datePublished\":\"2010-04-20T22:42:35+00:00\",\"mainEntityOfPage\":{\"@id\":\"https:\/\/www.institutodeengenharia.org.br\/site\/2010\/04\/20\/primeiro-navio-a-ser-fabricado-pelo-eas-vai-ao-mar-em-maio\/\"},\"wordCount\":341,\"commentCount\":0,\"publisher\":{\"@id\":\"https:\/\/www.institutodeengenharia.org.br\/site\/#organization\"},\"articleSection\":[\"Not\u00edcias\",\"Transportes\"],\"inLanguage\":\"pt-BR\",\"potentialAction\":[{\"@type\":\"CommentAction\",\"name\":\"Comment\",\"target\":[\"https:\/\/www.institutodeengenharia.org.br\/site\/2010\/04\/20\/primeiro-navio-a-ser-fabricado-pelo-eas-vai-ao-mar-em-maio\/#respond\"]}]},{\"@type\":\"WebPage\",\"@id\":\"https:\/\/www.institutodeengenharia.org.br\/site\/2010\/04\/20\/primeiro-navio-a-ser-fabricado-pelo-eas-vai-ao-mar-em-maio\/\",\"url\":\"https:\/\/www.institutodeengenharia.org.br\/site\/2010\/04\/20\/primeiro-navio-a-ser-fabricado-pelo-eas-vai-ao-mar-em-maio\/\",\"name\":\"Primeiro navio a ser fabricado pelo EAS vai ao mar em maio - Instituto de Engenharia\",\"isPartOf\":{\"@id\":\"https:\/\/www.institutodeengenharia.org.br\/site\/#website\"},\"datePublished\":\"2010-04-20T22:42:35+00:00\",\"breadcrumb\":{\"@id\":\"https:\/\/www.institutodeengenharia.org.br\/site\/2010\/04\/20\/primeiro-navio-a-ser-fabricado-pelo-eas-vai-ao-mar-em-maio\/#breadcrumb\"},\"inLanguage\":\"pt-BR\",\"potentialAction\":[{\"@type\":\"ReadAction\",\"target\":[\"https:\/\/www.institutodeengenharia.org.br\/site\/2010\/04\/20\/primeiro-navio-a-ser-fabricado-pelo-eas-vai-ao-mar-em-maio\/\"]}]},{\"@type\":\"BreadcrumbList\",\"@id\":\"https:\/\/www.institutodeengenharia.org.br\/site\/2010\/04\/20\/primeiro-navio-a-ser-fabricado-pelo-eas-vai-ao-mar-em-maio\/#breadcrumb\",\"itemListElement\":[{\"@type\":\"ListItem\",\"position\":1,\"name\":\"In\u00edcio\",\"item\":\"https:\/\/www.institutodeengenharia.org.br\/site\/\"},{\"@type\":\"ListItem\",\"position\":2,\"name\":\"Primeiro navio a ser fabricado pelo EAS vai ao mar em maio\"}]},{\"@type\":\"WebSite\",\"@id\":\"https:\/\/www.institutodeengenharia.org.br\/site\/#website\",\"url\":\"https:\/\/www.institutodeengenharia.org.br\/site\/\",\"name\":\"Instituto de Engenharia\",\"description\":\"O Instituto de Engenharia promove a Engenharia em benef\u00edcio do desenvolvimento e da qualidade de vida da sociedade.\",\"publisher\":{\"@id\":\"https:\/\/www.institutodeengenharia.org.br\/site\/#organization\"},\"potentialAction\":[{\"@type\":\"SearchAction\",\"target\":{\"@type\":\"EntryPoint\",\"urlTemplate\":\"https:\/\/www.institutodeengenharia.org.br\/site\/?s={search_term_string}\"},\"query-input\":{\"@type\":\"PropertyValueSpecification\",\"valueRequired\":true,\"valueName\":\"search_term_string\"}}],\"inLanguage\":\"pt-BR\"},{\"@type\":\"Organization\",\"@id\":\"https:\/\/www.institutodeengenharia.org.br\/site\/#organization\",\"name\":\"Instituto de Engenharia\",\"url\":\"https:\/\/www.institutodeengenharia.org.br\/site\/\",\"logo\":{\"@type\":\"ImageObject\",\"inLanguage\":\"pt-BR\",\"@id\":\"https:\/\/www.institutodeengenharia.org.br\/site\/#\/schema\/logo\/image\/\",\"url\":\"https:\/\/www.institutodeengenharia.org.br\/site\/wp-content\/uploads\/2019\/03\/logo-novo-IE2018-1.jpg\",\"contentUrl\":\"https:\/\/www.institutodeengenharia.org.br\/site\/wp-content\/uploads\/2019\/03\/logo-novo-IE2018-1.jpg\",\"width\":1486,\"height\":1879,\"caption\":\"Instituto de Engenharia\"},\"image\":{\"@id\":\"https:\/\/www.institutodeengenharia.org.br\/site\/#\/schema\/logo\/image\/\"},\"sameAs\":[\"https:\/\/www.facebook.com\/institutodeengenharia\",\"https:\/\/x.com\/iengenharia\",\"https:\/\/www.instagram.com\/institutodeengenharia\/\",\"https:\/\/www.linkedin.com\/company\/instituto-de-engenharia\/\",\"https:\/\/www.youtube.com\/channel\/UCXiCAlsSMe977vamW915HxA\"]},{\"@type\":\"Person\",\"@id\":\"https:\/\/www.institutodeengenharia.org.br\/site\/#\/schema\/person\/3b1ff109facef084739fc2edcb9a127f\",\"name\":\"TMax Tecnologia\",\"image\":{\"@type\":\"ImageObject\",\"inLanguage\":\"pt-BR\",\"@id\":\"https:\/\/secure.gravatar.com\/avatar\/f912434ef7f389c92cb311fcdae346af848465d638912574b3c669070f797701?s=96&d=mm&r=g\",\"url\":\"https:\/\/secure.gravatar.com\/avatar\/f912434ef7f389c92cb311fcdae346af848465d638912574b3c669070f797701?s=96&d=mm&r=g\",\"contentUrl\":\"https:\/\/secure.gravatar.com\/avatar\/f912434ef7f389c92cb311fcdae346af848465d638912574b3c669070f797701?s=96&d=mm&r=g\",\"caption\":\"TMax Tecnologia\"},\"url\":\"https:\/\/www.institutodeengenharia.org.br\/site\/author\/tmax\/\"}]}<\/script>\n<!-- \/ Yoast SEO plugin. -->","yoast_head_json":{"title":"Primeiro navio a ser fabricado pelo EAS vai ao mar em maio - Instituto de Engenharia","robots":{"index":"index","follow":"follow","max-snippet":"max-snippet:-1","max-image-preview":"max-image-preview:large","max-video-preview":"max-video-preview:-1"},"canonical":"https:\/\/www.institutodeengenharia.org.br\/site\/2010\/04\/20\/primeiro-navio-a-ser-fabricado-pelo-eas-vai-ao-mar-em-maio\/","og_locale":"pt_BR","og_type":"article","og_title":"Primeiro navio a ser fabricado pelo EAS vai ao mar em maio - Instituto de Engenharia","og_description":"O primeiro navio a ser fabricado pelo Estaleiro Atl\u00e2ntico Sul (EAS) ser\u00e1 lan\u00e7ado ao mar no pr\u00f3ximo dia 3 de maio. O evento j\u00e1 tem a confirma\u00e7\u00e3o da presen\u00e7a do presidente Luiz In\u00e1cio Lula da Silva. Uma comitiva de ministros, deputados federais e estaduais devem acompanh\u00e1-lo, al\u00e9m do governador Eduardo Campos. A embarca\u00e7\u00e3o &#8211; um [&hellip;]","og_url":"https:\/\/www.institutodeengenharia.org.br\/site\/2010\/04\/20\/primeiro-navio-a-ser-fabricado-pelo-eas-vai-ao-mar-em-maio\/","og_site_name":"Instituto de Engenharia","article_publisher":"https:\/\/www.facebook.com\/institutodeengenharia","article_published_time":"2010-04-20T22:42:35+00:00","author":"TMax Tecnologia","twitter_card":"summary_large_image","twitter_creator":"@iengenharia","twitter_site":"@iengenharia","twitter_misc":{"Escrito por":"TMax Tecnologia","Est. tempo de leitura":"2 minutos"},"schema":{"@context":"https:\/\/schema.org","@graph":[{"@type":"Article","@id":"https:\/\/www.institutodeengenharia.org.br\/site\/2010\/04\/20\/primeiro-navio-a-ser-fabricado-pelo-eas-vai-ao-mar-em-maio\/#article","isPartOf":{"@id":"https:\/\/www.institutodeengenharia.org.br\/site\/2010\/04\/20\/primeiro-navio-a-ser-fabricado-pelo-eas-vai-ao-mar-em-maio\/"},"author":{"name":"TMax Tecnologia","@id":"https:\/\/www.institutodeengenharia.org.br\/site\/#\/schema\/person\/3b1ff109facef084739fc2edcb9a127f"},"headline":"Primeiro navio a ser fabricado pelo EAS vai ao mar em maio","datePublished":"2010-04-20T22:42:35+00:00","mainEntityOfPage":{"@id":"https:\/\/www.institutodeengenharia.org.br\/site\/2010\/04\/20\/primeiro-navio-a-ser-fabricado-pelo-eas-vai-ao-mar-em-maio\/"},"wordCount":341,"commentCount":0,"publisher":{"@id":"https:\/\/www.institutodeengenharia.org.br\/site\/#organization"},"articleSection":["Not\u00edcias","Transportes"],"inLanguage":"pt-BR","potentialAction":[{"@type":"CommentAction","name":"Comment","target":["https:\/\/www.institutodeengenharia.org.br\/site\/2010\/04\/20\/primeiro-navio-a-ser-fabricado-pelo-eas-vai-ao-mar-em-maio\/#respond"]}]},{"@type":"WebPage","@id":"https:\/\/www.institutodeengenharia.org.br\/site\/2010\/04\/20\/primeiro-navio-a-ser-fabricado-pelo-eas-vai-ao-mar-em-maio\/","url":"https:\/\/www.institutodeengenharia.org.br\/site\/2010\/04\/20\/primeiro-navio-a-ser-fabricado-pelo-eas-vai-ao-mar-em-maio\/","name":"Primeiro navio a ser fabricado pelo EAS vai ao mar em maio - Instituto de Engenharia","isPartOf":{"@id":"https:\/\/www.institutodeengenharia.org.br\/site\/#website"},"datePublished":"2010-04-20T22:42:35+00:00","breadcrumb":{"@id":"https:\/\/www.institutodeengenharia.org.br\/site\/2010\/04\/20\/primeiro-navio-a-ser-fabricado-pelo-eas-vai-ao-mar-em-maio\/#breadcrumb"},"inLanguage":"pt-BR","potentialAction":[{"@type":"ReadAction","target":["https:\/\/www.institutodeengenharia.org.br\/site\/2010\/04\/20\/primeiro-navio-a-ser-fabricado-pelo-eas-vai-ao-mar-em-maio\/"]}]},{"@type":"BreadcrumbList","@id":"https:\/\/www.institutodeengenharia.org.br\/site\/2010\/04\/20\/primeiro-navio-a-ser-fabricado-pelo-eas-vai-ao-mar-em-maio\/#breadcrumb","itemListElement":[{"@type":"ListItem","position":1,"name":"In\u00edcio","item":"https:\/\/www.institutodeengenharia.org.br\/site\/"},{"@type":"ListItem","position":2,"name":"Primeiro navio a ser fabricado pelo EAS vai ao mar em maio"}]},{"@type":"WebSite","@id":"https:\/\/www.institutodeengenharia.org.br\/site\/#website","url":"https:\/\/www.institutodeengenharia.org.br\/site\/","name":"Instituto de Engenharia","description":"O Instituto de Engenharia promove a Engenharia em benef\u00edcio do desenvolvimento e da qualidade de vida da sociedade.","publisher":{"@id":"https:\/\/www.institutodeengenharia.org.br\/site\/#organization"},"potentialAction":[{"@type":"SearchAction","target":{"@type":"EntryPoint","urlTemplate":"https:\/\/www.institutodeengenharia.org.br\/site\/?s={search_term_string}"},"query-input":{"@type":"PropertyValueSpecification","valueRequired":true,"valueName":"search_term_string"}}],"inLanguage":"pt-BR"},{"@type":"Organization","@id":"https:\/\/www.institutodeengenharia.org.br\/site\/#organization","name":"Instituto de Engenharia","url":"https:\/\/www.institutodeengenharia.org.br\/site\/","logo":{"@type":"ImageObject","inLanguage":"pt-BR","@id":"https:\/\/www.institutodeengenharia.org.br\/site\/#\/schema\/logo\/image\/","url":"https:\/\/www.institutodeengenharia.org.br\/site\/wp-content\/uploads\/2019\/03\/logo-novo-IE2018-1.jpg","contentUrl":"https:\/\/www.institutodeengenharia.org.br\/site\/wp-content\/uploads\/2019\/03\/logo-novo-IE2018-1.jpg","width":1486,"height":1879,"caption":"Instituto de Engenharia"},"image":{"@id":"https:\/\/www.institutodeengenharia.org.br\/site\/#\/schema\/logo\/image\/"},"sameAs":["https:\/\/www.facebook.com\/institutodeengenharia","https:\/\/x.com\/iengenharia","https:\/\/www.instagram.com\/institutodeengenharia\/","https:\/\/www.linkedin.com\/company\/instituto-de-engenharia\/","https:\/\/www.youtube.com\/channel\/UCXiCAlsSMe977vamW915HxA"]},{"@type":"Person","@id":"https:\/\/www.institutodeengenharia.org.br\/site\/#\/schema\/person\/3b1ff109facef084739fc2edcb9a127f","name":"TMax Tecnologia","image":{"@type":"ImageObject","inLanguage":"pt-BR","@id":"https:\/\/secure.gravatar.com\/avatar\/f912434ef7f389c92cb311fcdae346af848465d638912574b3c669070f797701?s=96&d=mm&r=g","url":"https:\/\/secure.gravatar.com\/avatar\/f912434ef7f389c92cb311fcdae346af848465d638912574b3c669070f797701?s=96&d=mm&r=g","contentUrl":"https:\/\/secure.gravatar.com\/avatar\/f912434ef7f389c92cb311fcdae346af848465d638912574b3c669070f797701?s=96&d=mm&r=g","caption":"TMax Tecnologia"},"url":"https:\/\/www.institutodeengenharia.org.br\/site\/author\/tmax\/"}]}},"_links":{"self":[{"href":"https:\/\/www.institutodeengenharia.org.br\/site\/wp-json\/wp\/v2\/posts\/18027","targetHints":{"allow":["GET"]}}],"collection":[{"href":"https:\/\/www.institutodeengenharia.org.br\/site\/wp-json\/wp\/v2\/posts"}],"about":[{"href":"https:\/\/www.institutodeengenharia.org.br\/site\/wp-json\/wp\/v2\/types\/post"}],"author":[{"embeddable":true,"href":"https:\/\/www.institutodeengenharia.org.br\/site\/wp-json\/wp\/v2\/users\/1"}],"replies":[{"embeddable":true,"href":"https:\/\/www.institutodeengenharia.org.br\/site\/wp-json\/wp\/v2\/comments?post=18027"}],"version-history":[{"count":0,"href":"https:\/\/www.institutodeengenharia.org.br\/site\/wp-json\/wp\/v2\/posts\/18027\/revisions"}],"wp:attachment":[{"href":"https:\/\/www.institutodeengenharia.org.br\/site\/wp-json\/wp\/v2\/media?parent=18027"}],"wp:term":[{"taxonomy":"category","embeddable":true,"href":"https:\/\/www.institutodeengenharia.org.br\/site\/wp-json\/wp\/v2\/categories?post=18027"},{"taxonomy":"post_tag","embeddable":true,"href":"https:\/\/www.institutodeengenharia.org.br\/site\/wp-json\/wp\/v2\/tags?post=18027"}],"curies":[{"name":"wp","href":"https:\/\/api.w.org\/{rel}","templated":true}]}}