{"id":18026,"date":"2010-04-20T22:42:34","date_gmt":"2010-04-20T22:42:34","guid":{"rendered":"https:\/\/www.institutodeengenharia.org.br\/?p=18026"},"modified":"2010-04-20T14:46:33","modified_gmt":"2010-04-20T14:46:33","slug":"ultimos-dias-de-inscricoes-para-51-vagas-para-engenheiros-na-vale","status":"publish","type":"post","link":"https:\/\/www.institutodeengenharia.org.br\/site\/2010\/04\/20\/ultimos-dias-de-inscricoes-para-51-vagas-para-engenheiros-na-vale\/","title":{"rendered":"\u00daltimos dias de inscri\u00e7\u00f5es para 51 vagas para engenheiros na Vale"},"content":{"rendered":"<p>Engenheiros formados nos \u00faltimos tr\u00eas anos t\u00eam at\u00e9 dia 23 deste m\u00eas para se inscreverem no Programa de Recrutamento para Projetos da Vale, que est\u00e1 com 51 vagas abertas. O programa, que ser\u00e1 oferecido pela primeira vez, tem como objetivo contratar e especializar profissionais para atuarem na implanta\u00e7\u00e3o de novos projetos da empresa no Brasil e no exterior. Os selecionados ganhar\u00e3o um curso de especializa\u00e7\u00e3o em Projetos, que ser\u00e1 oferecido pela empresa. <\/p>\n<p>&#8220;O Programa de Recrutamento para Projetos \u00e9 uma grande oportunidade para engenheiros ingressarem na empresa. S\u00f3 em 2010, a Vale vai investir cerca de US$ 13 bilh\u00f5es em diversos projetos no Brasil e no exterior e ir\u00e1 precisar de especialistas&#8221;, destaca Hanna Meirelles, Gerente de Atra\u00e7\u00e3o e Sele\u00e7\u00e3o de Pessoas. <\/p>\n<p>Os profissionais contratados passar\u00e3o por uma ambienta\u00e7\u00e3o aos neg\u00f3cios da empresa e realizar\u00e3o uma p\u00f3s-gradua\u00e7\u00e3o em Projetos, sendo divididos em duas turmas, uma em Belo Horizonte (MG) e uma em Bel\u00e9m (PA). O curso ter\u00e1 cerca de 440 horas\/aula, com dura\u00e7\u00e3o de aproximadamente tr\u00eas meses, e ser\u00e1 realizado em regime integral, em parceria com institui\u00e7\u00f5es de ensino brasileiras. <\/p>\n<p>Podem se candidatar profissionais de todo o Brasil, que tenham at\u00e9 tr\u00eas anos de forma\u00e7\u00e3o nos cursos de Engenharia de Minas, Civil, Mec\u00e2nica, El\u00e9trica, Automa\u00e7\u00e3o e de Produ\u00e7\u00e3o. Tamb\u00e9m \u00e9 pr\u00e9-requisito ter experi\u00eancia pr\u00e9via no ramo de engenharia, disponibilidade para mudan\u00e7as e flu\u00eancia em ingl\u00eas. <\/p>\n<p>Al\u00e9m da remunera\u00e7\u00e3o, os profissionais receber\u00e3o benef\u00edcios como vale refei\u00e7\u00e3o, vale alimenta\u00e7\u00e3o, plano de sa\u00fade e participa\u00e7\u00e3o nos resultados da empresa. Ao t\u00e9rmino da p\u00f3s-gradua\u00e7\u00e3o, os empregados ser\u00e3o alocados em projetos da Vale no Brasil e no exterior. As inscri\u00e7\u00f5es v\u00e3o at\u00e9 o dia 23 de abril e podem ser feitas pelo site www.vale.com\/oportunidades. <\/p>\n<p><strong>Fases do Processo Seletivo<\/strong> <\/p>\n<p>Ap\u00f3s a an\u00e1lise curricular, ser\u00e3o aplicadas provas de ingl\u00eas e racioc\u00ednio l\u00f3gico. Na etapa seguinte haver\u00e1 din\u00e2mica de grupo e entrevista pessoal. <\/p>\n<p><strong>P\u00f3s-gradua\u00e7\u00e3o<\/strong> <\/p>\n<p>A curso compreende abordagens te\u00f3ricas e pr\u00e1ticas relacionadas a gerenciamento de projetos. Ao t\u00e9rmino do programa, o participante apresentar\u00e1 uma monografia e receber\u00e1 certificado de conclus\u00e3o do curso. <\/p>\n<p><b>Autor: DeFato online<\/b><\/p>\n","protected":false},"excerpt":{"rendered":"<p>Engenheiros formados nos \u00faltimos tr\u00eas anos t\u00eam at\u00e9 dia 23 deste m\u00eas para se inscreverem no Programa de Recrutamento para Projetos da Vale, que est\u00e1 com 51 vagas abertas. O programa, que ser\u00e1 oferecido pela primeira vez, tem como objetivo contratar e especializar profissionais para atuarem na implanta\u00e7\u00e3o de novos projetos da empresa no Brasil [&hellip;]<\/p>\n","protected":false},"author":1,"featured_media":0,"comment_status":"open","ping_status":"open","sticky":false,"template":"","format":"standard","meta":{"footnotes":""},"categories":[6,35],"tags":[],"class_list":{"0":"post-18026","1":"post","2":"type-post","3":"status-publish","4":"format-standard","6":"category-noticias","7":"category-pesquisa-e-desenvolvimento"},"yoast_head":"<!-- This site is optimized with the Yoast SEO plugin v27.2 - https:\/\/yoast.com\/product\/yoast-seo-wordpress\/ -->\n<title>\u00daltimos dias de inscri\u00e7\u00f5es para 51 vagas para engenheiros na Vale - Instituto de Engenharia<\/title>\n<meta name=\"robots\" content=\"index, follow, max-snippet:-1, max-image-preview:large, max-video-preview:-1\" \/>\n<link rel=\"canonical\" href=\"https:\/\/www.institutodeengenharia.org.br\/site\/2010\/04\/20\/ultimos-dias-de-inscricoes-para-51-vagas-para-engenheiros-na-vale\/\" \/>\n<meta property=\"og:locale\" content=\"pt_BR\" \/>\n<meta property=\"og:type\" content=\"article\" \/>\n<meta property=\"og:title\" content=\"\u00daltimos dias de inscri\u00e7\u00f5es para 51 vagas para engenheiros na Vale - Instituto de Engenharia\" \/>\n<meta property=\"og:description\" content=\"Engenheiros formados nos \u00faltimos tr\u00eas anos t\u00eam at\u00e9 dia 23 deste m\u00eas para se inscreverem no Programa de Recrutamento para Projetos da Vale, que est\u00e1 com 51 vagas abertas. O programa, que ser\u00e1 oferecido pela primeira vez, tem como objetivo contratar e especializar profissionais para atuarem na implanta\u00e7\u00e3o de novos projetos da empresa no Brasil [&hellip;]\" \/>\n<meta property=\"og:url\" content=\"https:\/\/www.institutodeengenharia.org.br\/site\/2010\/04\/20\/ultimos-dias-de-inscricoes-para-51-vagas-para-engenheiros-na-vale\/\" \/>\n<meta property=\"og:site_name\" content=\"Instituto de Engenharia\" \/>\n<meta property=\"article:publisher\" content=\"https:\/\/www.facebook.com\/institutodeengenharia\" \/>\n<meta property=\"article:published_time\" content=\"2010-04-20T22:42:34+00:00\" \/>\n<meta name=\"author\" content=\"TMax Tecnologia\" \/>\n<meta name=\"twitter:card\" content=\"summary_large_image\" \/>\n<meta name=\"twitter:creator\" content=\"@iengenharia\" \/>\n<meta name=\"twitter:site\" content=\"@iengenharia\" \/>\n<meta name=\"twitter:label1\" content=\"Escrito por\" \/>\n\t<meta name=\"twitter:data1\" content=\"TMax Tecnologia\" \/>\n\t<meta name=\"twitter:label2\" content=\"Est. tempo de leitura\" \/>\n\t<meta name=\"twitter:data2\" content=\"2 minutos\" \/>\n<script type=\"application\/ld+json\" class=\"yoast-schema-graph\">{\"@context\":\"https:\/\/schema.org\",\"@graph\":[{\"@type\":\"Article\",\"@id\":\"https:\/\/www.institutodeengenharia.org.br\/site\/2010\/04\/20\/ultimos-dias-de-inscricoes-para-51-vagas-para-engenheiros-na-vale\/#article\",\"isPartOf\":{\"@id\":\"https:\/\/www.institutodeengenharia.org.br\/site\/2010\/04\/20\/ultimos-dias-de-inscricoes-para-51-vagas-para-engenheiros-na-vale\/\"},\"author\":{\"name\":\"TMax Tecnologia\",\"@id\":\"https:\/\/www.institutodeengenharia.org.br\/site\/#\/schema\/person\/3b1ff109facef084739fc2edcb9a127f\"},\"headline\":\"\u00daltimos dias de inscri\u00e7\u00f5es para 51 vagas para engenheiros na Vale\",\"datePublished\":\"2010-04-20T22:42:34+00:00\",\"mainEntityOfPage\":{\"@id\":\"https:\/\/www.institutodeengenharia.org.br\/site\/2010\/04\/20\/ultimos-dias-de-inscricoes-para-51-vagas-para-engenheiros-na-vale\/\"},\"wordCount\":403,\"commentCount\":0,\"publisher\":{\"@id\":\"https:\/\/www.institutodeengenharia.org.br\/site\/#organization\"},\"articleSection\":[\"Not\u00edcias\",\"Pesquisa e Desenvolvimento\"],\"inLanguage\":\"pt-BR\",\"potentialAction\":[{\"@type\":\"CommentAction\",\"name\":\"Comment\",\"target\":[\"https:\/\/www.institutodeengenharia.org.br\/site\/2010\/04\/20\/ultimos-dias-de-inscricoes-para-51-vagas-para-engenheiros-na-vale\/#respond\"]}]},{\"@type\":\"WebPage\",\"@id\":\"https:\/\/www.institutodeengenharia.org.br\/site\/2010\/04\/20\/ultimos-dias-de-inscricoes-para-51-vagas-para-engenheiros-na-vale\/\",\"url\":\"https:\/\/www.institutodeengenharia.org.br\/site\/2010\/04\/20\/ultimos-dias-de-inscricoes-para-51-vagas-para-engenheiros-na-vale\/\",\"name\":\"\u00daltimos dias de inscri\u00e7\u00f5es para 51 vagas para engenheiros na Vale - Instituto de Engenharia\",\"isPartOf\":{\"@id\":\"https:\/\/www.institutodeengenharia.org.br\/site\/#website\"},\"datePublished\":\"2010-04-20T22:42:34+00:00\",\"breadcrumb\":{\"@id\":\"https:\/\/www.institutodeengenharia.org.br\/site\/2010\/04\/20\/ultimos-dias-de-inscricoes-para-51-vagas-para-engenheiros-na-vale\/#breadcrumb\"},\"inLanguage\":\"pt-BR\",\"potentialAction\":[{\"@type\":\"ReadAction\",\"target\":[\"https:\/\/www.institutodeengenharia.org.br\/site\/2010\/04\/20\/ultimos-dias-de-inscricoes-para-51-vagas-para-engenheiros-na-vale\/\"]}]},{\"@type\":\"BreadcrumbList\",\"@id\":\"https:\/\/www.institutodeengenharia.org.br\/site\/2010\/04\/20\/ultimos-dias-de-inscricoes-para-51-vagas-para-engenheiros-na-vale\/#breadcrumb\",\"itemListElement\":[{\"@type\":\"ListItem\",\"position\":1,\"name\":\"In\u00edcio\",\"item\":\"https:\/\/www.institutodeengenharia.org.br\/site\/\"},{\"@type\":\"ListItem\",\"position\":2,\"name\":\"\u00daltimos dias de inscri\u00e7\u00f5es para 51 vagas para engenheiros na Vale\"}]},{\"@type\":\"WebSite\",\"@id\":\"https:\/\/www.institutodeengenharia.org.br\/site\/#website\",\"url\":\"https:\/\/www.institutodeengenharia.org.br\/site\/\",\"name\":\"Instituto de Engenharia\",\"description\":\"O Instituto de Engenharia promove a Engenharia em benef\u00edcio do desenvolvimento e da qualidade de vida da sociedade.\",\"publisher\":{\"@id\":\"https:\/\/www.institutodeengenharia.org.br\/site\/#organization\"},\"potentialAction\":[{\"@type\":\"SearchAction\",\"target\":{\"@type\":\"EntryPoint\",\"urlTemplate\":\"https:\/\/www.institutodeengenharia.org.br\/site\/?s={search_term_string}\"},\"query-input\":{\"@type\":\"PropertyValueSpecification\",\"valueRequired\":true,\"valueName\":\"search_term_string\"}}],\"inLanguage\":\"pt-BR\"},{\"@type\":\"Organization\",\"@id\":\"https:\/\/www.institutodeengenharia.org.br\/site\/#organization\",\"name\":\"Instituto de Engenharia\",\"url\":\"https:\/\/www.institutodeengenharia.org.br\/site\/\",\"logo\":{\"@type\":\"ImageObject\",\"inLanguage\":\"pt-BR\",\"@id\":\"https:\/\/www.institutodeengenharia.org.br\/site\/#\/schema\/logo\/image\/\",\"url\":\"https:\/\/www.institutodeengenharia.org.br\/site\/wp-content\/uploads\/2019\/03\/logo-novo-IE2018-1.jpg\",\"contentUrl\":\"https:\/\/www.institutodeengenharia.org.br\/site\/wp-content\/uploads\/2019\/03\/logo-novo-IE2018-1.jpg\",\"width\":1486,\"height\":1879,\"caption\":\"Instituto de Engenharia\"},\"image\":{\"@id\":\"https:\/\/www.institutodeengenharia.org.br\/site\/#\/schema\/logo\/image\/\"},\"sameAs\":[\"https:\/\/www.facebook.com\/institutodeengenharia\",\"https:\/\/x.com\/iengenharia\",\"https:\/\/www.instagram.com\/institutodeengenharia\/\",\"https:\/\/www.linkedin.com\/company\/instituto-de-engenharia\/\",\"https:\/\/www.youtube.com\/channel\/UCXiCAlsSMe977vamW915HxA\"]},{\"@type\":\"Person\",\"@id\":\"https:\/\/www.institutodeengenharia.org.br\/site\/#\/schema\/person\/3b1ff109facef084739fc2edcb9a127f\",\"name\":\"TMax Tecnologia\",\"image\":{\"@type\":\"ImageObject\",\"inLanguage\":\"pt-BR\",\"@id\":\"https:\/\/secure.gravatar.com\/avatar\/f912434ef7f389c92cb311fcdae346af848465d638912574b3c669070f797701?s=96&d=mm&r=g\",\"url\":\"https:\/\/secure.gravatar.com\/avatar\/f912434ef7f389c92cb311fcdae346af848465d638912574b3c669070f797701?s=96&d=mm&r=g\",\"contentUrl\":\"https:\/\/secure.gravatar.com\/avatar\/f912434ef7f389c92cb311fcdae346af848465d638912574b3c669070f797701?s=96&d=mm&r=g\",\"caption\":\"TMax Tecnologia\"},\"url\":\"https:\/\/www.institutodeengenharia.org.br\/site\/author\/tmax\/\"}]}<\/script>\n<!-- \/ Yoast SEO plugin. -->","yoast_head_json":{"title":"\u00daltimos dias de inscri\u00e7\u00f5es para 51 vagas para engenheiros na Vale - Instituto de Engenharia","robots":{"index":"index","follow":"follow","max-snippet":"max-snippet:-1","max-image-preview":"max-image-preview:large","max-video-preview":"max-video-preview:-1"},"canonical":"https:\/\/www.institutodeengenharia.org.br\/site\/2010\/04\/20\/ultimos-dias-de-inscricoes-para-51-vagas-para-engenheiros-na-vale\/","og_locale":"pt_BR","og_type":"article","og_title":"\u00daltimos dias de inscri\u00e7\u00f5es para 51 vagas para engenheiros na Vale - Instituto de Engenharia","og_description":"Engenheiros formados nos \u00faltimos tr\u00eas anos t\u00eam at\u00e9 dia 23 deste m\u00eas para se inscreverem no Programa de Recrutamento para Projetos da Vale, que est\u00e1 com 51 vagas abertas. O programa, que ser\u00e1 oferecido pela primeira vez, tem como objetivo contratar e especializar profissionais para atuarem na implanta\u00e7\u00e3o de novos projetos da empresa no Brasil [&hellip;]","og_url":"https:\/\/www.institutodeengenharia.org.br\/site\/2010\/04\/20\/ultimos-dias-de-inscricoes-para-51-vagas-para-engenheiros-na-vale\/","og_site_name":"Instituto de Engenharia","article_publisher":"https:\/\/www.facebook.com\/institutodeengenharia","article_published_time":"2010-04-20T22:42:34+00:00","author":"TMax Tecnologia","twitter_card":"summary_large_image","twitter_creator":"@iengenharia","twitter_site":"@iengenharia","twitter_misc":{"Escrito por":"TMax Tecnologia","Est. tempo de leitura":"2 minutos"},"schema":{"@context":"https:\/\/schema.org","@graph":[{"@type":"Article","@id":"https:\/\/www.institutodeengenharia.org.br\/site\/2010\/04\/20\/ultimos-dias-de-inscricoes-para-51-vagas-para-engenheiros-na-vale\/#article","isPartOf":{"@id":"https:\/\/www.institutodeengenharia.org.br\/site\/2010\/04\/20\/ultimos-dias-de-inscricoes-para-51-vagas-para-engenheiros-na-vale\/"},"author":{"name":"TMax Tecnologia","@id":"https:\/\/www.institutodeengenharia.org.br\/site\/#\/schema\/person\/3b1ff109facef084739fc2edcb9a127f"},"headline":"\u00daltimos dias de inscri\u00e7\u00f5es para 51 vagas para engenheiros na Vale","datePublished":"2010-04-20T22:42:34+00:00","mainEntityOfPage":{"@id":"https:\/\/www.institutodeengenharia.org.br\/site\/2010\/04\/20\/ultimos-dias-de-inscricoes-para-51-vagas-para-engenheiros-na-vale\/"},"wordCount":403,"commentCount":0,"publisher":{"@id":"https:\/\/www.institutodeengenharia.org.br\/site\/#organization"},"articleSection":["Not\u00edcias","Pesquisa e Desenvolvimento"],"inLanguage":"pt-BR","potentialAction":[{"@type":"CommentAction","name":"Comment","target":["https:\/\/www.institutodeengenharia.org.br\/site\/2010\/04\/20\/ultimos-dias-de-inscricoes-para-51-vagas-para-engenheiros-na-vale\/#respond"]}]},{"@type":"WebPage","@id":"https:\/\/www.institutodeengenharia.org.br\/site\/2010\/04\/20\/ultimos-dias-de-inscricoes-para-51-vagas-para-engenheiros-na-vale\/","url":"https:\/\/www.institutodeengenharia.org.br\/site\/2010\/04\/20\/ultimos-dias-de-inscricoes-para-51-vagas-para-engenheiros-na-vale\/","name":"\u00daltimos dias de inscri\u00e7\u00f5es para 51 vagas para engenheiros na Vale - Instituto de Engenharia","isPartOf":{"@id":"https:\/\/www.institutodeengenharia.org.br\/site\/#website"},"datePublished":"2010-04-20T22:42:34+00:00","breadcrumb":{"@id":"https:\/\/www.institutodeengenharia.org.br\/site\/2010\/04\/20\/ultimos-dias-de-inscricoes-para-51-vagas-para-engenheiros-na-vale\/#breadcrumb"},"inLanguage":"pt-BR","potentialAction":[{"@type":"ReadAction","target":["https:\/\/www.institutodeengenharia.org.br\/site\/2010\/04\/20\/ultimos-dias-de-inscricoes-para-51-vagas-para-engenheiros-na-vale\/"]}]},{"@type":"BreadcrumbList","@id":"https:\/\/www.institutodeengenharia.org.br\/site\/2010\/04\/20\/ultimos-dias-de-inscricoes-para-51-vagas-para-engenheiros-na-vale\/#breadcrumb","itemListElement":[{"@type":"ListItem","position":1,"name":"In\u00edcio","item":"https:\/\/www.institutodeengenharia.org.br\/site\/"},{"@type":"ListItem","position":2,"name":"\u00daltimos dias de inscri\u00e7\u00f5es para 51 vagas para engenheiros na Vale"}]},{"@type":"WebSite","@id":"https:\/\/www.institutodeengenharia.org.br\/site\/#website","url":"https:\/\/www.institutodeengenharia.org.br\/site\/","name":"Instituto de Engenharia","description":"O Instituto de Engenharia promove a Engenharia em benef\u00edcio do desenvolvimento e da qualidade de vida da sociedade.","publisher":{"@id":"https:\/\/www.institutodeengenharia.org.br\/site\/#organization"},"potentialAction":[{"@type":"SearchAction","target":{"@type":"EntryPoint","urlTemplate":"https:\/\/www.institutodeengenharia.org.br\/site\/?s={search_term_string}"},"query-input":{"@type":"PropertyValueSpecification","valueRequired":true,"valueName":"search_term_string"}}],"inLanguage":"pt-BR"},{"@type":"Organization","@id":"https:\/\/www.institutodeengenharia.org.br\/site\/#organization","name":"Instituto de Engenharia","url":"https:\/\/www.institutodeengenharia.org.br\/site\/","logo":{"@type":"ImageObject","inLanguage":"pt-BR","@id":"https:\/\/www.institutodeengenharia.org.br\/site\/#\/schema\/logo\/image\/","url":"https:\/\/www.institutodeengenharia.org.br\/site\/wp-content\/uploads\/2019\/03\/logo-novo-IE2018-1.jpg","contentUrl":"https:\/\/www.institutodeengenharia.org.br\/site\/wp-content\/uploads\/2019\/03\/logo-novo-IE2018-1.jpg","width":1486,"height":1879,"caption":"Instituto de Engenharia"},"image":{"@id":"https:\/\/www.institutodeengenharia.org.br\/site\/#\/schema\/logo\/image\/"},"sameAs":["https:\/\/www.facebook.com\/institutodeengenharia","https:\/\/x.com\/iengenharia","https:\/\/www.instagram.com\/institutodeengenharia\/","https:\/\/www.linkedin.com\/company\/instituto-de-engenharia\/","https:\/\/www.youtube.com\/channel\/UCXiCAlsSMe977vamW915HxA"]},{"@type":"Person","@id":"https:\/\/www.institutodeengenharia.org.br\/site\/#\/schema\/person\/3b1ff109facef084739fc2edcb9a127f","name":"TMax Tecnologia","image":{"@type":"ImageObject","inLanguage":"pt-BR","@id":"https:\/\/secure.gravatar.com\/avatar\/f912434ef7f389c92cb311fcdae346af848465d638912574b3c669070f797701?s=96&d=mm&r=g","url":"https:\/\/secure.gravatar.com\/avatar\/f912434ef7f389c92cb311fcdae346af848465d638912574b3c669070f797701?s=96&d=mm&r=g","contentUrl":"https:\/\/secure.gravatar.com\/avatar\/f912434ef7f389c92cb311fcdae346af848465d638912574b3c669070f797701?s=96&d=mm&r=g","caption":"TMax Tecnologia"},"url":"https:\/\/www.institutodeengenharia.org.br\/site\/author\/tmax\/"}]}},"_links":{"self":[{"href":"https:\/\/www.institutodeengenharia.org.br\/site\/wp-json\/wp\/v2\/posts\/18026","targetHints":{"allow":["GET"]}}],"collection":[{"href":"https:\/\/www.institutodeengenharia.org.br\/site\/wp-json\/wp\/v2\/posts"}],"about":[{"href":"https:\/\/www.institutodeengenharia.org.br\/site\/wp-json\/wp\/v2\/types\/post"}],"author":[{"embeddable":true,"href":"https:\/\/www.institutodeengenharia.org.br\/site\/wp-json\/wp\/v2\/users\/1"}],"replies":[{"embeddable":true,"href":"https:\/\/www.institutodeengenharia.org.br\/site\/wp-json\/wp\/v2\/comments?post=18026"}],"version-history":[{"count":0,"href":"https:\/\/www.institutodeengenharia.org.br\/site\/wp-json\/wp\/v2\/posts\/18026\/revisions"}],"wp:attachment":[{"href":"https:\/\/www.institutodeengenharia.org.br\/site\/wp-json\/wp\/v2\/media?parent=18026"}],"wp:term":[{"taxonomy":"category","embeddable":true,"href":"https:\/\/www.institutodeengenharia.org.br\/site\/wp-json\/wp\/v2\/categories?post=18026"},{"taxonomy":"post_tag","embeddable":true,"href":"https:\/\/www.institutodeengenharia.org.br\/site\/wp-json\/wp\/v2\/tags?post=18026"}],"curies":[{"name":"wp","href":"https:\/\/api.w.org\/{rel}","templated":true}]}}