{"id":18016,"date":"2010-04-20T22:42:26","date_gmt":"2010-04-20T22:42:26","guid":{"rendered":"https:\/\/www.institutodeengenharia.org.br\/?p=18016"},"modified":"2010-04-20T08:49:41","modified_gmt":"2010-04-20T08:49:41","slug":"justica-decide-nesta-terca-se-mantem-leilao-de-belo-monte","status":"publish","type":"post","link":"https:\/\/www.institutodeengenharia.org.br\/site\/2010\/04\/20\/justica-decide-nesta-terca-se-mantem-leilao-de-belo-monte\/","title":{"rendered":"Justi\u00e7a decide nesta ter\u00e7a se mant\u00e9m leil\u00e3o de Belo Monte"},"content":{"rendered":"<p>O Tribunal Regional Federal da 1\u00aa Regi\u00e3o (TRF-1), em Bras\u00edlia, deve decidir nesta ter\u00e7a-feira (20) o futuro do leil\u00e3o da hidrel\u00e9trica de Belo Monte, no rio Xingu, no Par\u00e1. A disputa, que decidir\u00e1 o cons\u00f3rcio respons\u00e1vel pela constru\u00e7\u00e3o da usina, estava marcada para esta ter\u00e7a, mas foi suspensa por decis\u00e3o da Justi\u00e7a Federal do Par\u00e1. <\/p>\n<p>Desde a semana passada, o leil\u00e3o \u00e9 alvo de um imbr\u00f3glio jur\u00eddico. O Minist\u00e9rio P\u00fablico Federal do Par\u00e1 entrou com duas a\u00e7\u00f5es civis p\u00fablicas na tentativa de barrar a disputa. No primeiro processo, o leil\u00e3o chegou a ser suspenso, mas acabou confirmado na sexta-feira (16). Na segunda-feira (19), voltou a ser suspenso. <\/p>\n<p>No processo que o TRF deve analisar nesta ter\u00e7a, a Justi\u00e7a Federal suspendeu o leil\u00e3o alegando suspei\u00e7\u00e3o sobre a licen\u00e7a ambiental concedida pelo Instituto Brasileiro do Meio Ambiente (Ibama). A Advocacia Geral da Uni\u00e3o recorreu. A Ag\u00eancia Nacional de Energia El\u00e9trica (Aneel), respons\u00e1vel pelo leil\u00e3o, aguarda decis\u00e3o da Justi\u00e7a para definir se a disputa acontece ainda nesta ter\u00e7a ou se ser\u00e1 remarcada. <\/p>\n<p>A obra, uma das vitrines do governo federal, \u00e9 alvo de contesta\u00e7\u00f5es por parte de moradores locais, especialistas e entidades nacionais e internacionais. S\u00e3o alvos de cr\u00edtica a viabilidade econ\u00f4mica da obra, o impacto para comunidades ind\u00edgenas e a possibilidade de seca em parte do rio. <\/p>\n<p>O governo, no entanto, diz que os \u00edndios n\u00e3o ser\u00e3o afetados e afirma que a obra \u00e9 fundamental para garantir o abastecimento de energia el\u00e9trica nos pr\u00f3ximos anos. <\/p>\n<p>Belo Monte ser\u00e1 a segunda maior usina do Brasil, atr\u00e1s apenas da binacional Itaipu, e custar\u00e1 pelo menos R$ 19 bilh\u00f5es, segundo o governo federal &#8211; h\u00e1 especula\u00e7\u00f5es de que a obra custe at\u00e9 R$ 30 bilh\u00f5es. Trata-se da segunda maior obra do Programa de Acelera\u00e7\u00e3o do Crescimento (PAC), uma das principais bandeiras do governo Lula. <\/p>\n<p>O l\u00edder ind\u00edgena Luiz Xipaia, de Altamira, cidade que ser\u00e1 sede administrativa da obra, afirmou que os ind\u00edgenas planejam acampar no local onde ser\u00e1 constru\u00edda a barragem caso o governo d\u00ea prosseguimento ao projeto de Belo Monte. &#8220;Est\u00e1 claro o desrespeito dos governantes com os povos ind\u00edgenas. Um grupo de 150 \u00edndios vai acampar em definitivo e outros povos podem se juntar. [&#8230;] Esperamos atrair os olhares para nossa regi\u00e3o com mais firmeza. Nosso projeto \u00e9 barrar o projeto de uma vez por todas.&#8221; <\/p>\n<p>Antonia Mello, uma das dirigentes do movimento Xingu Vivo para Sempre, disse que os moradores da regi\u00e3o est\u00e3o &#8220;muito apreensivos&#8221; com a situa\u00e7\u00e3o. &#8220;O leil\u00e3o \u00e9 um passo importante para a obra. Nos estamos h\u00e1 30 anos nesta luta, tenho 47 anos e gastei minha juventude nesta luta&#8221;, afirma. <\/p>\n<p>O procurador do Minist\u00e9rio P\u00fablico Federal do Par\u00e1 Ubiratan Cazetta diz que a obra n\u00e3o pode come\u00e7ar com tantas explica\u00e7\u00f5es a serem dadas. &#8220;\u00c9 um risco grande iniciar um investimento dessa ordem com esse n\u00edvel se inseguran\u00e7a. At\u00e9 do ponto de vista dos fundos de pens\u00e3o, de arriscarem suas reservas, de seus associados, em uma obra com tantas a\u00e7\u00f5es pendentes. Isso porque, al\u00e9m das liminares, ainda \u00e9 preciso avaliar o m\u00e9rito das a\u00e7\u00f5es&#8221;, diz Cazetta. <\/p>\n<p><strong>O leil\u00e3o<\/strong> <\/p>\n<p>Dois cons\u00f3rcios se inscreveram para o leil\u00e3o. Um deles, chamado Norte Energia, tem participa\u00e7\u00e3o da Companhia Hidro El\u00e9trica do S\u00e3o Francisco (Chesf), subsidi\u00e1ria da Eletrobras, da Construtora Queiroz Galv\u00e3o, da Galv\u00e3o Engenharia e de outras seis empresas. <\/p>\n<p><b>Autor: G1<\/b><\/p>\n","protected":false},"excerpt":{"rendered":"<p>O Tribunal Regional Federal da 1\u00aa Regi\u00e3o (TRF-1), em Bras\u00edlia, deve decidir nesta ter\u00e7a-feira (20) o futuro do leil\u00e3o da hidrel\u00e9trica de Belo Monte, no rio Xingu, no Par\u00e1. A disputa, que decidir\u00e1 o cons\u00f3rcio respons\u00e1vel pela constru\u00e7\u00e3o da usina, estava marcada para esta ter\u00e7a, mas foi suspensa por decis\u00e3o da Justi\u00e7a Federal do Par\u00e1. [&hellip;]<\/p>\n","protected":false},"author":1,"featured_media":0,"comment_status":"open","ping_status":"open","sticky":false,"template":"","format":"standard","meta":{"footnotes":""},"categories":[24,6],"tags":[],"class_list":{"0":"post-18016","1":"post","2":"type-post","3":"status-publish","4":"format-standard","6":"category-energia","7":"category-noticias"},"yoast_head":"<!-- This site is optimized with the Yoast SEO plugin v27.2 - https:\/\/yoast.com\/product\/yoast-seo-wordpress\/ -->\n<title>Justi\u00e7a decide nesta ter\u00e7a se mant\u00e9m leil\u00e3o de Belo Monte - Instituto de Engenharia<\/title>\n<meta name=\"robots\" content=\"index, follow, max-snippet:-1, max-image-preview:large, max-video-preview:-1\" \/>\n<link rel=\"canonical\" href=\"https:\/\/www.institutodeengenharia.org.br\/site\/2010\/04\/20\/justica-decide-nesta-terca-se-mantem-leilao-de-belo-monte\/\" \/>\n<meta property=\"og:locale\" content=\"pt_BR\" \/>\n<meta property=\"og:type\" content=\"article\" \/>\n<meta property=\"og:title\" content=\"Justi\u00e7a decide nesta ter\u00e7a se mant\u00e9m leil\u00e3o de Belo Monte - Instituto de Engenharia\" \/>\n<meta property=\"og:description\" content=\"O Tribunal Regional Federal da 1\u00aa Regi\u00e3o (TRF-1), em Bras\u00edlia, deve decidir nesta ter\u00e7a-feira (20) o futuro do leil\u00e3o da hidrel\u00e9trica de Belo Monte, no rio Xingu, no Par\u00e1. A disputa, que decidir\u00e1 o cons\u00f3rcio respons\u00e1vel pela constru\u00e7\u00e3o da usina, estava marcada para esta ter\u00e7a, mas foi suspensa por decis\u00e3o da Justi\u00e7a Federal do Par\u00e1. [&hellip;]\" \/>\n<meta property=\"og:url\" content=\"https:\/\/www.institutodeengenharia.org.br\/site\/2010\/04\/20\/justica-decide-nesta-terca-se-mantem-leilao-de-belo-monte\/\" \/>\n<meta property=\"og:site_name\" content=\"Instituto de Engenharia\" \/>\n<meta property=\"article:publisher\" content=\"https:\/\/www.facebook.com\/institutodeengenharia\" \/>\n<meta property=\"article:published_time\" content=\"2010-04-20T22:42:26+00:00\" \/>\n<meta name=\"author\" content=\"TMax Tecnologia\" \/>\n<meta name=\"twitter:card\" content=\"summary_large_image\" \/>\n<meta name=\"twitter:creator\" content=\"@iengenharia\" \/>\n<meta name=\"twitter:site\" content=\"@iengenharia\" \/>\n<meta name=\"twitter:label1\" content=\"Escrito por\" \/>\n\t<meta name=\"twitter:data1\" content=\"TMax Tecnologia\" \/>\n\t<meta name=\"twitter:label2\" content=\"Est. tempo de leitura\" \/>\n\t<meta name=\"twitter:data2\" content=\"3 minutos\" \/>\n<script type=\"application\/ld+json\" class=\"yoast-schema-graph\">{\"@context\":\"https:\/\/schema.org\",\"@graph\":[{\"@type\":\"Article\",\"@id\":\"https:\/\/www.institutodeengenharia.org.br\/site\/2010\/04\/20\/justica-decide-nesta-terca-se-mantem-leilao-de-belo-monte\/#article\",\"isPartOf\":{\"@id\":\"https:\/\/www.institutodeengenharia.org.br\/site\/2010\/04\/20\/justica-decide-nesta-terca-se-mantem-leilao-de-belo-monte\/\"},\"author\":{\"name\":\"TMax Tecnologia\",\"@id\":\"https:\/\/www.institutodeengenharia.org.br\/site\/#\/schema\/person\/3b1ff109facef084739fc2edcb9a127f\"},\"headline\":\"Justi\u00e7a decide nesta ter\u00e7a se mant\u00e9m leil\u00e3o de Belo Monte\",\"datePublished\":\"2010-04-20T22:42:26+00:00\",\"mainEntityOfPage\":{\"@id\":\"https:\/\/www.institutodeengenharia.org.br\/site\/2010\/04\/20\/justica-decide-nesta-terca-se-mantem-leilao-de-belo-monte\/\"},\"wordCount\":622,\"commentCount\":0,\"publisher\":{\"@id\":\"https:\/\/www.institutodeengenharia.org.br\/site\/#organization\"},\"articleSection\":[\"Energia\",\"Not\u00edcias\"],\"inLanguage\":\"pt-BR\",\"potentialAction\":[{\"@type\":\"CommentAction\",\"name\":\"Comment\",\"target\":[\"https:\/\/www.institutodeengenharia.org.br\/site\/2010\/04\/20\/justica-decide-nesta-terca-se-mantem-leilao-de-belo-monte\/#respond\"]}]},{\"@type\":\"WebPage\",\"@id\":\"https:\/\/www.institutodeengenharia.org.br\/site\/2010\/04\/20\/justica-decide-nesta-terca-se-mantem-leilao-de-belo-monte\/\",\"url\":\"https:\/\/www.institutodeengenharia.org.br\/site\/2010\/04\/20\/justica-decide-nesta-terca-se-mantem-leilao-de-belo-monte\/\",\"name\":\"Justi\u00e7a decide nesta ter\u00e7a se mant\u00e9m leil\u00e3o de Belo Monte - Instituto de Engenharia\",\"isPartOf\":{\"@id\":\"https:\/\/www.institutodeengenharia.org.br\/site\/#website\"},\"datePublished\":\"2010-04-20T22:42:26+00:00\",\"breadcrumb\":{\"@id\":\"https:\/\/www.institutodeengenharia.org.br\/site\/2010\/04\/20\/justica-decide-nesta-terca-se-mantem-leilao-de-belo-monte\/#breadcrumb\"},\"inLanguage\":\"pt-BR\",\"potentialAction\":[{\"@type\":\"ReadAction\",\"target\":[\"https:\/\/www.institutodeengenharia.org.br\/site\/2010\/04\/20\/justica-decide-nesta-terca-se-mantem-leilao-de-belo-monte\/\"]}]},{\"@type\":\"BreadcrumbList\",\"@id\":\"https:\/\/www.institutodeengenharia.org.br\/site\/2010\/04\/20\/justica-decide-nesta-terca-se-mantem-leilao-de-belo-monte\/#breadcrumb\",\"itemListElement\":[{\"@type\":\"ListItem\",\"position\":1,\"name\":\"In\u00edcio\",\"item\":\"https:\/\/www.institutodeengenharia.org.br\/site\/\"},{\"@type\":\"ListItem\",\"position\":2,\"name\":\"Justi\u00e7a decide nesta ter\u00e7a se mant\u00e9m leil\u00e3o de Belo Monte\"}]},{\"@type\":\"WebSite\",\"@id\":\"https:\/\/www.institutodeengenharia.org.br\/site\/#website\",\"url\":\"https:\/\/www.institutodeengenharia.org.br\/site\/\",\"name\":\"Instituto de Engenharia\",\"description\":\"O Instituto de Engenharia promove a Engenharia em benef\u00edcio do desenvolvimento e da qualidade de vida da sociedade.\",\"publisher\":{\"@id\":\"https:\/\/www.institutodeengenharia.org.br\/site\/#organization\"},\"potentialAction\":[{\"@type\":\"SearchAction\",\"target\":{\"@type\":\"EntryPoint\",\"urlTemplate\":\"https:\/\/www.institutodeengenharia.org.br\/site\/?s={search_term_string}\"},\"query-input\":{\"@type\":\"PropertyValueSpecification\",\"valueRequired\":true,\"valueName\":\"search_term_string\"}}],\"inLanguage\":\"pt-BR\"},{\"@type\":\"Organization\",\"@id\":\"https:\/\/www.institutodeengenharia.org.br\/site\/#organization\",\"name\":\"Instituto de Engenharia\",\"url\":\"https:\/\/www.institutodeengenharia.org.br\/site\/\",\"logo\":{\"@type\":\"ImageObject\",\"inLanguage\":\"pt-BR\",\"@id\":\"https:\/\/www.institutodeengenharia.org.br\/site\/#\/schema\/logo\/image\/\",\"url\":\"https:\/\/www.institutodeengenharia.org.br\/site\/wp-content\/uploads\/2019\/03\/logo-novo-IE2018-1.jpg\",\"contentUrl\":\"https:\/\/www.institutodeengenharia.org.br\/site\/wp-content\/uploads\/2019\/03\/logo-novo-IE2018-1.jpg\",\"width\":1486,\"height\":1879,\"caption\":\"Instituto de Engenharia\"},\"image\":{\"@id\":\"https:\/\/www.institutodeengenharia.org.br\/site\/#\/schema\/logo\/image\/\"},\"sameAs\":[\"https:\/\/www.facebook.com\/institutodeengenharia\",\"https:\/\/x.com\/iengenharia\",\"https:\/\/www.instagram.com\/institutodeengenharia\/\",\"https:\/\/www.linkedin.com\/company\/instituto-de-engenharia\/\",\"https:\/\/www.youtube.com\/channel\/UCXiCAlsSMe977vamW915HxA\"]},{\"@type\":\"Person\",\"@id\":\"https:\/\/www.institutodeengenharia.org.br\/site\/#\/schema\/person\/3b1ff109facef084739fc2edcb9a127f\",\"name\":\"TMax Tecnologia\",\"image\":{\"@type\":\"ImageObject\",\"inLanguage\":\"pt-BR\",\"@id\":\"https:\/\/secure.gravatar.com\/avatar\/f912434ef7f389c92cb311fcdae346af848465d638912574b3c669070f797701?s=96&d=mm&r=g\",\"url\":\"https:\/\/secure.gravatar.com\/avatar\/f912434ef7f389c92cb311fcdae346af848465d638912574b3c669070f797701?s=96&d=mm&r=g\",\"contentUrl\":\"https:\/\/secure.gravatar.com\/avatar\/f912434ef7f389c92cb311fcdae346af848465d638912574b3c669070f797701?s=96&d=mm&r=g\",\"caption\":\"TMax Tecnologia\"},\"url\":\"https:\/\/www.institutodeengenharia.org.br\/site\/author\/tmax\/\"}]}<\/script>\n<!-- \/ Yoast SEO plugin. -->","yoast_head_json":{"title":"Justi\u00e7a decide nesta ter\u00e7a se mant\u00e9m leil\u00e3o de Belo Monte - Instituto de Engenharia","robots":{"index":"index","follow":"follow","max-snippet":"max-snippet:-1","max-image-preview":"max-image-preview:large","max-video-preview":"max-video-preview:-1"},"canonical":"https:\/\/www.institutodeengenharia.org.br\/site\/2010\/04\/20\/justica-decide-nesta-terca-se-mantem-leilao-de-belo-monte\/","og_locale":"pt_BR","og_type":"article","og_title":"Justi\u00e7a decide nesta ter\u00e7a se mant\u00e9m leil\u00e3o de Belo Monte - Instituto de Engenharia","og_description":"O Tribunal Regional Federal da 1\u00aa Regi\u00e3o (TRF-1), em Bras\u00edlia, deve decidir nesta ter\u00e7a-feira (20) o futuro do leil\u00e3o da hidrel\u00e9trica de Belo Monte, no rio Xingu, no Par\u00e1. A disputa, que decidir\u00e1 o cons\u00f3rcio respons\u00e1vel pela constru\u00e7\u00e3o da usina, estava marcada para esta ter\u00e7a, mas foi suspensa por decis\u00e3o da Justi\u00e7a Federal do Par\u00e1. [&hellip;]","og_url":"https:\/\/www.institutodeengenharia.org.br\/site\/2010\/04\/20\/justica-decide-nesta-terca-se-mantem-leilao-de-belo-monte\/","og_site_name":"Instituto de Engenharia","article_publisher":"https:\/\/www.facebook.com\/institutodeengenharia","article_published_time":"2010-04-20T22:42:26+00:00","author":"TMax Tecnologia","twitter_card":"summary_large_image","twitter_creator":"@iengenharia","twitter_site":"@iengenharia","twitter_misc":{"Escrito por":"TMax Tecnologia","Est. tempo de leitura":"3 minutos"},"schema":{"@context":"https:\/\/schema.org","@graph":[{"@type":"Article","@id":"https:\/\/www.institutodeengenharia.org.br\/site\/2010\/04\/20\/justica-decide-nesta-terca-se-mantem-leilao-de-belo-monte\/#article","isPartOf":{"@id":"https:\/\/www.institutodeengenharia.org.br\/site\/2010\/04\/20\/justica-decide-nesta-terca-se-mantem-leilao-de-belo-monte\/"},"author":{"name":"TMax Tecnologia","@id":"https:\/\/www.institutodeengenharia.org.br\/site\/#\/schema\/person\/3b1ff109facef084739fc2edcb9a127f"},"headline":"Justi\u00e7a decide nesta ter\u00e7a se mant\u00e9m leil\u00e3o de Belo Monte","datePublished":"2010-04-20T22:42:26+00:00","mainEntityOfPage":{"@id":"https:\/\/www.institutodeengenharia.org.br\/site\/2010\/04\/20\/justica-decide-nesta-terca-se-mantem-leilao-de-belo-monte\/"},"wordCount":622,"commentCount":0,"publisher":{"@id":"https:\/\/www.institutodeengenharia.org.br\/site\/#organization"},"articleSection":["Energia","Not\u00edcias"],"inLanguage":"pt-BR","potentialAction":[{"@type":"CommentAction","name":"Comment","target":["https:\/\/www.institutodeengenharia.org.br\/site\/2010\/04\/20\/justica-decide-nesta-terca-se-mantem-leilao-de-belo-monte\/#respond"]}]},{"@type":"WebPage","@id":"https:\/\/www.institutodeengenharia.org.br\/site\/2010\/04\/20\/justica-decide-nesta-terca-se-mantem-leilao-de-belo-monte\/","url":"https:\/\/www.institutodeengenharia.org.br\/site\/2010\/04\/20\/justica-decide-nesta-terca-se-mantem-leilao-de-belo-monte\/","name":"Justi\u00e7a decide nesta ter\u00e7a se mant\u00e9m leil\u00e3o de Belo Monte - Instituto de Engenharia","isPartOf":{"@id":"https:\/\/www.institutodeengenharia.org.br\/site\/#website"},"datePublished":"2010-04-20T22:42:26+00:00","breadcrumb":{"@id":"https:\/\/www.institutodeengenharia.org.br\/site\/2010\/04\/20\/justica-decide-nesta-terca-se-mantem-leilao-de-belo-monte\/#breadcrumb"},"inLanguage":"pt-BR","potentialAction":[{"@type":"ReadAction","target":["https:\/\/www.institutodeengenharia.org.br\/site\/2010\/04\/20\/justica-decide-nesta-terca-se-mantem-leilao-de-belo-monte\/"]}]},{"@type":"BreadcrumbList","@id":"https:\/\/www.institutodeengenharia.org.br\/site\/2010\/04\/20\/justica-decide-nesta-terca-se-mantem-leilao-de-belo-monte\/#breadcrumb","itemListElement":[{"@type":"ListItem","position":1,"name":"In\u00edcio","item":"https:\/\/www.institutodeengenharia.org.br\/site\/"},{"@type":"ListItem","position":2,"name":"Justi\u00e7a decide nesta ter\u00e7a se mant\u00e9m leil\u00e3o de Belo Monte"}]},{"@type":"WebSite","@id":"https:\/\/www.institutodeengenharia.org.br\/site\/#website","url":"https:\/\/www.institutodeengenharia.org.br\/site\/","name":"Instituto de Engenharia","description":"O Instituto de Engenharia promove a Engenharia em benef\u00edcio do desenvolvimento e da qualidade de vida da sociedade.","publisher":{"@id":"https:\/\/www.institutodeengenharia.org.br\/site\/#organization"},"potentialAction":[{"@type":"SearchAction","target":{"@type":"EntryPoint","urlTemplate":"https:\/\/www.institutodeengenharia.org.br\/site\/?s={search_term_string}"},"query-input":{"@type":"PropertyValueSpecification","valueRequired":true,"valueName":"search_term_string"}}],"inLanguage":"pt-BR"},{"@type":"Organization","@id":"https:\/\/www.institutodeengenharia.org.br\/site\/#organization","name":"Instituto de Engenharia","url":"https:\/\/www.institutodeengenharia.org.br\/site\/","logo":{"@type":"ImageObject","inLanguage":"pt-BR","@id":"https:\/\/www.institutodeengenharia.org.br\/site\/#\/schema\/logo\/image\/","url":"https:\/\/www.institutodeengenharia.org.br\/site\/wp-content\/uploads\/2019\/03\/logo-novo-IE2018-1.jpg","contentUrl":"https:\/\/www.institutodeengenharia.org.br\/site\/wp-content\/uploads\/2019\/03\/logo-novo-IE2018-1.jpg","width":1486,"height":1879,"caption":"Instituto de Engenharia"},"image":{"@id":"https:\/\/www.institutodeengenharia.org.br\/site\/#\/schema\/logo\/image\/"},"sameAs":["https:\/\/www.facebook.com\/institutodeengenharia","https:\/\/x.com\/iengenharia","https:\/\/www.instagram.com\/institutodeengenharia\/","https:\/\/www.linkedin.com\/company\/instituto-de-engenharia\/","https:\/\/www.youtube.com\/channel\/UCXiCAlsSMe977vamW915HxA"]},{"@type":"Person","@id":"https:\/\/www.institutodeengenharia.org.br\/site\/#\/schema\/person\/3b1ff109facef084739fc2edcb9a127f","name":"TMax Tecnologia","image":{"@type":"ImageObject","inLanguage":"pt-BR","@id":"https:\/\/secure.gravatar.com\/avatar\/f912434ef7f389c92cb311fcdae346af848465d638912574b3c669070f797701?s=96&d=mm&r=g","url":"https:\/\/secure.gravatar.com\/avatar\/f912434ef7f389c92cb311fcdae346af848465d638912574b3c669070f797701?s=96&d=mm&r=g","contentUrl":"https:\/\/secure.gravatar.com\/avatar\/f912434ef7f389c92cb311fcdae346af848465d638912574b3c669070f797701?s=96&d=mm&r=g","caption":"TMax Tecnologia"},"url":"https:\/\/www.institutodeengenharia.org.br\/site\/author\/tmax\/"}]}},"_links":{"self":[{"href":"https:\/\/www.institutodeengenharia.org.br\/site\/wp-json\/wp\/v2\/posts\/18016","targetHints":{"allow":["GET"]}}],"collection":[{"href":"https:\/\/www.institutodeengenharia.org.br\/site\/wp-json\/wp\/v2\/posts"}],"about":[{"href":"https:\/\/www.institutodeengenharia.org.br\/site\/wp-json\/wp\/v2\/types\/post"}],"author":[{"embeddable":true,"href":"https:\/\/www.institutodeengenharia.org.br\/site\/wp-json\/wp\/v2\/users\/1"}],"replies":[{"embeddable":true,"href":"https:\/\/www.institutodeengenharia.org.br\/site\/wp-json\/wp\/v2\/comments?post=18016"}],"version-history":[{"count":0,"href":"https:\/\/www.institutodeengenharia.org.br\/site\/wp-json\/wp\/v2\/posts\/18016\/revisions"}],"wp:attachment":[{"href":"https:\/\/www.institutodeengenharia.org.br\/site\/wp-json\/wp\/v2\/media?parent=18016"}],"wp:term":[{"taxonomy":"category","embeddable":true,"href":"https:\/\/www.institutodeengenharia.org.br\/site\/wp-json\/wp\/v2\/categories?post=18016"},{"taxonomy":"post_tag","embeddable":true,"href":"https:\/\/www.institutodeengenharia.org.br\/site\/wp-json\/wp\/v2\/tags?post=18016"}],"curies":[{"name":"wp","href":"https:\/\/api.w.org\/{rel}","templated":true}]}}