{"id":18004,"date":"2010-04-16T22:42:14","date_gmt":"2010-04-16T22:42:14","guid":{"rendered":"https:\/\/www.institutodeengenharia.org.br\/?p=18004"},"modified":"2010-04-16T14:31:11","modified_gmt":"2010-04-16T14:31:11","slug":"em-sao-paulo-estacoes-de-metro-elitizam-entorno","status":"publish","type":"post","link":"https:\/\/www.institutodeengenharia.org.br\/site\/2010\/04\/16\/em-sao-paulo-estacoes-de-metro-elitizam-entorno\/","title":{"rendered":"Em S\u00e3o Paulo, esta\u00e7\u00f5es de metr\u00f4 elitizam entorno"},"content":{"rendered":"<p>\u00c1reas pr\u00f3ximas das linhas do metr\u00f4 de S\u00e3o Paulo est\u00e3o passando por um processo de elitiza\u00e7\u00e3o. Pesquisa mostra que esse tipo de transporte, apontado como um dos mais eficientes, provoca valoriza\u00e7\u00e3o no entorno das esta\u00e7\u00f5es. Com o tempo &#8211; e o aumento do custo de vida na regi\u00e3o -, antigos moradores v\u00e3o embora porque n\u00e3o conseguem manter o n\u00edvel de vida e abrem caminho para a chegada de fam\u00edlias menores, mas com mais poder aquisitivo. Um mesmo espa\u00e7o passa, assim, a abrigar menos pessoas. Com os novos habitantes, vem a demanda por melhores servi\u00e7os. <\/p>\n<p>Essa din\u00e2mica populacional \u00e9 uma das conclus\u00f5es da pesquisa Distribui\u00e7\u00e3o da Popula\u00e7\u00e3o na Regi\u00e3o Metropolitana de S\u00e3o Paulo, do engenheiro Carlos Eduardo de Paiva Cardoso. Publicado na Revista Engenharia em 2009, o estudo comparou os dados demogr\u00e1ficos de 1997 e de 2007 da Pesquisa Origem Destino do Metr\u00f4. &#8220;O fato de o Metr\u00f4 de S\u00e3o Paulo ser composto de poucas linhas, uma mercadoria rara, permitiu ao mercado aferir altos lucros por meio de lan\u00e7amentos imobili\u00e1rios&#8221;, diz a pesquisa. <\/p>\n<p>Cardoso, que \u00e9 mestre em Transportes pela Escola Polit\u00e9cnica da Universidade de S\u00e3o Paulo (USP) e doutor em Servi\u00e7o Social pela Pontif\u00edcia Universidade Cat\u00f3lica (PUC) de S\u00e3o Paulo, trabalha como analista de sistema e planejamento de tr\u00e1fego e transporte da Companhia de Engenharia de Tr\u00e1fego (CET). <\/p>\n<p><strong>Valoriza\u00e7\u00e3o<\/strong> <\/p>\n<p>Sempre que ocorre a implementa\u00e7\u00e3o de uma nova infraestrutura p\u00fablica, como \u00e9 o caso da Linha 4-Amarela do Metr\u00f4, ela se torna um fator adicional de atratividade, o que faz o pre\u00e7o dos im\u00f3veis se elevar naturalmente. Essa \u00e9 a opini\u00e3o do diretor de Planejamento e Expans\u00e3o dos Transportes Metropolitanos, Marcos Kassab. &#8220;O que n\u00e3o pode \u00e9 deixar de instalar essa infraestrutura.&#8221; Ele associa esse aumento excepcional do pre\u00e7o dos im\u00f3veis a um aquecimento geral do mercado imobili\u00e1rio no \u00faltimo ano. <\/p>\n<p>Segundo ele, a popula\u00e7\u00e3o do centro expandido est\u00e1 estabilizada como um todo e isso n\u00e3o tem necessariamente a ver com o Metr\u00f4. Outros fatores poderiam explicar a queda da densidade populacional nessas regi\u00f5es, como a mudan\u00e7a do perfil das fam\u00edlias, que passaram a ter menos filhos. <\/p>\n<p>Para ele, a din\u00e2mica populacional abordada no estudo Distribui\u00e7\u00e3o da Popula\u00e7\u00e3o na Regi\u00e3o Metropolitana de S\u00e3o Paulo \u00e9 muito complexa e n\u00e3o pode ser analisada diante de uma \u00fanica vari\u00e1vel: a instala\u00e7\u00e3o do metr\u00f4 numa determinada \u00e1rea. &#8220;A linha \u00e9 indutora de crescimento, qualidade de vida e aumento de servi\u00e7os, mas isso se mistura com outras vari\u00e1veis que podem contribuir para esse processo populacional.&#8221; <\/p>\n<p><b>Autor: Ag\u00eancia Estado<\/b><\/p>\n","protected":false},"excerpt":{"rendered":"<p>\u00c1reas pr\u00f3ximas das linhas do metr\u00f4 de S\u00e3o Paulo est\u00e3o passando por um processo de elitiza\u00e7\u00e3o. Pesquisa mostra que esse tipo de transporte, apontado como um dos mais eficientes, provoca valoriza\u00e7\u00e3o no entorno das esta\u00e7\u00f5es. Com o tempo &#8211; e o aumento do custo de vida na regi\u00e3o -, antigos moradores v\u00e3o embora porque n\u00e3o [&hellip;]<\/p>\n","protected":false},"author":1,"featured_media":0,"comment_status":"open","ping_status":"open","sticky":false,"template":"","format":"standard","meta":{"footnotes":""},"categories":[6,41],"tags":[],"class_list":{"0":"post-18004","1":"post","2":"type-post","3":"status-publish","4":"format-standard","6":"category-noticias","7":"category-transportes"},"yoast_head":"<!-- This site is optimized with the Yoast SEO plugin v27.2 - https:\/\/yoast.com\/product\/yoast-seo-wordpress\/ -->\n<title>Em S\u00e3o Paulo, esta\u00e7\u00f5es de metr\u00f4 elitizam entorno - Instituto de Engenharia<\/title>\n<meta name=\"robots\" content=\"index, follow, max-snippet:-1, max-image-preview:large, max-video-preview:-1\" \/>\n<link rel=\"canonical\" href=\"https:\/\/www.institutodeengenharia.org.br\/site\/2010\/04\/16\/em-sao-paulo-estacoes-de-metro-elitizam-entorno\/\" \/>\n<meta property=\"og:locale\" content=\"pt_BR\" \/>\n<meta property=\"og:type\" content=\"article\" \/>\n<meta property=\"og:title\" content=\"Em S\u00e3o Paulo, esta\u00e7\u00f5es de metr\u00f4 elitizam entorno - Instituto de Engenharia\" \/>\n<meta property=\"og:description\" content=\"\u00c1reas pr\u00f3ximas das linhas do metr\u00f4 de S\u00e3o Paulo est\u00e3o passando por um processo de elitiza\u00e7\u00e3o. Pesquisa mostra que esse tipo de transporte, apontado como um dos mais eficientes, provoca valoriza\u00e7\u00e3o no entorno das esta\u00e7\u00f5es. Com o tempo &#8211; e o aumento do custo de vida na regi\u00e3o -, antigos moradores v\u00e3o embora porque n\u00e3o [&hellip;]\" \/>\n<meta property=\"og:url\" content=\"https:\/\/www.institutodeengenharia.org.br\/site\/2010\/04\/16\/em-sao-paulo-estacoes-de-metro-elitizam-entorno\/\" \/>\n<meta property=\"og:site_name\" content=\"Instituto de Engenharia\" \/>\n<meta property=\"article:publisher\" content=\"https:\/\/www.facebook.com\/institutodeengenharia\" \/>\n<meta property=\"article:published_time\" content=\"2010-04-16T22:42:14+00:00\" \/>\n<meta name=\"author\" content=\"TMax Tecnologia\" \/>\n<meta name=\"twitter:card\" content=\"summary_large_image\" \/>\n<meta name=\"twitter:creator\" content=\"@iengenharia\" \/>\n<meta name=\"twitter:site\" content=\"@iengenharia\" \/>\n<meta name=\"twitter:label1\" content=\"Escrito por\" \/>\n\t<meta name=\"twitter:data1\" content=\"TMax Tecnologia\" \/>\n\t<meta name=\"twitter:label2\" content=\"Est. tempo de leitura\" \/>\n\t<meta name=\"twitter:data2\" content=\"2 minutos\" \/>\n<script type=\"application\/ld+json\" class=\"yoast-schema-graph\">{\"@context\":\"https:\/\/schema.org\",\"@graph\":[{\"@type\":\"Article\",\"@id\":\"https:\/\/www.institutodeengenharia.org.br\/site\/2010\/04\/16\/em-sao-paulo-estacoes-de-metro-elitizam-entorno\/#article\",\"isPartOf\":{\"@id\":\"https:\/\/www.institutodeengenharia.org.br\/site\/2010\/04\/16\/em-sao-paulo-estacoes-de-metro-elitizam-entorno\/\"},\"author\":{\"name\":\"TMax Tecnologia\",\"@id\":\"https:\/\/www.institutodeengenharia.org.br\/site\/#\/schema\/person\/3b1ff109facef084739fc2edcb9a127f\"},\"headline\":\"Em S\u00e3o Paulo, esta\u00e7\u00f5es de metr\u00f4 elitizam entorno\",\"datePublished\":\"2010-04-16T22:42:14+00:00\",\"mainEntityOfPage\":{\"@id\":\"https:\/\/www.institutodeengenharia.org.br\/site\/2010\/04\/16\/em-sao-paulo-estacoes-de-metro-elitizam-entorno\/\"},\"wordCount\":471,\"commentCount\":0,\"publisher\":{\"@id\":\"https:\/\/www.institutodeengenharia.org.br\/site\/#organization\"},\"articleSection\":[\"Not\u00edcias\",\"Transportes\"],\"inLanguage\":\"pt-BR\",\"potentialAction\":[{\"@type\":\"CommentAction\",\"name\":\"Comment\",\"target\":[\"https:\/\/www.institutodeengenharia.org.br\/site\/2010\/04\/16\/em-sao-paulo-estacoes-de-metro-elitizam-entorno\/#respond\"]}]},{\"@type\":\"WebPage\",\"@id\":\"https:\/\/www.institutodeengenharia.org.br\/site\/2010\/04\/16\/em-sao-paulo-estacoes-de-metro-elitizam-entorno\/\",\"url\":\"https:\/\/www.institutodeengenharia.org.br\/site\/2010\/04\/16\/em-sao-paulo-estacoes-de-metro-elitizam-entorno\/\",\"name\":\"Em S\u00e3o Paulo, esta\u00e7\u00f5es de metr\u00f4 elitizam entorno - Instituto de Engenharia\",\"isPartOf\":{\"@id\":\"https:\/\/www.institutodeengenharia.org.br\/site\/#website\"},\"datePublished\":\"2010-04-16T22:42:14+00:00\",\"breadcrumb\":{\"@id\":\"https:\/\/www.institutodeengenharia.org.br\/site\/2010\/04\/16\/em-sao-paulo-estacoes-de-metro-elitizam-entorno\/#breadcrumb\"},\"inLanguage\":\"pt-BR\",\"potentialAction\":[{\"@type\":\"ReadAction\",\"target\":[\"https:\/\/www.institutodeengenharia.org.br\/site\/2010\/04\/16\/em-sao-paulo-estacoes-de-metro-elitizam-entorno\/\"]}]},{\"@type\":\"BreadcrumbList\",\"@id\":\"https:\/\/www.institutodeengenharia.org.br\/site\/2010\/04\/16\/em-sao-paulo-estacoes-de-metro-elitizam-entorno\/#breadcrumb\",\"itemListElement\":[{\"@type\":\"ListItem\",\"position\":1,\"name\":\"In\u00edcio\",\"item\":\"https:\/\/www.institutodeengenharia.org.br\/site\/\"},{\"@type\":\"ListItem\",\"position\":2,\"name\":\"Em S\u00e3o Paulo, esta\u00e7\u00f5es de metr\u00f4 elitizam entorno\"}]},{\"@type\":\"WebSite\",\"@id\":\"https:\/\/www.institutodeengenharia.org.br\/site\/#website\",\"url\":\"https:\/\/www.institutodeengenharia.org.br\/site\/\",\"name\":\"Instituto de Engenharia\",\"description\":\"O Instituto de Engenharia promove a Engenharia em benef\u00edcio do desenvolvimento e da qualidade de vida da sociedade.\",\"publisher\":{\"@id\":\"https:\/\/www.institutodeengenharia.org.br\/site\/#organization\"},\"potentialAction\":[{\"@type\":\"SearchAction\",\"target\":{\"@type\":\"EntryPoint\",\"urlTemplate\":\"https:\/\/www.institutodeengenharia.org.br\/site\/?s={search_term_string}\"},\"query-input\":{\"@type\":\"PropertyValueSpecification\",\"valueRequired\":true,\"valueName\":\"search_term_string\"}}],\"inLanguage\":\"pt-BR\"},{\"@type\":\"Organization\",\"@id\":\"https:\/\/www.institutodeengenharia.org.br\/site\/#organization\",\"name\":\"Instituto de Engenharia\",\"url\":\"https:\/\/www.institutodeengenharia.org.br\/site\/\",\"logo\":{\"@type\":\"ImageObject\",\"inLanguage\":\"pt-BR\",\"@id\":\"https:\/\/www.institutodeengenharia.org.br\/site\/#\/schema\/logo\/image\/\",\"url\":\"https:\/\/www.institutodeengenharia.org.br\/site\/wp-content\/uploads\/2019\/03\/logo-novo-IE2018-1.jpg\",\"contentUrl\":\"https:\/\/www.institutodeengenharia.org.br\/site\/wp-content\/uploads\/2019\/03\/logo-novo-IE2018-1.jpg\",\"width\":1486,\"height\":1879,\"caption\":\"Instituto de Engenharia\"},\"image\":{\"@id\":\"https:\/\/www.institutodeengenharia.org.br\/site\/#\/schema\/logo\/image\/\"},\"sameAs\":[\"https:\/\/www.facebook.com\/institutodeengenharia\",\"https:\/\/x.com\/iengenharia\",\"https:\/\/www.instagram.com\/institutodeengenharia\/\",\"https:\/\/www.linkedin.com\/company\/instituto-de-engenharia\/\",\"https:\/\/www.youtube.com\/channel\/UCXiCAlsSMe977vamW915HxA\"]},{\"@type\":\"Person\",\"@id\":\"https:\/\/www.institutodeengenharia.org.br\/site\/#\/schema\/person\/3b1ff109facef084739fc2edcb9a127f\",\"name\":\"TMax Tecnologia\",\"image\":{\"@type\":\"ImageObject\",\"inLanguage\":\"pt-BR\",\"@id\":\"https:\/\/secure.gravatar.com\/avatar\/f912434ef7f389c92cb311fcdae346af848465d638912574b3c669070f797701?s=96&d=mm&r=g\",\"url\":\"https:\/\/secure.gravatar.com\/avatar\/f912434ef7f389c92cb311fcdae346af848465d638912574b3c669070f797701?s=96&d=mm&r=g\",\"contentUrl\":\"https:\/\/secure.gravatar.com\/avatar\/f912434ef7f389c92cb311fcdae346af848465d638912574b3c669070f797701?s=96&d=mm&r=g\",\"caption\":\"TMax Tecnologia\"},\"url\":\"https:\/\/www.institutodeengenharia.org.br\/site\/author\/tmax\/\"}]}<\/script>\n<!-- \/ Yoast SEO plugin. -->","yoast_head_json":{"title":"Em S\u00e3o Paulo, esta\u00e7\u00f5es de metr\u00f4 elitizam entorno - Instituto de Engenharia","robots":{"index":"index","follow":"follow","max-snippet":"max-snippet:-1","max-image-preview":"max-image-preview:large","max-video-preview":"max-video-preview:-1"},"canonical":"https:\/\/www.institutodeengenharia.org.br\/site\/2010\/04\/16\/em-sao-paulo-estacoes-de-metro-elitizam-entorno\/","og_locale":"pt_BR","og_type":"article","og_title":"Em S\u00e3o Paulo, esta\u00e7\u00f5es de metr\u00f4 elitizam entorno - Instituto de Engenharia","og_description":"\u00c1reas pr\u00f3ximas das linhas do metr\u00f4 de S\u00e3o Paulo est\u00e3o passando por um processo de elitiza\u00e7\u00e3o. Pesquisa mostra que esse tipo de transporte, apontado como um dos mais eficientes, provoca valoriza\u00e7\u00e3o no entorno das esta\u00e7\u00f5es. Com o tempo &#8211; e o aumento do custo de vida na regi\u00e3o -, antigos moradores v\u00e3o embora porque n\u00e3o [&hellip;]","og_url":"https:\/\/www.institutodeengenharia.org.br\/site\/2010\/04\/16\/em-sao-paulo-estacoes-de-metro-elitizam-entorno\/","og_site_name":"Instituto de Engenharia","article_publisher":"https:\/\/www.facebook.com\/institutodeengenharia","article_published_time":"2010-04-16T22:42:14+00:00","author":"TMax Tecnologia","twitter_card":"summary_large_image","twitter_creator":"@iengenharia","twitter_site":"@iengenharia","twitter_misc":{"Escrito por":"TMax Tecnologia","Est. tempo de leitura":"2 minutos"},"schema":{"@context":"https:\/\/schema.org","@graph":[{"@type":"Article","@id":"https:\/\/www.institutodeengenharia.org.br\/site\/2010\/04\/16\/em-sao-paulo-estacoes-de-metro-elitizam-entorno\/#article","isPartOf":{"@id":"https:\/\/www.institutodeengenharia.org.br\/site\/2010\/04\/16\/em-sao-paulo-estacoes-de-metro-elitizam-entorno\/"},"author":{"name":"TMax Tecnologia","@id":"https:\/\/www.institutodeengenharia.org.br\/site\/#\/schema\/person\/3b1ff109facef084739fc2edcb9a127f"},"headline":"Em S\u00e3o Paulo, esta\u00e7\u00f5es de metr\u00f4 elitizam entorno","datePublished":"2010-04-16T22:42:14+00:00","mainEntityOfPage":{"@id":"https:\/\/www.institutodeengenharia.org.br\/site\/2010\/04\/16\/em-sao-paulo-estacoes-de-metro-elitizam-entorno\/"},"wordCount":471,"commentCount":0,"publisher":{"@id":"https:\/\/www.institutodeengenharia.org.br\/site\/#organization"},"articleSection":["Not\u00edcias","Transportes"],"inLanguage":"pt-BR","potentialAction":[{"@type":"CommentAction","name":"Comment","target":["https:\/\/www.institutodeengenharia.org.br\/site\/2010\/04\/16\/em-sao-paulo-estacoes-de-metro-elitizam-entorno\/#respond"]}]},{"@type":"WebPage","@id":"https:\/\/www.institutodeengenharia.org.br\/site\/2010\/04\/16\/em-sao-paulo-estacoes-de-metro-elitizam-entorno\/","url":"https:\/\/www.institutodeengenharia.org.br\/site\/2010\/04\/16\/em-sao-paulo-estacoes-de-metro-elitizam-entorno\/","name":"Em S\u00e3o Paulo, esta\u00e7\u00f5es de metr\u00f4 elitizam entorno - Instituto de Engenharia","isPartOf":{"@id":"https:\/\/www.institutodeengenharia.org.br\/site\/#website"},"datePublished":"2010-04-16T22:42:14+00:00","breadcrumb":{"@id":"https:\/\/www.institutodeengenharia.org.br\/site\/2010\/04\/16\/em-sao-paulo-estacoes-de-metro-elitizam-entorno\/#breadcrumb"},"inLanguage":"pt-BR","potentialAction":[{"@type":"ReadAction","target":["https:\/\/www.institutodeengenharia.org.br\/site\/2010\/04\/16\/em-sao-paulo-estacoes-de-metro-elitizam-entorno\/"]}]},{"@type":"BreadcrumbList","@id":"https:\/\/www.institutodeengenharia.org.br\/site\/2010\/04\/16\/em-sao-paulo-estacoes-de-metro-elitizam-entorno\/#breadcrumb","itemListElement":[{"@type":"ListItem","position":1,"name":"In\u00edcio","item":"https:\/\/www.institutodeengenharia.org.br\/site\/"},{"@type":"ListItem","position":2,"name":"Em S\u00e3o Paulo, esta\u00e7\u00f5es de metr\u00f4 elitizam entorno"}]},{"@type":"WebSite","@id":"https:\/\/www.institutodeengenharia.org.br\/site\/#website","url":"https:\/\/www.institutodeengenharia.org.br\/site\/","name":"Instituto de Engenharia","description":"O Instituto de Engenharia promove a Engenharia em benef\u00edcio do desenvolvimento e da qualidade de vida da sociedade.","publisher":{"@id":"https:\/\/www.institutodeengenharia.org.br\/site\/#organization"},"potentialAction":[{"@type":"SearchAction","target":{"@type":"EntryPoint","urlTemplate":"https:\/\/www.institutodeengenharia.org.br\/site\/?s={search_term_string}"},"query-input":{"@type":"PropertyValueSpecification","valueRequired":true,"valueName":"search_term_string"}}],"inLanguage":"pt-BR"},{"@type":"Organization","@id":"https:\/\/www.institutodeengenharia.org.br\/site\/#organization","name":"Instituto de Engenharia","url":"https:\/\/www.institutodeengenharia.org.br\/site\/","logo":{"@type":"ImageObject","inLanguage":"pt-BR","@id":"https:\/\/www.institutodeengenharia.org.br\/site\/#\/schema\/logo\/image\/","url":"https:\/\/www.institutodeengenharia.org.br\/site\/wp-content\/uploads\/2019\/03\/logo-novo-IE2018-1.jpg","contentUrl":"https:\/\/www.institutodeengenharia.org.br\/site\/wp-content\/uploads\/2019\/03\/logo-novo-IE2018-1.jpg","width":1486,"height":1879,"caption":"Instituto de Engenharia"},"image":{"@id":"https:\/\/www.institutodeengenharia.org.br\/site\/#\/schema\/logo\/image\/"},"sameAs":["https:\/\/www.facebook.com\/institutodeengenharia","https:\/\/x.com\/iengenharia","https:\/\/www.instagram.com\/institutodeengenharia\/","https:\/\/www.linkedin.com\/company\/instituto-de-engenharia\/","https:\/\/www.youtube.com\/channel\/UCXiCAlsSMe977vamW915HxA"]},{"@type":"Person","@id":"https:\/\/www.institutodeengenharia.org.br\/site\/#\/schema\/person\/3b1ff109facef084739fc2edcb9a127f","name":"TMax Tecnologia","image":{"@type":"ImageObject","inLanguage":"pt-BR","@id":"https:\/\/secure.gravatar.com\/avatar\/f912434ef7f389c92cb311fcdae346af848465d638912574b3c669070f797701?s=96&d=mm&r=g","url":"https:\/\/secure.gravatar.com\/avatar\/f912434ef7f389c92cb311fcdae346af848465d638912574b3c669070f797701?s=96&d=mm&r=g","contentUrl":"https:\/\/secure.gravatar.com\/avatar\/f912434ef7f389c92cb311fcdae346af848465d638912574b3c669070f797701?s=96&d=mm&r=g","caption":"TMax Tecnologia"},"url":"https:\/\/www.institutodeengenharia.org.br\/site\/author\/tmax\/"}]}},"_links":{"self":[{"href":"https:\/\/www.institutodeengenharia.org.br\/site\/wp-json\/wp\/v2\/posts\/18004","targetHints":{"allow":["GET"]}}],"collection":[{"href":"https:\/\/www.institutodeengenharia.org.br\/site\/wp-json\/wp\/v2\/posts"}],"about":[{"href":"https:\/\/www.institutodeengenharia.org.br\/site\/wp-json\/wp\/v2\/types\/post"}],"author":[{"embeddable":true,"href":"https:\/\/www.institutodeengenharia.org.br\/site\/wp-json\/wp\/v2\/users\/1"}],"replies":[{"embeddable":true,"href":"https:\/\/www.institutodeengenharia.org.br\/site\/wp-json\/wp\/v2\/comments?post=18004"}],"version-history":[{"count":0,"href":"https:\/\/www.institutodeengenharia.org.br\/site\/wp-json\/wp\/v2\/posts\/18004\/revisions"}],"wp:attachment":[{"href":"https:\/\/www.institutodeengenharia.org.br\/site\/wp-json\/wp\/v2\/media?parent=18004"}],"wp:term":[{"taxonomy":"category","embeddable":true,"href":"https:\/\/www.institutodeengenharia.org.br\/site\/wp-json\/wp\/v2\/categories?post=18004"},{"taxonomy":"post_tag","embeddable":true,"href":"https:\/\/www.institutodeengenharia.org.br\/site\/wp-json\/wp\/v2\/tags?post=18004"}],"curies":[{"name":"wp","href":"https:\/\/api.w.org\/{rel}","templated":true}]}}