{"id":18000,"date":"2010-04-16T22:42:10","date_gmt":"2010-04-16T22:42:10","guid":{"rendered":"https:\/\/www.institutodeengenharia.org.br\/?p=18000"},"modified":"2010-04-16T10:37:09","modified_gmt":"2010-04-16T10:37:09","slug":"expresidente-da-funai-condena-construcao-de-belo-monte","status":"publish","type":"post","link":"https:\/\/www.institutodeengenharia.org.br\/site\/2010\/04\/16\/expresidente-da-funai-condena-construcao-de-belo-monte\/","title":{"rendered":"Ex-presidente da Funai condena constru\u00e7\u00e3o de Belo Monte"},"content":{"rendered":"<p>O ex-presidente da Funda\u00e7\u00e3o Nacional do \u00cdndio (Funai) M\u00e9rcio Gomes afirmou na quinta-feira (15) que o projeto de constru\u00e7\u00e3o da Usina Hidrel\u00e9trica de Belo Monte (PA), suspenso ontem (14) pela Justi\u00e7a Federal, \u00e9 mal feito e afetar\u00e1 \u201cprofundamente\u201d cerca de mil ind\u00edgenas das etnias Arara, Juruna e Xikrin, al\u00e9m de ribeirinhos.&nbsp;<\/p>\n<p>O impacto \u00e0s comunidades ind\u00edgenas \u00e9 o principal argumento da decis\u00e3o que suspendeu o leil\u00e3o previsto inicialmente para o dia 20 de abril, no qual seriam definidos os construtores da obra. A Justi\u00e7a atendeu um pedido do Minist\u00e9rio P\u00fablico Federal.&nbsp;<\/p>\n<p>Gomes explicou que a instala\u00e7\u00e3o de uma barragem antes da Volta Grande do Rio Xingu diminuir\u00e1 o fluxo de \u00e1gua durante per\u00edodos de seca. Segundo Gomes, a diminui\u00e7\u00e3o da vaz\u00e3o do rio impedir\u00e1 o tr\u00e1fego fluvial, a prolifera\u00e7\u00e3o de algas, reduzindo a reprodu\u00e7\u00e3o de peixes utilizados como alimento ou para a venda, e ainda pode provocar o aumento de doen\u00e7as causadas por insetos, como a mal\u00e1ria, devido \u00e0 forma\u00e7\u00e3o de grandes po\u00e7as d\u2019\u00e1gua.&nbsp;<\/p>\n<p>\u201cCom a interven\u00e7\u00e3o, n\u00e3o vai ter um fluxo de \u00e1gua permanente do tamanho da largura do rio, que em v\u00e1rias partes chega a um quil\u00f4metro. Ent\u00e3o, se s\u00f3 tivermos um filete de \u00e1gua, cobrindo apenas 50 metros [da largura do rio], teremos 900 metros de terra encharcada para os mosquitos crescerem. Ou seja, vai mudar a ecologia de toda aquela regi\u00e3o\u201d, destaca o professor da Universidade Federal Fluminense (UFF).&nbsp;<\/p>\n<p>O antrop\u00f3logo avalia que o projeto n\u00e3o foi negociado com os \u00edndios, que ainda n\u00e3o sabem exatamente quais ser\u00e3o os impactos da obra e como podem ser compensados. Para Gomes, a Funai se omitiu no processo de licen\u00e7a ambiental que autorizou a constru\u00e7\u00e3o da usina e pode deixar os \u00edndios em maior situa\u00e7\u00e3o de vulnerabilidade, principalmente com a chegada de oper\u00e1rios para a obra.&nbsp;<\/p>\n<p>\u201cA Funai n\u00e3o negociou em nada para que os impactos fossem amenizados. N\u00e3o h\u00e1 nenhuma compensa\u00e7\u00e3o verdadeira para mitigar os impactos. Os \u00edndios ficaram muito chateados com muita raz\u00e3o\u201d, afirmou o antrop\u00f3logo, ao questionar a extin\u00e7\u00e3o de um posto da funda\u00e7\u00e3o na cidade de Altamira, futura sede da usina.&nbsp;<\/p>\n<p>\u201cOs \u00edndios est\u00e3o completamente desprotegidos. Ainda mais porque s\u00e3o esperadas mais de 100 mil pessoas para a regi\u00e3o, colocando os ind\u00edgenas cada vez mais em situa\u00e7\u00e3o de vulnerabilidade\u201d, denunciou o autor de Os \u00edndios e o Brasil.&nbsp;<\/p>\n<p>A Funai defende que cumpriu seu papel ao realizar as audi\u00eancias com as comunidades e emitir parecer sobre as popula\u00e7\u00f5es ind\u00edgenas. O documento comp\u00f5e as licen\u00e7as concedidas pelo Ibama. Em resposta \u00e0 Ag\u00eancia Brasil, a Funai alega que \u201ctodas as informa\u00e7\u00f5es para o licenciamento do empreendimento est\u00e3o dispon\u00edveis na p\u00e1gina do Ibama na internet.\u201d&nbsp;<\/p>\n<p>Outro problema, na avalia\u00e7\u00e3o do antrop\u00f3logo, \u00e9 a falta de clareza do governo sobre futuros projetos no rio, que tendem a ampliar os impactos sobre as comunidades. \u201cTodo mundo sabe que durante quatro, cinco meses n\u00e3o haver\u00e1 a energia potencial que \u00e9 esperada. Ficamos desconfiados da constru\u00e7\u00e3o de outras barragens que podem causar um impacto maior\u201d, criticou.&nbsp;<\/p>\n<p>Belo Monte \u00e9 um das principais e mais pol\u00eamicas obras do governo do presidente Luiz In\u00e1cio Lula da Silva. Nesta semana, em Bras\u00edlia, uma manifesta\u00e7\u00e3o contra o empreendimento reuniu ribeirinhos, ind\u00edgenas, atores e at\u00e9 o diretor do filme Avatar, James Cameron. <\/p>\n<p><b>Autor: Ag\u00eancia Brasil<\/b><\/p>\n","protected":false},"excerpt":{"rendered":"<p>O ex-presidente da Funda\u00e7\u00e3o Nacional do \u00cdndio (Funai) M\u00e9rcio Gomes afirmou na quinta-feira (15) que o projeto de constru\u00e7\u00e3o da Usina Hidrel\u00e9trica de Belo Monte (PA), suspenso ontem (14) pela Justi\u00e7a Federal, \u00e9 mal feito e afetar\u00e1 \u201cprofundamente\u201d cerca de mil ind\u00edgenas das etnias Arara, Juruna e Xikrin, al\u00e9m de ribeirinhos.&nbsp; O impacto \u00e0s comunidades [&hellip;]<\/p>\n","protected":false},"author":1,"featured_media":0,"comment_status":"open","ping_status":"open","sticky":false,"template":"","format":"standard","meta":{"footnotes":""},"categories":[24,6],"tags":[],"class_list":{"0":"post-18000","1":"post","2":"type-post","3":"status-publish","4":"format-standard","6":"category-energia","7":"category-noticias"},"yoast_head":"<!-- This site is optimized with the Yoast SEO plugin v27.2 - https:\/\/yoast.com\/product\/yoast-seo-wordpress\/ -->\n<title>Ex-presidente da Funai condena constru\u00e7\u00e3o de Belo Monte - Instituto de Engenharia<\/title>\n<meta name=\"robots\" content=\"index, follow, max-snippet:-1, max-image-preview:large, max-video-preview:-1\" \/>\n<link rel=\"canonical\" href=\"https:\/\/www.institutodeengenharia.org.br\/site\/2010\/04\/16\/expresidente-da-funai-condena-construcao-de-belo-monte\/\" \/>\n<meta property=\"og:locale\" content=\"pt_BR\" \/>\n<meta property=\"og:type\" content=\"article\" \/>\n<meta property=\"og:title\" content=\"Ex-presidente da Funai condena constru\u00e7\u00e3o de Belo Monte - Instituto de Engenharia\" \/>\n<meta property=\"og:description\" content=\"O ex-presidente da Funda\u00e7\u00e3o Nacional do \u00cdndio (Funai) M\u00e9rcio Gomes afirmou na quinta-feira (15) que o projeto de constru\u00e7\u00e3o da Usina Hidrel\u00e9trica de Belo Monte (PA), suspenso ontem (14) pela Justi\u00e7a Federal, \u00e9 mal feito e afetar\u00e1 \u201cprofundamente\u201d cerca de mil ind\u00edgenas das etnias Arara, Juruna e Xikrin, al\u00e9m de ribeirinhos.&nbsp; O impacto \u00e0s comunidades [&hellip;]\" \/>\n<meta property=\"og:url\" content=\"https:\/\/www.institutodeengenharia.org.br\/site\/2010\/04\/16\/expresidente-da-funai-condena-construcao-de-belo-monte\/\" \/>\n<meta property=\"og:site_name\" content=\"Instituto de Engenharia\" \/>\n<meta property=\"article:publisher\" content=\"https:\/\/www.facebook.com\/institutodeengenharia\" \/>\n<meta property=\"article:published_time\" content=\"2010-04-16T22:42:10+00:00\" \/>\n<meta name=\"author\" content=\"TMax Tecnologia\" \/>\n<meta name=\"twitter:card\" content=\"summary_large_image\" \/>\n<meta name=\"twitter:creator\" content=\"@iengenharia\" \/>\n<meta name=\"twitter:site\" content=\"@iengenharia\" \/>\n<meta name=\"twitter:label1\" content=\"Escrito por\" \/>\n\t<meta name=\"twitter:data1\" content=\"TMax Tecnologia\" \/>\n\t<meta name=\"twitter:label2\" content=\"Est. tempo de leitura\" \/>\n\t<meta name=\"twitter:data2\" content=\"3 minutos\" \/>\n<script type=\"application\/ld+json\" class=\"yoast-schema-graph\">{\"@context\":\"https:\/\/schema.org\",\"@graph\":[{\"@type\":\"Article\",\"@id\":\"https:\/\/www.institutodeengenharia.org.br\/site\/2010\/04\/16\/expresidente-da-funai-condena-construcao-de-belo-monte\/#article\",\"isPartOf\":{\"@id\":\"https:\/\/www.institutodeengenharia.org.br\/site\/2010\/04\/16\/expresidente-da-funai-condena-construcao-de-belo-monte\/\"},\"author\":{\"name\":\"TMax Tecnologia\",\"@id\":\"https:\/\/www.institutodeengenharia.org.br\/site\/#\/schema\/person\/3b1ff109facef084739fc2edcb9a127f\"},\"headline\":\"Ex-presidente da Funai condena constru\u00e7\u00e3o de Belo Monte\",\"datePublished\":\"2010-04-16T22:42:10+00:00\",\"mainEntityOfPage\":{\"@id\":\"https:\/\/www.institutodeengenharia.org.br\/site\/2010\/04\/16\/expresidente-da-funai-condena-construcao-de-belo-monte\/\"},\"wordCount\":614,\"commentCount\":0,\"publisher\":{\"@id\":\"https:\/\/www.institutodeengenharia.org.br\/site\/#organization\"},\"articleSection\":[\"Energia\",\"Not\u00edcias\"],\"inLanguage\":\"pt-BR\",\"potentialAction\":[{\"@type\":\"CommentAction\",\"name\":\"Comment\",\"target\":[\"https:\/\/www.institutodeengenharia.org.br\/site\/2010\/04\/16\/expresidente-da-funai-condena-construcao-de-belo-monte\/#respond\"]}]},{\"@type\":\"WebPage\",\"@id\":\"https:\/\/www.institutodeengenharia.org.br\/site\/2010\/04\/16\/expresidente-da-funai-condena-construcao-de-belo-monte\/\",\"url\":\"https:\/\/www.institutodeengenharia.org.br\/site\/2010\/04\/16\/expresidente-da-funai-condena-construcao-de-belo-monte\/\",\"name\":\"Ex-presidente da Funai condena constru\u00e7\u00e3o de Belo Monte - Instituto de Engenharia\",\"isPartOf\":{\"@id\":\"https:\/\/www.institutodeengenharia.org.br\/site\/#website\"},\"datePublished\":\"2010-04-16T22:42:10+00:00\",\"breadcrumb\":{\"@id\":\"https:\/\/www.institutodeengenharia.org.br\/site\/2010\/04\/16\/expresidente-da-funai-condena-construcao-de-belo-monte\/#breadcrumb\"},\"inLanguage\":\"pt-BR\",\"potentialAction\":[{\"@type\":\"ReadAction\",\"target\":[\"https:\/\/www.institutodeengenharia.org.br\/site\/2010\/04\/16\/expresidente-da-funai-condena-construcao-de-belo-monte\/\"]}]},{\"@type\":\"BreadcrumbList\",\"@id\":\"https:\/\/www.institutodeengenharia.org.br\/site\/2010\/04\/16\/expresidente-da-funai-condena-construcao-de-belo-monte\/#breadcrumb\",\"itemListElement\":[{\"@type\":\"ListItem\",\"position\":1,\"name\":\"In\u00edcio\",\"item\":\"https:\/\/www.institutodeengenharia.org.br\/site\/\"},{\"@type\":\"ListItem\",\"position\":2,\"name\":\"Ex-presidente da Funai condena constru\u00e7\u00e3o de Belo Monte\"}]},{\"@type\":\"WebSite\",\"@id\":\"https:\/\/www.institutodeengenharia.org.br\/site\/#website\",\"url\":\"https:\/\/www.institutodeengenharia.org.br\/site\/\",\"name\":\"Instituto de Engenharia\",\"description\":\"O Instituto de Engenharia promove a Engenharia em benef\u00edcio do desenvolvimento e da qualidade de vida da sociedade.\",\"publisher\":{\"@id\":\"https:\/\/www.institutodeengenharia.org.br\/site\/#organization\"},\"potentialAction\":[{\"@type\":\"SearchAction\",\"target\":{\"@type\":\"EntryPoint\",\"urlTemplate\":\"https:\/\/www.institutodeengenharia.org.br\/site\/?s={search_term_string}\"},\"query-input\":{\"@type\":\"PropertyValueSpecification\",\"valueRequired\":true,\"valueName\":\"search_term_string\"}}],\"inLanguage\":\"pt-BR\"},{\"@type\":\"Organization\",\"@id\":\"https:\/\/www.institutodeengenharia.org.br\/site\/#organization\",\"name\":\"Instituto de Engenharia\",\"url\":\"https:\/\/www.institutodeengenharia.org.br\/site\/\",\"logo\":{\"@type\":\"ImageObject\",\"inLanguage\":\"pt-BR\",\"@id\":\"https:\/\/www.institutodeengenharia.org.br\/site\/#\/schema\/logo\/image\/\",\"url\":\"https:\/\/www.institutodeengenharia.org.br\/site\/wp-content\/uploads\/2019\/03\/logo-novo-IE2018-1.jpg\",\"contentUrl\":\"https:\/\/www.institutodeengenharia.org.br\/site\/wp-content\/uploads\/2019\/03\/logo-novo-IE2018-1.jpg\",\"width\":1486,\"height\":1879,\"caption\":\"Instituto de Engenharia\"},\"image\":{\"@id\":\"https:\/\/www.institutodeengenharia.org.br\/site\/#\/schema\/logo\/image\/\"},\"sameAs\":[\"https:\/\/www.facebook.com\/institutodeengenharia\",\"https:\/\/x.com\/iengenharia\",\"https:\/\/www.instagram.com\/institutodeengenharia\/\",\"https:\/\/www.linkedin.com\/company\/instituto-de-engenharia\/\",\"https:\/\/www.youtube.com\/channel\/UCXiCAlsSMe977vamW915HxA\"]},{\"@type\":\"Person\",\"@id\":\"https:\/\/www.institutodeengenharia.org.br\/site\/#\/schema\/person\/3b1ff109facef084739fc2edcb9a127f\",\"name\":\"TMax Tecnologia\",\"image\":{\"@type\":\"ImageObject\",\"inLanguage\":\"pt-BR\",\"@id\":\"https:\/\/secure.gravatar.com\/avatar\/f912434ef7f389c92cb311fcdae346af848465d638912574b3c669070f797701?s=96&d=mm&r=g\",\"url\":\"https:\/\/secure.gravatar.com\/avatar\/f912434ef7f389c92cb311fcdae346af848465d638912574b3c669070f797701?s=96&d=mm&r=g\",\"contentUrl\":\"https:\/\/secure.gravatar.com\/avatar\/f912434ef7f389c92cb311fcdae346af848465d638912574b3c669070f797701?s=96&d=mm&r=g\",\"caption\":\"TMax Tecnologia\"},\"url\":\"https:\/\/www.institutodeengenharia.org.br\/site\/author\/tmax\/\"}]}<\/script>\n<!-- \/ Yoast SEO plugin. -->","yoast_head_json":{"title":"Ex-presidente da Funai condena constru\u00e7\u00e3o de Belo Monte - Instituto de Engenharia","robots":{"index":"index","follow":"follow","max-snippet":"max-snippet:-1","max-image-preview":"max-image-preview:large","max-video-preview":"max-video-preview:-1"},"canonical":"https:\/\/www.institutodeengenharia.org.br\/site\/2010\/04\/16\/expresidente-da-funai-condena-construcao-de-belo-monte\/","og_locale":"pt_BR","og_type":"article","og_title":"Ex-presidente da Funai condena constru\u00e7\u00e3o de Belo Monte - Instituto de Engenharia","og_description":"O ex-presidente da Funda\u00e7\u00e3o Nacional do \u00cdndio (Funai) M\u00e9rcio Gomes afirmou na quinta-feira (15) que o projeto de constru\u00e7\u00e3o da Usina Hidrel\u00e9trica de Belo Monte (PA), suspenso ontem (14) pela Justi\u00e7a Federal, \u00e9 mal feito e afetar\u00e1 \u201cprofundamente\u201d cerca de mil ind\u00edgenas das etnias Arara, Juruna e Xikrin, al\u00e9m de ribeirinhos.&nbsp; O impacto \u00e0s comunidades [&hellip;]","og_url":"https:\/\/www.institutodeengenharia.org.br\/site\/2010\/04\/16\/expresidente-da-funai-condena-construcao-de-belo-monte\/","og_site_name":"Instituto de Engenharia","article_publisher":"https:\/\/www.facebook.com\/institutodeengenharia","article_published_time":"2010-04-16T22:42:10+00:00","author":"TMax Tecnologia","twitter_card":"summary_large_image","twitter_creator":"@iengenharia","twitter_site":"@iengenharia","twitter_misc":{"Escrito por":"TMax Tecnologia","Est. tempo de leitura":"3 minutos"},"schema":{"@context":"https:\/\/schema.org","@graph":[{"@type":"Article","@id":"https:\/\/www.institutodeengenharia.org.br\/site\/2010\/04\/16\/expresidente-da-funai-condena-construcao-de-belo-monte\/#article","isPartOf":{"@id":"https:\/\/www.institutodeengenharia.org.br\/site\/2010\/04\/16\/expresidente-da-funai-condena-construcao-de-belo-monte\/"},"author":{"name":"TMax Tecnologia","@id":"https:\/\/www.institutodeengenharia.org.br\/site\/#\/schema\/person\/3b1ff109facef084739fc2edcb9a127f"},"headline":"Ex-presidente da Funai condena constru\u00e7\u00e3o de Belo Monte","datePublished":"2010-04-16T22:42:10+00:00","mainEntityOfPage":{"@id":"https:\/\/www.institutodeengenharia.org.br\/site\/2010\/04\/16\/expresidente-da-funai-condena-construcao-de-belo-monte\/"},"wordCount":614,"commentCount":0,"publisher":{"@id":"https:\/\/www.institutodeengenharia.org.br\/site\/#organization"},"articleSection":["Energia","Not\u00edcias"],"inLanguage":"pt-BR","potentialAction":[{"@type":"CommentAction","name":"Comment","target":["https:\/\/www.institutodeengenharia.org.br\/site\/2010\/04\/16\/expresidente-da-funai-condena-construcao-de-belo-monte\/#respond"]}]},{"@type":"WebPage","@id":"https:\/\/www.institutodeengenharia.org.br\/site\/2010\/04\/16\/expresidente-da-funai-condena-construcao-de-belo-monte\/","url":"https:\/\/www.institutodeengenharia.org.br\/site\/2010\/04\/16\/expresidente-da-funai-condena-construcao-de-belo-monte\/","name":"Ex-presidente da Funai condena constru\u00e7\u00e3o de Belo Monte - Instituto de Engenharia","isPartOf":{"@id":"https:\/\/www.institutodeengenharia.org.br\/site\/#website"},"datePublished":"2010-04-16T22:42:10+00:00","breadcrumb":{"@id":"https:\/\/www.institutodeengenharia.org.br\/site\/2010\/04\/16\/expresidente-da-funai-condena-construcao-de-belo-monte\/#breadcrumb"},"inLanguage":"pt-BR","potentialAction":[{"@type":"ReadAction","target":["https:\/\/www.institutodeengenharia.org.br\/site\/2010\/04\/16\/expresidente-da-funai-condena-construcao-de-belo-monte\/"]}]},{"@type":"BreadcrumbList","@id":"https:\/\/www.institutodeengenharia.org.br\/site\/2010\/04\/16\/expresidente-da-funai-condena-construcao-de-belo-monte\/#breadcrumb","itemListElement":[{"@type":"ListItem","position":1,"name":"In\u00edcio","item":"https:\/\/www.institutodeengenharia.org.br\/site\/"},{"@type":"ListItem","position":2,"name":"Ex-presidente da Funai condena constru\u00e7\u00e3o de Belo Monte"}]},{"@type":"WebSite","@id":"https:\/\/www.institutodeengenharia.org.br\/site\/#website","url":"https:\/\/www.institutodeengenharia.org.br\/site\/","name":"Instituto de Engenharia","description":"O Instituto de Engenharia promove a Engenharia em benef\u00edcio do desenvolvimento e da qualidade de vida da sociedade.","publisher":{"@id":"https:\/\/www.institutodeengenharia.org.br\/site\/#organization"},"potentialAction":[{"@type":"SearchAction","target":{"@type":"EntryPoint","urlTemplate":"https:\/\/www.institutodeengenharia.org.br\/site\/?s={search_term_string}"},"query-input":{"@type":"PropertyValueSpecification","valueRequired":true,"valueName":"search_term_string"}}],"inLanguage":"pt-BR"},{"@type":"Organization","@id":"https:\/\/www.institutodeengenharia.org.br\/site\/#organization","name":"Instituto de Engenharia","url":"https:\/\/www.institutodeengenharia.org.br\/site\/","logo":{"@type":"ImageObject","inLanguage":"pt-BR","@id":"https:\/\/www.institutodeengenharia.org.br\/site\/#\/schema\/logo\/image\/","url":"https:\/\/www.institutodeengenharia.org.br\/site\/wp-content\/uploads\/2019\/03\/logo-novo-IE2018-1.jpg","contentUrl":"https:\/\/www.institutodeengenharia.org.br\/site\/wp-content\/uploads\/2019\/03\/logo-novo-IE2018-1.jpg","width":1486,"height":1879,"caption":"Instituto de Engenharia"},"image":{"@id":"https:\/\/www.institutodeengenharia.org.br\/site\/#\/schema\/logo\/image\/"},"sameAs":["https:\/\/www.facebook.com\/institutodeengenharia","https:\/\/x.com\/iengenharia","https:\/\/www.instagram.com\/institutodeengenharia\/","https:\/\/www.linkedin.com\/company\/instituto-de-engenharia\/","https:\/\/www.youtube.com\/channel\/UCXiCAlsSMe977vamW915HxA"]},{"@type":"Person","@id":"https:\/\/www.institutodeengenharia.org.br\/site\/#\/schema\/person\/3b1ff109facef084739fc2edcb9a127f","name":"TMax Tecnologia","image":{"@type":"ImageObject","inLanguage":"pt-BR","@id":"https:\/\/secure.gravatar.com\/avatar\/f912434ef7f389c92cb311fcdae346af848465d638912574b3c669070f797701?s=96&d=mm&r=g","url":"https:\/\/secure.gravatar.com\/avatar\/f912434ef7f389c92cb311fcdae346af848465d638912574b3c669070f797701?s=96&d=mm&r=g","contentUrl":"https:\/\/secure.gravatar.com\/avatar\/f912434ef7f389c92cb311fcdae346af848465d638912574b3c669070f797701?s=96&d=mm&r=g","caption":"TMax Tecnologia"},"url":"https:\/\/www.institutodeengenharia.org.br\/site\/author\/tmax\/"}]}},"_links":{"self":[{"href":"https:\/\/www.institutodeengenharia.org.br\/site\/wp-json\/wp\/v2\/posts\/18000","targetHints":{"allow":["GET"]}}],"collection":[{"href":"https:\/\/www.institutodeengenharia.org.br\/site\/wp-json\/wp\/v2\/posts"}],"about":[{"href":"https:\/\/www.institutodeengenharia.org.br\/site\/wp-json\/wp\/v2\/types\/post"}],"author":[{"embeddable":true,"href":"https:\/\/www.institutodeengenharia.org.br\/site\/wp-json\/wp\/v2\/users\/1"}],"replies":[{"embeddable":true,"href":"https:\/\/www.institutodeengenharia.org.br\/site\/wp-json\/wp\/v2\/comments?post=18000"}],"version-history":[{"count":0,"href":"https:\/\/www.institutodeengenharia.org.br\/site\/wp-json\/wp\/v2\/posts\/18000\/revisions"}],"wp:attachment":[{"href":"https:\/\/www.institutodeengenharia.org.br\/site\/wp-json\/wp\/v2\/media?parent=18000"}],"wp:term":[{"taxonomy":"category","embeddable":true,"href":"https:\/\/www.institutodeengenharia.org.br\/site\/wp-json\/wp\/v2\/categories?post=18000"},{"taxonomy":"post_tag","embeddable":true,"href":"https:\/\/www.institutodeengenharia.org.br\/site\/wp-json\/wp\/v2\/tags?post=18000"}],"curies":[{"name":"wp","href":"https:\/\/api.w.org\/{rel}","templated":true}]}}