{"id":17977,"date":"2010-04-13T22:41:51","date_gmt":"2010-04-13T22:41:51","guid":{"rendered":"https:\/\/www.institutodeengenharia.org.br\/?p=17977"},"modified":"2010-04-13T16:35:38","modified_gmt":"2010-04-13T16:35:38","slug":"quip-comeca-obras-da-p63-em-janeiro","status":"publish","type":"post","link":"https:\/\/www.institutodeengenharia.org.br\/site\/2010\/04\/13\/quip-comeca-obras-da-p63-em-janeiro\/","title":{"rendered":"Quip come\u00e7a obras da P-63 em janeiro"},"content":{"rendered":"<p>\nRespons\u00e1vel pela implanta\u00e7\u00e3o da primeira plataforma de petr\u00f3leo em Rio Grande, a P-53, o Cons\u00f3rcio Quip (formado pelas empresas Queiroz Galv\u00e3o, UTC Engenharia, Camargo Corr\u00eaa, IESA e PJMR) organiza a montagem da P-63 no mesmo munic\u00edpio. A constru\u00e7\u00e3o do complexo dever\u00e1 come\u00e7ar no primeiro bimestre de 2011. A expectativa \u00e9 de que a a\u00e7\u00e3o gere em m\u00e9dia 1,8 mil vagas de trabalho diretas, com pico de 4 mil e 7,5 mil empregos indiretos durante o per\u00edodo de constru\u00e7\u00e3o da estrutura. <\/p>\n<p>No momento, a Quip faz a prepara\u00e7\u00e3o dos canteiros de obras, os trabalhos de engenharia e a compra de equipamentos e materiais. A companhia dever\u00e1 investir mais R$ 45 milh\u00f5es em suas instala\u00e7\u00f5es em Rio Grande para realizar a nova plataforma. A assinatura do contrato da P-63, que ser\u00e1 executado atrav\u00e9s da joint venture formada entre os grupos Quip e BW Offshore, foi feita no final de janeiro. O prazo de entrega do empreendimento, encomendado pela Petrobras e que ter\u00e1 um custo de US$ 1,3 bilh\u00e3o, \u00e9 de 35 meses. <\/p>\n<p>O diretor de suporte corporativo do Cons\u00f3rcio Quip, Marcos Reis, salienta que esse projeto possui um diferencial. Ele explica que, at\u00e9 agora, todos os contratos de plataformas no Brasil previam apenas a constru\u00e7\u00e3o e a entrega para a Petrobras. O acordo da P-63 prev\u00ea a implanta\u00e7\u00e3o e uma opera\u00e7\u00e3o por 30 meses antes de ser repassada para a Petrobras. Quem ser\u00e1 respons\u00e1vel pela estrutura at\u00e9 l\u00e1 ser\u00e1 uma empresa que comp\u00f5e o grupo Quip, a Queiroz Galv\u00e3o \u00d3leo e G\u00e1s, e a BW Offshore. Reis argumenta que um dos motivos dessa decis\u00e3o \u00e9 a garantia de performance do equipamento e de sua operacionalidade. <\/p>\n<p>A P-63 ser\u00e1 uma plataforma do tipo FPSO (Floating Production Storage and Offloading) e ter\u00e1 capacidade para processar 140 mil barris por dia de petr\u00f3leo e 1 milh\u00e3o de metros c\u00fabicos di\u00e1rios de g\u00e1s natural. A unidade gerar\u00e1 98 MWh de energia e armazenar\u00e1 at\u00e9 1,4 milh\u00e3o de barris de petr\u00f3leo. <\/p>\n<p>Depois de conclu\u00edda essa iniciativa, Reis revela que a Quip planeja ampliar ainda mais suas instala\u00e7\u00f5es em Rio Grande. O investimento previsto nessa nova expans\u00e3o \u00e9 de cerca de R$ 125 milh\u00f5es, mas, para isso se concretizar, o grupo ainda precisa garantir outros contratos em licita\u00e7\u00f5es realizadas pela Petrobras. Entre os poss\u00edveis neg\u00f3cios est\u00e3o a implanta\u00e7\u00e3o das plataformas P-58 e P-62. Reis relata que os processos licitat\u00f3rios da P-58 e da P-62 dever\u00e3o ser conclu\u00eddos at\u00e9 o final do ano. <\/p>\n<p>A expans\u00e3o da Quip, segundo Reis, constituiria um dos maiores estaleiros das Am\u00e9ricas, com capacidade para operar com tr\u00eas a quatro obras de plataformas simultaneamente. Esse complexo poder\u00e1 gerar at\u00e9 seis mil postos de trabalho diretos e 18 mil indiretos. <\/p>\n<p>\n<strong>P-55 deve gerar R$ 100 milh\u00f5es em neg\u00f3cios no Rio Grande do Sul<\/strong>\u00a0<\/p>\n<p>Al\u00e9m da P-63, a Quip j\u00e1 est\u00e1 construindo, no dique seco de Rio Grande, a plataforma P-55, cujo custo ser\u00e1 de US$ 876 milh\u00f5es. Com essa iniciativa s\u00e3o gerados em m\u00e9dia 1,5 mil empregos diretos, com pico de 3,5 mil homens e 5 mil indiretos. O diretor de suporte corporativo do Cons\u00f3rcio Quip, Marcos Reis, estima que a realiza\u00e7\u00e3o da plataforma desencadear\u00e1 cerca de R$ 100 milh\u00f5es em neg\u00f3cios no Rio Grande do Sul, atrav\u00e9s da aquisi\u00e7\u00e3o de materiais e outras demandas. <\/p>\n<p>A opera\u00e7\u00e3o da P-55 dever\u00e1 ocorrer at\u00e9 o final de 2012. A estrutura ter\u00e1 capacidade para trabalhar com 180 mil barris de petr\u00f3leo por dia e 4 milh\u00f5es de metros c\u00fabicos de g\u00e1s natural di\u00e1rios. Na tarde de ontem, a governadora Yeda Crusius, juntamente com pol\u00edticos e dirigentes da Quip, acompanhou, no Audit\u00f3rio da Superintend\u00eancia de Portos e Hidrovias (SPH), em Porto Alegre, a apresenta\u00e7\u00e3o dos planos de investimentos no polo naval de Rio Grande. Yeda destacou a import\u00e2ncia do porto ga\u00facho na atra\u00e7\u00e3o de novos empreendimentos para o Estado. <\/p>\n<p>Na ocasi\u00e3o tamb\u00e9m foram apresentados os resultados da j\u00e1 conclu\u00edda P-53, que teve custo total de US$ 1,5 bilh\u00e3o e gerou aproximadamente 1,4 mil empregos diretos, com um pico de 4 mil homens, e 6 mil indiretos. A plataforma fomentou R$ 121 milh\u00f5es em neg\u00f3cios no Estado. \u201cTemos orgulho de ser pioneiros e contribuir para a consolida\u00e7\u00e3o do polo naval ga\u00facho\u201d, enfatizou Reis em sua apresenta\u00e7\u00e3o. \u201c\u00c9 realmente olhar o Rio Grande para o futuro e para sua voca\u00e7\u00e3o cada vez mais consolidada\u201d, acrescentou a governadora.<\/p>\n<p><b>Autor: Jornal do Com\u00e9rcio<\/b><\/p>\n","protected":false},"excerpt":{"rendered":"<p>Respons\u00e1vel pela implanta\u00e7\u00e3o da primeira plataforma de petr\u00f3leo em Rio Grande, a P-53, o Cons\u00f3rcio Quip (formado pelas empresas Queiroz Galv\u00e3o, UTC Engenharia, Camargo Corr\u00eaa, IESA e PJMR) organiza a montagem da P-63 no mesmo munic\u00edpio. A constru\u00e7\u00e3o do complexo dever\u00e1 come\u00e7ar no primeiro bimestre de 2011. A expectativa \u00e9 de que a a\u00e7\u00e3o gere [&hellip;]<\/p>\n","protected":false},"author":1,"featured_media":0,"comment_status":"open","ping_status":"open","sticky":false,"template":"","format":"standard","meta":{"footnotes":""},"categories":[24,6],"tags":[],"class_list":{"0":"post-17977","1":"post","2":"type-post","3":"status-publish","4":"format-standard","6":"category-energia","7":"category-noticias"},"yoast_head":"<!-- This site is optimized with the Yoast SEO plugin v27.2 - https:\/\/yoast.com\/product\/yoast-seo-wordpress\/ -->\n<title>Quip come\u00e7a obras da P-63 em janeiro - Instituto de Engenharia<\/title>\n<meta name=\"robots\" content=\"index, follow, max-snippet:-1, max-image-preview:large, max-video-preview:-1\" \/>\n<link rel=\"canonical\" href=\"https:\/\/www.institutodeengenharia.org.br\/site\/2010\/04\/13\/quip-comeca-obras-da-p63-em-janeiro\/\" \/>\n<meta property=\"og:locale\" content=\"pt_BR\" \/>\n<meta property=\"og:type\" content=\"article\" \/>\n<meta property=\"og:title\" content=\"Quip come\u00e7a obras da P-63 em janeiro - Instituto de Engenharia\" \/>\n<meta property=\"og:description\" content=\"Respons\u00e1vel pela implanta\u00e7\u00e3o da primeira plataforma de petr\u00f3leo em Rio Grande, a P-53, o Cons\u00f3rcio Quip (formado pelas empresas Queiroz Galv\u00e3o, UTC Engenharia, Camargo Corr\u00eaa, IESA e PJMR) organiza a montagem da P-63 no mesmo munic\u00edpio. A constru\u00e7\u00e3o do complexo dever\u00e1 come\u00e7ar no primeiro bimestre de 2011. A expectativa \u00e9 de que a a\u00e7\u00e3o gere [&hellip;]\" \/>\n<meta property=\"og:url\" content=\"https:\/\/www.institutodeengenharia.org.br\/site\/2010\/04\/13\/quip-comeca-obras-da-p63-em-janeiro\/\" \/>\n<meta property=\"og:site_name\" content=\"Instituto de Engenharia\" \/>\n<meta property=\"article:publisher\" content=\"https:\/\/www.facebook.com\/institutodeengenharia\" \/>\n<meta property=\"article:published_time\" content=\"2010-04-13T22:41:51+00:00\" \/>\n<meta name=\"author\" content=\"TMax Tecnologia\" \/>\n<meta name=\"twitter:card\" content=\"summary_large_image\" \/>\n<meta name=\"twitter:creator\" content=\"@iengenharia\" \/>\n<meta name=\"twitter:site\" content=\"@iengenharia\" \/>\n<meta name=\"twitter:label1\" content=\"Escrito por\" \/>\n\t<meta name=\"twitter:data1\" content=\"TMax Tecnologia\" \/>\n\t<meta name=\"twitter:label2\" content=\"Est. tempo de leitura\" \/>\n\t<meta name=\"twitter:data2\" content=\"4 minutos\" \/>\n<script type=\"application\/ld+json\" class=\"yoast-schema-graph\">{\"@context\":\"https:\/\/schema.org\",\"@graph\":[{\"@type\":\"Article\",\"@id\":\"https:\/\/www.institutodeengenharia.org.br\/site\/2010\/04\/13\/quip-comeca-obras-da-p63-em-janeiro\/#article\",\"isPartOf\":{\"@id\":\"https:\/\/www.institutodeengenharia.org.br\/site\/2010\/04\/13\/quip-comeca-obras-da-p63-em-janeiro\/\"},\"author\":{\"name\":\"TMax Tecnologia\",\"@id\":\"https:\/\/www.institutodeengenharia.org.br\/site\/#\/schema\/person\/3b1ff109facef084739fc2edcb9a127f\"},\"headline\":\"Quip come\u00e7a obras da P-63 em janeiro\",\"datePublished\":\"2010-04-13T22:41:51+00:00\",\"mainEntityOfPage\":{\"@id\":\"https:\/\/www.institutodeengenharia.org.br\/site\/2010\/04\/13\/quip-comeca-obras-da-p63-em-janeiro\/\"},\"wordCount\":779,\"commentCount\":0,\"publisher\":{\"@id\":\"https:\/\/www.institutodeengenharia.org.br\/site\/#organization\"},\"articleSection\":[\"Energia\",\"Not\u00edcias\"],\"inLanguage\":\"pt-BR\",\"potentialAction\":[{\"@type\":\"CommentAction\",\"name\":\"Comment\",\"target\":[\"https:\/\/www.institutodeengenharia.org.br\/site\/2010\/04\/13\/quip-comeca-obras-da-p63-em-janeiro\/#respond\"]}]},{\"@type\":\"WebPage\",\"@id\":\"https:\/\/www.institutodeengenharia.org.br\/site\/2010\/04\/13\/quip-comeca-obras-da-p63-em-janeiro\/\",\"url\":\"https:\/\/www.institutodeengenharia.org.br\/site\/2010\/04\/13\/quip-comeca-obras-da-p63-em-janeiro\/\",\"name\":\"Quip come\u00e7a obras da P-63 em janeiro - Instituto de Engenharia\",\"isPartOf\":{\"@id\":\"https:\/\/www.institutodeengenharia.org.br\/site\/#website\"},\"datePublished\":\"2010-04-13T22:41:51+00:00\",\"breadcrumb\":{\"@id\":\"https:\/\/www.institutodeengenharia.org.br\/site\/2010\/04\/13\/quip-comeca-obras-da-p63-em-janeiro\/#breadcrumb\"},\"inLanguage\":\"pt-BR\",\"potentialAction\":[{\"@type\":\"ReadAction\",\"target\":[\"https:\/\/www.institutodeengenharia.org.br\/site\/2010\/04\/13\/quip-comeca-obras-da-p63-em-janeiro\/\"]}]},{\"@type\":\"BreadcrumbList\",\"@id\":\"https:\/\/www.institutodeengenharia.org.br\/site\/2010\/04\/13\/quip-comeca-obras-da-p63-em-janeiro\/#breadcrumb\",\"itemListElement\":[{\"@type\":\"ListItem\",\"position\":1,\"name\":\"In\u00edcio\",\"item\":\"https:\/\/www.institutodeengenharia.org.br\/site\/\"},{\"@type\":\"ListItem\",\"position\":2,\"name\":\"Quip come\u00e7a obras da P-63 em janeiro\"}]},{\"@type\":\"WebSite\",\"@id\":\"https:\/\/www.institutodeengenharia.org.br\/site\/#website\",\"url\":\"https:\/\/www.institutodeengenharia.org.br\/site\/\",\"name\":\"Instituto de Engenharia\",\"description\":\"O Instituto de Engenharia promove a Engenharia em benef\u00edcio do desenvolvimento e da qualidade de vida da sociedade.\",\"publisher\":{\"@id\":\"https:\/\/www.institutodeengenharia.org.br\/site\/#organization\"},\"potentialAction\":[{\"@type\":\"SearchAction\",\"target\":{\"@type\":\"EntryPoint\",\"urlTemplate\":\"https:\/\/www.institutodeengenharia.org.br\/site\/?s={search_term_string}\"},\"query-input\":{\"@type\":\"PropertyValueSpecification\",\"valueRequired\":true,\"valueName\":\"search_term_string\"}}],\"inLanguage\":\"pt-BR\"},{\"@type\":\"Organization\",\"@id\":\"https:\/\/www.institutodeengenharia.org.br\/site\/#organization\",\"name\":\"Instituto de Engenharia\",\"url\":\"https:\/\/www.institutodeengenharia.org.br\/site\/\",\"logo\":{\"@type\":\"ImageObject\",\"inLanguage\":\"pt-BR\",\"@id\":\"https:\/\/www.institutodeengenharia.org.br\/site\/#\/schema\/logo\/image\/\",\"url\":\"https:\/\/www.institutodeengenharia.org.br\/site\/wp-content\/uploads\/2019\/03\/logo-novo-IE2018-1.jpg\",\"contentUrl\":\"https:\/\/www.institutodeengenharia.org.br\/site\/wp-content\/uploads\/2019\/03\/logo-novo-IE2018-1.jpg\",\"width\":1486,\"height\":1879,\"caption\":\"Instituto de Engenharia\"},\"image\":{\"@id\":\"https:\/\/www.institutodeengenharia.org.br\/site\/#\/schema\/logo\/image\/\"},\"sameAs\":[\"https:\/\/www.facebook.com\/institutodeengenharia\",\"https:\/\/x.com\/iengenharia\",\"https:\/\/www.instagram.com\/institutodeengenharia\/\",\"https:\/\/www.linkedin.com\/company\/instituto-de-engenharia\/\",\"https:\/\/www.youtube.com\/channel\/UCXiCAlsSMe977vamW915HxA\"]},{\"@type\":\"Person\",\"@id\":\"https:\/\/www.institutodeengenharia.org.br\/site\/#\/schema\/person\/3b1ff109facef084739fc2edcb9a127f\",\"name\":\"TMax Tecnologia\",\"image\":{\"@type\":\"ImageObject\",\"inLanguage\":\"pt-BR\",\"@id\":\"https:\/\/secure.gravatar.com\/avatar\/f912434ef7f389c92cb311fcdae346af848465d638912574b3c669070f797701?s=96&d=mm&r=g\",\"url\":\"https:\/\/secure.gravatar.com\/avatar\/f912434ef7f389c92cb311fcdae346af848465d638912574b3c669070f797701?s=96&d=mm&r=g\",\"contentUrl\":\"https:\/\/secure.gravatar.com\/avatar\/f912434ef7f389c92cb311fcdae346af848465d638912574b3c669070f797701?s=96&d=mm&r=g\",\"caption\":\"TMax Tecnologia\"},\"url\":\"https:\/\/www.institutodeengenharia.org.br\/site\/author\/tmax\/\"}]}<\/script>\n<!-- \/ Yoast SEO plugin. -->","yoast_head_json":{"title":"Quip come\u00e7a obras da P-63 em janeiro - Instituto de Engenharia","robots":{"index":"index","follow":"follow","max-snippet":"max-snippet:-1","max-image-preview":"max-image-preview:large","max-video-preview":"max-video-preview:-1"},"canonical":"https:\/\/www.institutodeengenharia.org.br\/site\/2010\/04\/13\/quip-comeca-obras-da-p63-em-janeiro\/","og_locale":"pt_BR","og_type":"article","og_title":"Quip come\u00e7a obras da P-63 em janeiro - Instituto de Engenharia","og_description":"Respons\u00e1vel pela implanta\u00e7\u00e3o da primeira plataforma de petr\u00f3leo em Rio Grande, a P-53, o Cons\u00f3rcio Quip (formado pelas empresas Queiroz Galv\u00e3o, UTC Engenharia, Camargo Corr\u00eaa, IESA e PJMR) organiza a montagem da P-63 no mesmo munic\u00edpio. A constru\u00e7\u00e3o do complexo dever\u00e1 come\u00e7ar no primeiro bimestre de 2011. A expectativa \u00e9 de que a a\u00e7\u00e3o gere [&hellip;]","og_url":"https:\/\/www.institutodeengenharia.org.br\/site\/2010\/04\/13\/quip-comeca-obras-da-p63-em-janeiro\/","og_site_name":"Instituto de Engenharia","article_publisher":"https:\/\/www.facebook.com\/institutodeengenharia","article_published_time":"2010-04-13T22:41:51+00:00","author":"TMax Tecnologia","twitter_card":"summary_large_image","twitter_creator":"@iengenharia","twitter_site":"@iengenharia","twitter_misc":{"Escrito por":"TMax Tecnologia","Est. tempo de leitura":"4 minutos"},"schema":{"@context":"https:\/\/schema.org","@graph":[{"@type":"Article","@id":"https:\/\/www.institutodeengenharia.org.br\/site\/2010\/04\/13\/quip-comeca-obras-da-p63-em-janeiro\/#article","isPartOf":{"@id":"https:\/\/www.institutodeengenharia.org.br\/site\/2010\/04\/13\/quip-comeca-obras-da-p63-em-janeiro\/"},"author":{"name":"TMax Tecnologia","@id":"https:\/\/www.institutodeengenharia.org.br\/site\/#\/schema\/person\/3b1ff109facef084739fc2edcb9a127f"},"headline":"Quip come\u00e7a obras da P-63 em janeiro","datePublished":"2010-04-13T22:41:51+00:00","mainEntityOfPage":{"@id":"https:\/\/www.institutodeengenharia.org.br\/site\/2010\/04\/13\/quip-comeca-obras-da-p63-em-janeiro\/"},"wordCount":779,"commentCount":0,"publisher":{"@id":"https:\/\/www.institutodeengenharia.org.br\/site\/#organization"},"articleSection":["Energia","Not\u00edcias"],"inLanguage":"pt-BR","potentialAction":[{"@type":"CommentAction","name":"Comment","target":["https:\/\/www.institutodeengenharia.org.br\/site\/2010\/04\/13\/quip-comeca-obras-da-p63-em-janeiro\/#respond"]}]},{"@type":"WebPage","@id":"https:\/\/www.institutodeengenharia.org.br\/site\/2010\/04\/13\/quip-comeca-obras-da-p63-em-janeiro\/","url":"https:\/\/www.institutodeengenharia.org.br\/site\/2010\/04\/13\/quip-comeca-obras-da-p63-em-janeiro\/","name":"Quip come\u00e7a obras da P-63 em janeiro - Instituto de Engenharia","isPartOf":{"@id":"https:\/\/www.institutodeengenharia.org.br\/site\/#website"},"datePublished":"2010-04-13T22:41:51+00:00","breadcrumb":{"@id":"https:\/\/www.institutodeengenharia.org.br\/site\/2010\/04\/13\/quip-comeca-obras-da-p63-em-janeiro\/#breadcrumb"},"inLanguage":"pt-BR","potentialAction":[{"@type":"ReadAction","target":["https:\/\/www.institutodeengenharia.org.br\/site\/2010\/04\/13\/quip-comeca-obras-da-p63-em-janeiro\/"]}]},{"@type":"BreadcrumbList","@id":"https:\/\/www.institutodeengenharia.org.br\/site\/2010\/04\/13\/quip-comeca-obras-da-p63-em-janeiro\/#breadcrumb","itemListElement":[{"@type":"ListItem","position":1,"name":"In\u00edcio","item":"https:\/\/www.institutodeengenharia.org.br\/site\/"},{"@type":"ListItem","position":2,"name":"Quip come\u00e7a obras da P-63 em janeiro"}]},{"@type":"WebSite","@id":"https:\/\/www.institutodeengenharia.org.br\/site\/#website","url":"https:\/\/www.institutodeengenharia.org.br\/site\/","name":"Instituto de Engenharia","description":"O Instituto de Engenharia promove a Engenharia em benef\u00edcio do desenvolvimento e da qualidade de vida da sociedade.","publisher":{"@id":"https:\/\/www.institutodeengenharia.org.br\/site\/#organization"},"potentialAction":[{"@type":"SearchAction","target":{"@type":"EntryPoint","urlTemplate":"https:\/\/www.institutodeengenharia.org.br\/site\/?s={search_term_string}"},"query-input":{"@type":"PropertyValueSpecification","valueRequired":true,"valueName":"search_term_string"}}],"inLanguage":"pt-BR"},{"@type":"Organization","@id":"https:\/\/www.institutodeengenharia.org.br\/site\/#organization","name":"Instituto de Engenharia","url":"https:\/\/www.institutodeengenharia.org.br\/site\/","logo":{"@type":"ImageObject","inLanguage":"pt-BR","@id":"https:\/\/www.institutodeengenharia.org.br\/site\/#\/schema\/logo\/image\/","url":"https:\/\/www.institutodeengenharia.org.br\/site\/wp-content\/uploads\/2019\/03\/logo-novo-IE2018-1.jpg","contentUrl":"https:\/\/www.institutodeengenharia.org.br\/site\/wp-content\/uploads\/2019\/03\/logo-novo-IE2018-1.jpg","width":1486,"height":1879,"caption":"Instituto de Engenharia"},"image":{"@id":"https:\/\/www.institutodeengenharia.org.br\/site\/#\/schema\/logo\/image\/"},"sameAs":["https:\/\/www.facebook.com\/institutodeengenharia","https:\/\/x.com\/iengenharia","https:\/\/www.instagram.com\/institutodeengenharia\/","https:\/\/www.linkedin.com\/company\/instituto-de-engenharia\/","https:\/\/www.youtube.com\/channel\/UCXiCAlsSMe977vamW915HxA"]},{"@type":"Person","@id":"https:\/\/www.institutodeengenharia.org.br\/site\/#\/schema\/person\/3b1ff109facef084739fc2edcb9a127f","name":"TMax Tecnologia","image":{"@type":"ImageObject","inLanguage":"pt-BR","@id":"https:\/\/secure.gravatar.com\/avatar\/f912434ef7f389c92cb311fcdae346af848465d638912574b3c669070f797701?s=96&d=mm&r=g","url":"https:\/\/secure.gravatar.com\/avatar\/f912434ef7f389c92cb311fcdae346af848465d638912574b3c669070f797701?s=96&d=mm&r=g","contentUrl":"https:\/\/secure.gravatar.com\/avatar\/f912434ef7f389c92cb311fcdae346af848465d638912574b3c669070f797701?s=96&d=mm&r=g","caption":"TMax Tecnologia"},"url":"https:\/\/www.institutodeengenharia.org.br\/site\/author\/tmax\/"}]}},"_links":{"self":[{"href":"https:\/\/www.institutodeengenharia.org.br\/site\/wp-json\/wp\/v2\/posts\/17977","targetHints":{"allow":["GET"]}}],"collection":[{"href":"https:\/\/www.institutodeengenharia.org.br\/site\/wp-json\/wp\/v2\/posts"}],"about":[{"href":"https:\/\/www.institutodeengenharia.org.br\/site\/wp-json\/wp\/v2\/types\/post"}],"author":[{"embeddable":true,"href":"https:\/\/www.institutodeengenharia.org.br\/site\/wp-json\/wp\/v2\/users\/1"}],"replies":[{"embeddable":true,"href":"https:\/\/www.institutodeengenharia.org.br\/site\/wp-json\/wp\/v2\/comments?post=17977"}],"version-history":[{"count":0,"href":"https:\/\/www.institutodeengenharia.org.br\/site\/wp-json\/wp\/v2\/posts\/17977\/revisions"}],"wp:attachment":[{"href":"https:\/\/www.institutodeengenharia.org.br\/site\/wp-json\/wp\/v2\/media?parent=17977"}],"wp:term":[{"taxonomy":"category","embeddable":true,"href":"https:\/\/www.institutodeengenharia.org.br\/site\/wp-json\/wp\/v2\/categories?post=17977"},{"taxonomy":"post_tag","embeddable":true,"href":"https:\/\/www.institutodeengenharia.org.br\/site\/wp-json\/wp\/v2\/tags?post=17977"}],"curies":[{"name":"wp","href":"https:\/\/api.w.org\/{rel}","templated":true}]}}