{"id":17972,"date":"2010-04-13T22:41:46","date_gmt":"2010-04-13T22:41:46","guid":{"rendered":"https:\/\/www.institutodeengenharia.org.br\/?p=17972"},"modified":"2010-04-13T13:52:02","modified_gmt":"2010-04-13T13:52:02","slug":"prefeitura-de-sp-encomenda-carros-eletricos-para-frota-da-cet","status":"publish","type":"post","link":"https:\/\/www.institutodeengenharia.org.br\/site\/2010\/04\/13\/prefeitura-de-sp-encomenda-carros-eletricos-para-frota-da-cet\/","title":{"rendered":"Prefeitura de SP encomenda carros el\u00e9tricos para frota da CET"},"content":{"rendered":"<p>Prefeitura de S\u00e3o Paulo encomendou nesta ter\u00e7a-feira (13) carros el\u00e9tricos para a frota da Companhia de Engenharia de Tr\u00e1fego (CET). O pedido foi feito pelo prefeito Gilberto Kassab durante o evento de assinatura de um protocolo de inten\u00e7\u00f5es do munic\u00edpio com a Alian\u00e7a Renault-Nissan, que vem produzindo os carros. <\/p>\n<p>\u201cQueremos que pelo menos parte da frota da CET j\u00e1 esteja circulando, at\u00e9 o fim deste ano, com os carros el\u00e9tricos\u201d, afirmou o prefeito. Depois se dirigiu ao presidente e CEO mundial da Alian\u00e7a Renault-Nissan, Carlos Ghosn, e oficializou o pedido. \u201cFica aqui publicamente feita a encomenda para chegar ainda neste ano.\u201d <\/p>\n<p>A parceria entre S\u00e3o Paulo e a empresa consiste basicamente em estudar como o ve\u00edculo el\u00e9trico, que segundo os fabricantes n\u00e3o emite gases poluentes, pode ser implementado na cidade. Al\u00e9m de avaliar os investimentos necess\u00e1rios para a viabiliza\u00e7\u00e3o do projeto \u2013que, segundo Ghosn n\u00e3o funcionaria sem incentivos do governo. <\/p>\n<p>\u201cO mais importante \u00e9 a parceria entre p\u00fablico e privado, que vai nos permitir avan\u00e7ar na luta contra a polui\u00e7\u00e3o na cidade de S\u00e3o Paulo\u201d, afirmou o prefeito. <\/p>\n<p>Para a implementa\u00e7\u00e3o de uma frota de carros el\u00e9tricos, no entanto, \u00e9 necess\u00e1rio que se crie primeiro infraestrutura para que eles funcionem, como uma rede de recarga, onde os ve\u00edculos s\u00e3o abastecidos \u2013o que a cidade ainda n\u00e3o possui. <\/p>\n<p>N\u00e3o foi falado sobre os valores dessa frota encomendada pela prefeitura. De acordo com o presidente da Renault-Nissan, \u00e9 preciso definir primeiro que tipo de ve\u00edculo seria o escolhido, pois j\u00e1 foram desenvolvidos tr\u00eas modelos. Ele afirmou, no entanto, que mediante incentivo dos governos para o in\u00edcio da produ\u00e7\u00e3o em massa, \u00e9 poss\u00edvel que o carro el\u00e9trico atinja valor semelhante ao de seus equivalentes com combust\u00edvel. <\/p>\n<p>Ainda n\u00e3o h\u00e1 data definida para que esses ve\u00edculos sejam comercializados no Brasil, mas nos Estados Unidos e no Jap\u00e3o as vendas para o p\u00fablico j\u00e1 devem ter in\u00edcio neste ano. <\/p>\n<p><b>Autor: G1<\/b><\/p>\n","protected":false},"excerpt":{"rendered":"<p>Prefeitura de S\u00e3o Paulo encomendou nesta ter\u00e7a-feira (13) carros el\u00e9tricos para a frota da Companhia de Engenharia de Tr\u00e1fego (CET). O pedido foi feito pelo prefeito Gilberto Kassab durante o evento de assinatura de um protocolo de inten\u00e7\u00f5es do munic\u00edpio com a Alian\u00e7a Renault-Nissan, que vem produzindo os carros. \u201cQueremos que pelo menos parte da [&hellip;]<\/p>\n","protected":false},"author":1,"featured_media":0,"comment_status":"open","ping_status":"open","sticky":false,"template":"","format":"standard","meta":{"footnotes":""},"categories":[6,41],"tags":[],"class_list":{"0":"post-17972","1":"post","2":"type-post","3":"status-publish","4":"format-standard","6":"category-noticias","7":"category-transportes"},"yoast_head":"<!-- This site is optimized with the Yoast SEO plugin v27.2 - https:\/\/yoast.com\/product\/yoast-seo-wordpress\/ -->\n<title>Prefeitura de SP encomenda carros el\u00e9tricos para frota da CET - Instituto de Engenharia<\/title>\n<meta name=\"robots\" content=\"index, follow, max-snippet:-1, max-image-preview:large, max-video-preview:-1\" \/>\n<link rel=\"canonical\" href=\"https:\/\/www.institutodeengenharia.org.br\/site\/2010\/04\/13\/prefeitura-de-sp-encomenda-carros-eletricos-para-frota-da-cet\/\" \/>\n<meta property=\"og:locale\" content=\"pt_BR\" \/>\n<meta property=\"og:type\" content=\"article\" \/>\n<meta property=\"og:title\" content=\"Prefeitura de SP encomenda carros el\u00e9tricos para frota da CET - Instituto de Engenharia\" \/>\n<meta property=\"og:description\" content=\"Prefeitura de S\u00e3o Paulo encomendou nesta ter\u00e7a-feira (13) carros el\u00e9tricos para a frota da Companhia de Engenharia de Tr\u00e1fego (CET). O pedido foi feito pelo prefeito Gilberto Kassab durante o evento de assinatura de um protocolo de inten\u00e7\u00f5es do munic\u00edpio com a Alian\u00e7a Renault-Nissan, que vem produzindo os carros. \u201cQueremos que pelo menos parte da [&hellip;]\" \/>\n<meta property=\"og:url\" content=\"https:\/\/www.institutodeengenharia.org.br\/site\/2010\/04\/13\/prefeitura-de-sp-encomenda-carros-eletricos-para-frota-da-cet\/\" \/>\n<meta property=\"og:site_name\" content=\"Instituto de Engenharia\" \/>\n<meta property=\"article:publisher\" content=\"https:\/\/www.facebook.com\/institutodeengenharia\" \/>\n<meta property=\"article:published_time\" content=\"2010-04-13T22:41:46+00:00\" \/>\n<meta name=\"author\" content=\"TMax Tecnologia\" \/>\n<meta name=\"twitter:card\" content=\"summary_large_image\" \/>\n<meta name=\"twitter:creator\" content=\"@iengenharia\" \/>\n<meta name=\"twitter:site\" content=\"@iengenharia\" \/>\n<meta name=\"twitter:label1\" content=\"Escrito por\" \/>\n\t<meta name=\"twitter:data1\" content=\"TMax Tecnologia\" \/>\n\t<meta name=\"twitter:label2\" content=\"Est. tempo de leitura\" \/>\n\t<meta name=\"twitter:data2\" content=\"2 minutos\" \/>\n<script type=\"application\/ld+json\" class=\"yoast-schema-graph\">{\"@context\":\"https:\/\/schema.org\",\"@graph\":[{\"@type\":\"Article\",\"@id\":\"https:\/\/www.institutodeengenharia.org.br\/site\/2010\/04\/13\/prefeitura-de-sp-encomenda-carros-eletricos-para-frota-da-cet\/#article\",\"isPartOf\":{\"@id\":\"https:\/\/www.institutodeengenharia.org.br\/site\/2010\/04\/13\/prefeitura-de-sp-encomenda-carros-eletricos-para-frota-da-cet\/\"},\"author\":{\"name\":\"TMax Tecnologia\",\"@id\":\"https:\/\/www.institutodeengenharia.org.br\/site\/#\/schema\/person\/3b1ff109facef084739fc2edcb9a127f\"},\"headline\":\"Prefeitura de SP encomenda carros el\u00e9tricos para frota da CET\",\"datePublished\":\"2010-04-13T22:41:46+00:00\",\"mainEntityOfPage\":{\"@id\":\"https:\/\/www.institutodeengenharia.org.br\/site\/2010\/04\/13\/prefeitura-de-sp-encomenda-carros-eletricos-para-frota-da-cet\/\"},\"wordCount\":362,\"commentCount\":0,\"publisher\":{\"@id\":\"https:\/\/www.institutodeengenharia.org.br\/site\/#organization\"},\"articleSection\":[\"Not\u00edcias\",\"Transportes\"],\"inLanguage\":\"pt-BR\",\"potentialAction\":[{\"@type\":\"CommentAction\",\"name\":\"Comment\",\"target\":[\"https:\/\/www.institutodeengenharia.org.br\/site\/2010\/04\/13\/prefeitura-de-sp-encomenda-carros-eletricos-para-frota-da-cet\/#respond\"]}]},{\"@type\":\"WebPage\",\"@id\":\"https:\/\/www.institutodeengenharia.org.br\/site\/2010\/04\/13\/prefeitura-de-sp-encomenda-carros-eletricos-para-frota-da-cet\/\",\"url\":\"https:\/\/www.institutodeengenharia.org.br\/site\/2010\/04\/13\/prefeitura-de-sp-encomenda-carros-eletricos-para-frota-da-cet\/\",\"name\":\"Prefeitura de SP encomenda carros el\u00e9tricos para frota da CET - Instituto de Engenharia\",\"isPartOf\":{\"@id\":\"https:\/\/www.institutodeengenharia.org.br\/site\/#website\"},\"datePublished\":\"2010-04-13T22:41:46+00:00\",\"breadcrumb\":{\"@id\":\"https:\/\/www.institutodeengenharia.org.br\/site\/2010\/04\/13\/prefeitura-de-sp-encomenda-carros-eletricos-para-frota-da-cet\/#breadcrumb\"},\"inLanguage\":\"pt-BR\",\"potentialAction\":[{\"@type\":\"ReadAction\",\"target\":[\"https:\/\/www.institutodeengenharia.org.br\/site\/2010\/04\/13\/prefeitura-de-sp-encomenda-carros-eletricos-para-frota-da-cet\/\"]}]},{\"@type\":\"BreadcrumbList\",\"@id\":\"https:\/\/www.institutodeengenharia.org.br\/site\/2010\/04\/13\/prefeitura-de-sp-encomenda-carros-eletricos-para-frota-da-cet\/#breadcrumb\",\"itemListElement\":[{\"@type\":\"ListItem\",\"position\":1,\"name\":\"In\u00edcio\",\"item\":\"https:\/\/www.institutodeengenharia.org.br\/site\/\"},{\"@type\":\"ListItem\",\"position\":2,\"name\":\"Prefeitura de SP encomenda carros el\u00e9tricos para frota da CET\"}]},{\"@type\":\"WebSite\",\"@id\":\"https:\/\/www.institutodeengenharia.org.br\/site\/#website\",\"url\":\"https:\/\/www.institutodeengenharia.org.br\/site\/\",\"name\":\"Instituto de Engenharia\",\"description\":\"O Instituto de Engenharia promove a Engenharia em benef\u00edcio do desenvolvimento e da qualidade de vida da sociedade.\",\"publisher\":{\"@id\":\"https:\/\/www.institutodeengenharia.org.br\/site\/#organization\"},\"potentialAction\":[{\"@type\":\"SearchAction\",\"target\":{\"@type\":\"EntryPoint\",\"urlTemplate\":\"https:\/\/www.institutodeengenharia.org.br\/site\/?s={search_term_string}\"},\"query-input\":{\"@type\":\"PropertyValueSpecification\",\"valueRequired\":true,\"valueName\":\"search_term_string\"}}],\"inLanguage\":\"pt-BR\"},{\"@type\":\"Organization\",\"@id\":\"https:\/\/www.institutodeengenharia.org.br\/site\/#organization\",\"name\":\"Instituto de Engenharia\",\"url\":\"https:\/\/www.institutodeengenharia.org.br\/site\/\",\"logo\":{\"@type\":\"ImageObject\",\"inLanguage\":\"pt-BR\",\"@id\":\"https:\/\/www.institutodeengenharia.org.br\/site\/#\/schema\/logo\/image\/\",\"url\":\"https:\/\/www.institutodeengenharia.org.br\/site\/wp-content\/uploads\/2019\/03\/logo-novo-IE2018-1.jpg\",\"contentUrl\":\"https:\/\/www.institutodeengenharia.org.br\/site\/wp-content\/uploads\/2019\/03\/logo-novo-IE2018-1.jpg\",\"width\":1486,\"height\":1879,\"caption\":\"Instituto de Engenharia\"},\"image\":{\"@id\":\"https:\/\/www.institutodeengenharia.org.br\/site\/#\/schema\/logo\/image\/\"},\"sameAs\":[\"https:\/\/www.facebook.com\/institutodeengenharia\",\"https:\/\/x.com\/iengenharia\",\"https:\/\/www.instagram.com\/institutodeengenharia\/\",\"https:\/\/www.linkedin.com\/company\/instituto-de-engenharia\/\",\"https:\/\/www.youtube.com\/channel\/UCXiCAlsSMe977vamW915HxA\"]},{\"@type\":\"Person\",\"@id\":\"https:\/\/www.institutodeengenharia.org.br\/site\/#\/schema\/person\/3b1ff109facef084739fc2edcb9a127f\",\"name\":\"TMax Tecnologia\",\"image\":{\"@type\":\"ImageObject\",\"inLanguage\":\"pt-BR\",\"@id\":\"https:\/\/secure.gravatar.com\/avatar\/f912434ef7f389c92cb311fcdae346af848465d638912574b3c669070f797701?s=96&d=mm&r=g\",\"url\":\"https:\/\/secure.gravatar.com\/avatar\/f912434ef7f389c92cb311fcdae346af848465d638912574b3c669070f797701?s=96&d=mm&r=g\",\"contentUrl\":\"https:\/\/secure.gravatar.com\/avatar\/f912434ef7f389c92cb311fcdae346af848465d638912574b3c669070f797701?s=96&d=mm&r=g\",\"caption\":\"TMax Tecnologia\"},\"url\":\"https:\/\/www.institutodeengenharia.org.br\/site\/author\/tmax\/\"}]}<\/script>\n<!-- \/ Yoast SEO plugin. -->","yoast_head_json":{"title":"Prefeitura de SP encomenda carros el\u00e9tricos para frota da CET - Instituto de Engenharia","robots":{"index":"index","follow":"follow","max-snippet":"max-snippet:-1","max-image-preview":"max-image-preview:large","max-video-preview":"max-video-preview:-1"},"canonical":"https:\/\/www.institutodeengenharia.org.br\/site\/2010\/04\/13\/prefeitura-de-sp-encomenda-carros-eletricos-para-frota-da-cet\/","og_locale":"pt_BR","og_type":"article","og_title":"Prefeitura de SP encomenda carros el\u00e9tricos para frota da CET - Instituto de Engenharia","og_description":"Prefeitura de S\u00e3o Paulo encomendou nesta ter\u00e7a-feira (13) carros el\u00e9tricos para a frota da Companhia de Engenharia de Tr\u00e1fego (CET). O pedido foi feito pelo prefeito Gilberto Kassab durante o evento de assinatura de um protocolo de inten\u00e7\u00f5es do munic\u00edpio com a Alian\u00e7a Renault-Nissan, que vem produzindo os carros. \u201cQueremos que pelo menos parte da [&hellip;]","og_url":"https:\/\/www.institutodeengenharia.org.br\/site\/2010\/04\/13\/prefeitura-de-sp-encomenda-carros-eletricos-para-frota-da-cet\/","og_site_name":"Instituto de Engenharia","article_publisher":"https:\/\/www.facebook.com\/institutodeengenharia","article_published_time":"2010-04-13T22:41:46+00:00","author":"TMax Tecnologia","twitter_card":"summary_large_image","twitter_creator":"@iengenharia","twitter_site":"@iengenharia","twitter_misc":{"Escrito por":"TMax Tecnologia","Est. tempo de leitura":"2 minutos"},"schema":{"@context":"https:\/\/schema.org","@graph":[{"@type":"Article","@id":"https:\/\/www.institutodeengenharia.org.br\/site\/2010\/04\/13\/prefeitura-de-sp-encomenda-carros-eletricos-para-frota-da-cet\/#article","isPartOf":{"@id":"https:\/\/www.institutodeengenharia.org.br\/site\/2010\/04\/13\/prefeitura-de-sp-encomenda-carros-eletricos-para-frota-da-cet\/"},"author":{"name":"TMax Tecnologia","@id":"https:\/\/www.institutodeengenharia.org.br\/site\/#\/schema\/person\/3b1ff109facef084739fc2edcb9a127f"},"headline":"Prefeitura de SP encomenda carros el\u00e9tricos para frota da CET","datePublished":"2010-04-13T22:41:46+00:00","mainEntityOfPage":{"@id":"https:\/\/www.institutodeengenharia.org.br\/site\/2010\/04\/13\/prefeitura-de-sp-encomenda-carros-eletricos-para-frota-da-cet\/"},"wordCount":362,"commentCount":0,"publisher":{"@id":"https:\/\/www.institutodeengenharia.org.br\/site\/#organization"},"articleSection":["Not\u00edcias","Transportes"],"inLanguage":"pt-BR","potentialAction":[{"@type":"CommentAction","name":"Comment","target":["https:\/\/www.institutodeengenharia.org.br\/site\/2010\/04\/13\/prefeitura-de-sp-encomenda-carros-eletricos-para-frota-da-cet\/#respond"]}]},{"@type":"WebPage","@id":"https:\/\/www.institutodeengenharia.org.br\/site\/2010\/04\/13\/prefeitura-de-sp-encomenda-carros-eletricos-para-frota-da-cet\/","url":"https:\/\/www.institutodeengenharia.org.br\/site\/2010\/04\/13\/prefeitura-de-sp-encomenda-carros-eletricos-para-frota-da-cet\/","name":"Prefeitura de SP encomenda carros el\u00e9tricos para frota da CET - Instituto de Engenharia","isPartOf":{"@id":"https:\/\/www.institutodeengenharia.org.br\/site\/#website"},"datePublished":"2010-04-13T22:41:46+00:00","breadcrumb":{"@id":"https:\/\/www.institutodeengenharia.org.br\/site\/2010\/04\/13\/prefeitura-de-sp-encomenda-carros-eletricos-para-frota-da-cet\/#breadcrumb"},"inLanguage":"pt-BR","potentialAction":[{"@type":"ReadAction","target":["https:\/\/www.institutodeengenharia.org.br\/site\/2010\/04\/13\/prefeitura-de-sp-encomenda-carros-eletricos-para-frota-da-cet\/"]}]},{"@type":"BreadcrumbList","@id":"https:\/\/www.institutodeengenharia.org.br\/site\/2010\/04\/13\/prefeitura-de-sp-encomenda-carros-eletricos-para-frota-da-cet\/#breadcrumb","itemListElement":[{"@type":"ListItem","position":1,"name":"In\u00edcio","item":"https:\/\/www.institutodeengenharia.org.br\/site\/"},{"@type":"ListItem","position":2,"name":"Prefeitura de SP encomenda carros el\u00e9tricos para frota da CET"}]},{"@type":"WebSite","@id":"https:\/\/www.institutodeengenharia.org.br\/site\/#website","url":"https:\/\/www.institutodeengenharia.org.br\/site\/","name":"Instituto de Engenharia","description":"O Instituto de Engenharia promove a Engenharia em benef\u00edcio do desenvolvimento e da qualidade de vida da sociedade.","publisher":{"@id":"https:\/\/www.institutodeengenharia.org.br\/site\/#organization"},"potentialAction":[{"@type":"SearchAction","target":{"@type":"EntryPoint","urlTemplate":"https:\/\/www.institutodeengenharia.org.br\/site\/?s={search_term_string}"},"query-input":{"@type":"PropertyValueSpecification","valueRequired":true,"valueName":"search_term_string"}}],"inLanguage":"pt-BR"},{"@type":"Organization","@id":"https:\/\/www.institutodeengenharia.org.br\/site\/#organization","name":"Instituto de Engenharia","url":"https:\/\/www.institutodeengenharia.org.br\/site\/","logo":{"@type":"ImageObject","inLanguage":"pt-BR","@id":"https:\/\/www.institutodeengenharia.org.br\/site\/#\/schema\/logo\/image\/","url":"https:\/\/www.institutodeengenharia.org.br\/site\/wp-content\/uploads\/2019\/03\/logo-novo-IE2018-1.jpg","contentUrl":"https:\/\/www.institutodeengenharia.org.br\/site\/wp-content\/uploads\/2019\/03\/logo-novo-IE2018-1.jpg","width":1486,"height":1879,"caption":"Instituto de Engenharia"},"image":{"@id":"https:\/\/www.institutodeengenharia.org.br\/site\/#\/schema\/logo\/image\/"},"sameAs":["https:\/\/www.facebook.com\/institutodeengenharia","https:\/\/x.com\/iengenharia","https:\/\/www.instagram.com\/institutodeengenharia\/","https:\/\/www.linkedin.com\/company\/instituto-de-engenharia\/","https:\/\/www.youtube.com\/channel\/UCXiCAlsSMe977vamW915HxA"]},{"@type":"Person","@id":"https:\/\/www.institutodeengenharia.org.br\/site\/#\/schema\/person\/3b1ff109facef084739fc2edcb9a127f","name":"TMax Tecnologia","image":{"@type":"ImageObject","inLanguage":"pt-BR","@id":"https:\/\/secure.gravatar.com\/avatar\/f912434ef7f389c92cb311fcdae346af848465d638912574b3c669070f797701?s=96&d=mm&r=g","url":"https:\/\/secure.gravatar.com\/avatar\/f912434ef7f389c92cb311fcdae346af848465d638912574b3c669070f797701?s=96&d=mm&r=g","contentUrl":"https:\/\/secure.gravatar.com\/avatar\/f912434ef7f389c92cb311fcdae346af848465d638912574b3c669070f797701?s=96&d=mm&r=g","caption":"TMax Tecnologia"},"url":"https:\/\/www.institutodeengenharia.org.br\/site\/author\/tmax\/"}]}},"_links":{"self":[{"href":"https:\/\/www.institutodeengenharia.org.br\/site\/wp-json\/wp\/v2\/posts\/17972","targetHints":{"allow":["GET"]}}],"collection":[{"href":"https:\/\/www.institutodeengenharia.org.br\/site\/wp-json\/wp\/v2\/posts"}],"about":[{"href":"https:\/\/www.institutodeengenharia.org.br\/site\/wp-json\/wp\/v2\/types\/post"}],"author":[{"embeddable":true,"href":"https:\/\/www.institutodeengenharia.org.br\/site\/wp-json\/wp\/v2\/users\/1"}],"replies":[{"embeddable":true,"href":"https:\/\/www.institutodeengenharia.org.br\/site\/wp-json\/wp\/v2\/comments?post=17972"}],"version-history":[{"count":0,"href":"https:\/\/www.institutodeengenharia.org.br\/site\/wp-json\/wp\/v2\/posts\/17972\/revisions"}],"wp:attachment":[{"href":"https:\/\/www.institutodeengenharia.org.br\/site\/wp-json\/wp\/v2\/media?parent=17972"}],"wp:term":[{"taxonomy":"category","embeddable":true,"href":"https:\/\/www.institutodeengenharia.org.br\/site\/wp-json\/wp\/v2\/categories?post=17972"},{"taxonomy":"post_tag","embeddable":true,"href":"https:\/\/www.institutodeengenharia.org.br\/site\/wp-json\/wp\/v2\/tags?post=17972"}],"curies":[{"name":"wp","href":"https:\/\/api.w.org\/{rel}","templated":true}]}}