{"id":17904,"date":"2010-04-05T22:40:49","date_gmt":"2010-04-05T22:40:49","guid":{"rendered":"https:\/\/www.institutodeengenharia.org.br\/?p=17904"},"modified":"2010-04-05T10:38:36","modified_gmt":"2010-04-05T10:38:36","slug":"brasil-tera-seu-proprio-foguete-espacial-em-2014-informa-governo","status":"publish","type":"post","link":"https:\/\/www.institutodeengenharia.org.br\/site\/2010\/04\/05\/brasil-tera-seu-proprio-foguete-espacial-em-2014-informa-governo\/","title":{"rendered":"Brasil ter\u00e1 seu pr\u00f3prio foguete espacial em 2014, informa governo"},"content":{"rendered":"<p>Daqui a quatro anos o Brasil ser\u00e1 capaz de lan\u00e7ar seu pr\u00f3prio foguete para colocar um sat\u00e9lite em \u00f3rbita, informou ao G1 a Ag\u00eancia Espacial Brasileira (AEB). O propulsor ser\u00e1 uma vers\u00e3o repaginada do VLS (Ve\u00edculo Lan\u00e7ador de Sat\u00e9lite), da mesma fam\u00edlia do foguete que explodiu em Alc\u00e2ntara (MA) em 2003, matando 21 pessoas. <\/p>\n<p>\u201cDe 2003 para c\u00e1 houve uma grande revis\u00e3o do projeto do VLS\u201d, conta o diretor de pol\u00edtica espacial e investimentos estrat\u00e9gicos da AEB, Hemilcon Carvalho. <\/p>\n<p>O primeiro teste com o VLS-1, como \u00e9 chamado o foguete, est\u00e1 previsto para 2012, informa Carvalho. Nessa fase, ser\u00e3o acionados apenas os dois primeiros est\u00e1gios do propulsor, que ficam na parte inferior. Em 2013 se prev\u00ea um voo com a carga total, mas ainda experimental. \u201cEm 2014 vamos poder colocar um sat\u00e9lite em \u00f3rbita\u201d, afirma. <\/p>\n<p>O cronograma est\u00e1 atrasado. No Programa Nacional de Atividades Espaciais, formulado em 2005, o lan\u00e7amento oficial do VLS-1 estava previsto para 2007. \u201cMuitas vezes a gente se depara com dificuldades t\u00e9cnicas\u201d, conta Carvalho. Uma delas, segundo ele, \u00e9 a dificuldade de comprar componentes eletr\u00f4nicos do exterior, j\u00e1 que essas pe\u00e7as tamb\u00e9m podem ser usadas com fins militares, e seu mercado \u00e9 restrito. <\/p>\n<p>Enquanto o VLS n\u00e3o fica pronto, o Brasil contrata servi\u00e7os no exterior para lan\u00e7ar seus sat\u00e9lites. Hoje h\u00e1 tr\u00eas equipamentos brasileiros em \u00f3rbita. Dois deles \u2013 os SCD 1 e 2 \u2013 captam informa\u00e7\u00f5es sobre dados ambientais (n\u00edvel de rios, quantidade de chuvas) de centenas de esta\u00e7\u00f5es espalhadas pelo Brasil. <\/p>\n<p>Um sat\u00e9lite mais avan\u00e7ado, chamado CBERS-2B, tira fotos do planeta e ajuda o Brasil a monitorar o desmatamento da Amaz\u00f4nia. O equipamento, fabricado em parceria com a China, j\u00e1 \u00e9 o terceiro de uma fam\u00edlia de cinco membros \u2013 mais dois devem ser lan\u00e7ados at\u00e9 2014. <\/p>\n<p>Na fila de desenvolvimento tamb\u00e9m est\u00e3o outros sat\u00e9lites brasileiros: o Amaz\u00f4nia-1, que ter\u00e1 uma c\u00e2mera com maior \u00e2ngulo de vis\u00e3o do que o CBERS, e o Lattes, que ir\u00e1 analisar part\u00edculas nocivas que v\u00eam do espa\u00e7o e atingem a terra, al\u00e9m de descobrir fontes de raio-x no centro da via l\u00e1ctea. <\/p>\n<p>\u201cTendo o Amazonia-1 e o CBERS conseguiremos fotografar o mundo todo em tr\u00eas dias\u201d, informa o coordenador de Gest\u00e3o Tecnol\u00f3gica do Instituto Nacional de Pesquisas Espaciais (Inpe), Marco Antonio Chamon. <\/p>\n<p>Nenhum dos sat\u00e9lites previstos, contudo, poder\u00e1 ser carregado pela vers\u00e3o do VLS que ficar\u00e1 pronta em 2014. Eles s\u00e3o muito pesados para a capacidade do foguete, que provavelmente far\u00e1 seu v\u00f4o de estreia com um equipamento menor, como o sat\u00e9lite universit\u00e1rio Itasat, que est\u00e1 sendo planejado no Instituto Tecnol\u00f3gico de Aeron\u00e1utica (ITA). <\/p>\n<p><strong>Com os p\u00e9s no ch\u00e3o<\/strong>&nbsp;<\/p>\n<p>Ao contr\u00e1rio dos EUA e da R\u00fassia, o Brasil n\u00e3o tem grandes pretens\u00f5es de explora\u00e7\u00e3o espacial, como a confec\u00e7\u00e3o de naves espaciais ou a constru\u00e7\u00e3o de m\u00e1quinas que explorem outros planetas, informa Carvalho. <\/p>\n<p>\u201cO grande objetivo da pol\u00edtica espacial [brasileira] \u00e9 dominar a tecnologia espacial para a solu\u00e7\u00e3o dos grandes problemas nacionais e em benef\u00edcio da sociedade brasileira\u201d, explica. \u201cQuando olhamos aquecimento global, polui\u00e7\u00e3o, desmatamento, vemos que h\u00e1 uma s\u00e9rie de quest\u00f5es importantes que t\u00eam impacto direto sobre a sociedade brasileira.\u201d <\/p>\n<p>Por isso, todos os sat\u00e9lites que planejados ou em \u00f3rbita olham para a terra, e n\u00e3o para as estrelas. A \u00fanica exce\u00e7\u00e3o seria o Lattes, que analisar\u00e1 raios-x do espa\u00e7o. Da mesma forma, o Brasil tamb\u00e9m n\u00e3o planeja ter astronautas. Segundo Carvalho, os experimentos cient\u00edficos nacionais que precisam ser feitos no espa\u00e7o ser\u00e3o enviados por meio de miss\u00f5es de outros pa\u00edses. <\/p>\n<p><b>Autor: Plano Brasil<\/b><\/p>\n","protected":false},"excerpt":{"rendered":"<p>Daqui a quatro anos o Brasil ser\u00e1 capaz de lan\u00e7ar seu pr\u00f3prio foguete para colocar um sat\u00e9lite em \u00f3rbita, informou ao G1 a Ag\u00eancia Espacial Brasileira (AEB). O propulsor ser\u00e1 uma vers\u00e3o repaginada do VLS (Ve\u00edculo Lan\u00e7ador de Sat\u00e9lite), da mesma fam\u00edlia do foguete que explodiu em Alc\u00e2ntara (MA) em 2003, matando 21 pessoas. \u201cDe [&hellip;]<\/p>\n","protected":false},"author":1,"featured_media":0,"comment_status":"open","ping_status":"open","sticky":false,"template":"","format":"standard","meta":{"footnotes":""},"categories":[6,35],"tags":[],"class_list":{"0":"post-17904","1":"post","2":"type-post","3":"status-publish","4":"format-standard","6":"category-noticias","7":"category-pesquisa-e-desenvolvimento"},"yoast_head":"<!-- This site is optimized with the Yoast SEO plugin v27.2 - https:\/\/yoast.com\/product\/yoast-seo-wordpress\/ -->\n<title>Brasil ter\u00e1 seu pr\u00f3prio foguete espacial em 2014, informa governo - Instituto de Engenharia<\/title>\n<meta name=\"robots\" content=\"index, follow, max-snippet:-1, max-image-preview:large, max-video-preview:-1\" \/>\n<link rel=\"canonical\" href=\"https:\/\/www.institutodeengenharia.org.br\/site\/2010\/04\/05\/brasil-tera-seu-proprio-foguete-espacial-em-2014-informa-governo\/\" \/>\n<meta property=\"og:locale\" content=\"pt_BR\" \/>\n<meta property=\"og:type\" content=\"article\" \/>\n<meta property=\"og:title\" content=\"Brasil ter\u00e1 seu pr\u00f3prio foguete espacial em 2014, informa governo - Instituto de Engenharia\" \/>\n<meta property=\"og:description\" content=\"Daqui a quatro anos o Brasil ser\u00e1 capaz de lan\u00e7ar seu pr\u00f3prio foguete para colocar um sat\u00e9lite em \u00f3rbita, informou ao G1 a Ag\u00eancia Espacial Brasileira (AEB). O propulsor ser\u00e1 uma vers\u00e3o repaginada do VLS (Ve\u00edculo Lan\u00e7ador de Sat\u00e9lite), da mesma fam\u00edlia do foguete que explodiu em Alc\u00e2ntara (MA) em 2003, matando 21 pessoas. \u201cDe [&hellip;]\" \/>\n<meta property=\"og:url\" content=\"https:\/\/www.institutodeengenharia.org.br\/site\/2010\/04\/05\/brasil-tera-seu-proprio-foguete-espacial-em-2014-informa-governo\/\" \/>\n<meta property=\"og:site_name\" content=\"Instituto de Engenharia\" \/>\n<meta property=\"article:publisher\" content=\"https:\/\/www.facebook.com\/institutodeengenharia\" \/>\n<meta property=\"article:published_time\" content=\"2010-04-05T22:40:49+00:00\" \/>\n<meta name=\"author\" content=\"TMax Tecnologia\" \/>\n<meta name=\"twitter:card\" content=\"summary_large_image\" \/>\n<meta name=\"twitter:creator\" content=\"@iengenharia\" \/>\n<meta name=\"twitter:site\" content=\"@iengenharia\" \/>\n<meta name=\"twitter:label1\" content=\"Escrito por\" \/>\n\t<meta name=\"twitter:data1\" content=\"TMax Tecnologia\" \/>\n\t<meta name=\"twitter:label2\" content=\"Est. tempo de leitura\" \/>\n\t<meta name=\"twitter:data2\" content=\"3 minutos\" \/>\n<script type=\"application\/ld+json\" class=\"yoast-schema-graph\">{\"@context\":\"https:\/\/schema.org\",\"@graph\":[{\"@type\":\"Article\",\"@id\":\"https:\/\/www.institutodeengenharia.org.br\/site\/2010\/04\/05\/brasil-tera-seu-proprio-foguete-espacial-em-2014-informa-governo\/#article\",\"isPartOf\":{\"@id\":\"https:\/\/www.institutodeengenharia.org.br\/site\/2010\/04\/05\/brasil-tera-seu-proprio-foguete-espacial-em-2014-informa-governo\/\"},\"author\":{\"name\":\"TMax Tecnologia\",\"@id\":\"https:\/\/www.institutodeengenharia.org.br\/site\/#\/schema\/person\/3b1ff109facef084739fc2edcb9a127f\"},\"headline\":\"Brasil ter\u00e1 seu pr\u00f3prio foguete espacial em 2014, informa governo\",\"datePublished\":\"2010-04-05T22:40:49+00:00\",\"mainEntityOfPage\":{\"@id\":\"https:\/\/www.institutodeengenharia.org.br\/site\/2010\/04\/05\/brasil-tera-seu-proprio-foguete-espacial-em-2014-informa-governo\/\"},\"wordCount\":652,\"commentCount\":0,\"publisher\":{\"@id\":\"https:\/\/www.institutodeengenharia.org.br\/site\/#organization\"},\"articleSection\":[\"Not\u00edcias\",\"Pesquisa e Desenvolvimento\"],\"inLanguage\":\"pt-BR\",\"potentialAction\":[{\"@type\":\"CommentAction\",\"name\":\"Comment\",\"target\":[\"https:\/\/www.institutodeengenharia.org.br\/site\/2010\/04\/05\/brasil-tera-seu-proprio-foguete-espacial-em-2014-informa-governo\/#respond\"]}]},{\"@type\":\"WebPage\",\"@id\":\"https:\/\/www.institutodeengenharia.org.br\/site\/2010\/04\/05\/brasil-tera-seu-proprio-foguete-espacial-em-2014-informa-governo\/\",\"url\":\"https:\/\/www.institutodeengenharia.org.br\/site\/2010\/04\/05\/brasil-tera-seu-proprio-foguete-espacial-em-2014-informa-governo\/\",\"name\":\"Brasil ter\u00e1 seu pr\u00f3prio foguete espacial em 2014, informa governo - Instituto de Engenharia\",\"isPartOf\":{\"@id\":\"https:\/\/www.institutodeengenharia.org.br\/site\/#website\"},\"datePublished\":\"2010-04-05T22:40:49+00:00\",\"breadcrumb\":{\"@id\":\"https:\/\/www.institutodeengenharia.org.br\/site\/2010\/04\/05\/brasil-tera-seu-proprio-foguete-espacial-em-2014-informa-governo\/#breadcrumb\"},\"inLanguage\":\"pt-BR\",\"potentialAction\":[{\"@type\":\"ReadAction\",\"target\":[\"https:\/\/www.institutodeengenharia.org.br\/site\/2010\/04\/05\/brasil-tera-seu-proprio-foguete-espacial-em-2014-informa-governo\/\"]}]},{\"@type\":\"BreadcrumbList\",\"@id\":\"https:\/\/www.institutodeengenharia.org.br\/site\/2010\/04\/05\/brasil-tera-seu-proprio-foguete-espacial-em-2014-informa-governo\/#breadcrumb\",\"itemListElement\":[{\"@type\":\"ListItem\",\"position\":1,\"name\":\"In\u00edcio\",\"item\":\"https:\/\/www.institutodeengenharia.org.br\/site\/\"},{\"@type\":\"ListItem\",\"position\":2,\"name\":\"Brasil ter\u00e1 seu pr\u00f3prio foguete espacial em 2014, informa governo\"}]},{\"@type\":\"WebSite\",\"@id\":\"https:\/\/www.institutodeengenharia.org.br\/site\/#website\",\"url\":\"https:\/\/www.institutodeengenharia.org.br\/site\/\",\"name\":\"Instituto de Engenharia\",\"description\":\"O Instituto de Engenharia promove a Engenharia em benef\u00edcio do desenvolvimento e da qualidade de vida da sociedade.\",\"publisher\":{\"@id\":\"https:\/\/www.institutodeengenharia.org.br\/site\/#organization\"},\"potentialAction\":[{\"@type\":\"SearchAction\",\"target\":{\"@type\":\"EntryPoint\",\"urlTemplate\":\"https:\/\/www.institutodeengenharia.org.br\/site\/?s={search_term_string}\"},\"query-input\":{\"@type\":\"PropertyValueSpecification\",\"valueRequired\":true,\"valueName\":\"search_term_string\"}}],\"inLanguage\":\"pt-BR\"},{\"@type\":\"Organization\",\"@id\":\"https:\/\/www.institutodeengenharia.org.br\/site\/#organization\",\"name\":\"Instituto de Engenharia\",\"url\":\"https:\/\/www.institutodeengenharia.org.br\/site\/\",\"logo\":{\"@type\":\"ImageObject\",\"inLanguage\":\"pt-BR\",\"@id\":\"https:\/\/www.institutodeengenharia.org.br\/site\/#\/schema\/logo\/image\/\",\"url\":\"https:\/\/www.institutodeengenharia.org.br\/site\/wp-content\/uploads\/2019\/03\/logo-novo-IE2018-1.jpg\",\"contentUrl\":\"https:\/\/www.institutodeengenharia.org.br\/site\/wp-content\/uploads\/2019\/03\/logo-novo-IE2018-1.jpg\",\"width\":1486,\"height\":1879,\"caption\":\"Instituto de Engenharia\"},\"image\":{\"@id\":\"https:\/\/www.institutodeengenharia.org.br\/site\/#\/schema\/logo\/image\/\"},\"sameAs\":[\"https:\/\/www.facebook.com\/institutodeengenharia\",\"https:\/\/x.com\/iengenharia\",\"https:\/\/www.instagram.com\/institutodeengenharia\/\",\"https:\/\/www.linkedin.com\/company\/instituto-de-engenharia\/\",\"https:\/\/www.youtube.com\/channel\/UCXiCAlsSMe977vamW915HxA\"]},{\"@type\":\"Person\",\"@id\":\"https:\/\/www.institutodeengenharia.org.br\/site\/#\/schema\/person\/3b1ff109facef084739fc2edcb9a127f\",\"name\":\"TMax Tecnologia\",\"image\":{\"@type\":\"ImageObject\",\"inLanguage\":\"pt-BR\",\"@id\":\"https:\/\/secure.gravatar.com\/avatar\/f912434ef7f389c92cb311fcdae346af848465d638912574b3c669070f797701?s=96&d=mm&r=g\",\"url\":\"https:\/\/secure.gravatar.com\/avatar\/f912434ef7f389c92cb311fcdae346af848465d638912574b3c669070f797701?s=96&d=mm&r=g\",\"contentUrl\":\"https:\/\/secure.gravatar.com\/avatar\/f912434ef7f389c92cb311fcdae346af848465d638912574b3c669070f797701?s=96&d=mm&r=g\",\"caption\":\"TMax Tecnologia\"},\"url\":\"https:\/\/www.institutodeengenharia.org.br\/site\/author\/tmax\/\"}]}<\/script>\n<!-- \/ Yoast SEO plugin. -->","yoast_head_json":{"title":"Brasil ter\u00e1 seu pr\u00f3prio foguete espacial em 2014, informa governo - Instituto de Engenharia","robots":{"index":"index","follow":"follow","max-snippet":"max-snippet:-1","max-image-preview":"max-image-preview:large","max-video-preview":"max-video-preview:-1"},"canonical":"https:\/\/www.institutodeengenharia.org.br\/site\/2010\/04\/05\/brasil-tera-seu-proprio-foguete-espacial-em-2014-informa-governo\/","og_locale":"pt_BR","og_type":"article","og_title":"Brasil ter\u00e1 seu pr\u00f3prio foguete espacial em 2014, informa governo - Instituto de Engenharia","og_description":"Daqui a quatro anos o Brasil ser\u00e1 capaz de lan\u00e7ar seu pr\u00f3prio foguete para colocar um sat\u00e9lite em \u00f3rbita, informou ao G1 a Ag\u00eancia Espacial Brasileira (AEB). O propulsor ser\u00e1 uma vers\u00e3o repaginada do VLS (Ve\u00edculo Lan\u00e7ador de Sat\u00e9lite), da mesma fam\u00edlia do foguete que explodiu em Alc\u00e2ntara (MA) em 2003, matando 21 pessoas. \u201cDe [&hellip;]","og_url":"https:\/\/www.institutodeengenharia.org.br\/site\/2010\/04\/05\/brasil-tera-seu-proprio-foguete-espacial-em-2014-informa-governo\/","og_site_name":"Instituto de Engenharia","article_publisher":"https:\/\/www.facebook.com\/institutodeengenharia","article_published_time":"2010-04-05T22:40:49+00:00","author":"TMax Tecnologia","twitter_card":"summary_large_image","twitter_creator":"@iengenharia","twitter_site":"@iengenharia","twitter_misc":{"Escrito por":"TMax Tecnologia","Est. tempo de leitura":"3 minutos"},"schema":{"@context":"https:\/\/schema.org","@graph":[{"@type":"Article","@id":"https:\/\/www.institutodeengenharia.org.br\/site\/2010\/04\/05\/brasil-tera-seu-proprio-foguete-espacial-em-2014-informa-governo\/#article","isPartOf":{"@id":"https:\/\/www.institutodeengenharia.org.br\/site\/2010\/04\/05\/brasil-tera-seu-proprio-foguete-espacial-em-2014-informa-governo\/"},"author":{"name":"TMax Tecnologia","@id":"https:\/\/www.institutodeengenharia.org.br\/site\/#\/schema\/person\/3b1ff109facef084739fc2edcb9a127f"},"headline":"Brasil ter\u00e1 seu pr\u00f3prio foguete espacial em 2014, informa governo","datePublished":"2010-04-05T22:40:49+00:00","mainEntityOfPage":{"@id":"https:\/\/www.institutodeengenharia.org.br\/site\/2010\/04\/05\/brasil-tera-seu-proprio-foguete-espacial-em-2014-informa-governo\/"},"wordCount":652,"commentCount":0,"publisher":{"@id":"https:\/\/www.institutodeengenharia.org.br\/site\/#organization"},"articleSection":["Not\u00edcias","Pesquisa e Desenvolvimento"],"inLanguage":"pt-BR","potentialAction":[{"@type":"CommentAction","name":"Comment","target":["https:\/\/www.institutodeengenharia.org.br\/site\/2010\/04\/05\/brasil-tera-seu-proprio-foguete-espacial-em-2014-informa-governo\/#respond"]}]},{"@type":"WebPage","@id":"https:\/\/www.institutodeengenharia.org.br\/site\/2010\/04\/05\/brasil-tera-seu-proprio-foguete-espacial-em-2014-informa-governo\/","url":"https:\/\/www.institutodeengenharia.org.br\/site\/2010\/04\/05\/brasil-tera-seu-proprio-foguete-espacial-em-2014-informa-governo\/","name":"Brasil ter\u00e1 seu pr\u00f3prio foguete espacial em 2014, informa governo - Instituto de Engenharia","isPartOf":{"@id":"https:\/\/www.institutodeengenharia.org.br\/site\/#website"},"datePublished":"2010-04-05T22:40:49+00:00","breadcrumb":{"@id":"https:\/\/www.institutodeengenharia.org.br\/site\/2010\/04\/05\/brasil-tera-seu-proprio-foguete-espacial-em-2014-informa-governo\/#breadcrumb"},"inLanguage":"pt-BR","potentialAction":[{"@type":"ReadAction","target":["https:\/\/www.institutodeengenharia.org.br\/site\/2010\/04\/05\/brasil-tera-seu-proprio-foguete-espacial-em-2014-informa-governo\/"]}]},{"@type":"BreadcrumbList","@id":"https:\/\/www.institutodeengenharia.org.br\/site\/2010\/04\/05\/brasil-tera-seu-proprio-foguete-espacial-em-2014-informa-governo\/#breadcrumb","itemListElement":[{"@type":"ListItem","position":1,"name":"In\u00edcio","item":"https:\/\/www.institutodeengenharia.org.br\/site\/"},{"@type":"ListItem","position":2,"name":"Brasil ter\u00e1 seu pr\u00f3prio foguete espacial em 2014, informa governo"}]},{"@type":"WebSite","@id":"https:\/\/www.institutodeengenharia.org.br\/site\/#website","url":"https:\/\/www.institutodeengenharia.org.br\/site\/","name":"Instituto de Engenharia","description":"O Instituto de Engenharia promove a Engenharia em benef\u00edcio do desenvolvimento e da qualidade de vida da sociedade.","publisher":{"@id":"https:\/\/www.institutodeengenharia.org.br\/site\/#organization"},"potentialAction":[{"@type":"SearchAction","target":{"@type":"EntryPoint","urlTemplate":"https:\/\/www.institutodeengenharia.org.br\/site\/?s={search_term_string}"},"query-input":{"@type":"PropertyValueSpecification","valueRequired":true,"valueName":"search_term_string"}}],"inLanguage":"pt-BR"},{"@type":"Organization","@id":"https:\/\/www.institutodeengenharia.org.br\/site\/#organization","name":"Instituto de Engenharia","url":"https:\/\/www.institutodeengenharia.org.br\/site\/","logo":{"@type":"ImageObject","inLanguage":"pt-BR","@id":"https:\/\/www.institutodeengenharia.org.br\/site\/#\/schema\/logo\/image\/","url":"https:\/\/www.institutodeengenharia.org.br\/site\/wp-content\/uploads\/2019\/03\/logo-novo-IE2018-1.jpg","contentUrl":"https:\/\/www.institutodeengenharia.org.br\/site\/wp-content\/uploads\/2019\/03\/logo-novo-IE2018-1.jpg","width":1486,"height":1879,"caption":"Instituto de Engenharia"},"image":{"@id":"https:\/\/www.institutodeengenharia.org.br\/site\/#\/schema\/logo\/image\/"},"sameAs":["https:\/\/www.facebook.com\/institutodeengenharia","https:\/\/x.com\/iengenharia","https:\/\/www.instagram.com\/institutodeengenharia\/","https:\/\/www.linkedin.com\/company\/instituto-de-engenharia\/","https:\/\/www.youtube.com\/channel\/UCXiCAlsSMe977vamW915HxA"]},{"@type":"Person","@id":"https:\/\/www.institutodeengenharia.org.br\/site\/#\/schema\/person\/3b1ff109facef084739fc2edcb9a127f","name":"TMax Tecnologia","image":{"@type":"ImageObject","inLanguage":"pt-BR","@id":"https:\/\/secure.gravatar.com\/avatar\/f912434ef7f389c92cb311fcdae346af848465d638912574b3c669070f797701?s=96&d=mm&r=g","url":"https:\/\/secure.gravatar.com\/avatar\/f912434ef7f389c92cb311fcdae346af848465d638912574b3c669070f797701?s=96&d=mm&r=g","contentUrl":"https:\/\/secure.gravatar.com\/avatar\/f912434ef7f389c92cb311fcdae346af848465d638912574b3c669070f797701?s=96&d=mm&r=g","caption":"TMax Tecnologia"},"url":"https:\/\/www.institutodeengenharia.org.br\/site\/author\/tmax\/"}]}},"_links":{"self":[{"href":"https:\/\/www.institutodeengenharia.org.br\/site\/wp-json\/wp\/v2\/posts\/17904","targetHints":{"allow":["GET"]}}],"collection":[{"href":"https:\/\/www.institutodeengenharia.org.br\/site\/wp-json\/wp\/v2\/posts"}],"about":[{"href":"https:\/\/www.institutodeengenharia.org.br\/site\/wp-json\/wp\/v2\/types\/post"}],"author":[{"embeddable":true,"href":"https:\/\/www.institutodeengenharia.org.br\/site\/wp-json\/wp\/v2\/users\/1"}],"replies":[{"embeddable":true,"href":"https:\/\/www.institutodeengenharia.org.br\/site\/wp-json\/wp\/v2\/comments?post=17904"}],"version-history":[{"count":0,"href":"https:\/\/www.institutodeengenharia.org.br\/site\/wp-json\/wp\/v2\/posts\/17904\/revisions"}],"wp:attachment":[{"href":"https:\/\/www.institutodeengenharia.org.br\/site\/wp-json\/wp\/v2\/media?parent=17904"}],"wp:term":[{"taxonomy":"category","embeddable":true,"href":"https:\/\/www.institutodeengenharia.org.br\/site\/wp-json\/wp\/v2\/categories?post=17904"},{"taxonomy":"post_tag","embeddable":true,"href":"https:\/\/www.institutodeengenharia.org.br\/site\/wp-json\/wp\/v2\/tags?post=17904"}],"curies":[{"name":"wp","href":"https:\/\/api.w.org\/{rel}","templated":true}]}}