{"id":17899,"date":"2010-03-30T22:40:44","date_gmt":"2010-03-30T22:40:44","guid":{"rendered":"https:\/\/www.institutodeengenharia.org.br\/?p=17899"},"modified":"2010-03-30T13:35:53","modified_gmt":"2010-03-30T13:35:53","slug":"serra-mostra-placa-de-inauguracao-de-novo-trecho-do-rodoanel","status":"publish","type":"post","link":"https:\/\/www.institutodeengenharia.org.br\/site\/2010\/03\/30\/serra-mostra-placa-de-inauguracao-de-novo-trecho-do-rodoanel\/","title":{"rendered":"Serra mostra placa de inaugura\u00e7\u00e3o de novo trecho do Rodoanel"},"content":{"rendered":"<p><em>Secretaria, no entanto, diz que se trata apenas de uma vistoria. <br \/>\nObra custou R$ 5 bilh\u00f5es e teve verba federal e estadual.&nbsp;<\/p>\n<p><\/em>Anunciada apenas como uma vistoria, a visita do governador Jos\u00e9 Serra \u00e0s obras do Trecho Sul do Rodoanel M\u00e1rio Covas na tarde desta ter\u00e7a-feira (30) acabou como uma esp\u00e9cie de inaugura\u00e7\u00e3o informal. O governador chegou a mostrar a placa de inaugura\u00e7\u00e3o da obra, mas a assessoria de imprensa da Secretaria de Estado dos Transportes, no entanto, informou que o ato n\u00e3o foi a entrega do trecho. <\/p>\n<p>Com 57 km de extens\u00e3o e custo total previsto de R$ 5,03 bilh\u00f5es, ele ligar\u00e1 Mau\u00e1, no ABC, \u00e0 Rodovia R\u00e9gis Bittencourt e ao Trecho Oeste do anel vi\u00e1rio, em Embu, na Grande S\u00e3o Paulo. <\/p>\n<p>Por interligar importantes rodovias com o sistema Anchieta\/Imigrantes, usado para quem segue da capital paulista ao litoral do estado, o trecho do anel vi\u00e1rio deve desafogar, por exemplo, o tr\u00e2nsito na Marginal Pinheiros e na Avenida dos Bandeirantes. A previs\u00e3o \u00e9 de que o n\u00famero de caminh\u00f5es circulando seja reduzido nessas vias, respectivamente, em 43% e 37%. <\/p>\n<p>A inaugura\u00e7\u00e3o da mais importante obra do governo Serra acontece perto da despedida dele do cargo. De acordo com a legisla\u00e7\u00e3o, ministros e governadores t\u00eam que se desincompatibilizar at\u00e9 seis meses antes das elei\u00e7\u00f5es, ou seja, at\u00e9 o in\u00edcio de abril. Ele deve lan\u00e7ar ainda no come\u00e7o do pr\u00f3ximo m\u00eas a candidatura \u00e0 Presid\u00eancia da Rep\u00fablica. <\/p>\n<p>O Trecho Sul come\u00e7ou a ser constru\u00eddo em 28 de maio de 2007. O custo total do empreendimento \u00e9 de R$ 5,03 bilh\u00f5es, de acordo com a Dersa, sendo R$ 3,24 bilh\u00f5es referentes \u00e0s obras brutas e R$ 1,79 bilh\u00e3o em gastos com compensa\u00e7\u00f5es ambientais e desapropria\u00e7\u00f5es, entre outros. Em todo o trecho, h\u00e1 114 pontes e viadutos, al\u00e9m de passagens superiores e inferiores. <\/p>\n<p>\n<strong>Interliga\u00e7\u00e3o<\/strong> <br \/>\nA parte sul ser\u00e1 uma liga\u00e7\u00e3o entre as rodovias Anchieta, Imigrantes e R\u00e9gis Bittencourt, que, somadas \u00e0s interligadas pelo Trecho Oeste (Raposo Tavares, Castello Branco, Bandeirantes, Anhanguera), totalizam sete das 10 rodovias que chegam a S\u00e3o Paulo. A obra facilitar\u00e1, principalmente, o acesso ao Porto de Santos para quem vem do interior do estado e de outras regi\u00f5es. Pelas proje\u00e7\u00f5es da Dersa, ser\u00e1 poss\u00edvel percorrer os trechos Oeste e Sul em 50 minutos. <\/p>\n<p>As obras do novo trecho foram divididas em cinco lotes, que passam pelos munic\u00edpios de S\u00e3o Bernardo do Campo, Santo Andr\u00e9, Ribeir\u00e3o Pires, Mau\u00e1, Embu, Itapecerica da Serra e S\u00e3o Paulo. Para evitar a ocupa\u00e7\u00e3o irregular em \u00e1reas de mananciais, o trecho em Itapecerica e Parelheiros se estende por 38 quil\u00f4metros sem acessos a avenidas e ruas. <\/p>\n<p>Em fevereiro, o G1 percorreu cerca de 15 km do Trecho Sul do Rodoanel e mostrou o clima nas obras. Na \u00e9poca, oper\u00e1rios e engenheiros trabalhavam em ritmo fren\u00e9tico para dar conta de todos os detalhes da nova rodovia. <\/p>\n<p><a target=\"_blank\" href=\"http:\/\/g1.globo.com\/Noticias\/SaoPaulo\/0,,MUL1550798-5605,00-SERRA+MOSTRA+PLACA+DE+INAUGURACAO+DE+NOVO+TRECHO+DO+RODOANEL.html\">Veja mat\u00e9ria sobre o Rodoanel e entrevista com o presidente do Instituto de Engenharia<\/a>.<\/p>\n<p><strong>Rodoanel: a maior obra vi\u00e1ria do Pa\u00eds<br \/>\n<\/strong><\/p>\n<p><object style=\"height: 344px; width: 425px\"><param name=\"movie\" value=\"http:\/\/www.youtube.com\/v\/yasP4ExoVQY\"><param name=\"allowFullScreen\" value=\"true\"><param name=\"allowScriptAccess\" value=\"always\"><embed src=\"http:\/\/www.youtube.com\/v\/yasP4ExoVQY\" type=\"application\/x-shockwave-flash\" allowfullscreen=\"true\" allowScriptAccess=\"always\" width=\"425\" height=\"344\"><\/object><\/p>\n<p><b>Autor: G1<\/b><\/p>\n","protected":false},"excerpt":{"rendered":"<p>Secretaria, no entanto, diz que se trata apenas de uma vistoria. Obra custou R$ 5 bilh\u00f5es e teve verba federal e estadual.&nbsp; Anunciada apenas como uma vistoria, a visita do governador Jos\u00e9 Serra \u00e0s obras do Trecho Sul do Rodoanel M\u00e1rio Covas na tarde desta ter\u00e7a-feira (30) acabou como uma esp\u00e9cie de inaugura\u00e7\u00e3o informal. O [&hellip;]<\/p>\n","protected":false},"author":1,"featured_media":0,"comment_status":"open","ping_status":"open","sticky":false,"template":"","format":"standard","meta":{"footnotes":""},"categories":[6,41],"tags":[],"class_list":{"0":"post-17899","1":"post","2":"type-post","3":"status-publish","4":"format-standard","6":"category-noticias","7":"category-transportes"},"yoast_head":"<!-- This site is optimized with the Yoast SEO plugin v27.2 - https:\/\/yoast.com\/product\/yoast-seo-wordpress\/ -->\n<title>Serra mostra placa de inaugura\u00e7\u00e3o de novo trecho do Rodoanel - Instituto de Engenharia<\/title>\n<meta name=\"robots\" content=\"index, follow, max-snippet:-1, max-image-preview:large, max-video-preview:-1\" \/>\n<link rel=\"canonical\" href=\"https:\/\/www.institutodeengenharia.org.br\/site\/2010\/03\/30\/serra-mostra-placa-de-inauguracao-de-novo-trecho-do-rodoanel\/\" \/>\n<meta property=\"og:locale\" content=\"pt_BR\" \/>\n<meta property=\"og:type\" content=\"article\" \/>\n<meta property=\"og:title\" content=\"Serra mostra placa de inaugura\u00e7\u00e3o de novo trecho do Rodoanel - Instituto de Engenharia\" \/>\n<meta property=\"og:description\" content=\"Secretaria, no entanto, diz que se trata apenas de uma vistoria. Obra custou R$ 5 bilh\u00f5es e teve verba federal e estadual.&nbsp; Anunciada apenas como uma vistoria, a visita do governador Jos\u00e9 Serra \u00e0s obras do Trecho Sul do Rodoanel M\u00e1rio Covas na tarde desta ter\u00e7a-feira (30) acabou como uma esp\u00e9cie de inaugura\u00e7\u00e3o informal. O [&hellip;]\" \/>\n<meta property=\"og:url\" content=\"https:\/\/www.institutodeengenharia.org.br\/site\/2010\/03\/30\/serra-mostra-placa-de-inauguracao-de-novo-trecho-do-rodoanel\/\" \/>\n<meta property=\"og:site_name\" content=\"Instituto de Engenharia\" \/>\n<meta property=\"article:publisher\" content=\"https:\/\/www.facebook.com\/institutodeengenharia\" \/>\n<meta property=\"article:published_time\" content=\"2010-03-30T22:40:44+00:00\" \/>\n<meta name=\"author\" content=\"TMax Tecnologia\" \/>\n<meta name=\"twitter:card\" content=\"summary_large_image\" \/>\n<meta name=\"twitter:creator\" content=\"@iengenharia\" \/>\n<meta name=\"twitter:site\" content=\"@iengenharia\" \/>\n<meta name=\"twitter:label1\" content=\"Escrito por\" \/>\n\t<meta name=\"twitter:data1\" content=\"TMax Tecnologia\" \/>\n\t<meta name=\"twitter:label2\" content=\"Est. tempo de leitura\" \/>\n\t<meta name=\"twitter:data2\" content=\"3 minutos\" \/>\n<script type=\"application\/ld+json\" class=\"yoast-schema-graph\">{\"@context\":\"https:\/\/schema.org\",\"@graph\":[{\"@type\":\"Article\",\"@id\":\"https:\/\/www.institutodeengenharia.org.br\/site\/2010\/03\/30\/serra-mostra-placa-de-inauguracao-de-novo-trecho-do-rodoanel\/#article\",\"isPartOf\":{\"@id\":\"https:\/\/www.institutodeengenharia.org.br\/site\/2010\/03\/30\/serra-mostra-placa-de-inauguracao-de-novo-trecho-do-rodoanel\/\"},\"author\":{\"name\":\"TMax Tecnologia\",\"@id\":\"https:\/\/www.institutodeengenharia.org.br\/site\/#\/schema\/person\/3b1ff109facef084739fc2edcb9a127f\"},\"headline\":\"Serra mostra placa de inaugura\u00e7\u00e3o de novo trecho do Rodoanel\",\"datePublished\":\"2010-03-30T22:40:44+00:00\",\"mainEntityOfPage\":{\"@id\":\"https:\/\/www.institutodeengenharia.org.br\/site\/2010\/03\/30\/serra-mostra-placa-de-inauguracao-de-novo-trecho-do-rodoanel\/\"},\"wordCount\":540,\"commentCount\":0,\"publisher\":{\"@id\":\"https:\/\/www.institutodeengenharia.org.br\/site\/#organization\"},\"articleSection\":[\"Not\u00edcias\",\"Transportes\"],\"inLanguage\":\"pt-BR\",\"potentialAction\":[{\"@type\":\"CommentAction\",\"name\":\"Comment\",\"target\":[\"https:\/\/www.institutodeengenharia.org.br\/site\/2010\/03\/30\/serra-mostra-placa-de-inauguracao-de-novo-trecho-do-rodoanel\/#respond\"]}]},{\"@type\":\"WebPage\",\"@id\":\"https:\/\/www.institutodeengenharia.org.br\/site\/2010\/03\/30\/serra-mostra-placa-de-inauguracao-de-novo-trecho-do-rodoanel\/\",\"url\":\"https:\/\/www.institutodeengenharia.org.br\/site\/2010\/03\/30\/serra-mostra-placa-de-inauguracao-de-novo-trecho-do-rodoanel\/\",\"name\":\"Serra mostra placa de inaugura\u00e7\u00e3o de novo trecho do Rodoanel - Instituto de Engenharia\",\"isPartOf\":{\"@id\":\"https:\/\/www.institutodeengenharia.org.br\/site\/#website\"},\"datePublished\":\"2010-03-30T22:40:44+00:00\",\"breadcrumb\":{\"@id\":\"https:\/\/www.institutodeengenharia.org.br\/site\/2010\/03\/30\/serra-mostra-placa-de-inauguracao-de-novo-trecho-do-rodoanel\/#breadcrumb\"},\"inLanguage\":\"pt-BR\",\"potentialAction\":[{\"@type\":\"ReadAction\",\"target\":[\"https:\/\/www.institutodeengenharia.org.br\/site\/2010\/03\/30\/serra-mostra-placa-de-inauguracao-de-novo-trecho-do-rodoanel\/\"]}]},{\"@type\":\"BreadcrumbList\",\"@id\":\"https:\/\/www.institutodeengenharia.org.br\/site\/2010\/03\/30\/serra-mostra-placa-de-inauguracao-de-novo-trecho-do-rodoanel\/#breadcrumb\",\"itemListElement\":[{\"@type\":\"ListItem\",\"position\":1,\"name\":\"In\u00edcio\",\"item\":\"https:\/\/www.institutodeengenharia.org.br\/site\/\"},{\"@type\":\"ListItem\",\"position\":2,\"name\":\"Serra mostra placa de inaugura\u00e7\u00e3o de novo trecho do Rodoanel\"}]},{\"@type\":\"WebSite\",\"@id\":\"https:\/\/www.institutodeengenharia.org.br\/site\/#website\",\"url\":\"https:\/\/www.institutodeengenharia.org.br\/site\/\",\"name\":\"Instituto de Engenharia\",\"description\":\"O Instituto de Engenharia promove a Engenharia em benef\u00edcio do desenvolvimento e da qualidade de vida da sociedade.\",\"publisher\":{\"@id\":\"https:\/\/www.institutodeengenharia.org.br\/site\/#organization\"},\"potentialAction\":[{\"@type\":\"SearchAction\",\"target\":{\"@type\":\"EntryPoint\",\"urlTemplate\":\"https:\/\/www.institutodeengenharia.org.br\/site\/?s={search_term_string}\"},\"query-input\":{\"@type\":\"PropertyValueSpecification\",\"valueRequired\":true,\"valueName\":\"search_term_string\"}}],\"inLanguage\":\"pt-BR\"},{\"@type\":\"Organization\",\"@id\":\"https:\/\/www.institutodeengenharia.org.br\/site\/#organization\",\"name\":\"Instituto de Engenharia\",\"url\":\"https:\/\/www.institutodeengenharia.org.br\/site\/\",\"logo\":{\"@type\":\"ImageObject\",\"inLanguage\":\"pt-BR\",\"@id\":\"https:\/\/www.institutodeengenharia.org.br\/site\/#\/schema\/logo\/image\/\",\"url\":\"https:\/\/www.institutodeengenharia.org.br\/site\/wp-content\/uploads\/2019\/03\/logo-novo-IE2018-1.jpg\",\"contentUrl\":\"https:\/\/www.institutodeengenharia.org.br\/site\/wp-content\/uploads\/2019\/03\/logo-novo-IE2018-1.jpg\",\"width\":1486,\"height\":1879,\"caption\":\"Instituto de Engenharia\"},\"image\":{\"@id\":\"https:\/\/www.institutodeengenharia.org.br\/site\/#\/schema\/logo\/image\/\"},\"sameAs\":[\"https:\/\/www.facebook.com\/institutodeengenharia\",\"https:\/\/x.com\/iengenharia\",\"https:\/\/www.instagram.com\/institutodeengenharia\/\",\"https:\/\/www.linkedin.com\/company\/instituto-de-engenharia\/\",\"https:\/\/www.youtube.com\/channel\/UCXiCAlsSMe977vamW915HxA\"]},{\"@type\":\"Person\",\"@id\":\"https:\/\/www.institutodeengenharia.org.br\/site\/#\/schema\/person\/3b1ff109facef084739fc2edcb9a127f\",\"name\":\"TMax Tecnologia\",\"image\":{\"@type\":\"ImageObject\",\"inLanguage\":\"pt-BR\",\"@id\":\"https:\/\/secure.gravatar.com\/avatar\/f912434ef7f389c92cb311fcdae346af848465d638912574b3c669070f797701?s=96&d=mm&r=g\",\"url\":\"https:\/\/secure.gravatar.com\/avatar\/f912434ef7f389c92cb311fcdae346af848465d638912574b3c669070f797701?s=96&d=mm&r=g\",\"contentUrl\":\"https:\/\/secure.gravatar.com\/avatar\/f912434ef7f389c92cb311fcdae346af848465d638912574b3c669070f797701?s=96&d=mm&r=g\",\"caption\":\"TMax Tecnologia\"},\"url\":\"https:\/\/www.institutodeengenharia.org.br\/site\/author\/tmax\/\"}]}<\/script>\n<!-- \/ Yoast SEO plugin. -->","yoast_head_json":{"title":"Serra mostra placa de inaugura\u00e7\u00e3o de novo trecho do Rodoanel - Instituto de Engenharia","robots":{"index":"index","follow":"follow","max-snippet":"max-snippet:-1","max-image-preview":"max-image-preview:large","max-video-preview":"max-video-preview:-1"},"canonical":"https:\/\/www.institutodeengenharia.org.br\/site\/2010\/03\/30\/serra-mostra-placa-de-inauguracao-de-novo-trecho-do-rodoanel\/","og_locale":"pt_BR","og_type":"article","og_title":"Serra mostra placa de inaugura\u00e7\u00e3o de novo trecho do Rodoanel - Instituto de Engenharia","og_description":"Secretaria, no entanto, diz que se trata apenas de uma vistoria. Obra custou R$ 5 bilh\u00f5es e teve verba federal e estadual.&nbsp; Anunciada apenas como uma vistoria, a visita do governador Jos\u00e9 Serra \u00e0s obras do Trecho Sul do Rodoanel M\u00e1rio Covas na tarde desta ter\u00e7a-feira (30) acabou como uma esp\u00e9cie de inaugura\u00e7\u00e3o informal. O [&hellip;]","og_url":"https:\/\/www.institutodeengenharia.org.br\/site\/2010\/03\/30\/serra-mostra-placa-de-inauguracao-de-novo-trecho-do-rodoanel\/","og_site_name":"Instituto de Engenharia","article_publisher":"https:\/\/www.facebook.com\/institutodeengenharia","article_published_time":"2010-03-30T22:40:44+00:00","author":"TMax Tecnologia","twitter_card":"summary_large_image","twitter_creator":"@iengenharia","twitter_site":"@iengenharia","twitter_misc":{"Escrito por":"TMax Tecnologia","Est. tempo de leitura":"3 minutos"},"schema":{"@context":"https:\/\/schema.org","@graph":[{"@type":"Article","@id":"https:\/\/www.institutodeengenharia.org.br\/site\/2010\/03\/30\/serra-mostra-placa-de-inauguracao-de-novo-trecho-do-rodoanel\/#article","isPartOf":{"@id":"https:\/\/www.institutodeengenharia.org.br\/site\/2010\/03\/30\/serra-mostra-placa-de-inauguracao-de-novo-trecho-do-rodoanel\/"},"author":{"name":"TMax Tecnologia","@id":"https:\/\/www.institutodeengenharia.org.br\/site\/#\/schema\/person\/3b1ff109facef084739fc2edcb9a127f"},"headline":"Serra mostra placa de inaugura\u00e7\u00e3o de novo trecho do Rodoanel","datePublished":"2010-03-30T22:40:44+00:00","mainEntityOfPage":{"@id":"https:\/\/www.institutodeengenharia.org.br\/site\/2010\/03\/30\/serra-mostra-placa-de-inauguracao-de-novo-trecho-do-rodoanel\/"},"wordCount":540,"commentCount":0,"publisher":{"@id":"https:\/\/www.institutodeengenharia.org.br\/site\/#organization"},"articleSection":["Not\u00edcias","Transportes"],"inLanguage":"pt-BR","potentialAction":[{"@type":"CommentAction","name":"Comment","target":["https:\/\/www.institutodeengenharia.org.br\/site\/2010\/03\/30\/serra-mostra-placa-de-inauguracao-de-novo-trecho-do-rodoanel\/#respond"]}]},{"@type":"WebPage","@id":"https:\/\/www.institutodeengenharia.org.br\/site\/2010\/03\/30\/serra-mostra-placa-de-inauguracao-de-novo-trecho-do-rodoanel\/","url":"https:\/\/www.institutodeengenharia.org.br\/site\/2010\/03\/30\/serra-mostra-placa-de-inauguracao-de-novo-trecho-do-rodoanel\/","name":"Serra mostra placa de inaugura\u00e7\u00e3o de novo trecho do Rodoanel - Instituto de Engenharia","isPartOf":{"@id":"https:\/\/www.institutodeengenharia.org.br\/site\/#website"},"datePublished":"2010-03-30T22:40:44+00:00","breadcrumb":{"@id":"https:\/\/www.institutodeengenharia.org.br\/site\/2010\/03\/30\/serra-mostra-placa-de-inauguracao-de-novo-trecho-do-rodoanel\/#breadcrumb"},"inLanguage":"pt-BR","potentialAction":[{"@type":"ReadAction","target":["https:\/\/www.institutodeengenharia.org.br\/site\/2010\/03\/30\/serra-mostra-placa-de-inauguracao-de-novo-trecho-do-rodoanel\/"]}]},{"@type":"BreadcrumbList","@id":"https:\/\/www.institutodeengenharia.org.br\/site\/2010\/03\/30\/serra-mostra-placa-de-inauguracao-de-novo-trecho-do-rodoanel\/#breadcrumb","itemListElement":[{"@type":"ListItem","position":1,"name":"In\u00edcio","item":"https:\/\/www.institutodeengenharia.org.br\/site\/"},{"@type":"ListItem","position":2,"name":"Serra mostra placa de inaugura\u00e7\u00e3o de novo trecho do Rodoanel"}]},{"@type":"WebSite","@id":"https:\/\/www.institutodeengenharia.org.br\/site\/#website","url":"https:\/\/www.institutodeengenharia.org.br\/site\/","name":"Instituto de Engenharia","description":"O Instituto de Engenharia promove a Engenharia em benef\u00edcio do desenvolvimento e da qualidade de vida da sociedade.","publisher":{"@id":"https:\/\/www.institutodeengenharia.org.br\/site\/#organization"},"potentialAction":[{"@type":"SearchAction","target":{"@type":"EntryPoint","urlTemplate":"https:\/\/www.institutodeengenharia.org.br\/site\/?s={search_term_string}"},"query-input":{"@type":"PropertyValueSpecification","valueRequired":true,"valueName":"search_term_string"}}],"inLanguage":"pt-BR"},{"@type":"Organization","@id":"https:\/\/www.institutodeengenharia.org.br\/site\/#organization","name":"Instituto de Engenharia","url":"https:\/\/www.institutodeengenharia.org.br\/site\/","logo":{"@type":"ImageObject","inLanguage":"pt-BR","@id":"https:\/\/www.institutodeengenharia.org.br\/site\/#\/schema\/logo\/image\/","url":"https:\/\/www.institutodeengenharia.org.br\/site\/wp-content\/uploads\/2019\/03\/logo-novo-IE2018-1.jpg","contentUrl":"https:\/\/www.institutodeengenharia.org.br\/site\/wp-content\/uploads\/2019\/03\/logo-novo-IE2018-1.jpg","width":1486,"height":1879,"caption":"Instituto de Engenharia"},"image":{"@id":"https:\/\/www.institutodeengenharia.org.br\/site\/#\/schema\/logo\/image\/"},"sameAs":["https:\/\/www.facebook.com\/institutodeengenharia","https:\/\/x.com\/iengenharia","https:\/\/www.instagram.com\/institutodeengenharia\/","https:\/\/www.linkedin.com\/company\/instituto-de-engenharia\/","https:\/\/www.youtube.com\/channel\/UCXiCAlsSMe977vamW915HxA"]},{"@type":"Person","@id":"https:\/\/www.institutodeengenharia.org.br\/site\/#\/schema\/person\/3b1ff109facef084739fc2edcb9a127f","name":"TMax Tecnologia","image":{"@type":"ImageObject","inLanguage":"pt-BR","@id":"https:\/\/secure.gravatar.com\/avatar\/f912434ef7f389c92cb311fcdae346af848465d638912574b3c669070f797701?s=96&d=mm&r=g","url":"https:\/\/secure.gravatar.com\/avatar\/f912434ef7f389c92cb311fcdae346af848465d638912574b3c669070f797701?s=96&d=mm&r=g","contentUrl":"https:\/\/secure.gravatar.com\/avatar\/f912434ef7f389c92cb311fcdae346af848465d638912574b3c669070f797701?s=96&d=mm&r=g","caption":"TMax Tecnologia"},"url":"https:\/\/www.institutodeengenharia.org.br\/site\/author\/tmax\/"}]}},"_links":{"self":[{"href":"https:\/\/www.institutodeengenharia.org.br\/site\/wp-json\/wp\/v2\/posts\/17899","targetHints":{"allow":["GET"]}}],"collection":[{"href":"https:\/\/www.institutodeengenharia.org.br\/site\/wp-json\/wp\/v2\/posts"}],"about":[{"href":"https:\/\/www.institutodeengenharia.org.br\/site\/wp-json\/wp\/v2\/types\/post"}],"author":[{"embeddable":true,"href":"https:\/\/www.institutodeengenharia.org.br\/site\/wp-json\/wp\/v2\/users\/1"}],"replies":[{"embeddable":true,"href":"https:\/\/www.institutodeengenharia.org.br\/site\/wp-json\/wp\/v2\/comments?post=17899"}],"version-history":[{"count":0,"href":"https:\/\/www.institutodeengenharia.org.br\/site\/wp-json\/wp\/v2\/posts\/17899\/revisions"}],"wp:attachment":[{"href":"https:\/\/www.institutodeengenharia.org.br\/site\/wp-json\/wp\/v2\/media?parent=17899"}],"wp:term":[{"taxonomy":"category","embeddable":true,"href":"https:\/\/www.institutodeengenharia.org.br\/site\/wp-json\/wp\/v2\/categories?post=17899"},{"taxonomy":"post_tag","embeddable":true,"href":"https:\/\/www.institutodeengenharia.org.br\/site\/wp-json\/wp\/v2\/tags?post=17899"}],"curies":[{"name":"wp","href":"https:\/\/api.w.org\/{rel}","templated":true}]}}