{"id":17898,"date":"2010-03-30T22:40:43","date_gmt":"2010-03-30T22:40:43","guid":{"rendered":"https:\/\/www.institutodeengenharia.org.br\/?p=17898"},"modified":"2010-03-30T10:26:54","modified_gmt":"2010-03-30T10:26:54","slug":"floresta-amazonica-e-mais-resistente-a-seca-do-que-se-pensava-diz-estudo","status":"publish","type":"post","link":"https:\/\/www.institutodeengenharia.org.br\/site\/2010\/03\/30\/floresta-amazonica-e-mais-resistente-a-seca-do-que-se-pensava-diz-estudo\/","title":{"rendered":"Floresta amaz\u00f4nica \u00e9 mais resistente \u00e0 seca do que se pensava, diz estudo"},"content":{"rendered":"<p><strong>Um estudo encomendado pela ag\u00eancia espacial americana, Nasa, \u00e0 universidade de Boston, nos Estados Unidos, concluiu que a Floresta Amaz\u00f4nica \u00e9 bem mais resistente \u00e0 seca do que indicavam estudos anteriores<\/strong>. <\/p>\n<p>Para a pesquisa, publicada na \u00faltima edi\u00e7\u00e3o da revista especializada Geophysical Research Letters, cientistas analisaram dados obtidos por sat\u00e9lites da Nasa que mostram qu\u00e3o verde esteve a cobertura vegetal da Amaz\u00f4nia na \u00faltima d\u00e9cada. <\/p>\n<p>&#8220;N\u00e3o encontramos grandes diferen\u00e7as nos n\u00edveis de verde dessas florestas entre anos de seca e anos normais, o que indica que essas florestas s\u00e3o muito mais tolerantes \u00e0s secas do que se acreditava anteriormente&#8221;, disse Arindam Samanta, o pesquisador da universidade de Boston que coordenou o estudo. <\/p>\n<p>O \u00faltimo relat\u00f3rio do Painel Intergovernamental para Mudan\u00e7a Clim\u00e1tica (IPCC, na sigla em ingl\u00eas) de 2007 concluiu, a partir dos estudos dispon\u00edveis at\u00e9 2006, que at\u00e9 40% da Amaz\u00f4nia poderia ser perdido para secas. <\/p>\n<p>O painel cita um estudo de Rowell e Moore, de 2000, que havia sido encomendado pela organiza\u00e7\u00e3o ambientalista WWF. Recentemente, o IPCC foi alvo de duras cr\u00edticas por ter se apoiado nesta pesquisa, que n\u00e3o citava as fontes originais da previs\u00e3o de redu\u00e7\u00e3o da floresta. <\/p>\n<p>&#8220;At\u00e9 40% das florestas amaz\u00f4nicas poderiam reagir drasticamente a at\u00e9 uma ligeira redu\u00e7\u00e3o na precipita\u00e7\u00e3o; isso significa que a vegeta\u00e7\u00e3o tropical, a hidrologia e o sistema clim\u00e1tico da Am\u00e9rica do Sul poderia mudar muito rapidamente para outro estado est\u00e1vel, sem necessariamente produzir mudan\u00e7as graduais entre as situa\u00e7\u00f5es futura e atual (Rowell e Moore, 2000)&#8221;, consta do 4\u00ba relat\u00f3rio do IPCC. <\/p>\n<p>O estudo do WWF tamb\u00e9m foi duramente criticado pelo cientista brasileiro Jos\u00e9 Marengo, do Instituto Nacional de Pesquisas Espaciais (Inpe). <\/p>\n<p>Para ele, a conclus\u00e3o \u00e9 &#8220;totalmente errada&#8221;. <\/p>\n<p>&#8220;Os novos c\u00e1lculos s\u00e3o muito mais confi\u00e1veis e corretos&#8221;, disse Marengo. <\/p>\n<p>Um outro estudo, publicado na revista Science em 2007, afirmou que as florestas tropicais se beneficiam de secas, porque s\u00e3o expostas a mais luz solar durante as \u00e9pocas sem nuvens da seca. <\/p>\n<p>O novo estudo tamb\u00e9m contraria esta conclus\u00e3o, concluindo que ela \u00e9 &#8220;falha&#8221; e &#8220;irreprodut\u00edvel&#8221;. <\/p>\n<p>&#8220;Esse novo estudo traz alguma clareza \u00e0 nossa emba\u00e7ada compreens\u00e3o de como essas florestas, com suas ricas fontes de biodiversidade, se comportariam no futuro diante da dupla amea\u00e7a do desmatamento e da mudan\u00e7a do clima&#8221;, afirmou outro co-autor de Boston, o professor Ranga Myneni. <\/p>\n<p>No ano passado, outro estudo realizado por cientistas brit\u00e2nicos tamb\u00e9m sugeriu que a Floresta Amaz\u00f4nica poderia ser menos vulner\u00e1vel a uma seca grave em consequ\u00eancia do aquecimento global do que se pensava anteriormente. <\/p>\n<p>Por\u00e9m os cientistas advertem que a r\u00e1pida degrada\u00e7\u00e3o da floresta tropical em fun\u00e7\u00e3o das mudan\u00e7as clim\u00e1ticas provocadas pela a\u00e7\u00e3o humana permanece uma &#8220;possibilidade distinta&#8221; neste s\u00e9culo. <\/p>\n<p>Nessa pesquisa, os cientistas pela primeira vez compararam simula\u00e7\u00f5es de dezenove Modelos Clim\u00e1ticos Globais com observa\u00e7\u00f5es emp\u00edricas. <\/p>\n<p><b>Autor: BBC<\/b><\/p>\n","protected":false},"excerpt":{"rendered":"<p>Um estudo encomendado pela ag\u00eancia espacial americana, Nasa, \u00e0 universidade de Boston, nos Estados Unidos, concluiu que a Floresta Amaz\u00f4nica \u00e9 bem mais resistente \u00e0 seca do que indicavam estudos anteriores. Para a pesquisa, publicada na \u00faltima edi\u00e7\u00e3o da revista especializada Geophysical Research Letters, cientistas analisaram dados obtidos por sat\u00e9lites da Nasa que mostram qu\u00e3o [&hellip;]<\/p>\n","protected":false},"author":1,"featured_media":0,"comment_status":"open","ping_status":"open","sticky":false,"template":"","format":"standard","meta":{"footnotes":""},"categories":[31,6],"tags":[],"class_list":{"0":"post-17898","1":"post","2":"type-post","3":"status-publish","4":"format-standard","6":"category-meio-ambiente","7":"category-noticias"},"yoast_head":"<!-- This site is optimized with the Yoast SEO plugin v27.2 - https:\/\/yoast.com\/product\/yoast-seo-wordpress\/ -->\n<title>Floresta amaz\u00f4nica \u00e9 mais resistente \u00e0 seca do que se pensava, diz estudo - Instituto de Engenharia<\/title>\n<meta name=\"robots\" content=\"index, follow, max-snippet:-1, max-image-preview:large, max-video-preview:-1\" \/>\n<link rel=\"canonical\" href=\"https:\/\/www.institutodeengenharia.org.br\/site\/2010\/03\/30\/floresta-amazonica-e-mais-resistente-a-seca-do-que-se-pensava-diz-estudo\/\" \/>\n<meta property=\"og:locale\" content=\"pt_BR\" \/>\n<meta property=\"og:type\" content=\"article\" \/>\n<meta property=\"og:title\" content=\"Floresta amaz\u00f4nica \u00e9 mais resistente \u00e0 seca do que se pensava, diz estudo - Instituto de Engenharia\" \/>\n<meta property=\"og:description\" content=\"Um estudo encomendado pela ag\u00eancia espacial americana, Nasa, \u00e0 universidade de Boston, nos Estados Unidos, concluiu que a Floresta Amaz\u00f4nica \u00e9 bem mais resistente \u00e0 seca do que indicavam estudos anteriores. Para a pesquisa, publicada na \u00faltima edi\u00e7\u00e3o da revista especializada Geophysical Research Letters, cientistas analisaram dados obtidos por sat\u00e9lites da Nasa que mostram qu\u00e3o [&hellip;]\" \/>\n<meta property=\"og:url\" content=\"https:\/\/www.institutodeengenharia.org.br\/site\/2010\/03\/30\/floresta-amazonica-e-mais-resistente-a-seca-do-que-se-pensava-diz-estudo\/\" \/>\n<meta property=\"og:site_name\" content=\"Instituto de Engenharia\" \/>\n<meta property=\"article:publisher\" content=\"https:\/\/www.facebook.com\/institutodeengenharia\" \/>\n<meta property=\"article:published_time\" content=\"2010-03-30T22:40:43+00:00\" \/>\n<meta name=\"author\" content=\"TMax Tecnologia\" \/>\n<meta name=\"twitter:card\" content=\"summary_large_image\" \/>\n<meta name=\"twitter:creator\" content=\"@iengenharia\" \/>\n<meta name=\"twitter:site\" content=\"@iengenharia\" \/>\n<meta name=\"twitter:label1\" content=\"Escrito por\" \/>\n\t<meta name=\"twitter:data1\" content=\"TMax Tecnologia\" \/>\n\t<meta name=\"twitter:label2\" content=\"Est. tempo de leitura\" \/>\n\t<meta name=\"twitter:data2\" content=\"3 minutos\" \/>\n<script type=\"application\/ld+json\" class=\"yoast-schema-graph\">{\"@context\":\"https:\/\/schema.org\",\"@graph\":[{\"@type\":\"Article\",\"@id\":\"https:\/\/www.institutodeengenharia.org.br\/site\/2010\/03\/30\/floresta-amazonica-e-mais-resistente-a-seca-do-que-se-pensava-diz-estudo\/#article\",\"isPartOf\":{\"@id\":\"https:\/\/www.institutodeengenharia.org.br\/site\/2010\/03\/30\/floresta-amazonica-e-mais-resistente-a-seca-do-que-se-pensava-diz-estudo\/\"},\"author\":{\"name\":\"TMax Tecnologia\",\"@id\":\"https:\/\/www.institutodeengenharia.org.br\/site\/#\/schema\/person\/3b1ff109facef084739fc2edcb9a127f\"},\"headline\":\"Floresta amaz\u00f4nica \u00e9 mais resistente \u00e0 seca do que se pensava, diz estudo\",\"datePublished\":\"2010-03-30T22:40:43+00:00\",\"mainEntityOfPage\":{\"@id\":\"https:\/\/www.institutodeengenharia.org.br\/site\/2010\/03\/30\/floresta-amazonica-e-mais-resistente-a-seca-do-que-se-pensava-diz-estudo\/\"},\"wordCount\":517,\"commentCount\":0,\"publisher\":{\"@id\":\"https:\/\/www.institutodeengenharia.org.br\/site\/#organization\"},\"articleSection\":[\"Meio Ambiente\",\"Not\u00edcias\"],\"inLanguage\":\"pt-BR\",\"potentialAction\":[{\"@type\":\"CommentAction\",\"name\":\"Comment\",\"target\":[\"https:\/\/www.institutodeengenharia.org.br\/site\/2010\/03\/30\/floresta-amazonica-e-mais-resistente-a-seca-do-que-se-pensava-diz-estudo\/#respond\"]}]},{\"@type\":\"WebPage\",\"@id\":\"https:\/\/www.institutodeengenharia.org.br\/site\/2010\/03\/30\/floresta-amazonica-e-mais-resistente-a-seca-do-que-se-pensava-diz-estudo\/\",\"url\":\"https:\/\/www.institutodeengenharia.org.br\/site\/2010\/03\/30\/floresta-amazonica-e-mais-resistente-a-seca-do-que-se-pensava-diz-estudo\/\",\"name\":\"Floresta amaz\u00f4nica \u00e9 mais resistente \u00e0 seca do que se pensava, diz estudo - Instituto de Engenharia\",\"isPartOf\":{\"@id\":\"https:\/\/www.institutodeengenharia.org.br\/site\/#website\"},\"datePublished\":\"2010-03-30T22:40:43+00:00\",\"breadcrumb\":{\"@id\":\"https:\/\/www.institutodeengenharia.org.br\/site\/2010\/03\/30\/floresta-amazonica-e-mais-resistente-a-seca-do-que-se-pensava-diz-estudo\/#breadcrumb\"},\"inLanguage\":\"pt-BR\",\"potentialAction\":[{\"@type\":\"ReadAction\",\"target\":[\"https:\/\/www.institutodeengenharia.org.br\/site\/2010\/03\/30\/floresta-amazonica-e-mais-resistente-a-seca-do-que-se-pensava-diz-estudo\/\"]}]},{\"@type\":\"BreadcrumbList\",\"@id\":\"https:\/\/www.institutodeengenharia.org.br\/site\/2010\/03\/30\/floresta-amazonica-e-mais-resistente-a-seca-do-que-se-pensava-diz-estudo\/#breadcrumb\",\"itemListElement\":[{\"@type\":\"ListItem\",\"position\":1,\"name\":\"In\u00edcio\",\"item\":\"https:\/\/www.institutodeengenharia.org.br\/site\/\"},{\"@type\":\"ListItem\",\"position\":2,\"name\":\"Floresta amaz\u00f4nica \u00e9 mais resistente \u00e0 seca do que se pensava, diz estudo\"}]},{\"@type\":\"WebSite\",\"@id\":\"https:\/\/www.institutodeengenharia.org.br\/site\/#website\",\"url\":\"https:\/\/www.institutodeengenharia.org.br\/site\/\",\"name\":\"Instituto de Engenharia\",\"description\":\"O Instituto de Engenharia promove a Engenharia em benef\u00edcio do desenvolvimento e da qualidade de vida da sociedade.\",\"publisher\":{\"@id\":\"https:\/\/www.institutodeengenharia.org.br\/site\/#organization\"},\"potentialAction\":[{\"@type\":\"SearchAction\",\"target\":{\"@type\":\"EntryPoint\",\"urlTemplate\":\"https:\/\/www.institutodeengenharia.org.br\/site\/?s={search_term_string}\"},\"query-input\":{\"@type\":\"PropertyValueSpecification\",\"valueRequired\":true,\"valueName\":\"search_term_string\"}}],\"inLanguage\":\"pt-BR\"},{\"@type\":\"Organization\",\"@id\":\"https:\/\/www.institutodeengenharia.org.br\/site\/#organization\",\"name\":\"Instituto de Engenharia\",\"url\":\"https:\/\/www.institutodeengenharia.org.br\/site\/\",\"logo\":{\"@type\":\"ImageObject\",\"inLanguage\":\"pt-BR\",\"@id\":\"https:\/\/www.institutodeengenharia.org.br\/site\/#\/schema\/logo\/image\/\",\"url\":\"https:\/\/www.institutodeengenharia.org.br\/site\/wp-content\/uploads\/2019\/03\/logo-novo-IE2018-1.jpg\",\"contentUrl\":\"https:\/\/www.institutodeengenharia.org.br\/site\/wp-content\/uploads\/2019\/03\/logo-novo-IE2018-1.jpg\",\"width\":1486,\"height\":1879,\"caption\":\"Instituto de Engenharia\"},\"image\":{\"@id\":\"https:\/\/www.institutodeengenharia.org.br\/site\/#\/schema\/logo\/image\/\"},\"sameAs\":[\"https:\/\/www.facebook.com\/institutodeengenharia\",\"https:\/\/x.com\/iengenharia\",\"https:\/\/www.instagram.com\/institutodeengenharia\/\",\"https:\/\/www.linkedin.com\/company\/instituto-de-engenharia\/\",\"https:\/\/www.youtube.com\/channel\/UCXiCAlsSMe977vamW915HxA\"]},{\"@type\":\"Person\",\"@id\":\"https:\/\/www.institutodeengenharia.org.br\/site\/#\/schema\/person\/3b1ff109facef084739fc2edcb9a127f\",\"name\":\"TMax Tecnologia\",\"image\":{\"@type\":\"ImageObject\",\"inLanguage\":\"pt-BR\",\"@id\":\"https:\/\/secure.gravatar.com\/avatar\/f912434ef7f389c92cb311fcdae346af848465d638912574b3c669070f797701?s=96&d=mm&r=g\",\"url\":\"https:\/\/secure.gravatar.com\/avatar\/f912434ef7f389c92cb311fcdae346af848465d638912574b3c669070f797701?s=96&d=mm&r=g\",\"contentUrl\":\"https:\/\/secure.gravatar.com\/avatar\/f912434ef7f389c92cb311fcdae346af848465d638912574b3c669070f797701?s=96&d=mm&r=g\",\"caption\":\"TMax Tecnologia\"},\"url\":\"https:\/\/www.institutodeengenharia.org.br\/site\/author\/tmax\/\"}]}<\/script>\n<!-- \/ Yoast SEO plugin. -->","yoast_head_json":{"title":"Floresta amaz\u00f4nica \u00e9 mais resistente \u00e0 seca do que se pensava, diz estudo - Instituto de Engenharia","robots":{"index":"index","follow":"follow","max-snippet":"max-snippet:-1","max-image-preview":"max-image-preview:large","max-video-preview":"max-video-preview:-1"},"canonical":"https:\/\/www.institutodeengenharia.org.br\/site\/2010\/03\/30\/floresta-amazonica-e-mais-resistente-a-seca-do-que-se-pensava-diz-estudo\/","og_locale":"pt_BR","og_type":"article","og_title":"Floresta amaz\u00f4nica \u00e9 mais resistente \u00e0 seca do que se pensava, diz estudo - Instituto de Engenharia","og_description":"Um estudo encomendado pela ag\u00eancia espacial americana, Nasa, \u00e0 universidade de Boston, nos Estados Unidos, concluiu que a Floresta Amaz\u00f4nica \u00e9 bem mais resistente \u00e0 seca do que indicavam estudos anteriores. Para a pesquisa, publicada na \u00faltima edi\u00e7\u00e3o da revista especializada Geophysical Research Letters, cientistas analisaram dados obtidos por sat\u00e9lites da Nasa que mostram qu\u00e3o [&hellip;]","og_url":"https:\/\/www.institutodeengenharia.org.br\/site\/2010\/03\/30\/floresta-amazonica-e-mais-resistente-a-seca-do-que-se-pensava-diz-estudo\/","og_site_name":"Instituto de Engenharia","article_publisher":"https:\/\/www.facebook.com\/institutodeengenharia","article_published_time":"2010-03-30T22:40:43+00:00","author":"TMax Tecnologia","twitter_card":"summary_large_image","twitter_creator":"@iengenharia","twitter_site":"@iengenharia","twitter_misc":{"Escrito por":"TMax Tecnologia","Est. tempo de leitura":"3 minutos"},"schema":{"@context":"https:\/\/schema.org","@graph":[{"@type":"Article","@id":"https:\/\/www.institutodeengenharia.org.br\/site\/2010\/03\/30\/floresta-amazonica-e-mais-resistente-a-seca-do-que-se-pensava-diz-estudo\/#article","isPartOf":{"@id":"https:\/\/www.institutodeengenharia.org.br\/site\/2010\/03\/30\/floresta-amazonica-e-mais-resistente-a-seca-do-que-se-pensava-diz-estudo\/"},"author":{"name":"TMax Tecnologia","@id":"https:\/\/www.institutodeengenharia.org.br\/site\/#\/schema\/person\/3b1ff109facef084739fc2edcb9a127f"},"headline":"Floresta amaz\u00f4nica \u00e9 mais resistente \u00e0 seca do que se pensava, diz estudo","datePublished":"2010-03-30T22:40:43+00:00","mainEntityOfPage":{"@id":"https:\/\/www.institutodeengenharia.org.br\/site\/2010\/03\/30\/floresta-amazonica-e-mais-resistente-a-seca-do-que-se-pensava-diz-estudo\/"},"wordCount":517,"commentCount":0,"publisher":{"@id":"https:\/\/www.institutodeengenharia.org.br\/site\/#organization"},"articleSection":["Meio Ambiente","Not\u00edcias"],"inLanguage":"pt-BR","potentialAction":[{"@type":"CommentAction","name":"Comment","target":["https:\/\/www.institutodeengenharia.org.br\/site\/2010\/03\/30\/floresta-amazonica-e-mais-resistente-a-seca-do-que-se-pensava-diz-estudo\/#respond"]}]},{"@type":"WebPage","@id":"https:\/\/www.institutodeengenharia.org.br\/site\/2010\/03\/30\/floresta-amazonica-e-mais-resistente-a-seca-do-que-se-pensava-diz-estudo\/","url":"https:\/\/www.institutodeengenharia.org.br\/site\/2010\/03\/30\/floresta-amazonica-e-mais-resistente-a-seca-do-que-se-pensava-diz-estudo\/","name":"Floresta amaz\u00f4nica \u00e9 mais resistente \u00e0 seca do que se pensava, diz estudo - Instituto de Engenharia","isPartOf":{"@id":"https:\/\/www.institutodeengenharia.org.br\/site\/#website"},"datePublished":"2010-03-30T22:40:43+00:00","breadcrumb":{"@id":"https:\/\/www.institutodeengenharia.org.br\/site\/2010\/03\/30\/floresta-amazonica-e-mais-resistente-a-seca-do-que-se-pensava-diz-estudo\/#breadcrumb"},"inLanguage":"pt-BR","potentialAction":[{"@type":"ReadAction","target":["https:\/\/www.institutodeengenharia.org.br\/site\/2010\/03\/30\/floresta-amazonica-e-mais-resistente-a-seca-do-que-se-pensava-diz-estudo\/"]}]},{"@type":"BreadcrumbList","@id":"https:\/\/www.institutodeengenharia.org.br\/site\/2010\/03\/30\/floresta-amazonica-e-mais-resistente-a-seca-do-que-se-pensava-diz-estudo\/#breadcrumb","itemListElement":[{"@type":"ListItem","position":1,"name":"In\u00edcio","item":"https:\/\/www.institutodeengenharia.org.br\/site\/"},{"@type":"ListItem","position":2,"name":"Floresta amaz\u00f4nica \u00e9 mais resistente \u00e0 seca do que se pensava, diz estudo"}]},{"@type":"WebSite","@id":"https:\/\/www.institutodeengenharia.org.br\/site\/#website","url":"https:\/\/www.institutodeengenharia.org.br\/site\/","name":"Instituto de Engenharia","description":"O Instituto de Engenharia promove a Engenharia em benef\u00edcio do desenvolvimento e da qualidade de vida da sociedade.","publisher":{"@id":"https:\/\/www.institutodeengenharia.org.br\/site\/#organization"},"potentialAction":[{"@type":"SearchAction","target":{"@type":"EntryPoint","urlTemplate":"https:\/\/www.institutodeengenharia.org.br\/site\/?s={search_term_string}"},"query-input":{"@type":"PropertyValueSpecification","valueRequired":true,"valueName":"search_term_string"}}],"inLanguage":"pt-BR"},{"@type":"Organization","@id":"https:\/\/www.institutodeengenharia.org.br\/site\/#organization","name":"Instituto de Engenharia","url":"https:\/\/www.institutodeengenharia.org.br\/site\/","logo":{"@type":"ImageObject","inLanguage":"pt-BR","@id":"https:\/\/www.institutodeengenharia.org.br\/site\/#\/schema\/logo\/image\/","url":"https:\/\/www.institutodeengenharia.org.br\/site\/wp-content\/uploads\/2019\/03\/logo-novo-IE2018-1.jpg","contentUrl":"https:\/\/www.institutodeengenharia.org.br\/site\/wp-content\/uploads\/2019\/03\/logo-novo-IE2018-1.jpg","width":1486,"height":1879,"caption":"Instituto de Engenharia"},"image":{"@id":"https:\/\/www.institutodeengenharia.org.br\/site\/#\/schema\/logo\/image\/"},"sameAs":["https:\/\/www.facebook.com\/institutodeengenharia","https:\/\/x.com\/iengenharia","https:\/\/www.instagram.com\/institutodeengenharia\/","https:\/\/www.linkedin.com\/company\/instituto-de-engenharia\/","https:\/\/www.youtube.com\/channel\/UCXiCAlsSMe977vamW915HxA"]},{"@type":"Person","@id":"https:\/\/www.institutodeengenharia.org.br\/site\/#\/schema\/person\/3b1ff109facef084739fc2edcb9a127f","name":"TMax Tecnologia","image":{"@type":"ImageObject","inLanguage":"pt-BR","@id":"https:\/\/secure.gravatar.com\/avatar\/f912434ef7f389c92cb311fcdae346af848465d638912574b3c669070f797701?s=96&d=mm&r=g","url":"https:\/\/secure.gravatar.com\/avatar\/f912434ef7f389c92cb311fcdae346af848465d638912574b3c669070f797701?s=96&d=mm&r=g","contentUrl":"https:\/\/secure.gravatar.com\/avatar\/f912434ef7f389c92cb311fcdae346af848465d638912574b3c669070f797701?s=96&d=mm&r=g","caption":"TMax Tecnologia"},"url":"https:\/\/www.institutodeengenharia.org.br\/site\/author\/tmax\/"}]}},"_links":{"self":[{"href":"https:\/\/www.institutodeengenharia.org.br\/site\/wp-json\/wp\/v2\/posts\/17898","targetHints":{"allow":["GET"]}}],"collection":[{"href":"https:\/\/www.institutodeengenharia.org.br\/site\/wp-json\/wp\/v2\/posts"}],"about":[{"href":"https:\/\/www.institutodeengenharia.org.br\/site\/wp-json\/wp\/v2\/types\/post"}],"author":[{"embeddable":true,"href":"https:\/\/www.institutodeengenharia.org.br\/site\/wp-json\/wp\/v2\/users\/1"}],"replies":[{"embeddable":true,"href":"https:\/\/www.institutodeengenharia.org.br\/site\/wp-json\/wp\/v2\/comments?post=17898"}],"version-history":[{"count":0,"href":"https:\/\/www.institutodeengenharia.org.br\/site\/wp-json\/wp\/v2\/posts\/17898\/revisions"}],"wp:attachment":[{"href":"https:\/\/www.institutodeengenharia.org.br\/site\/wp-json\/wp\/v2\/media?parent=17898"}],"wp:term":[{"taxonomy":"category","embeddable":true,"href":"https:\/\/www.institutodeengenharia.org.br\/site\/wp-json\/wp\/v2\/categories?post=17898"},{"taxonomy":"post_tag","embeddable":true,"href":"https:\/\/www.institutodeengenharia.org.br\/site\/wp-json\/wp\/v2\/tags?post=17898"}],"curies":[{"name":"wp","href":"https:\/\/api.w.org\/{rel}","templated":true}]}}