{"id":17890,"date":"2010-03-29T22:40:36","date_gmt":"2010-03-29T22:40:36","guid":{"rendered":"https:\/\/www.institutodeengenharia.org.br\/?p=17890"},"modified":"2010-03-29T14:38:23","modified_gmt":"2010-03-29T14:38:23","slug":"colombia-planeja-aprofundamento-dos-portos","status":"publish","type":"post","link":"https:\/\/www.institutodeengenharia.org.br\/site\/2010\/03\/29\/colombia-planeja-aprofundamento-dos-portos\/","title":{"rendered":"Col\u00f4mbia planeja aprofundamento dos portos"},"content":{"rendered":"<p>O Minist\u00e9rio dos Transportes da Col\u00f4mbia anunciou que pretende aumentar a profundidade do Porto de Cartagena para 14,5 metros este ano. Segundo o \u00f3rg\u00e3o, a previs\u00e3o \u00e9 futuramente o complexo alcance os 17 metros. <\/p>\n<p>Al\u00e9m de Cartagena, o \u00f3rg\u00e3o federal planeja realizar obras no Porto de Buenaventura. &#8220;Dentro desses planos buscamos realizar dragagens de profundidade adicionais para Buenaventura, para 15 metros&#8221;, informou o ministro dos Transportes, Andr\u00e9s Uriel Gallego. <\/p>\n<p>Ele destacou que a Sociedade Portu\u00e1ria Regional de Buenaventura utilizar\u00e1 US$ 50 milh\u00f5es para o servi\u00e7o no canal, para alcan\u00e7ar 13,5 metros de profundidade, tanto na ba\u00eda interna quanto externa. &#8220;Inicialmente a nossa prioridade \u00e9 completar a dragagem de 12,50 metros da ba\u00eda externa&#8221;, disse Gallego. <\/p>\n<p>Com a dragagem, o governo colombiano pretende corrigir os graves problemas da ind\u00fastria de transporte mar\u00edtimo, que \u00e9 afetada pela sedimenta\u00e7\u00e3o da ba\u00eda de Buenaventura. Atualmente, o Minist\u00e9rio do Meio Ambiente aguarda o resultado de um estudo realizado por um grupo de especialistas da Universidade de C\u00e1diz (Espanha) para avaliar a quest\u00e3o. <\/p>\n<p>Al\u00e9m disso, o governo ainda estuda a instala\u00e7\u00e3o do Porto em Bahia M\u00e1laga. O resultado ser\u00e1 anunciado at\u00e9 o pr\u00f3ximo dia 7 de agosto. <\/p>\n<p><b>Autor: A Tribuna<\/b><\/p>\n","protected":false},"excerpt":{"rendered":"<p>O Minist\u00e9rio dos Transportes da Col\u00f4mbia anunciou que pretende aumentar a profundidade do Porto de Cartagena para 14,5 metros este ano. Segundo o \u00f3rg\u00e3o, a previs\u00e3o \u00e9 futuramente o complexo alcance os 17 metros. Al\u00e9m de Cartagena, o \u00f3rg\u00e3o federal planeja realizar obras no Porto de Buenaventura. &#8220;Dentro desses planos buscamos realizar dragagens de profundidade [&hellip;]<\/p>\n","protected":false},"author":1,"featured_media":0,"comment_status":"open","ping_status":"open","sticky":false,"template":"","format":"standard","meta":{"footnotes":""},"categories":[6,41],"tags":[],"class_list":{"0":"post-17890","1":"post","2":"type-post","3":"status-publish","4":"format-standard","6":"category-noticias","7":"category-transportes"},"yoast_head":"<!-- This site is optimized with the Yoast SEO plugin v27.2 - https:\/\/yoast.com\/product\/yoast-seo-wordpress\/ -->\n<title>Col\u00f4mbia planeja aprofundamento dos portos - Instituto de Engenharia<\/title>\n<meta name=\"robots\" content=\"index, follow, max-snippet:-1, max-image-preview:large, max-video-preview:-1\" \/>\n<link rel=\"canonical\" href=\"https:\/\/www.institutodeengenharia.org.br\/site\/2010\/03\/29\/colombia-planeja-aprofundamento-dos-portos\/\" \/>\n<meta property=\"og:locale\" content=\"pt_BR\" \/>\n<meta property=\"og:type\" content=\"article\" \/>\n<meta property=\"og:title\" content=\"Col\u00f4mbia planeja aprofundamento dos portos - Instituto de Engenharia\" \/>\n<meta property=\"og:description\" content=\"O Minist\u00e9rio dos Transportes da Col\u00f4mbia anunciou que pretende aumentar a profundidade do Porto de Cartagena para 14,5 metros este ano. Segundo o \u00f3rg\u00e3o, a previs\u00e3o \u00e9 futuramente o complexo alcance os 17 metros. Al\u00e9m de Cartagena, o \u00f3rg\u00e3o federal planeja realizar obras no Porto de Buenaventura. &#8220;Dentro desses planos buscamos realizar dragagens de profundidade [&hellip;]\" \/>\n<meta property=\"og:url\" content=\"https:\/\/www.institutodeengenharia.org.br\/site\/2010\/03\/29\/colombia-planeja-aprofundamento-dos-portos\/\" \/>\n<meta property=\"og:site_name\" content=\"Instituto de Engenharia\" \/>\n<meta property=\"article:publisher\" content=\"https:\/\/www.facebook.com\/institutodeengenharia\" \/>\n<meta property=\"article:published_time\" content=\"2010-03-29T22:40:36+00:00\" \/>\n<meta name=\"author\" content=\"TMax Tecnologia\" \/>\n<meta name=\"twitter:card\" content=\"summary_large_image\" \/>\n<meta name=\"twitter:creator\" content=\"@iengenharia\" \/>\n<meta name=\"twitter:site\" content=\"@iengenharia\" \/>\n<meta name=\"twitter:label1\" content=\"Escrito por\" \/>\n\t<meta name=\"twitter:data1\" content=\"TMax Tecnologia\" \/>\n\t<meta name=\"twitter:label2\" content=\"Est. tempo de leitura\" \/>\n\t<meta name=\"twitter:data2\" content=\"1 minuto\" \/>\n<script type=\"application\/ld+json\" class=\"yoast-schema-graph\">{\"@context\":\"https:\/\/schema.org\",\"@graph\":[{\"@type\":\"Article\",\"@id\":\"https:\/\/www.institutodeengenharia.org.br\/site\/2010\/03\/29\/colombia-planeja-aprofundamento-dos-portos\/#article\",\"isPartOf\":{\"@id\":\"https:\/\/www.institutodeengenharia.org.br\/site\/2010\/03\/29\/colombia-planeja-aprofundamento-dos-portos\/\"},\"author\":{\"name\":\"TMax Tecnologia\",\"@id\":\"https:\/\/www.institutodeengenharia.org.br\/site\/#\/schema\/person\/3b1ff109facef084739fc2edcb9a127f\"},\"headline\":\"Col\u00f4mbia planeja aprofundamento dos portos\",\"datePublished\":\"2010-03-29T22:40:36+00:00\",\"mainEntityOfPage\":{\"@id\":\"https:\/\/www.institutodeengenharia.org.br\/site\/2010\/03\/29\/colombia-planeja-aprofundamento-dos-portos\/\"},\"wordCount\":214,\"commentCount\":0,\"publisher\":{\"@id\":\"https:\/\/www.institutodeengenharia.org.br\/site\/#organization\"},\"articleSection\":[\"Not\u00edcias\",\"Transportes\"],\"inLanguage\":\"pt-BR\",\"potentialAction\":[{\"@type\":\"CommentAction\",\"name\":\"Comment\",\"target\":[\"https:\/\/www.institutodeengenharia.org.br\/site\/2010\/03\/29\/colombia-planeja-aprofundamento-dos-portos\/#respond\"]}]},{\"@type\":\"WebPage\",\"@id\":\"https:\/\/www.institutodeengenharia.org.br\/site\/2010\/03\/29\/colombia-planeja-aprofundamento-dos-portos\/\",\"url\":\"https:\/\/www.institutodeengenharia.org.br\/site\/2010\/03\/29\/colombia-planeja-aprofundamento-dos-portos\/\",\"name\":\"Col\u00f4mbia planeja aprofundamento dos portos - Instituto de Engenharia\",\"isPartOf\":{\"@id\":\"https:\/\/www.institutodeengenharia.org.br\/site\/#website\"},\"datePublished\":\"2010-03-29T22:40:36+00:00\",\"breadcrumb\":{\"@id\":\"https:\/\/www.institutodeengenharia.org.br\/site\/2010\/03\/29\/colombia-planeja-aprofundamento-dos-portos\/#breadcrumb\"},\"inLanguage\":\"pt-BR\",\"potentialAction\":[{\"@type\":\"ReadAction\",\"target\":[\"https:\/\/www.institutodeengenharia.org.br\/site\/2010\/03\/29\/colombia-planeja-aprofundamento-dos-portos\/\"]}]},{\"@type\":\"BreadcrumbList\",\"@id\":\"https:\/\/www.institutodeengenharia.org.br\/site\/2010\/03\/29\/colombia-planeja-aprofundamento-dos-portos\/#breadcrumb\",\"itemListElement\":[{\"@type\":\"ListItem\",\"position\":1,\"name\":\"In\u00edcio\",\"item\":\"https:\/\/www.institutodeengenharia.org.br\/site\/\"},{\"@type\":\"ListItem\",\"position\":2,\"name\":\"Col\u00f4mbia planeja aprofundamento dos portos\"}]},{\"@type\":\"WebSite\",\"@id\":\"https:\/\/www.institutodeengenharia.org.br\/site\/#website\",\"url\":\"https:\/\/www.institutodeengenharia.org.br\/site\/\",\"name\":\"Instituto de Engenharia\",\"description\":\"O Instituto de Engenharia promove a Engenharia em benef\u00edcio do desenvolvimento e da qualidade de vida da sociedade.\",\"publisher\":{\"@id\":\"https:\/\/www.institutodeengenharia.org.br\/site\/#organization\"},\"potentialAction\":[{\"@type\":\"SearchAction\",\"target\":{\"@type\":\"EntryPoint\",\"urlTemplate\":\"https:\/\/www.institutodeengenharia.org.br\/site\/?s={search_term_string}\"},\"query-input\":{\"@type\":\"PropertyValueSpecification\",\"valueRequired\":true,\"valueName\":\"search_term_string\"}}],\"inLanguage\":\"pt-BR\"},{\"@type\":\"Organization\",\"@id\":\"https:\/\/www.institutodeengenharia.org.br\/site\/#organization\",\"name\":\"Instituto de Engenharia\",\"url\":\"https:\/\/www.institutodeengenharia.org.br\/site\/\",\"logo\":{\"@type\":\"ImageObject\",\"inLanguage\":\"pt-BR\",\"@id\":\"https:\/\/www.institutodeengenharia.org.br\/site\/#\/schema\/logo\/image\/\",\"url\":\"https:\/\/www.institutodeengenharia.org.br\/site\/wp-content\/uploads\/2019\/03\/logo-novo-IE2018-1.jpg\",\"contentUrl\":\"https:\/\/www.institutodeengenharia.org.br\/site\/wp-content\/uploads\/2019\/03\/logo-novo-IE2018-1.jpg\",\"width\":1486,\"height\":1879,\"caption\":\"Instituto de Engenharia\"},\"image\":{\"@id\":\"https:\/\/www.institutodeengenharia.org.br\/site\/#\/schema\/logo\/image\/\"},\"sameAs\":[\"https:\/\/www.facebook.com\/institutodeengenharia\",\"https:\/\/x.com\/iengenharia\",\"https:\/\/www.instagram.com\/institutodeengenharia\/\",\"https:\/\/www.linkedin.com\/company\/instituto-de-engenharia\/\",\"https:\/\/www.youtube.com\/channel\/UCXiCAlsSMe977vamW915HxA\"]},{\"@type\":\"Person\",\"@id\":\"https:\/\/www.institutodeengenharia.org.br\/site\/#\/schema\/person\/3b1ff109facef084739fc2edcb9a127f\",\"name\":\"TMax Tecnologia\",\"image\":{\"@type\":\"ImageObject\",\"inLanguage\":\"pt-BR\",\"@id\":\"https:\/\/secure.gravatar.com\/avatar\/f912434ef7f389c92cb311fcdae346af848465d638912574b3c669070f797701?s=96&d=mm&r=g\",\"url\":\"https:\/\/secure.gravatar.com\/avatar\/f912434ef7f389c92cb311fcdae346af848465d638912574b3c669070f797701?s=96&d=mm&r=g\",\"contentUrl\":\"https:\/\/secure.gravatar.com\/avatar\/f912434ef7f389c92cb311fcdae346af848465d638912574b3c669070f797701?s=96&d=mm&r=g\",\"caption\":\"TMax Tecnologia\"},\"url\":\"https:\/\/www.institutodeengenharia.org.br\/site\/author\/tmax\/\"}]}<\/script>\n<!-- \/ Yoast SEO plugin. -->","yoast_head_json":{"title":"Col\u00f4mbia planeja aprofundamento dos portos - Instituto de Engenharia","robots":{"index":"index","follow":"follow","max-snippet":"max-snippet:-1","max-image-preview":"max-image-preview:large","max-video-preview":"max-video-preview:-1"},"canonical":"https:\/\/www.institutodeengenharia.org.br\/site\/2010\/03\/29\/colombia-planeja-aprofundamento-dos-portos\/","og_locale":"pt_BR","og_type":"article","og_title":"Col\u00f4mbia planeja aprofundamento dos portos - Instituto de Engenharia","og_description":"O Minist\u00e9rio dos Transportes da Col\u00f4mbia anunciou que pretende aumentar a profundidade do Porto de Cartagena para 14,5 metros este ano. Segundo o \u00f3rg\u00e3o, a previs\u00e3o \u00e9 futuramente o complexo alcance os 17 metros. Al\u00e9m de Cartagena, o \u00f3rg\u00e3o federal planeja realizar obras no Porto de Buenaventura. &#8220;Dentro desses planos buscamos realizar dragagens de profundidade [&hellip;]","og_url":"https:\/\/www.institutodeengenharia.org.br\/site\/2010\/03\/29\/colombia-planeja-aprofundamento-dos-portos\/","og_site_name":"Instituto de Engenharia","article_publisher":"https:\/\/www.facebook.com\/institutodeengenharia","article_published_time":"2010-03-29T22:40:36+00:00","author":"TMax Tecnologia","twitter_card":"summary_large_image","twitter_creator":"@iengenharia","twitter_site":"@iengenharia","twitter_misc":{"Escrito por":"TMax Tecnologia","Est. tempo de leitura":"1 minuto"},"schema":{"@context":"https:\/\/schema.org","@graph":[{"@type":"Article","@id":"https:\/\/www.institutodeengenharia.org.br\/site\/2010\/03\/29\/colombia-planeja-aprofundamento-dos-portos\/#article","isPartOf":{"@id":"https:\/\/www.institutodeengenharia.org.br\/site\/2010\/03\/29\/colombia-planeja-aprofundamento-dos-portos\/"},"author":{"name":"TMax Tecnologia","@id":"https:\/\/www.institutodeengenharia.org.br\/site\/#\/schema\/person\/3b1ff109facef084739fc2edcb9a127f"},"headline":"Col\u00f4mbia planeja aprofundamento dos portos","datePublished":"2010-03-29T22:40:36+00:00","mainEntityOfPage":{"@id":"https:\/\/www.institutodeengenharia.org.br\/site\/2010\/03\/29\/colombia-planeja-aprofundamento-dos-portos\/"},"wordCount":214,"commentCount":0,"publisher":{"@id":"https:\/\/www.institutodeengenharia.org.br\/site\/#organization"},"articleSection":["Not\u00edcias","Transportes"],"inLanguage":"pt-BR","potentialAction":[{"@type":"CommentAction","name":"Comment","target":["https:\/\/www.institutodeengenharia.org.br\/site\/2010\/03\/29\/colombia-planeja-aprofundamento-dos-portos\/#respond"]}]},{"@type":"WebPage","@id":"https:\/\/www.institutodeengenharia.org.br\/site\/2010\/03\/29\/colombia-planeja-aprofundamento-dos-portos\/","url":"https:\/\/www.institutodeengenharia.org.br\/site\/2010\/03\/29\/colombia-planeja-aprofundamento-dos-portos\/","name":"Col\u00f4mbia planeja aprofundamento dos portos - Instituto de Engenharia","isPartOf":{"@id":"https:\/\/www.institutodeengenharia.org.br\/site\/#website"},"datePublished":"2010-03-29T22:40:36+00:00","breadcrumb":{"@id":"https:\/\/www.institutodeengenharia.org.br\/site\/2010\/03\/29\/colombia-planeja-aprofundamento-dos-portos\/#breadcrumb"},"inLanguage":"pt-BR","potentialAction":[{"@type":"ReadAction","target":["https:\/\/www.institutodeengenharia.org.br\/site\/2010\/03\/29\/colombia-planeja-aprofundamento-dos-portos\/"]}]},{"@type":"BreadcrumbList","@id":"https:\/\/www.institutodeengenharia.org.br\/site\/2010\/03\/29\/colombia-planeja-aprofundamento-dos-portos\/#breadcrumb","itemListElement":[{"@type":"ListItem","position":1,"name":"In\u00edcio","item":"https:\/\/www.institutodeengenharia.org.br\/site\/"},{"@type":"ListItem","position":2,"name":"Col\u00f4mbia planeja aprofundamento dos portos"}]},{"@type":"WebSite","@id":"https:\/\/www.institutodeengenharia.org.br\/site\/#website","url":"https:\/\/www.institutodeengenharia.org.br\/site\/","name":"Instituto de Engenharia","description":"O Instituto de Engenharia promove a Engenharia em benef\u00edcio do desenvolvimento e da qualidade de vida da sociedade.","publisher":{"@id":"https:\/\/www.institutodeengenharia.org.br\/site\/#organization"},"potentialAction":[{"@type":"SearchAction","target":{"@type":"EntryPoint","urlTemplate":"https:\/\/www.institutodeengenharia.org.br\/site\/?s={search_term_string}"},"query-input":{"@type":"PropertyValueSpecification","valueRequired":true,"valueName":"search_term_string"}}],"inLanguage":"pt-BR"},{"@type":"Organization","@id":"https:\/\/www.institutodeengenharia.org.br\/site\/#organization","name":"Instituto de Engenharia","url":"https:\/\/www.institutodeengenharia.org.br\/site\/","logo":{"@type":"ImageObject","inLanguage":"pt-BR","@id":"https:\/\/www.institutodeengenharia.org.br\/site\/#\/schema\/logo\/image\/","url":"https:\/\/www.institutodeengenharia.org.br\/site\/wp-content\/uploads\/2019\/03\/logo-novo-IE2018-1.jpg","contentUrl":"https:\/\/www.institutodeengenharia.org.br\/site\/wp-content\/uploads\/2019\/03\/logo-novo-IE2018-1.jpg","width":1486,"height":1879,"caption":"Instituto de Engenharia"},"image":{"@id":"https:\/\/www.institutodeengenharia.org.br\/site\/#\/schema\/logo\/image\/"},"sameAs":["https:\/\/www.facebook.com\/institutodeengenharia","https:\/\/x.com\/iengenharia","https:\/\/www.instagram.com\/institutodeengenharia\/","https:\/\/www.linkedin.com\/company\/instituto-de-engenharia\/","https:\/\/www.youtube.com\/channel\/UCXiCAlsSMe977vamW915HxA"]},{"@type":"Person","@id":"https:\/\/www.institutodeengenharia.org.br\/site\/#\/schema\/person\/3b1ff109facef084739fc2edcb9a127f","name":"TMax Tecnologia","image":{"@type":"ImageObject","inLanguage":"pt-BR","@id":"https:\/\/secure.gravatar.com\/avatar\/f912434ef7f389c92cb311fcdae346af848465d638912574b3c669070f797701?s=96&d=mm&r=g","url":"https:\/\/secure.gravatar.com\/avatar\/f912434ef7f389c92cb311fcdae346af848465d638912574b3c669070f797701?s=96&d=mm&r=g","contentUrl":"https:\/\/secure.gravatar.com\/avatar\/f912434ef7f389c92cb311fcdae346af848465d638912574b3c669070f797701?s=96&d=mm&r=g","caption":"TMax Tecnologia"},"url":"https:\/\/www.institutodeengenharia.org.br\/site\/author\/tmax\/"}]}},"_links":{"self":[{"href":"https:\/\/www.institutodeengenharia.org.br\/site\/wp-json\/wp\/v2\/posts\/17890","targetHints":{"allow":["GET"]}}],"collection":[{"href":"https:\/\/www.institutodeengenharia.org.br\/site\/wp-json\/wp\/v2\/posts"}],"about":[{"href":"https:\/\/www.institutodeengenharia.org.br\/site\/wp-json\/wp\/v2\/types\/post"}],"author":[{"embeddable":true,"href":"https:\/\/www.institutodeengenharia.org.br\/site\/wp-json\/wp\/v2\/users\/1"}],"replies":[{"embeddable":true,"href":"https:\/\/www.institutodeengenharia.org.br\/site\/wp-json\/wp\/v2\/comments?post=17890"}],"version-history":[{"count":0,"href":"https:\/\/www.institutodeengenharia.org.br\/site\/wp-json\/wp\/v2\/posts\/17890\/revisions"}],"wp:attachment":[{"href":"https:\/\/www.institutodeengenharia.org.br\/site\/wp-json\/wp\/v2\/media?parent=17890"}],"wp:term":[{"taxonomy":"category","embeddable":true,"href":"https:\/\/www.institutodeengenharia.org.br\/site\/wp-json\/wp\/v2\/categories?post=17890"},{"taxonomy":"post_tag","embeddable":true,"href":"https:\/\/www.institutodeengenharia.org.br\/site\/wp-json\/wp\/v2\/tags?post=17890"}],"curies":[{"name":"wp","href":"https:\/\/api.w.org\/{rel}","templated":true}]}}