{"id":17886,"date":"2010-03-29T22:40:33","date_gmt":"2010-03-29T22:40:33","guid":{"rendered":"https:\/\/www.institutodeengenharia.org.br\/?p=17886"},"modified":"2010-03-29T11:42:44","modified_gmt":"2010-03-29T11:42:44","slug":"rodoanel-sera-inaugurado-amanha","status":"publish","type":"post","link":"https:\/\/www.institutodeengenharia.org.br\/site\/2010\/03\/29\/rodoanel-sera-inaugurado-amanha\/","title":{"rendered":"Rodoanel ser\u00e1 inaugurado amanh\u00e3"},"content":{"rendered":"<p>O governador Jos\u00e9 Serra (PSDB) inaugura amanh\u00e3 o Trecho Sul do Rodoanel, mas a abertura para o tr\u00e1fego est\u00e1 prevista somente para 24 horas depois, na quarta-feira. A cerim\u00f4nia est\u00e1 marcada para o fim da manh\u00e3, ao lado do monumento erguido para a nova estrada pr\u00f3ximo da Ilha de Boror\u00e9, no Graja\u00fa, zona sul da capital. <\/p>\n<p>&#8220;No dia 31 (quarta-feira) j\u00e1 haver\u00e1 caminh\u00f5es e carros rodando pelo Trecho Sul do Rodoanel&#8221;, diz o deputado estadual Orlando Morando (PSDB), da Comiss\u00e3o de Transportes da Assembleia Legislativa. <\/p>\n<p>Barracas que v\u00e3o abrigar a comitiva do governador na cerim\u00f4nia de inaugura\u00e7\u00e3o j\u00e1 estavam sendo levantadas desde sexta-feira. Ontem, a Desenvolvimento Rodovi\u00e1rio S\/A (Dersa), empresa ligada ao governo estadual e respons\u00e1vel pelas obras, informava em seu site que faltava zero dia para a constru\u00e7\u00e3o estar conclu\u00edda. <\/p>\n<p>Sem ped\u00e1gio. As pistas entrar\u00e3o em opera\u00e7\u00e3o sem a cobran\u00e7a de ped\u00e1gio. Licita\u00e7\u00e3o para escolher a empresa que vai cobrar a tarifa ainda est\u00e1 em prepara\u00e7\u00e3o. <\/p>\n<p>O vencedor ter\u00e1 de construir o Trecho Leste, cujo estudo ambiental foi aprovado pelo Conselho Estadual do Meio Ambiente (Consema) na semana passada. <\/p>\n<p>Haver\u00e1 pra\u00e7a de ped\u00e1gio na interliga\u00e7\u00e3o com o Trecho Oeste, na sa\u00edda da Rodovia R\u00e9gis Bittencourt, nas quatro sa\u00eddas para a Anchieta e a Imigrantes e no fim da al\u00e7a sul. <\/p>\n<p>Arremates. O deputado Morando sobrevoou os 61,4 quil\u00f4metros das pistas expressas, que v\u00e3o ligar o Trecho Oeste a partir da Rodovia R\u00e9gis Bittencourt, at\u00e9 a cidade de Mau\u00e1, na Avenida Papa Jo\u00e3o 23. &#8220;Est\u00e1 quase tudo pronto. Est\u00e3o sendo feitos arremates na sinaliza\u00e7\u00e3o, coloca\u00e7\u00e3o de guardrail e a ilumina\u00e7\u00e3o. Os trabalhos s\u00e3o tocados 24 horas por dia. S\u00f3 a chuva tem atrapalhado um pouco&#8221;, afirmou. <\/p>\n<p>Al\u00e9m das chuvas, a constru\u00e7\u00e3o das pistas na regi\u00e3o da cidade de Embu-Gua\u00e7u foi prejudicada por causa de um rompimento de adutora da Sabesp na Estrada de Itapecerica, h\u00e1 cerca de 30 dias. A obra de reparo dos canos atrasou a constru\u00e7\u00e3o da via no local. &#8220;Mas ontem (sexta-feira) j\u00e1 estavam colocando o asfalto. Vai ficar pronto&#8221;, garante Morando. <\/p>\n<p>Em outros trechos, a sinaliza\u00e7\u00e3o horizontal (as faixas nas pistas) e a vertical (placas e letreiros de informa\u00e7\u00e3o) ainda n\u00e3o estavam totalmente colocadas ou eram provis\u00f3rias. <\/p>\n<p>As pistas que fazem a interliga\u00e7\u00e3o entre a Anchieta e a Imigrantes foram as primeiras a ficar prontas. Mas nesse lote ainda falta a conclus\u00e3o do sistema de sinaliza\u00e7\u00e3o e placas. <\/p>\n<p>O trecho mais prec\u00e1rio, entre as cidades de Itapecerica da Serra e Embu, o asfaltamento ainda precisava ser completado. Servi\u00e7os de terraplenagem e de coloca\u00e7\u00e3o de base para o pavimento ainda estavam sendo tocados no fim de semana. <\/p>\n<p>A obra j\u00e1 custou quase R$ 5 bilh\u00f5es. Ainda falta concluir obras de constru\u00e7\u00e3o dos postos de servi\u00e7o de ajuda ao usu\u00e1rio (SAU), das seis pra\u00e7as de ped\u00e1gio e das pol\u00edcias ambiental e rodovi\u00e1ria. Os postos de cobran\u00e7a s\u00e3o as instala\u00e7\u00f5es mais atrasadas. Dentro do governo estadual, trabalha-se com a proje\u00e7\u00e3o de iniciar a cobran\u00e7a somente em 2011. <\/p>\n<p>Lei. De acordo com o C\u00f3digo de Tr\u00e2nsito Brasileiro (CTB), uma estrada s\u00f3 pode ser liberada \u00e0 circula\u00e7\u00e3o normal quando estiver devidamente sinalizada, verticalmente e horizontalmente. O descumprimento da lei, sem a garantia de tr\u00e2nsito seguro, \u00e9 pass\u00edvel de puni\u00e7\u00e3o civil, administrativa e\/ou criminal dos respons\u00e1veis pelo empreendimento. <\/p>\n<p>&#8220;Ao liberar o tr\u00e1fego em condi\u00e7\u00f5es que n\u00e3o sejam as definidas pelas normas de tr\u00e2nsito coloca-se em risco a integridade f\u00edsica dos usu\u00e1rios. Se houver algum problema, isso pode acarretar uma a\u00e7\u00e3o civil p\u00fablica contra os respons\u00e1veis&#8221;, explica Luiz Tarc\u00edsio Teixeira Ferreira, advogado constitucionalista, especialista em Direito de Estado e professor de Direito da Pontif\u00edcia Universidade Cat\u00f3lica de S\u00e3o Paulo (PUC-SP). <\/p>\n<p>\n<strong>FICHA T\u00c9CNICA <br \/>\n<\/strong><br \/>\nTrecho Sul ligar\u00e1 a Rodovia R\u00e9gis Bittencourt com a Anchieta e a Imigrantes <\/p>\n<p>Extens\u00e3o61,4 km <br \/>\nMunic\u00edpios cortados Sete <br \/>\nPra\u00e7as de ped\u00e1gio Seis <br \/>\nPontes e viadutos 114 <br \/>\nInvestimentoR$ 5 bilh\u00f5es <br \/>\nAl\u00edvio no tr\u00e2nsito da capital12% <\/p>\n<p><b>Autor: Ag\u00eancia Estado<\/b><\/p>\n","protected":false},"excerpt":{"rendered":"<p>O governador Jos\u00e9 Serra (PSDB) inaugura amanh\u00e3 o Trecho Sul do Rodoanel, mas a abertura para o tr\u00e1fego est\u00e1 prevista somente para 24 horas depois, na quarta-feira. A cerim\u00f4nia est\u00e1 marcada para o fim da manh\u00e3, ao lado do monumento erguido para a nova estrada pr\u00f3ximo da Ilha de Boror\u00e9, no Graja\u00fa, zona sul da [&hellip;]<\/p>\n","protected":false},"author":1,"featured_media":0,"comment_status":"open","ping_status":"open","sticky":false,"template":"","format":"standard","meta":{"footnotes":""},"categories":[6,41],"tags":[],"class_list":{"0":"post-17886","1":"post","2":"type-post","3":"status-publish","4":"format-standard","6":"category-noticias","7":"category-transportes"},"yoast_head":"<!-- This site is optimized with the Yoast SEO plugin v27.2 - https:\/\/yoast.com\/product\/yoast-seo-wordpress\/ -->\n<title>Rodoanel ser\u00e1 inaugurado amanh\u00e3 - Instituto de Engenharia<\/title>\n<meta name=\"robots\" content=\"index, follow, max-snippet:-1, max-image-preview:large, max-video-preview:-1\" \/>\n<link rel=\"canonical\" href=\"https:\/\/www.institutodeengenharia.org.br\/site\/2010\/03\/29\/rodoanel-sera-inaugurado-amanha\/\" \/>\n<meta property=\"og:locale\" content=\"pt_BR\" \/>\n<meta property=\"og:type\" content=\"article\" \/>\n<meta property=\"og:title\" content=\"Rodoanel ser\u00e1 inaugurado amanh\u00e3 - Instituto de Engenharia\" \/>\n<meta property=\"og:description\" content=\"O governador Jos\u00e9 Serra (PSDB) inaugura amanh\u00e3 o Trecho Sul do Rodoanel, mas a abertura para o tr\u00e1fego est\u00e1 prevista somente para 24 horas depois, na quarta-feira. A cerim\u00f4nia est\u00e1 marcada para o fim da manh\u00e3, ao lado do monumento erguido para a nova estrada pr\u00f3ximo da Ilha de Boror\u00e9, no Graja\u00fa, zona sul da [&hellip;]\" \/>\n<meta property=\"og:url\" content=\"https:\/\/www.institutodeengenharia.org.br\/site\/2010\/03\/29\/rodoanel-sera-inaugurado-amanha\/\" \/>\n<meta property=\"og:site_name\" content=\"Instituto de Engenharia\" \/>\n<meta property=\"article:publisher\" content=\"https:\/\/www.facebook.com\/institutodeengenharia\" \/>\n<meta property=\"article:published_time\" content=\"2010-03-29T22:40:33+00:00\" \/>\n<meta name=\"author\" content=\"TMax Tecnologia\" \/>\n<meta name=\"twitter:card\" content=\"summary_large_image\" \/>\n<meta name=\"twitter:creator\" content=\"@iengenharia\" \/>\n<meta name=\"twitter:site\" content=\"@iengenharia\" \/>\n<meta name=\"twitter:label1\" content=\"Escrito por\" \/>\n\t<meta name=\"twitter:data1\" content=\"TMax Tecnologia\" \/>\n\t<meta name=\"twitter:label2\" content=\"Est. tempo de leitura\" \/>\n\t<meta name=\"twitter:data2\" content=\"4 minutos\" \/>\n<script type=\"application\/ld+json\" class=\"yoast-schema-graph\">{\"@context\":\"https:\/\/schema.org\",\"@graph\":[{\"@type\":\"Article\",\"@id\":\"https:\/\/www.institutodeengenharia.org.br\/site\/2010\/03\/29\/rodoanel-sera-inaugurado-amanha\/#article\",\"isPartOf\":{\"@id\":\"https:\/\/www.institutodeengenharia.org.br\/site\/2010\/03\/29\/rodoanel-sera-inaugurado-amanha\/\"},\"author\":{\"name\":\"TMax Tecnologia\",\"@id\":\"https:\/\/www.institutodeengenharia.org.br\/site\/#\/schema\/person\/3b1ff109facef084739fc2edcb9a127f\"},\"headline\":\"Rodoanel ser\u00e1 inaugurado amanh\u00e3\",\"datePublished\":\"2010-03-29T22:40:33+00:00\",\"mainEntityOfPage\":{\"@id\":\"https:\/\/www.institutodeengenharia.org.br\/site\/2010\/03\/29\/rodoanel-sera-inaugurado-amanha\/\"},\"wordCount\":723,\"commentCount\":0,\"publisher\":{\"@id\":\"https:\/\/www.institutodeengenharia.org.br\/site\/#organization\"},\"articleSection\":[\"Not\u00edcias\",\"Transportes\"],\"inLanguage\":\"pt-BR\",\"potentialAction\":[{\"@type\":\"CommentAction\",\"name\":\"Comment\",\"target\":[\"https:\/\/www.institutodeengenharia.org.br\/site\/2010\/03\/29\/rodoanel-sera-inaugurado-amanha\/#respond\"]}]},{\"@type\":\"WebPage\",\"@id\":\"https:\/\/www.institutodeengenharia.org.br\/site\/2010\/03\/29\/rodoanel-sera-inaugurado-amanha\/\",\"url\":\"https:\/\/www.institutodeengenharia.org.br\/site\/2010\/03\/29\/rodoanel-sera-inaugurado-amanha\/\",\"name\":\"Rodoanel ser\u00e1 inaugurado amanh\u00e3 - Instituto de Engenharia\",\"isPartOf\":{\"@id\":\"https:\/\/www.institutodeengenharia.org.br\/site\/#website\"},\"datePublished\":\"2010-03-29T22:40:33+00:00\",\"breadcrumb\":{\"@id\":\"https:\/\/www.institutodeengenharia.org.br\/site\/2010\/03\/29\/rodoanel-sera-inaugurado-amanha\/#breadcrumb\"},\"inLanguage\":\"pt-BR\",\"potentialAction\":[{\"@type\":\"ReadAction\",\"target\":[\"https:\/\/www.institutodeengenharia.org.br\/site\/2010\/03\/29\/rodoanel-sera-inaugurado-amanha\/\"]}]},{\"@type\":\"BreadcrumbList\",\"@id\":\"https:\/\/www.institutodeengenharia.org.br\/site\/2010\/03\/29\/rodoanel-sera-inaugurado-amanha\/#breadcrumb\",\"itemListElement\":[{\"@type\":\"ListItem\",\"position\":1,\"name\":\"In\u00edcio\",\"item\":\"https:\/\/www.institutodeengenharia.org.br\/site\/\"},{\"@type\":\"ListItem\",\"position\":2,\"name\":\"Rodoanel ser\u00e1 inaugurado amanh\u00e3\"}]},{\"@type\":\"WebSite\",\"@id\":\"https:\/\/www.institutodeengenharia.org.br\/site\/#website\",\"url\":\"https:\/\/www.institutodeengenharia.org.br\/site\/\",\"name\":\"Instituto de Engenharia\",\"description\":\"O Instituto de Engenharia promove a Engenharia em benef\u00edcio do desenvolvimento e da qualidade de vida da sociedade.\",\"publisher\":{\"@id\":\"https:\/\/www.institutodeengenharia.org.br\/site\/#organization\"},\"potentialAction\":[{\"@type\":\"SearchAction\",\"target\":{\"@type\":\"EntryPoint\",\"urlTemplate\":\"https:\/\/www.institutodeengenharia.org.br\/site\/?s={search_term_string}\"},\"query-input\":{\"@type\":\"PropertyValueSpecification\",\"valueRequired\":true,\"valueName\":\"search_term_string\"}}],\"inLanguage\":\"pt-BR\"},{\"@type\":\"Organization\",\"@id\":\"https:\/\/www.institutodeengenharia.org.br\/site\/#organization\",\"name\":\"Instituto de Engenharia\",\"url\":\"https:\/\/www.institutodeengenharia.org.br\/site\/\",\"logo\":{\"@type\":\"ImageObject\",\"inLanguage\":\"pt-BR\",\"@id\":\"https:\/\/www.institutodeengenharia.org.br\/site\/#\/schema\/logo\/image\/\",\"url\":\"https:\/\/www.institutodeengenharia.org.br\/site\/wp-content\/uploads\/2019\/03\/logo-novo-IE2018-1.jpg\",\"contentUrl\":\"https:\/\/www.institutodeengenharia.org.br\/site\/wp-content\/uploads\/2019\/03\/logo-novo-IE2018-1.jpg\",\"width\":1486,\"height\":1879,\"caption\":\"Instituto de Engenharia\"},\"image\":{\"@id\":\"https:\/\/www.institutodeengenharia.org.br\/site\/#\/schema\/logo\/image\/\"},\"sameAs\":[\"https:\/\/www.facebook.com\/institutodeengenharia\",\"https:\/\/x.com\/iengenharia\",\"https:\/\/www.instagram.com\/institutodeengenharia\/\",\"https:\/\/www.linkedin.com\/company\/instituto-de-engenharia\/\",\"https:\/\/www.youtube.com\/channel\/UCXiCAlsSMe977vamW915HxA\"]},{\"@type\":\"Person\",\"@id\":\"https:\/\/www.institutodeengenharia.org.br\/site\/#\/schema\/person\/3b1ff109facef084739fc2edcb9a127f\",\"name\":\"TMax Tecnologia\",\"image\":{\"@type\":\"ImageObject\",\"inLanguage\":\"pt-BR\",\"@id\":\"https:\/\/secure.gravatar.com\/avatar\/f912434ef7f389c92cb311fcdae346af848465d638912574b3c669070f797701?s=96&d=mm&r=g\",\"url\":\"https:\/\/secure.gravatar.com\/avatar\/f912434ef7f389c92cb311fcdae346af848465d638912574b3c669070f797701?s=96&d=mm&r=g\",\"contentUrl\":\"https:\/\/secure.gravatar.com\/avatar\/f912434ef7f389c92cb311fcdae346af848465d638912574b3c669070f797701?s=96&d=mm&r=g\",\"caption\":\"TMax Tecnologia\"},\"url\":\"https:\/\/www.institutodeengenharia.org.br\/site\/author\/tmax\/\"}]}<\/script>\n<!-- \/ Yoast SEO plugin. -->","yoast_head_json":{"title":"Rodoanel ser\u00e1 inaugurado amanh\u00e3 - Instituto de Engenharia","robots":{"index":"index","follow":"follow","max-snippet":"max-snippet:-1","max-image-preview":"max-image-preview:large","max-video-preview":"max-video-preview:-1"},"canonical":"https:\/\/www.institutodeengenharia.org.br\/site\/2010\/03\/29\/rodoanel-sera-inaugurado-amanha\/","og_locale":"pt_BR","og_type":"article","og_title":"Rodoanel ser\u00e1 inaugurado amanh\u00e3 - Instituto de Engenharia","og_description":"O governador Jos\u00e9 Serra (PSDB) inaugura amanh\u00e3 o Trecho Sul do Rodoanel, mas a abertura para o tr\u00e1fego est\u00e1 prevista somente para 24 horas depois, na quarta-feira. A cerim\u00f4nia est\u00e1 marcada para o fim da manh\u00e3, ao lado do monumento erguido para a nova estrada pr\u00f3ximo da Ilha de Boror\u00e9, no Graja\u00fa, zona sul da [&hellip;]","og_url":"https:\/\/www.institutodeengenharia.org.br\/site\/2010\/03\/29\/rodoanel-sera-inaugurado-amanha\/","og_site_name":"Instituto de Engenharia","article_publisher":"https:\/\/www.facebook.com\/institutodeengenharia","article_published_time":"2010-03-29T22:40:33+00:00","author":"TMax Tecnologia","twitter_card":"summary_large_image","twitter_creator":"@iengenharia","twitter_site":"@iengenharia","twitter_misc":{"Escrito por":"TMax Tecnologia","Est. tempo de leitura":"4 minutos"},"schema":{"@context":"https:\/\/schema.org","@graph":[{"@type":"Article","@id":"https:\/\/www.institutodeengenharia.org.br\/site\/2010\/03\/29\/rodoanel-sera-inaugurado-amanha\/#article","isPartOf":{"@id":"https:\/\/www.institutodeengenharia.org.br\/site\/2010\/03\/29\/rodoanel-sera-inaugurado-amanha\/"},"author":{"name":"TMax Tecnologia","@id":"https:\/\/www.institutodeengenharia.org.br\/site\/#\/schema\/person\/3b1ff109facef084739fc2edcb9a127f"},"headline":"Rodoanel ser\u00e1 inaugurado amanh\u00e3","datePublished":"2010-03-29T22:40:33+00:00","mainEntityOfPage":{"@id":"https:\/\/www.institutodeengenharia.org.br\/site\/2010\/03\/29\/rodoanel-sera-inaugurado-amanha\/"},"wordCount":723,"commentCount":0,"publisher":{"@id":"https:\/\/www.institutodeengenharia.org.br\/site\/#organization"},"articleSection":["Not\u00edcias","Transportes"],"inLanguage":"pt-BR","potentialAction":[{"@type":"CommentAction","name":"Comment","target":["https:\/\/www.institutodeengenharia.org.br\/site\/2010\/03\/29\/rodoanel-sera-inaugurado-amanha\/#respond"]}]},{"@type":"WebPage","@id":"https:\/\/www.institutodeengenharia.org.br\/site\/2010\/03\/29\/rodoanel-sera-inaugurado-amanha\/","url":"https:\/\/www.institutodeengenharia.org.br\/site\/2010\/03\/29\/rodoanel-sera-inaugurado-amanha\/","name":"Rodoanel ser\u00e1 inaugurado amanh\u00e3 - Instituto de Engenharia","isPartOf":{"@id":"https:\/\/www.institutodeengenharia.org.br\/site\/#website"},"datePublished":"2010-03-29T22:40:33+00:00","breadcrumb":{"@id":"https:\/\/www.institutodeengenharia.org.br\/site\/2010\/03\/29\/rodoanel-sera-inaugurado-amanha\/#breadcrumb"},"inLanguage":"pt-BR","potentialAction":[{"@type":"ReadAction","target":["https:\/\/www.institutodeengenharia.org.br\/site\/2010\/03\/29\/rodoanel-sera-inaugurado-amanha\/"]}]},{"@type":"BreadcrumbList","@id":"https:\/\/www.institutodeengenharia.org.br\/site\/2010\/03\/29\/rodoanel-sera-inaugurado-amanha\/#breadcrumb","itemListElement":[{"@type":"ListItem","position":1,"name":"In\u00edcio","item":"https:\/\/www.institutodeengenharia.org.br\/site\/"},{"@type":"ListItem","position":2,"name":"Rodoanel ser\u00e1 inaugurado amanh\u00e3"}]},{"@type":"WebSite","@id":"https:\/\/www.institutodeengenharia.org.br\/site\/#website","url":"https:\/\/www.institutodeengenharia.org.br\/site\/","name":"Instituto de Engenharia","description":"O Instituto de Engenharia promove a Engenharia em benef\u00edcio do desenvolvimento e da qualidade de vida da sociedade.","publisher":{"@id":"https:\/\/www.institutodeengenharia.org.br\/site\/#organization"},"potentialAction":[{"@type":"SearchAction","target":{"@type":"EntryPoint","urlTemplate":"https:\/\/www.institutodeengenharia.org.br\/site\/?s={search_term_string}"},"query-input":{"@type":"PropertyValueSpecification","valueRequired":true,"valueName":"search_term_string"}}],"inLanguage":"pt-BR"},{"@type":"Organization","@id":"https:\/\/www.institutodeengenharia.org.br\/site\/#organization","name":"Instituto de Engenharia","url":"https:\/\/www.institutodeengenharia.org.br\/site\/","logo":{"@type":"ImageObject","inLanguage":"pt-BR","@id":"https:\/\/www.institutodeengenharia.org.br\/site\/#\/schema\/logo\/image\/","url":"https:\/\/www.institutodeengenharia.org.br\/site\/wp-content\/uploads\/2019\/03\/logo-novo-IE2018-1.jpg","contentUrl":"https:\/\/www.institutodeengenharia.org.br\/site\/wp-content\/uploads\/2019\/03\/logo-novo-IE2018-1.jpg","width":1486,"height":1879,"caption":"Instituto de Engenharia"},"image":{"@id":"https:\/\/www.institutodeengenharia.org.br\/site\/#\/schema\/logo\/image\/"},"sameAs":["https:\/\/www.facebook.com\/institutodeengenharia","https:\/\/x.com\/iengenharia","https:\/\/www.instagram.com\/institutodeengenharia\/","https:\/\/www.linkedin.com\/company\/instituto-de-engenharia\/","https:\/\/www.youtube.com\/channel\/UCXiCAlsSMe977vamW915HxA"]},{"@type":"Person","@id":"https:\/\/www.institutodeengenharia.org.br\/site\/#\/schema\/person\/3b1ff109facef084739fc2edcb9a127f","name":"TMax Tecnologia","image":{"@type":"ImageObject","inLanguage":"pt-BR","@id":"https:\/\/secure.gravatar.com\/avatar\/f912434ef7f389c92cb311fcdae346af848465d638912574b3c669070f797701?s=96&d=mm&r=g","url":"https:\/\/secure.gravatar.com\/avatar\/f912434ef7f389c92cb311fcdae346af848465d638912574b3c669070f797701?s=96&d=mm&r=g","contentUrl":"https:\/\/secure.gravatar.com\/avatar\/f912434ef7f389c92cb311fcdae346af848465d638912574b3c669070f797701?s=96&d=mm&r=g","caption":"TMax Tecnologia"},"url":"https:\/\/www.institutodeengenharia.org.br\/site\/author\/tmax\/"}]}},"_links":{"self":[{"href":"https:\/\/www.institutodeengenharia.org.br\/site\/wp-json\/wp\/v2\/posts\/17886","targetHints":{"allow":["GET"]}}],"collection":[{"href":"https:\/\/www.institutodeengenharia.org.br\/site\/wp-json\/wp\/v2\/posts"}],"about":[{"href":"https:\/\/www.institutodeengenharia.org.br\/site\/wp-json\/wp\/v2\/types\/post"}],"author":[{"embeddable":true,"href":"https:\/\/www.institutodeengenharia.org.br\/site\/wp-json\/wp\/v2\/users\/1"}],"replies":[{"embeddable":true,"href":"https:\/\/www.institutodeengenharia.org.br\/site\/wp-json\/wp\/v2\/comments?post=17886"}],"version-history":[{"count":0,"href":"https:\/\/www.institutodeengenharia.org.br\/site\/wp-json\/wp\/v2\/posts\/17886\/revisions"}],"wp:attachment":[{"href":"https:\/\/www.institutodeengenharia.org.br\/site\/wp-json\/wp\/v2\/media?parent=17886"}],"wp:term":[{"taxonomy":"category","embeddable":true,"href":"https:\/\/www.institutodeengenharia.org.br\/site\/wp-json\/wp\/v2\/categories?post=17886"},{"taxonomy":"post_tag","embeddable":true,"href":"https:\/\/www.institutodeengenharia.org.br\/site\/wp-json\/wp\/v2\/tags?post=17886"}],"curies":[{"name":"wp","href":"https:\/\/api.w.org\/{rel}","templated":true}]}}