{"id":17885,"date":"2010-03-29T22:40:32","date_gmt":"2010-03-29T22:40:32","guid":{"rendered":"https:\/\/www.institutodeengenharia.org.br\/?p=17885"},"modified":"2010-03-29T11:34:52","modified_gmt":"2010-03-29T11:34:52","slug":"com-rodoanel-porto-de-santos-triplicara-movimento","status":"publish","type":"post","link":"https:\/\/www.institutodeengenharia.org.br\/site\/2010\/03\/29\/com-rodoanel-porto-de-santos-triplicara-movimento\/","title":{"rendered":"Com Rodoanel, Porto de Santos triplicar\u00e1 movimento"},"content":{"rendered":"<p>O secret\u00e1rio estadual dos Transportes, Mauro Arce, mostra-se otimista com a inaugura\u00e7\u00e3o do Trecho Sul do Rodoanel. Arce afirma que o movimento no Porto de Santos pode triplicar nos pr\u00f3ximos 15 anos, passando de 64 milh\u00f5es de toneladas de carga ao ano para 192 milh\u00f5es.&nbsp;<\/p>\n<p>O secret\u00e1rio acredita na redu\u00e7\u00e3o no n\u00famero de caminh\u00f5es que circulam pelos centros das cidades do Grande ABC. Os congestionamentos devem recuar 12% na Capital. Na Marginal do Pinheiros, o tr\u00e1fego de caminh\u00f5es deve cair 43%, enquanto na Avenida dos Bandeirantes ser\u00e3o 37% de ve\u00edculos de carga a menos. O governo do Estado estima que os trechos Leste e Norte do Rodoanel fiquem prontos at\u00e9 2014, tirando 400 mil carros da Regi\u00e3o Metropolitana.&nbsp;<\/p>\n<p>Em entrevista ao Di\u00e1rio, Arce comenta a preocupa\u00e7\u00e3o ambiental que os engenheiros do Rodoanel tiveram, fala sobre os benef\u00edcios que a obra trar\u00e1 para moradores e empresas do Grande ABC e prev\u00ea que, pelo menos por enquanto, o Estado n\u00e3o precisar\u00e1 de outro anel vi\u00e1rio deste porte. <\/p>\n<p>DI\u00c1RIO &#8211; Qual a relev\u00e2ncia do Trecho Sul do Rodoanel para o Estado de S\u00e3o Paulo, na sua opini\u00e3o?&nbsp;<\/p>\n<p>MAURO ARCE &#8211; S\u00e3o 61 quil\u00f4metros, o dobro do Trecho Oeste. Seguramente vai ser fundamental para fazer com que as mercadorias cheguem mais r\u00e1pido ao Porto de Santos. Diria at\u00e9 que demorou muito para ser feito, mas, mesmo assim, o Rodoanel tem import\u00e2ncia vital. <\/p>\n<p>DI\u00c1RIO &#8211; Como o Porto de Santos est\u00e1 reagindo?&nbsp;<\/p>\n<p>ARCE &#8211; O Porto de Santos aumentou muito o volume de carga movimentada, e a tend\u00eancia \u00e9 que nos pr\u00f3ximos 15 anos, segundo estudo que o porto acabou de fazer, isso vai triplicar. Ent\u00e3o, o Rodoanel \u00e9 equipamento muito desejado. O Porto de Santos hoje recebe 80% de sua carga via rodovi\u00e1ria e quase toda ela passa pelo sistema Anchieta-Imigrantes. Estou falando de 64 milh\u00f5es de toneladas por ano de carga s\u00f3 em dire\u00e7\u00e3o ao Porto de Santos. Essa carga n\u00e3o vai mais passar pelos centros das cidades. <\/p>\n<p>DI\u00c1RIO &#8211; O senhor acredita que a aus\u00eancia de caminh\u00f5es pelos centros das cidades ser\u00e1 t\u00e3o significativa?&nbsp;<\/p>\n<p>ARCE &#8211; \u00c9 evidente que vai ter caminh\u00e3o chegando na \u00e1rea interna do Rodoanel. Mas ser\u00e1 s\u00f3 aquele que estiver trazendo uma carga espec\u00edfica. Um caminh\u00e3o que venha de qualquer cidade do Interior e que n\u00e3o tenha como destino ou origem toda a malha que est\u00e1 dentro do Rodoanel, vai deixar de usar as vias urbanas.&nbsp;<\/p>\n<p>DI\u00c1RIO &#8211; Onde o senhor acha que isso ser\u00e1 mais vis\u00edvel?&nbsp;<\/p>\n<p>ARCE &#8211; O efeito imediato ser\u00e1 notado na Marginal do Pinheiros e na Avenida dos Bandeirantes, em S\u00e3o Paulo, onde a redu\u00e7\u00e3o do tr\u00e1fego de caminh\u00f5es ser\u00e1 de 43% e 37%, respectivamente. Al\u00e9m do ganho ambiental, no sentido de que voc\u00ea vai diminuir a emiss\u00e3o de poluentes, de part\u00edculas s\u00f3lidas. <\/p>\n<p>DI\u00c1RIO &#8211; Em que p\u00e9 est\u00e1 a constru\u00e7\u00e3o de parques ao longo da rodovia?&nbsp;<\/p>\n<p>ARCE &#8211; Come\u00e7ando do lado Oeste e vindo em dire\u00e7\u00e3o ao Grande ABC, n\u00f3s temos dois parques que ficam no meio das duas pistas: um parque em Embu e outro em Itapecerica da Serra. Temos um parque linear ao longo de toda a rodovia no Grande ABC, temos o Parque do Pedroso, entre Santo Andr\u00e9 e S\u00e3o Bernardo, que est\u00e1 sendo recuperado. Onde foi constru\u00edda a ponte sobre a Represa Billings, ainda est\u00e1 em estudo a cria\u00e7\u00e3o de outro parque. Ali faz parte de um conv\u00eanio que est\u00e1 para ser assinado com a Prefeitura de S\u00e3o Bernardo. <\/p>\n<p>DI\u00c1RIO &#8211; A que outros benef\u00edcios os moradores dos munic\u00edpios por onde passa o Rodoanel ter\u00e3o acesso?&nbsp;<\/p>\n<p>ARCE &#8211; S\u00e3o Bernardo ganhou duas escolas: uma municipal e uma estadual. O pr\u00f3prio processo de desapropria\u00e7\u00e3o, reassentamento, foi bem feito. Uma parte da popula\u00e7\u00e3o que foi atingida optou por receber apartamentos. Outros optaram por sair com o dinheiro. Ficou \u00e0 escolha de cada um. <\/p>\n<p>DI\u00c1RIO &#8211; Como fica a liga\u00e7\u00e3o da rodovia com os bairros pr\u00f3ximos \u00e0 pista?&nbsp;<\/p>\n<p>ARCE &#8211; N\u00e3o \u00e9 para ter liga\u00e7\u00e3o com os bairros. Essa \u00e9 uma das finalidades do Rodoanel. \u00c9 uma estrada fechada que se comunica via rodovias. At\u00e9 por uma quest\u00e3o ambiental tamb\u00e9m. Porque estamos atravessando uma \u00e1rea de manancial. Tivemos cuidado, ao fazer as travessias, de dotar as pontes e viadutos com sistema de armazenamento de material que porventura caia. Por exemplo, se um caminh\u00e3o de \u00e1lcool vazar l\u00e1, tem um sistema de tubula\u00e7\u00e3o que recebe esse \u00e1lcool ou qualquer outro produto perigoso. O Rodoanel foi feito para ser alimentado pelas rodovias. \u00c9 um equipamento para uso rodovi\u00e1rio. <\/p>\n<p>DI\u00c1RIO &#8211; Quando os outros trechos ficar\u00e3o prontos?&nbsp;<\/p>\n<p>ARCE &#8211; O governo do Estado tem a disposi\u00e7\u00e3o de continuar com o Trecho Leste e depois com o Norte j\u00e1 na sequ\u00eancia dos trabalhos para que a gente, at\u00e9 o final de 2014, tenha 170 quil\u00f4metros do Rodoanel completos. <\/p>\n<p>DI\u00c1RIO &#8211; H\u00e1 quem diga que o Rodoanel deixar\u00e1 alguns caminhos mais longos&#8230;&nbsp;<\/p>\n<p>ARCE &#8211; Em determinadas circunst\u00e2ncias, o caminho pode aumentar. Quem mora na Zona Oeste, por exemplo, e quer ir para o Litoral, j\u00e1 tem um encurtamento. Ele vai viajar mais quil\u00f4metros, mas vai ganhar tempo. Agora, se eu sair de Santo Andr\u00e9, pegar o Rodoanel Oeste, pegar a Castello Branco e chegar em S\u00e3o Paulo, n\u00e3o vai ser vantagem. Tem o trem que \u00e9 muito mais r\u00e1pido. O que vai melhorar o tr\u00e2nsito dentro da \u00e1rea expandida \u00e9 o transporte p\u00fablico de qualidade: \u00e9 o trem, o \u00f4nibus e o metr\u00f4. <\/p>\n<p>DI\u00c1RIO &#8211; Qual o volume de carros que deve passar pelo Rodoanel diariamente?&nbsp;<\/p>\n<p>ARCE &#8211; A gente estima que pelo Rodoanel todo v\u00e3o passar cerca de 400 mil ve\u00edculos por dia. E se n\u00e3o tiver o Rodoanel? Esses 400 mil v\u00e3o passar por onde? Por isso que uma obra como essa nunca perde a atualidade. Para saber se ela \u00e9 \u00fatil ou n\u00e3o \u00e9 s\u00f3 fech\u00e1-la. Ano passado, tivemos de fechar o Trecho Oeste por duas horas para fazer uma medi\u00e7\u00e3o de barulho. Foi um caos. <\/p>\n<p>DI\u00c1RIO &#8211; Como est\u00e1 o movimento de ve\u00edculos no Trecho Oeste?&nbsp;<\/p>\n<p>ARCE &#8211; A gente verifica que o movimento l\u00e1 j\u00e1 superou 200 mil ve\u00edculos por dia. E esses ve\u00edculos deixaram de passar por ruas e avenidas das cidades. E a\u00ed estamos falando de S\u00e3o Paulo, Carapicu\u00edba, Osasco, Itapevi, Jandira. Ou seja, j\u00e1 ajudou a diminuir muito o tempo de deslocamento dessas pessoas. <br \/>\nDI\u00c1RIO &#8211; Como ser\u00e1 feita a cobran\u00e7a de ped\u00e1gio no Trecho Sul?&nbsp;<\/p>\n<p>ARCE &#8211; Fala-se em ped\u00e1gio a partir de abril de 2011 porque tem um processo de andamento da licita\u00e7\u00e3o. As pra\u00e7as de ped\u00e1gio foram montadas nas sa\u00eddas do Rodoanel. <\/p>\n<p>DI\u00c1RIO &#8211; O senhor n\u00e3o acha que a cobran\u00e7a de ped\u00e1gio pode desestimular motoristas e caminhoneiros a pegarem o Rodoanel?&nbsp;<\/p>\n<p>ARCE &#8211; Diria que ser\u00e1 da mesma forma que foi no Trecho Oeste. Na primeira semana, alguns motoristas deixaram de pegar o Rodoanel para n\u00e3o pagar ped\u00e1gio. Mas levaram tanto tempo para chegar que viram que n\u00e3o compensa. Acho que vai ser natural. Primeiro, v\u00e3o come\u00e7ar a usar esse trecho sem pagar nada. Depois, vem o ped\u00e1gio. Espero que tenha muitos concorrentes para ser mais barato. E tem outra coisa: em S\u00e3o Paulo, por exemplo, \u00e9 proibido passar caminh\u00e3o pelo centro. Se n\u00e3o tivesse alternativa, eles tinham que passar l\u00e1. Como tem o Rodoanel, vai depender muito da prefeitura regulamentar. <\/p>\n<p>DI\u00c1RIO &#8211; Nesse caso, o Rodoanel pode incentivar a cria\u00e7\u00e3o de leis espec\u00edficas para restringir o tr\u00e1fego de caminh\u00f5es no Grande ABC?&nbsp;<\/p>\n<p>ARCE &#8211; Pode incentivar as prefeituras a fazer esse tipo de fiscaliza\u00e7\u00e3o. Orientar e disciplinar o tr\u00e2nsito \u00e9 decis\u00e3o das pr\u00f3prias prefeituras. <\/p>\n<p>DI\u00c1RIO &#8211; Como est\u00e1 a expans\u00e3o da Avenida Jacu P\u00eassego, em Mau\u00e1, obra complementar ao Rodoanel?&nbsp;<\/p>\n<p>ARCE &#8211; A Avenida Papa Jo\u00e3o XXIII e a Avenida Jacu P\u00eassego, em Mau\u00e1, fazem parte do que a gente chama de Projeto Jacu P\u00eassego. \u00c9 o lote 1 desse projeto, que pretendemos entregar em julho. Aquela obra n\u00e3o faz parte do Rodoanel. Uma coisa que \u00e9 importante: a obra do Rodoanel, do Trecho Sul, vai at\u00e9 o ponto em que liga ao Trecho Leste, que deve come\u00e7ar no ano que vem. O lote 1 do Projeto Jacu P\u00eassego come\u00e7a na Avenida Papa Jo\u00e3o XXIII, vem em dire\u00e7\u00e3o ao Rodoanel e, no futuro, vai ter um trevo que vai ligar o Rodoanel Sul at\u00e9 Mau\u00e1. L\u00e1 tem outra obra que \u00e9 muito importante, que \u00e9 a extens\u00e3o da Avenida dos Estados, em Capuava, uma \u00e1rea muito movimentada, que tem muitas ind\u00fastrias. <\/p>\n<p>DI\u00c1RIO &#8211; O senhor acredita que possa ser constru\u00eddo outro anel vi\u00e1rio no Estado ap\u00f3s o t\u00e9rmino da constru\u00e7\u00e3o do Rodoanel?&nbsp;<\/p>\n<p>ARCE &#8211; Em Madri, capital da Espanha, por exemplo, est\u00e3o fazendo o quinto anel vi\u00e1rio. Mas aqui em S\u00e3o Paulo acho complicado. Ter\u00edamos de fazer passando pela Baixada, porque n\u00e3o tem mais espa\u00e7o. Dentro do Rodoanel n\u00e3o cabe. A gente j\u00e1 tem an\u00e9is vi\u00e1rios menores dentro da Capital. Se voc\u00ea pensar na Marginal do Pinheiros, Marginal do Tiet\u00ea, Avenida dos Bandeirantes, Avenida \u00c1gua Espraiada e Avenida Jacu P\u00eassego, voc\u00ea j\u00e1 tem um anel. Esse j\u00e1 existe. Existe at\u00e9 um menor, formado por um quadril\u00e1tero no centro que passa por Avenida Ipiranga e Avenida S\u00e3o Jo\u00e3o. \u00c9 uma r\u00f3tula central, feita nos anos 1960 <\/p>\n<p><b>Autor: Di\u00e1rio do Grande ABC<\/b><\/p>\n","protected":false},"excerpt":{"rendered":"<p>O secret\u00e1rio estadual dos Transportes, Mauro Arce, mostra-se otimista com a inaugura\u00e7\u00e3o do Trecho Sul do Rodoanel. Arce afirma que o movimento no Porto de Santos pode triplicar nos pr\u00f3ximos 15 anos, passando de 64 milh\u00f5es de toneladas de carga ao ano para 192 milh\u00f5es.&nbsp; O secret\u00e1rio acredita na redu\u00e7\u00e3o no n\u00famero de caminh\u00f5es que [&hellip;]<\/p>\n","protected":false},"author":1,"featured_media":0,"comment_status":"open","ping_status":"open","sticky":false,"template":"","format":"standard","meta":{"footnotes":""},"categories":[6,41],"tags":[],"class_list":{"0":"post-17885","1":"post","2":"type-post","3":"status-publish","4":"format-standard","6":"category-noticias","7":"category-transportes"},"yoast_head":"<!-- This site is optimized with the Yoast SEO plugin v27.2 - https:\/\/yoast.com\/product\/yoast-seo-wordpress\/ -->\n<title>Com Rodoanel, Porto de Santos triplicar\u00e1 movimento - Instituto de Engenharia<\/title>\n<meta name=\"robots\" content=\"index, follow, max-snippet:-1, max-image-preview:large, max-video-preview:-1\" \/>\n<link rel=\"canonical\" href=\"https:\/\/www.institutodeengenharia.org.br\/site\/2010\/03\/29\/com-rodoanel-porto-de-santos-triplicara-movimento\/\" \/>\n<meta property=\"og:locale\" content=\"pt_BR\" \/>\n<meta property=\"og:type\" content=\"article\" \/>\n<meta property=\"og:title\" content=\"Com Rodoanel, Porto de Santos triplicar\u00e1 movimento - Instituto de Engenharia\" \/>\n<meta property=\"og:description\" content=\"O secret\u00e1rio estadual dos Transportes, Mauro Arce, mostra-se otimista com a inaugura\u00e7\u00e3o do Trecho Sul do Rodoanel. Arce afirma que o movimento no Porto de Santos pode triplicar nos pr\u00f3ximos 15 anos, passando de 64 milh\u00f5es de toneladas de carga ao ano para 192 milh\u00f5es.&nbsp; O secret\u00e1rio acredita na redu\u00e7\u00e3o no n\u00famero de caminh\u00f5es que [&hellip;]\" \/>\n<meta property=\"og:url\" content=\"https:\/\/www.institutodeengenharia.org.br\/site\/2010\/03\/29\/com-rodoanel-porto-de-santos-triplicara-movimento\/\" \/>\n<meta property=\"og:site_name\" content=\"Instituto de Engenharia\" \/>\n<meta property=\"article:publisher\" content=\"https:\/\/www.facebook.com\/institutodeengenharia\" \/>\n<meta property=\"article:published_time\" content=\"2010-03-29T22:40:32+00:00\" \/>\n<meta name=\"author\" content=\"TMax Tecnologia\" \/>\n<meta name=\"twitter:card\" content=\"summary_large_image\" \/>\n<meta name=\"twitter:creator\" content=\"@iengenharia\" \/>\n<meta name=\"twitter:site\" content=\"@iengenharia\" \/>\n<meta name=\"twitter:label1\" content=\"Escrito por\" \/>\n\t<meta name=\"twitter:data1\" content=\"TMax Tecnologia\" \/>\n\t<meta name=\"twitter:label2\" content=\"Est. tempo de leitura\" \/>\n\t<meta name=\"twitter:data2\" content=\"8 minutos\" \/>\n<script type=\"application\/ld+json\" class=\"yoast-schema-graph\">{\"@context\":\"https:\/\/schema.org\",\"@graph\":[{\"@type\":\"Article\",\"@id\":\"https:\/\/www.institutodeengenharia.org.br\/site\/2010\/03\/29\/com-rodoanel-porto-de-santos-triplicara-movimento\/#article\",\"isPartOf\":{\"@id\":\"https:\/\/www.institutodeengenharia.org.br\/site\/2010\/03\/29\/com-rodoanel-porto-de-santos-triplicara-movimento\/\"},\"author\":{\"name\":\"TMax Tecnologia\",\"@id\":\"https:\/\/www.institutodeengenharia.org.br\/site\/#\/schema\/person\/3b1ff109facef084739fc2edcb9a127f\"},\"headline\":\"Com Rodoanel, Porto de Santos triplicar\u00e1 movimento\",\"datePublished\":\"2010-03-29T22:40:32+00:00\",\"mainEntityOfPage\":{\"@id\":\"https:\/\/www.institutodeengenharia.org.br\/site\/2010\/03\/29\/com-rodoanel-porto-de-santos-triplicara-movimento\/\"},\"wordCount\":1681,\"commentCount\":0,\"publisher\":{\"@id\":\"https:\/\/www.institutodeengenharia.org.br\/site\/#organization\"},\"articleSection\":[\"Not\u00edcias\",\"Transportes\"],\"inLanguage\":\"pt-BR\",\"potentialAction\":[{\"@type\":\"CommentAction\",\"name\":\"Comment\",\"target\":[\"https:\/\/www.institutodeengenharia.org.br\/site\/2010\/03\/29\/com-rodoanel-porto-de-santos-triplicara-movimento\/#respond\"]}]},{\"@type\":\"WebPage\",\"@id\":\"https:\/\/www.institutodeengenharia.org.br\/site\/2010\/03\/29\/com-rodoanel-porto-de-santos-triplicara-movimento\/\",\"url\":\"https:\/\/www.institutodeengenharia.org.br\/site\/2010\/03\/29\/com-rodoanel-porto-de-santos-triplicara-movimento\/\",\"name\":\"Com Rodoanel, Porto de Santos triplicar\u00e1 movimento - Instituto de Engenharia\",\"isPartOf\":{\"@id\":\"https:\/\/www.institutodeengenharia.org.br\/site\/#website\"},\"datePublished\":\"2010-03-29T22:40:32+00:00\",\"breadcrumb\":{\"@id\":\"https:\/\/www.institutodeengenharia.org.br\/site\/2010\/03\/29\/com-rodoanel-porto-de-santos-triplicara-movimento\/#breadcrumb\"},\"inLanguage\":\"pt-BR\",\"potentialAction\":[{\"@type\":\"ReadAction\",\"target\":[\"https:\/\/www.institutodeengenharia.org.br\/site\/2010\/03\/29\/com-rodoanel-porto-de-santos-triplicara-movimento\/\"]}]},{\"@type\":\"BreadcrumbList\",\"@id\":\"https:\/\/www.institutodeengenharia.org.br\/site\/2010\/03\/29\/com-rodoanel-porto-de-santos-triplicara-movimento\/#breadcrumb\",\"itemListElement\":[{\"@type\":\"ListItem\",\"position\":1,\"name\":\"In\u00edcio\",\"item\":\"https:\/\/www.institutodeengenharia.org.br\/site\/\"},{\"@type\":\"ListItem\",\"position\":2,\"name\":\"Com Rodoanel, Porto de Santos triplicar\u00e1 movimento\"}]},{\"@type\":\"WebSite\",\"@id\":\"https:\/\/www.institutodeengenharia.org.br\/site\/#website\",\"url\":\"https:\/\/www.institutodeengenharia.org.br\/site\/\",\"name\":\"Instituto de Engenharia\",\"description\":\"O Instituto de Engenharia promove a Engenharia em benef\u00edcio do desenvolvimento e da qualidade de vida da sociedade.\",\"publisher\":{\"@id\":\"https:\/\/www.institutodeengenharia.org.br\/site\/#organization\"},\"potentialAction\":[{\"@type\":\"SearchAction\",\"target\":{\"@type\":\"EntryPoint\",\"urlTemplate\":\"https:\/\/www.institutodeengenharia.org.br\/site\/?s={search_term_string}\"},\"query-input\":{\"@type\":\"PropertyValueSpecification\",\"valueRequired\":true,\"valueName\":\"search_term_string\"}}],\"inLanguage\":\"pt-BR\"},{\"@type\":\"Organization\",\"@id\":\"https:\/\/www.institutodeengenharia.org.br\/site\/#organization\",\"name\":\"Instituto de Engenharia\",\"url\":\"https:\/\/www.institutodeengenharia.org.br\/site\/\",\"logo\":{\"@type\":\"ImageObject\",\"inLanguage\":\"pt-BR\",\"@id\":\"https:\/\/www.institutodeengenharia.org.br\/site\/#\/schema\/logo\/image\/\",\"url\":\"https:\/\/www.institutodeengenharia.org.br\/site\/wp-content\/uploads\/2019\/03\/logo-novo-IE2018-1.jpg\",\"contentUrl\":\"https:\/\/www.institutodeengenharia.org.br\/site\/wp-content\/uploads\/2019\/03\/logo-novo-IE2018-1.jpg\",\"width\":1486,\"height\":1879,\"caption\":\"Instituto de Engenharia\"},\"image\":{\"@id\":\"https:\/\/www.institutodeengenharia.org.br\/site\/#\/schema\/logo\/image\/\"},\"sameAs\":[\"https:\/\/www.facebook.com\/institutodeengenharia\",\"https:\/\/x.com\/iengenharia\",\"https:\/\/www.instagram.com\/institutodeengenharia\/\",\"https:\/\/www.linkedin.com\/company\/instituto-de-engenharia\/\",\"https:\/\/www.youtube.com\/channel\/UCXiCAlsSMe977vamW915HxA\"]},{\"@type\":\"Person\",\"@id\":\"https:\/\/www.institutodeengenharia.org.br\/site\/#\/schema\/person\/3b1ff109facef084739fc2edcb9a127f\",\"name\":\"TMax Tecnologia\",\"image\":{\"@type\":\"ImageObject\",\"inLanguage\":\"pt-BR\",\"@id\":\"https:\/\/secure.gravatar.com\/avatar\/f912434ef7f389c92cb311fcdae346af848465d638912574b3c669070f797701?s=96&d=mm&r=g\",\"url\":\"https:\/\/secure.gravatar.com\/avatar\/f912434ef7f389c92cb311fcdae346af848465d638912574b3c669070f797701?s=96&d=mm&r=g\",\"contentUrl\":\"https:\/\/secure.gravatar.com\/avatar\/f912434ef7f389c92cb311fcdae346af848465d638912574b3c669070f797701?s=96&d=mm&r=g\",\"caption\":\"TMax Tecnologia\"},\"url\":\"https:\/\/www.institutodeengenharia.org.br\/site\/author\/tmax\/\"}]}<\/script>\n<!-- \/ Yoast SEO plugin. -->","yoast_head_json":{"title":"Com Rodoanel, Porto de Santos triplicar\u00e1 movimento - Instituto de Engenharia","robots":{"index":"index","follow":"follow","max-snippet":"max-snippet:-1","max-image-preview":"max-image-preview:large","max-video-preview":"max-video-preview:-1"},"canonical":"https:\/\/www.institutodeengenharia.org.br\/site\/2010\/03\/29\/com-rodoanel-porto-de-santos-triplicara-movimento\/","og_locale":"pt_BR","og_type":"article","og_title":"Com Rodoanel, Porto de Santos triplicar\u00e1 movimento - Instituto de Engenharia","og_description":"O secret\u00e1rio estadual dos Transportes, Mauro Arce, mostra-se otimista com a inaugura\u00e7\u00e3o do Trecho Sul do Rodoanel. Arce afirma que o movimento no Porto de Santos pode triplicar nos pr\u00f3ximos 15 anos, passando de 64 milh\u00f5es de toneladas de carga ao ano para 192 milh\u00f5es.&nbsp; O secret\u00e1rio acredita na redu\u00e7\u00e3o no n\u00famero de caminh\u00f5es que [&hellip;]","og_url":"https:\/\/www.institutodeengenharia.org.br\/site\/2010\/03\/29\/com-rodoanel-porto-de-santos-triplicara-movimento\/","og_site_name":"Instituto de Engenharia","article_publisher":"https:\/\/www.facebook.com\/institutodeengenharia","article_published_time":"2010-03-29T22:40:32+00:00","author":"TMax Tecnologia","twitter_card":"summary_large_image","twitter_creator":"@iengenharia","twitter_site":"@iengenharia","twitter_misc":{"Escrito por":"TMax Tecnologia","Est. tempo de leitura":"8 minutos"},"schema":{"@context":"https:\/\/schema.org","@graph":[{"@type":"Article","@id":"https:\/\/www.institutodeengenharia.org.br\/site\/2010\/03\/29\/com-rodoanel-porto-de-santos-triplicara-movimento\/#article","isPartOf":{"@id":"https:\/\/www.institutodeengenharia.org.br\/site\/2010\/03\/29\/com-rodoanel-porto-de-santos-triplicara-movimento\/"},"author":{"name":"TMax Tecnologia","@id":"https:\/\/www.institutodeengenharia.org.br\/site\/#\/schema\/person\/3b1ff109facef084739fc2edcb9a127f"},"headline":"Com Rodoanel, Porto de Santos triplicar\u00e1 movimento","datePublished":"2010-03-29T22:40:32+00:00","mainEntityOfPage":{"@id":"https:\/\/www.institutodeengenharia.org.br\/site\/2010\/03\/29\/com-rodoanel-porto-de-santos-triplicara-movimento\/"},"wordCount":1681,"commentCount":0,"publisher":{"@id":"https:\/\/www.institutodeengenharia.org.br\/site\/#organization"},"articleSection":["Not\u00edcias","Transportes"],"inLanguage":"pt-BR","potentialAction":[{"@type":"CommentAction","name":"Comment","target":["https:\/\/www.institutodeengenharia.org.br\/site\/2010\/03\/29\/com-rodoanel-porto-de-santos-triplicara-movimento\/#respond"]}]},{"@type":"WebPage","@id":"https:\/\/www.institutodeengenharia.org.br\/site\/2010\/03\/29\/com-rodoanel-porto-de-santos-triplicara-movimento\/","url":"https:\/\/www.institutodeengenharia.org.br\/site\/2010\/03\/29\/com-rodoanel-porto-de-santos-triplicara-movimento\/","name":"Com Rodoanel, Porto de Santos triplicar\u00e1 movimento - Instituto de Engenharia","isPartOf":{"@id":"https:\/\/www.institutodeengenharia.org.br\/site\/#website"},"datePublished":"2010-03-29T22:40:32+00:00","breadcrumb":{"@id":"https:\/\/www.institutodeengenharia.org.br\/site\/2010\/03\/29\/com-rodoanel-porto-de-santos-triplicara-movimento\/#breadcrumb"},"inLanguage":"pt-BR","potentialAction":[{"@type":"ReadAction","target":["https:\/\/www.institutodeengenharia.org.br\/site\/2010\/03\/29\/com-rodoanel-porto-de-santos-triplicara-movimento\/"]}]},{"@type":"BreadcrumbList","@id":"https:\/\/www.institutodeengenharia.org.br\/site\/2010\/03\/29\/com-rodoanel-porto-de-santos-triplicara-movimento\/#breadcrumb","itemListElement":[{"@type":"ListItem","position":1,"name":"In\u00edcio","item":"https:\/\/www.institutodeengenharia.org.br\/site\/"},{"@type":"ListItem","position":2,"name":"Com Rodoanel, Porto de Santos triplicar\u00e1 movimento"}]},{"@type":"WebSite","@id":"https:\/\/www.institutodeengenharia.org.br\/site\/#website","url":"https:\/\/www.institutodeengenharia.org.br\/site\/","name":"Instituto de Engenharia","description":"O Instituto de Engenharia promove a Engenharia em benef\u00edcio do desenvolvimento e da qualidade de vida da sociedade.","publisher":{"@id":"https:\/\/www.institutodeengenharia.org.br\/site\/#organization"},"potentialAction":[{"@type":"SearchAction","target":{"@type":"EntryPoint","urlTemplate":"https:\/\/www.institutodeengenharia.org.br\/site\/?s={search_term_string}"},"query-input":{"@type":"PropertyValueSpecification","valueRequired":true,"valueName":"search_term_string"}}],"inLanguage":"pt-BR"},{"@type":"Organization","@id":"https:\/\/www.institutodeengenharia.org.br\/site\/#organization","name":"Instituto de Engenharia","url":"https:\/\/www.institutodeengenharia.org.br\/site\/","logo":{"@type":"ImageObject","inLanguage":"pt-BR","@id":"https:\/\/www.institutodeengenharia.org.br\/site\/#\/schema\/logo\/image\/","url":"https:\/\/www.institutodeengenharia.org.br\/site\/wp-content\/uploads\/2019\/03\/logo-novo-IE2018-1.jpg","contentUrl":"https:\/\/www.institutodeengenharia.org.br\/site\/wp-content\/uploads\/2019\/03\/logo-novo-IE2018-1.jpg","width":1486,"height":1879,"caption":"Instituto de Engenharia"},"image":{"@id":"https:\/\/www.institutodeengenharia.org.br\/site\/#\/schema\/logo\/image\/"},"sameAs":["https:\/\/www.facebook.com\/institutodeengenharia","https:\/\/x.com\/iengenharia","https:\/\/www.instagram.com\/institutodeengenharia\/","https:\/\/www.linkedin.com\/company\/instituto-de-engenharia\/","https:\/\/www.youtube.com\/channel\/UCXiCAlsSMe977vamW915HxA"]},{"@type":"Person","@id":"https:\/\/www.institutodeengenharia.org.br\/site\/#\/schema\/person\/3b1ff109facef084739fc2edcb9a127f","name":"TMax Tecnologia","image":{"@type":"ImageObject","inLanguage":"pt-BR","@id":"https:\/\/secure.gravatar.com\/avatar\/f912434ef7f389c92cb311fcdae346af848465d638912574b3c669070f797701?s=96&d=mm&r=g","url":"https:\/\/secure.gravatar.com\/avatar\/f912434ef7f389c92cb311fcdae346af848465d638912574b3c669070f797701?s=96&d=mm&r=g","contentUrl":"https:\/\/secure.gravatar.com\/avatar\/f912434ef7f389c92cb311fcdae346af848465d638912574b3c669070f797701?s=96&d=mm&r=g","caption":"TMax Tecnologia"},"url":"https:\/\/www.institutodeengenharia.org.br\/site\/author\/tmax\/"}]}},"_links":{"self":[{"href":"https:\/\/www.institutodeengenharia.org.br\/site\/wp-json\/wp\/v2\/posts\/17885","targetHints":{"allow":["GET"]}}],"collection":[{"href":"https:\/\/www.institutodeengenharia.org.br\/site\/wp-json\/wp\/v2\/posts"}],"about":[{"href":"https:\/\/www.institutodeengenharia.org.br\/site\/wp-json\/wp\/v2\/types\/post"}],"author":[{"embeddable":true,"href":"https:\/\/www.institutodeengenharia.org.br\/site\/wp-json\/wp\/v2\/users\/1"}],"replies":[{"embeddable":true,"href":"https:\/\/www.institutodeengenharia.org.br\/site\/wp-json\/wp\/v2\/comments?post=17885"}],"version-history":[{"count":0,"href":"https:\/\/www.institutodeengenharia.org.br\/site\/wp-json\/wp\/v2\/posts\/17885\/revisions"}],"wp:attachment":[{"href":"https:\/\/www.institutodeengenharia.org.br\/site\/wp-json\/wp\/v2\/media?parent=17885"}],"wp:term":[{"taxonomy":"category","embeddable":true,"href":"https:\/\/www.institutodeengenharia.org.br\/site\/wp-json\/wp\/v2\/categories?post=17885"},{"taxonomy":"post_tag","embeddable":true,"href":"https:\/\/www.institutodeengenharia.org.br\/site\/wp-json\/wp\/v2\/tags?post=17885"}],"curies":[{"name":"wp","href":"https:\/\/api.w.org\/{rel}","templated":true}]}}