{"id":17871,"date":"2010-03-26T22:40:22","date_gmt":"2010-03-26T22:40:22","guid":{"rendered":"https:\/\/www.institutodeengenharia.org.br\/?p=17871"},"modified":"2010-03-26T14:40:34","modified_gmt":"2010-03-26T14:40:34","slug":"premiacao-vai-destacar-os-melhores-profissionais-da-engenharia-brasileira","status":"publish","type":"post","link":"https:\/\/www.institutodeengenharia.org.br\/site\/2010\/03\/26\/premiacao-vai-destacar-os-melhores-profissionais-da-engenharia-brasileira\/","title":{"rendered":"Premia\u00e7\u00e3o vai destacar os melhores Profissionais da Engenharia Brasileira"},"content":{"rendered":"<p>Com o objetivo de estimular o pensamento cient\u00edfico e reconhecer a produ\u00e7\u00e3o tecnol\u00f3gica nacional, ser\u00e1 lan\u00e7ado, no dia 21 de abril, anivers\u00e1rio de cinq\u00fcenta anos de Bras\u00edlia, o Pr\u00eamio Brasil de Engenharia, aberto a estudantes, profissionais e institui\u00e7\u00f5es tecnol\u00f3gicas de todo o pa\u00eds. Institu\u00eddo pelo Sindicato dos Engenheiros no Distrito Federal (Senge-DF) em conjunto com o Instituto Atenas de Pesquisa e Desenvolvimento e grandes parceiros, o pr\u00eamio vai reconhecer e destacar a contribui\u00e7\u00e3o da Engenharia e de seus profissionais para o desenvolvimento do pa\u00eds. <\/p>\n<p>Neste ano, o tema macro da premia\u00e7\u00e3o \u00e9 &#8220;Engenharia para o Futuro&#8221;. Segundo o presidente do Senge-DF, Ronildo Menezes, o tema tem como intuito destacar e multiplicar as boas ideias no campo da inova\u00e7\u00e3o tecnol\u00f3gica. &#8220;Mais do que nunca temos que valorizar a criatividade e a excel\u00eancia da Engenharia nacional, esta que \u00e9 o motor do desenvolvimento do pa\u00eds&#8221;, afirma. Estudantes de gradua\u00e7\u00e3o e p\u00f3s-gradua\u00e7\u00e3o poder\u00e3o inscrever pesquisas e trabalhos em diversas categorias, como Constru\u00e7\u00e3o Sustent\u00e1vel, Efici\u00eancia Energ\u00e9tica, Recursos H\u00eddricos, Res\u00edduos e Engenharia Cidad\u00e3 &#8211; esta \u00faltima aberta, tamb\u00e9m, a profissionais, institui\u00e7\u00f5es p\u00fablicas e ONGs. <\/p>\n<p>A premia\u00e7\u00e3o ter\u00e1, ainda, outros destaques: Grande Pr\u00eamio Inova\u00e7\u00e3o, para o melhor trabalho entre todos os inscritos; Pr\u00eamio Bras\u00edlia 50 Anos, para o melhor trabalho entre os participantes do Distrito Federal; e Pr\u00eamio Personalidades, que homenagear\u00e1 expoentes da Engenharia nacional. Entre viagens, trof\u00e9us e dinheiro, ser\u00e1 distribu\u00eddo o equivalente a 70 mil reais em pr\u00eamios. <\/p>\n<p>O pr\u00e9-cadastro para receber informa\u00e7\u00f5es sobre o Pr\u00eamio Brasil de Engenharia pode ser feito no site <a target=\"_blank\" href=\"http:\/\/www.premiobrasil.org.br\">www.premiobrasil.org.br<\/a> ou <a target=\"_blank\" href=\"http:\/\/www.premioengenharia.com.br\">www.premioengenharia.com.br<\/a>. O regulamento ser\u00e1 divulgado a partir do lan\u00e7amento oficial, no dia 21 de abril. <br \/>\nMais informa\u00e7\u00f5es: <a target=\"_blank\" href=\"http:\/\/contato@vozdoengenheiro.com.br\">http:\/\/contato@vozdoengenheiro.com.br<\/a>. <\/p>\n<p><b>Autor: Assessoria de Comunica\u00e7\u00e3o do Senge-DF<\/b><\/p>\n","protected":false},"excerpt":{"rendered":"<p>Com o objetivo de estimular o pensamento cient\u00edfico e reconhecer a produ\u00e7\u00e3o tecnol\u00f3gica nacional, ser\u00e1 lan\u00e7ado, no dia 21 de abril, anivers\u00e1rio de cinq\u00fcenta anos de Bras\u00edlia, o Pr\u00eamio Brasil de Engenharia, aberto a estudantes, profissionais e institui\u00e7\u00f5es tecnol\u00f3gicas de todo o pa\u00eds. Institu\u00eddo pelo Sindicato dos Engenheiros no Distrito Federal (Senge-DF) em conjunto com [&hellip;]<\/p>\n","protected":false},"author":1,"featured_media":0,"comment_status":"open","ping_status":"open","sticky":false,"template":"","format":"standard","meta":{"footnotes":""},"categories":[6,35],"tags":[],"class_list":{"0":"post-17871","1":"post","2":"type-post","3":"status-publish","4":"format-standard","6":"category-noticias","7":"category-pesquisa-e-desenvolvimento"},"yoast_head":"<!-- This site is optimized with the Yoast SEO plugin v27.2 - https:\/\/yoast.com\/product\/yoast-seo-wordpress\/ -->\n<title>Premia\u00e7\u00e3o vai destacar os melhores Profissionais da Engenharia Brasileira - Instituto de Engenharia<\/title>\n<meta name=\"robots\" content=\"index, follow, max-snippet:-1, max-image-preview:large, max-video-preview:-1\" \/>\n<link rel=\"canonical\" href=\"https:\/\/www.institutodeengenharia.org.br\/site\/2010\/03\/26\/premiacao-vai-destacar-os-melhores-profissionais-da-engenharia-brasileira\/\" \/>\n<meta property=\"og:locale\" content=\"pt_BR\" \/>\n<meta property=\"og:type\" content=\"article\" \/>\n<meta property=\"og:title\" content=\"Premia\u00e7\u00e3o vai destacar os melhores Profissionais da Engenharia Brasileira - Instituto de Engenharia\" \/>\n<meta property=\"og:description\" content=\"Com o objetivo de estimular o pensamento cient\u00edfico e reconhecer a produ\u00e7\u00e3o tecnol\u00f3gica nacional, ser\u00e1 lan\u00e7ado, no dia 21 de abril, anivers\u00e1rio de cinq\u00fcenta anos de Bras\u00edlia, o Pr\u00eamio Brasil de Engenharia, aberto a estudantes, profissionais e institui\u00e7\u00f5es tecnol\u00f3gicas de todo o pa\u00eds. Institu\u00eddo pelo Sindicato dos Engenheiros no Distrito Federal (Senge-DF) em conjunto com [&hellip;]\" \/>\n<meta property=\"og:url\" content=\"https:\/\/www.institutodeengenharia.org.br\/site\/2010\/03\/26\/premiacao-vai-destacar-os-melhores-profissionais-da-engenharia-brasileira\/\" \/>\n<meta property=\"og:site_name\" content=\"Instituto de Engenharia\" \/>\n<meta property=\"article:publisher\" content=\"https:\/\/www.facebook.com\/institutodeengenharia\" \/>\n<meta property=\"article:published_time\" content=\"2010-03-26T22:40:22+00:00\" \/>\n<meta name=\"author\" content=\"TMax Tecnologia\" \/>\n<meta name=\"twitter:card\" content=\"summary_large_image\" \/>\n<meta name=\"twitter:creator\" content=\"@iengenharia\" \/>\n<meta name=\"twitter:site\" content=\"@iengenharia\" \/>\n<meta name=\"twitter:label1\" content=\"Escrito por\" \/>\n\t<meta name=\"twitter:data1\" content=\"TMax Tecnologia\" \/>\n\t<meta name=\"twitter:label2\" content=\"Est. tempo de leitura\" \/>\n\t<meta name=\"twitter:data2\" content=\"2 minutos\" \/>\n<script type=\"application\/ld+json\" class=\"yoast-schema-graph\">{\"@context\":\"https:\/\/schema.org\",\"@graph\":[{\"@type\":\"Article\",\"@id\":\"https:\/\/www.institutodeengenharia.org.br\/site\/2010\/03\/26\/premiacao-vai-destacar-os-melhores-profissionais-da-engenharia-brasileira\/#article\",\"isPartOf\":{\"@id\":\"https:\/\/www.institutodeengenharia.org.br\/site\/2010\/03\/26\/premiacao-vai-destacar-os-melhores-profissionais-da-engenharia-brasileira\/\"},\"author\":{\"name\":\"TMax Tecnologia\",\"@id\":\"https:\/\/www.institutodeengenharia.org.br\/site\/#\/schema\/person\/3b1ff109facef084739fc2edcb9a127f\"},\"headline\":\"Premia\u00e7\u00e3o vai destacar os melhores Profissionais da Engenharia Brasileira\",\"datePublished\":\"2010-03-26T22:40:22+00:00\",\"mainEntityOfPage\":{\"@id\":\"https:\/\/www.institutodeengenharia.org.br\/site\/2010\/03\/26\/premiacao-vai-destacar-os-melhores-profissionais-da-engenharia-brasileira\/\"},\"wordCount\":338,\"commentCount\":0,\"publisher\":{\"@id\":\"https:\/\/www.institutodeengenharia.org.br\/site\/#organization\"},\"articleSection\":[\"Not\u00edcias\",\"Pesquisa e Desenvolvimento\"],\"inLanguage\":\"pt-BR\",\"potentialAction\":[{\"@type\":\"CommentAction\",\"name\":\"Comment\",\"target\":[\"https:\/\/www.institutodeengenharia.org.br\/site\/2010\/03\/26\/premiacao-vai-destacar-os-melhores-profissionais-da-engenharia-brasileira\/#respond\"]}]},{\"@type\":\"WebPage\",\"@id\":\"https:\/\/www.institutodeengenharia.org.br\/site\/2010\/03\/26\/premiacao-vai-destacar-os-melhores-profissionais-da-engenharia-brasileira\/\",\"url\":\"https:\/\/www.institutodeengenharia.org.br\/site\/2010\/03\/26\/premiacao-vai-destacar-os-melhores-profissionais-da-engenharia-brasileira\/\",\"name\":\"Premia\u00e7\u00e3o vai destacar os melhores Profissionais da Engenharia Brasileira - Instituto de Engenharia\",\"isPartOf\":{\"@id\":\"https:\/\/www.institutodeengenharia.org.br\/site\/#website\"},\"datePublished\":\"2010-03-26T22:40:22+00:00\",\"breadcrumb\":{\"@id\":\"https:\/\/www.institutodeengenharia.org.br\/site\/2010\/03\/26\/premiacao-vai-destacar-os-melhores-profissionais-da-engenharia-brasileira\/#breadcrumb\"},\"inLanguage\":\"pt-BR\",\"potentialAction\":[{\"@type\":\"ReadAction\",\"target\":[\"https:\/\/www.institutodeengenharia.org.br\/site\/2010\/03\/26\/premiacao-vai-destacar-os-melhores-profissionais-da-engenharia-brasileira\/\"]}]},{\"@type\":\"BreadcrumbList\",\"@id\":\"https:\/\/www.institutodeengenharia.org.br\/site\/2010\/03\/26\/premiacao-vai-destacar-os-melhores-profissionais-da-engenharia-brasileira\/#breadcrumb\",\"itemListElement\":[{\"@type\":\"ListItem\",\"position\":1,\"name\":\"In\u00edcio\",\"item\":\"https:\/\/www.institutodeengenharia.org.br\/site\/\"},{\"@type\":\"ListItem\",\"position\":2,\"name\":\"Premia\u00e7\u00e3o vai destacar os melhores Profissionais da Engenharia Brasileira\"}]},{\"@type\":\"WebSite\",\"@id\":\"https:\/\/www.institutodeengenharia.org.br\/site\/#website\",\"url\":\"https:\/\/www.institutodeengenharia.org.br\/site\/\",\"name\":\"Instituto de Engenharia\",\"description\":\"O Instituto de Engenharia promove a Engenharia em benef\u00edcio do desenvolvimento e da qualidade de vida da sociedade.\",\"publisher\":{\"@id\":\"https:\/\/www.institutodeengenharia.org.br\/site\/#organization\"},\"potentialAction\":[{\"@type\":\"SearchAction\",\"target\":{\"@type\":\"EntryPoint\",\"urlTemplate\":\"https:\/\/www.institutodeengenharia.org.br\/site\/?s={search_term_string}\"},\"query-input\":{\"@type\":\"PropertyValueSpecification\",\"valueRequired\":true,\"valueName\":\"search_term_string\"}}],\"inLanguage\":\"pt-BR\"},{\"@type\":\"Organization\",\"@id\":\"https:\/\/www.institutodeengenharia.org.br\/site\/#organization\",\"name\":\"Instituto de Engenharia\",\"url\":\"https:\/\/www.institutodeengenharia.org.br\/site\/\",\"logo\":{\"@type\":\"ImageObject\",\"inLanguage\":\"pt-BR\",\"@id\":\"https:\/\/www.institutodeengenharia.org.br\/site\/#\/schema\/logo\/image\/\",\"url\":\"https:\/\/www.institutodeengenharia.org.br\/site\/wp-content\/uploads\/2019\/03\/logo-novo-IE2018-1.jpg\",\"contentUrl\":\"https:\/\/www.institutodeengenharia.org.br\/site\/wp-content\/uploads\/2019\/03\/logo-novo-IE2018-1.jpg\",\"width\":1486,\"height\":1879,\"caption\":\"Instituto de Engenharia\"},\"image\":{\"@id\":\"https:\/\/www.institutodeengenharia.org.br\/site\/#\/schema\/logo\/image\/\"},\"sameAs\":[\"https:\/\/www.facebook.com\/institutodeengenharia\",\"https:\/\/x.com\/iengenharia\",\"https:\/\/www.instagram.com\/institutodeengenharia\/\",\"https:\/\/www.linkedin.com\/company\/instituto-de-engenharia\/\",\"https:\/\/www.youtube.com\/channel\/UCXiCAlsSMe977vamW915HxA\"]},{\"@type\":\"Person\",\"@id\":\"https:\/\/www.institutodeengenharia.org.br\/site\/#\/schema\/person\/3b1ff109facef084739fc2edcb9a127f\",\"name\":\"TMax Tecnologia\",\"image\":{\"@type\":\"ImageObject\",\"inLanguage\":\"pt-BR\",\"@id\":\"https:\/\/secure.gravatar.com\/avatar\/f912434ef7f389c92cb311fcdae346af848465d638912574b3c669070f797701?s=96&d=mm&r=g\",\"url\":\"https:\/\/secure.gravatar.com\/avatar\/f912434ef7f389c92cb311fcdae346af848465d638912574b3c669070f797701?s=96&d=mm&r=g\",\"contentUrl\":\"https:\/\/secure.gravatar.com\/avatar\/f912434ef7f389c92cb311fcdae346af848465d638912574b3c669070f797701?s=96&d=mm&r=g\",\"caption\":\"TMax Tecnologia\"},\"url\":\"https:\/\/www.institutodeengenharia.org.br\/site\/author\/tmax\/\"}]}<\/script>\n<!-- \/ Yoast SEO plugin. -->","yoast_head_json":{"title":"Premia\u00e7\u00e3o vai destacar os melhores Profissionais da Engenharia Brasileira - Instituto de Engenharia","robots":{"index":"index","follow":"follow","max-snippet":"max-snippet:-1","max-image-preview":"max-image-preview:large","max-video-preview":"max-video-preview:-1"},"canonical":"https:\/\/www.institutodeengenharia.org.br\/site\/2010\/03\/26\/premiacao-vai-destacar-os-melhores-profissionais-da-engenharia-brasileira\/","og_locale":"pt_BR","og_type":"article","og_title":"Premia\u00e7\u00e3o vai destacar os melhores Profissionais da Engenharia Brasileira - Instituto de Engenharia","og_description":"Com o objetivo de estimular o pensamento cient\u00edfico e reconhecer a produ\u00e7\u00e3o tecnol\u00f3gica nacional, ser\u00e1 lan\u00e7ado, no dia 21 de abril, anivers\u00e1rio de cinq\u00fcenta anos de Bras\u00edlia, o Pr\u00eamio Brasil de Engenharia, aberto a estudantes, profissionais e institui\u00e7\u00f5es tecnol\u00f3gicas de todo o pa\u00eds. Institu\u00eddo pelo Sindicato dos Engenheiros no Distrito Federal (Senge-DF) em conjunto com [&hellip;]","og_url":"https:\/\/www.institutodeengenharia.org.br\/site\/2010\/03\/26\/premiacao-vai-destacar-os-melhores-profissionais-da-engenharia-brasileira\/","og_site_name":"Instituto de Engenharia","article_publisher":"https:\/\/www.facebook.com\/institutodeengenharia","article_published_time":"2010-03-26T22:40:22+00:00","author":"TMax Tecnologia","twitter_card":"summary_large_image","twitter_creator":"@iengenharia","twitter_site":"@iengenharia","twitter_misc":{"Escrito por":"TMax Tecnologia","Est. tempo de leitura":"2 minutos"},"schema":{"@context":"https:\/\/schema.org","@graph":[{"@type":"Article","@id":"https:\/\/www.institutodeengenharia.org.br\/site\/2010\/03\/26\/premiacao-vai-destacar-os-melhores-profissionais-da-engenharia-brasileira\/#article","isPartOf":{"@id":"https:\/\/www.institutodeengenharia.org.br\/site\/2010\/03\/26\/premiacao-vai-destacar-os-melhores-profissionais-da-engenharia-brasileira\/"},"author":{"name":"TMax Tecnologia","@id":"https:\/\/www.institutodeengenharia.org.br\/site\/#\/schema\/person\/3b1ff109facef084739fc2edcb9a127f"},"headline":"Premia\u00e7\u00e3o vai destacar os melhores Profissionais da Engenharia Brasileira","datePublished":"2010-03-26T22:40:22+00:00","mainEntityOfPage":{"@id":"https:\/\/www.institutodeengenharia.org.br\/site\/2010\/03\/26\/premiacao-vai-destacar-os-melhores-profissionais-da-engenharia-brasileira\/"},"wordCount":338,"commentCount":0,"publisher":{"@id":"https:\/\/www.institutodeengenharia.org.br\/site\/#organization"},"articleSection":["Not\u00edcias","Pesquisa e Desenvolvimento"],"inLanguage":"pt-BR","potentialAction":[{"@type":"CommentAction","name":"Comment","target":["https:\/\/www.institutodeengenharia.org.br\/site\/2010\/03\/26\/premiacao-vai-destacar-os-melhores-profissionais-da-engenharia-brasileira\/#respond"]}]},{"@type":"WebPage","@id":"https:\/\/www.institutodeengenharia.org.br\/site\/2010\/03\/26\/premiacao-vai-destacar-os-melhores-profissionais-da-engenharia-brasileira\/","url":"https:\/\/www.institutodeengenharia.org.br\/site\/2010\/03\/26\/premiacao-vai-destacar-os-melhores-profissionais-da-engenharia-brasileira\/","name":"Premia\u00e7\u00e3o vai destacar os melhores Profissionais da Engenharia Brasileira - Instituto de Engenharia","isPartOf":{"@id":"https:\/\/www.institutodeengenharia.org.br\/site\/#website"},"datePublished":"2010-03-26T22:40:22+00:00","breadcrumb":{"@id":"https:\/\/www.institutodeengenharia.org.br\/site\/2010\/03\/26\/premiacao-vai-destacar-os-melhores-profissionais-da-engenharia-brasileira\/#breadcrumb"},"inLanguage":"pt-BR","potentialAction":[{"@type":"ReadAction","target":["https:\/\/www.institutodeengenharia.org.br\/site\/2010\/03\/26\/premiacao-vai-destacar-os-melhores-profissionais-da-engenharia-brasileira\/"]}]},{"@type":"BreadcrumbList","@id":"https:\/\/www.institutodeengenharia.org.br\/site\/2010\/03\/26\/premiacao-vai-destacar-os-melhores-profissionais-da-engenharia-brasileira\/#breadcrumb","itemListElement":[{"@type":"ListItem","position":1,"name":"In\u00edcio","item":"https:\/\/www.institutodeengenharia.org.br\/site\/"},{"@type":"ListItem","position":2,"name":"Premia\u00e7\u00e3o vai destacar os melhores Profissionais da Engenharia Brasileira"}]},{"@type":"WebSite","@id":"https:\/\/www.institutodeengenharia.org.br\/site\/#website","url":"https:\/\/www.institutodeengenharia.org.br\/site\/","name":"Instituto de Engenharia","description":"O Instituto de Engenharia promove a Engenharia em benef\u00edcio do desenvolvimento e da qualidade de vida da sociedade.","publisher":{"@id":"https:\/\/www.institutodeengenharia.org.br\/site\/#organization"},"potentialAction":[{"@type":"SearchAction","target":{"@type":"EntryPoint","urlTemplate":"https:\/\/www.institutodeengenharia.org.br\/site\/?s={search_term_string}"},"query-input":{"@type":"PropertyValueSpecification","valueRequired":true,"valueName":"search_term_string"}}],"inLanguage":"pt-BR"},{"@type":"Organization","@id":"https:\/\/www.institutodeengenharia.org.br\/site\/#organization","name":"Instituto de Engenharia","url":"https:\/\/www.institutodeengenharia.org.br\/site\/","logo":{"@type":"ImageObject","inLanguage":"pt-BR","@id":"https:\/\/www.institutodeengenharia.org.br\/site\/#\/schema\/logo\/image\/","url":"https:\/\/www.institutodeengenharia.org.br\/site\/wp-content\/uploads\/2019\/03\/logo-novo-IE2018-1.jpg","contentUrl":"https:\/\/www.institutodeengenharia.org.br\/site\/wp-content\/uploads\/2019\/03\/logo-novo-IE2018-1.jpg","width":1486,"height":1879,"caption":"Instituto de Engenharia"},"image":{"@id":"https:\/\/www.institutodeengenharia.org.br\/site\/#\/schema\/logo\/image\/"},"sameAs":["https:\/\/www.facebook.com\/institutodeengenharia","https:\/\/x.com\/iengenharia","https:\/\/www.instagram.com\/institutodeengenharia\/","https:\/\/www.linkedin.com\/company\/instituto-de-engenharia\/","https:\/\/www.youtube.com\/channel\/UCXiCAlsSMe977vamW915HxA"]},{"@type":"Person","@id":"https:\/\/www.institutodeengenharia.org.br\/site\/#\/schema\/person\/3b1ff109facef084739fc2edcb9a127f","name":"TMax Tecnologia","image":{"@type":"ImageObject","inLanguage":"pt-BR","@id":"https:\/\/secure.gravatar.com\/avatar\/f912434ef7f389c92cb311fcdae346af848465d638912574b3c669070f797701?s=96&d=mm&r=g","url":"https:\/\/secure.gravatar.com\/avatar\/f912434ef7f389c92cb311fcdae346af848465d638912574b3c669070f797701?s=96&d=mm&r=g","contentUrl":"https:\/\/secure.gravatar.com\/avatar\/f912434ef7f389c92cb311fcdae346af848465d638912574b3c669070f797701?s=96&d=mm&r=g","caption":"TMax Tecnologia"},"url":"https:\/\/www.institutodeengenharia.org.br\/site\/author\/tmax\/"}]}},"_links":{"self":[{"href":"https:\/\/www.institutodeengenharia.org.br\/site\/wp-json\/wp\/v2\/posts\/17871","targetHints":{"allow":["GET"]}}],"collection":[{"href":"https:\/\/www.institutodeengenharia.org.br\/site\/wp-json\/wp\/v2\/posts"}],"about":[{"href":"https:\/\/www.institutodeengenharia.org.br\/site\/wp-json\/wp\/v2\/types\/post"}],"author":[{"embeddable":true,"href":"https:\/\/www.institutodeengenharia.org.br\/site\/wp-json\/wp\/v2\/users\/1"}],"replies":[{"embeddable":true,"href":"https:\/\/www.institutodeengenharia.org.br\/site\/wp-json\/wp\/v2\/comments?post=17871"}],"version-history":[{"count":0,"href":"https:\/\/www.institutodeengenharia.org.br\/site\/wp-json\/wp\/v2\/posts\/17871\/revisions"}],"wp:attachment":[{"href":"https:\/\/www.institutodeengenharia.org.br\/site\/wp-json\/wp\/v2\/media?parent=17871"}],"wp:term":[{"taxonomy":"category","embeddable":true,"href":"https:\/\/www.institutodeengenharia.org.br\/site\/wp-json\/wp\/v2\/categories?post=17871"},{"taxonomy":"post_tag","embeddable":true,"href":"https:\/\/www.institutodeengenharia.org.br\/site\/wp-json\/wp\/v2\/tags?post=17871"}],"curies":[{"name":"wp","href":"https:\/\/api.w.org\/{rel}","templated":true}]}}