{"id":17870,"date":"2010-03-26T22:40:21","date_gmt":"2010-03-26T22:40:21","guid":{"rendered":"https:\/\/www.institutodeengenharia.org.br\/?p=17870"},"modified":"2010-03-26T13:13:21","modified_gmt":"2010-03-26T13:13:21","slug":"o-homem-que-calculou","status":"publish","type":"post","link":"https:\/\/www.institutodeengenharia.org.br\/site\/2010\/03\/26\/o-homem-que-calculou\/","title":{"rendered":"O homem que calculou"},"content":{"rendered":"<p><em>A aventura do conhecimento humano, do dedo ao computador<\/em>&nbsp;<\/p>\n<p>A primeira comunidade de homens e mulheres que acrescentou \u00e0 Hist\u00f3ria uma heran\u00e7a hoje reconhecida como intelectual foi a dos sum\u00e9rios, um povo que viveu na regi\u00e3o onde hoje fica o Iraque, nos campos f\u00e9rteis entre os rios Tigre e Eufrates, conhecida como Mesopot\u00e2mia. Intelectualidade \u00e9 aquela capacidade que s\u00f3 os humanos t\u00eam de perceber coisas fora do alcance de seus cinco sentidos, o chamado pensamento abstrato. Os sum\u00e9rios foram os respons\u00e1veis por algumas abstra\u00e7\u00f5es not\u00e1veis, que turbinaram a marcha da humanidade e influenciaram para sempre o modo como as pessoas pensam, agem e se comunicam &#8211; dos babil\u00f4nios e eg\u00edpcios, que vieram logo em seguida, at\u00e9 n\u00f3s, aqui nesse mundinho, 50 s\u00e9culos depois. <\/p>\n<p>Aos sum\u00e9rios se deve a inven\u00e7\u00e3o da cerveja. Muita gente diria que, se eles n\u00e3o tivessem feito mais nada, s\u00f3 com isso j\u00e1 teriam garantido seu lugar no trem da Hist\u00f3ria. E na janelinha. Mas eles fizeram. Entre outras bagatelas, devem-se aos sum\u00e9rios o conceito de que os homens foram criados \u00e0 imagem dos deuses, a fabrica\u00e7\u00e3o dos primeiros instrumentos agr\u00edcolas, as tentativas iniciais de organiza\u00e7\u00e3o de cidades, os rudimentos do cooperativismo e a fabrica\u00e7\u00e3o do vidro. Uau! Mas o auge da intelectualidade ainda estava por vir: os sum\u00e9rios foram a primeira civiliza\u00e7\u00e3o da Terra capaz de registrar a pr\u00f3pria hist\u00f3ria, porque eles inventaram a palavra escrita. <\/p>\n<p>Foi deles, h\u00e1 5 mil anos, a id\u00e9ia de criar s\u00edmbolos que pudessem representar os sons vocais, atrav\u00e9s de uma escrita chamada cuneiforme. O nome pode ser complicado, mas na pr\u00e1tica a coisa era simples: marcas feitas em tabletes \u00famidos de barro, que depois eram secados ao sol. Os estiletes de madeira usados para marcar os s\u00edmbolos no barro tinham a ponta em forma de cunha, ou, como se diz em erudit\u00eas, eram cuneiformes. <\/p>\n<p>Hoje, pode parecer que passar da palavra escrita \u00e0 inven\u00e7\u00e3o dos algarismos num\u00e9ricos foi s\u00f3 um pulinho, quase uma conseq\u00fc\u00eancia natural, mas entre os dois fatos atravessamos um abismo de alguns s\u00e9culos. Muita gente pode n\u00e3o ter essa impress\u00e3o, mas aprender a escrever \u00e9 muito, muito mais simples do que aprender a calcular. Tanto que, enquanto a escrita se desenvolvia atrav\u00e9s de diferentes s\u00edmbolos para diferentes s\u00edlabas, as contagens continuavam a ser feitas com base no conceito 1. Um evento, igual a um risquinho, numa pedra, numa \u00e1rvore ou num osso.&nbsp;<\/p>\n<p>Para ler a mat\u00e9ria completa, <a target=\"_blank\" href=\"http:\/\/super.abril.com.br\/tecnologia\/homem-calculou-442034.shtml\">clique aqui<\/a>.<\/p>\n<p><b>Autor: Superinteressante<\/b><\/p>\n","protected":false},"excerpt":{"rendered":"<p>A aventura do conhecimento humano, do dedo ao computador&nbsp; A primeira comunidade de homens e mulheres que acrescentou \u00e0 Hist\u00f3ria uma heran\u00e7a hoje reconhecida como intelectual foi a dos sum\u00e9rios, um povo que viveu na regi\u00e3o onde hoje fica o Iraque, nos campos f\u00e9rteis entre os rios Tigre e Eufrates, conhecida como Mesopot\u00e2mia. Intelectualidade \u00e9 [&hellip;]<\/p>\n","protected":false},"author":1,"featured_media":0,"comment_status":"open","ping_status":"open","sticky":false,"template":"","format":"standard","meta":{"footnotes":""},"categories":[6,35],"tags":[],"class_list":{"0":"post-17870","1":"post","2":"type-post","3":"status-publish","4":"format-standard","6":"category-noticias","7":"category-pesquisa-e-desenvolvimento"},"yoast_head":"<!-- This site is optimized with the Yoast SEO plugin v27.2 - https:\/\/yoast.com\/product\/yoast-seo-wordpress\/ -->\n<title>O homem que calculou - Instituto de Engenharia<\/title>\n<meta name=\"robots\" content=\"index, follow, max-snippet:-1, max-image-preview:large, max-video-preview:-1\" \/>\n<link rel=\"canonical\" href=\"https:\/\/www.institutodeengenharia.org.br\/site\/2010\/03\/26\/o-homem-que-calculou\/\" \/>\n<meta property=\"og:locale\" content=\"pt_BR\" \/>\n<meta property=\"og:type\" content=\"article\" \/>\n<meta property=\"og:title\" content=\"O homem que calculou - Instituto de Engenharia\" \/>\n<meta property=\"og:description\" content=\"A aventura do conhecimento humano, do dedo ao computador&nbsp; A primeira comunidade de homens e mulheres que acrescentou \u00e0 Hist\u00f3ria uma heran\u00e7a hoje reconhecida como intelectual foi a dos sum\u00e9rios, um povo que viveu na regi\u00e3o onde hoje fica o Iraque, nos campos f\u00e9rteis entre os rios Tigre e Eufrates, conhecida como Mesopot\u00e2mia. Intelectualidade \u00e9 [&hellip;]\" \/>\n<meta property=\"og:url\" content=\"https:\/\/www.institutodeengenharia.org.br\/site\/2010\/03\/26\/o-homem-que-calculou\/\" \/>\n<meta property=\"og:site_name\" content=\"Instituto de Engenharia\" \/>\n<meta property=\"article:publisher\" content=\"https:\/\/www.facebook.com\/institutodeengenharia\" \/>\n<meta property=\"article:published_time\" content=\"2010-03-26T22:40:21+00:00\" \/>\n<meta name=\"author\" content=\"TMax Tecnologia\" \/>\n<meta name=\"twitter:card\" content=\"summary_large_image\" \/>\n<meta name=\"twitter:creator\" content=\"@iengenharia\" \/>\n<meta name=\"twitter:site\" content=\"@iengenharia\" \/>\n<meta name=\"twitter:label1\" content=\"Escrito por\" \/>\n\t<meta name=\"twitter:data1\" content=\"TMax Tecnologia\" \/>\n\t<meta name=\"twitter:label2\" content=\"Est. tempo de leitura\" \/>\n\t<meta name=\"twitter:data2\" content=\"2 minutos\" \/>\n<script type=\"application\/ld+json\" class=\"yoast-schema-graph\">{\"@context\":\"https:\/\/schema.org\",\"@graph\":[{\"@type\":\"Article\",\"@id\":\"https:\/\/www.institutodeengenharia.org.br\/site\/2010\/03\/26\/o-homem-que-calculou\/#article\",\"isPartOf\":{\"@id\":\"https:\/\/www.institutodeengenharia.org.br\/site\/2010\/03\/26\/o-homem-que-calculou\/\"},\"author\":{\"name\":\"TMax Tecnologia\",\"@id\":\"https:\/\/www.institutodeengenharia.org.br\/site\/#\/schema\/person\/3b1ff109facef084739fc2edcb9a127f\"},\"headline\":\"O homem que calculou\",\"datePublished\":\"2010-03-26T22:40:21+00:00\",\"mainEntityOfPage\":{\"@id\":\"https:\/\/www.institutodeengenharia.org.br\/site\/2010\/03\/26\/o-homem-que-calculou\/\"},\"wordCount\":446,\"commentCount\":0,\"publisher\":{\"@id\":\"https:\/\/www.institutodeengenharia.org.br\/site\/#organization\"},\"articleSection\":[\"Not\u00edcias\",\"Pesquisa e Desenvolvimento\"],\"inLanguage\":\"pt-BR\",\"potentialAction\":[{\"@type\":\"CommentAction\",\"name\":\"Comment\",\"target\":[\"https:\/\/www.institutodeengenharia.org.br\/site\/2010\/03\/26\/o-homem-que-calculou\/#respond\"]}]},{\"@type\":\"WebPage\",\"@id\":\"https:\/\/www.institutodeengenharia.org.br\/site\/2010\/03\/26\/o-homem-que-calculou\/\",\"url\":\"https:\/\/www.institutodeengenharia.org.br\/site\/2010\/03\/26\/o-homem-que-calculou\/\",\"name\":\"O homem que calculou - Instituto de Engenharia\",\"isPartOf\":{\"@id\":\"https:\/\/www.institutodeengenharia.org.br\/site\/#website\"},\"datePublished\":\"2010-03-26T22:40:21+00:00\",\"breadcrumb\":{\"@id\":\"https:\/\/www.institutodeengenharia.org.br\/site\/2010\/03\/26\/o-homem-que-calculou\/#breadcrumb\"},\"inLanguage\":\"pt-BR\",\"potentialAction\":[{\"@type\":\"ReadAction\",\"target\":[\"https:\/\/www.institutodeengenharia.org.br\/site\/2010\/03\/26\/o-homem-que-calculou\/\"]}]},{\"@type\":\"BreadcrumbList\",\"@id\":\"https:\/\/www.institutodeengenharia.org.br\/site\/2010\/03\/26\/o-homem-que-calculou\/#breadcrumb\",\"itemListElement\":[{\"@type\":\"ListItem\",\"position\":1,\"name\":\"In\u00edcio\",\"item\":\"https:\/\/www.institutodeengenharia.org.br\/site\/\"},{\"@type\":\"ListItem\",\"position\":2,\"name\":\"O homem que calculou\"}]},{\"@type\":\"WebSite\",\"@id\":\"https:\/\/www.institutodeengenharia.org.br\/site\/#website\",\"url\":\"https:\/\/www.institutodeengenharia.org.br\/site\/\",\"name\":\"Instituto de Engenharia\",\"description\":\"O Instituto de Engenharia promove a Engenharia em benef\u00edcio do desenvolvimento e da qualidade de vida da sociedade.\",\"publisher\":{\"@id\":\"https:\/\/www.institutodeengenharia.org.br\/site\/#organization\"},\"potentialAction\":[{\"@type\":\"SearchAction\",\"target\":{\"@type\":\"EntryPoint\",\"urlTemplate\":\"https:\/\/www.institutodeengenharia.org.br\/site\/?s={search_term_string}\"},\"query-input\":{\"@type\":\"PropertyValueSpecification\",\"valueRequired\":true,\"valueName\":\"search_term_string\"}}],\"inLanguage\":\"pt-BR\"},{\"@type\":\"Organization\",\"@id\":\"https:\/\/www.institutodeengenharia.org.br\/site\/#organization\",\"name\":\"Instituto de Engenharia\",\"url\":\"https:\/\/www.institutodeengenharia.org.br\/site\/\",\"logo\":{\"@type\":\"ImageObject\",\"inLanguage\":\"pt-BR\",\"@id\":\"https:\/\/www.institutodeengenharia.org.br\/site\/#\/schema\/logo\/image\/\",\"url\":\"https:\/\/www.institutodeengenharia.org.br\/site\/wp-content\/uploads\/2019\/03\/logo-novo-IE2018-1.jpg\",\"contentUrl\":\"https:\/\/www.institutodeengenharia.org.br\/site\/wp-content\/uploads\/2019\/03\/logo-novo-IE2018-1.jpg\",\"width\":1486,\"height\":1879,\"caption\":\"Instituto de Engenharia\"},\"image\":{\"@id\":\"https:\/\/www.institutodeengenharia.org.br\/site\/#\/schema\/logo\/image\/\"},\"sameAs\":[\"https:\/\/www.facebook.com\/institutodeengenharia\",\"https:\/\/x.com\/iengenharia\",\"https:\/\/www.instagram.com\/institutodeengenharia\/\",\"https:\/\/www.linkedin.com\/company\/instituto-de-engenharia\/\",\"https:\/\/www.youtube.com\/channel\/UCXiCAlsSMe977vamW915HxA\"]},{\"@type\":\"Person\",\"@id\":\"https:\/\/www.institutodeengenharia.org.br\/site\/#\/schema\/person\/3b1ff109facef084739fc2edcb9a127f\",\"name\":\"TMax Tecnologia\",\"image\":{\"@type\":\"ImageObject\",\"inLanguage\":\"pt-BR\",\"@id\":\"https:\/\/secure.gravatar.com\/avatar\/f912434ef7f389c92cb311fcdae346af848465d638912574b3c669070f797701?s=96&d=mm&r=g\",\"url\":\"https:\/\/secure.gravatar.com\/avatar\/f912434ef7f389c92cb311fcdae346af848465d638912574b3c669070f797701?s=96&d=mm&r=g\",\"contentUrl\":\"https:\/\/secure.gravatar.com\/avatar\/f912434ef7f389c92cb311fcdae346af848465d638912574b3c669070f797701?s=96&d=mm&r=g\",\"caption\":\"TMax Tecnologia\"},\"url\":\"https:\/\/www.institutodeengenharia.org.br\/site\/author\/tmax\/\"}]}<\/script>\n<!-- \/ Yoast SEO plugin. -->","yoast_head_json":{"title":"O homem que calculou - Instituto de Engenharia","robots":{"index":"index","follow":"follow","max-snippet":"max-snippet:-1","max-image-preview":"max-image-preview:large","max-video-preview":"max-video-preview:-1"},"canonical":"https:\/\/www.institutodeengenharia.org.br\/site\/2010\/03\/26\/o-homem-que-calculou\/","og_locale":"pt_BR","og_type":"article","og_title":"O homem que calculou - Instituto de Engenharia","og_description":"A aventura do conhecimento humano, do dedo ao computador&nbsp; A primeira comunidade de homens e mulheres que acrescentou \u00e0 Hist\u00f3ria uma heran\u00e7a hoje reconhecida como intelectual foi a dos sum\u00e9rios, um povo que viveu na regi\u00e3o onde hoje fica o Iraque, nos campos f\u00e9rteis entre os rios Tigre e Eufrates, conhecida como Mesopot\u00e2mia. Intelectualidade \u00e9 [&hellip;]","og_url":"https:\/\/www.institutodeengenharia.org.br\/site\/2010\/03\/26\/o-homem-que-calculou\/","og_site_name":"Instituto de Engenharia","article_publisher":"https:\/\/www.facebook.com\/institutodeengenharia","article_published_time":"2010-03-26T22:40:21+00:00","author":"TMax Tecnologia","twitter_card":"summary_large_image","twitter_creator":"@iengenharia","twitter_site":"@iengenharia","twitter_misc":{"Escrito por":"TMax Tecnologia","Est. tempo de leitura":"2 minutos"},"schema":{"@context":"https:\/\/schema.org","@graph":[{"@type":"Article","@id":"https:\/\/www.institutodeengenharia.org.br\/site\/2010\/03\/26\/o-homem-que-calculou\/#article","isPartOf":{"@id":"https:\/\/www.institutodeengenharia.org.br\/site\/2010\/03\/26\/o-homem-que-calculou\/"},"author":{"name":"TMax Tecnologia","@id":"https:\/\/www.institutodeengenharia.org.br\/site\/#\/schema\/person\/3b1ff109facef084739fc2edcb9a127f"},"headline":"O homem que calculou","datePublished":"2010-03-26T22:40:21+00:00","mainEntityOfPage":{"@id":"https:\/\/www.institutodeengenharia.org.br\/site\/2010\/03\/26\/o-homem-que-calculou\/"},"wordCount":446,"commentCount":0,"publisher":{"@id":"https:\/\/www.institutodeengenharia.org.br\/site\/#organization"},"articleSection":["Not\u00edcias","Pesquisa e Desenvolvimento"],"inLanguage":"pt-BR","potentialAction":[{"@type":"CommentAction","name":"Comment","target":["https:\/\/www.institutodeengenharia.org.br\/site\/2010\/03\/26\/o-homem-que-calculou\/#respond"]}]},{"@type":"WebPage","@id":"https:\/\/www.institutodeengenharia.org.br\/site\/2010\/03\/26\/o-homem-que-calculou\/","url":"https:\/\/www.institutodeengenharia.org.br\/site\/2010\/03\/26\/o-homem-que-calculou\/","name":"O homem que calculou - Instituto de Engenharia","isPartOf":{"@id":"https:\/\/www.institutodeengenharia.org.br\/site\/#website"},"datePublished":"2010-03-26T22:40:21+00:00","breadcrumb":{"@id":"https:\/\/www.institutodeengenharia.org.br\/site\/2010\/03\/26\/o-homem-que-calculou\/#breadcrumb"},"inLanguage":"pt-BR","potentialAction":[{"@type":"ReadAction","target":["https:\/\/www.institutodeengenharia.org.br\/site\/2010\/03\/26\/o-homem-que-calculou\/"]}]},{"@type":"BreadcrumbList","@id":"https:\/\/www.institutodeengenharia.org.br\/site\/2010\/03\/26\/o-homem-que-calculou\/#breadcrumb","itemListElement":[{"@type":"ListItem","position":1,"name":"In\u00edcio","item":"https:\/\/www.institutodeengenharia.org.br\/site\/"},{"@type":"ListItem","position":2,"name":"O homem que calculou"}]},{"@type":"WebSite","@id":"https:\/\/www.institutodeengenharia.org.br\/site\/#website","url":"https:\/\/www.institutodeengenharia.org.br\/site\/","name":"Instituto de Engenharia","description":"O Instituto de Engenharia promove a Engenharia em benef\u00edcio do desenvolvimento e da qualidade de vida da sociedade.","publisher":{"@id":"https:\/\/www.institutodeengenharia.org.br\/site\/#organization"},"potentialAction":[{"@type":"SearchAction","target":{"@type":"EntryPoint","urlTemplate":"https:\/\/www.institutodeengenharia.org.br\/site\/?s={search_term_string}"},"query-input":{"@type":"PropertyValueSpecification","valueRequired":true,"valueName":"search_term_string"}}],"inLanguage":"pt-BR"},{"@type":"Organization","@id":"https:\/\/www.institutodeengenharia.org.br\/site\/#organization","name":"Instituto de Engenharia","url":"https:\/\/www.institutodeengenharia.org.br\/site\/","logo":{"@type":"ImageObject","inLanguage":"pt-BR","@id":"https:\/\/www.institutodeengenharia.org.br\/site\/#\/schema\/logo\/image\/","url":"https:\/\/www.institutodeengenharia.org.br\/site\/wp-content\/uploads\/2019\/03\/logo-novo-IE2018-1.jpg","contentUrl":"https:\/\/www.institutodeengenharia.org.br\/site\/wp-content\/uploads\/2019\/03\/logo-novo-IE2018-1.jpg","width":1486,"height":1879,"caption":"Instituto de Engenharia"},"image":{"@id":"https:\/\/www.institutodeengenharia.org.br\/site\/#\/schema\/logo\/image\/"},"sameAs":["https:\/\/www.facebook.com\/institutodeengenharia","https:\/\/x.com\/iengenharia","https:\/\/www.instagram.com\/institutodeengenharia\/","https:\/\/www.linkedin.com\/company\/instituto-de-engenharia\/","https:\/\/www.youtube.com\/channel\/UCXiCAlsSMe977vamW915HxA"]},{"@type":"Person","@id":"https:\/\/www.institutodeengenharia.org.br\/site\/#\/schema\/person\/3b1ff109facef084739fc2edcb9a127f","name":"TMax Tecnologia","image":{"@type":"ImageObject","inLanguage":"pt-BR","@id":"https:\/\/secure.gravatar.com\/avatar\/f912434ef7f389c92cb311fcdae346af848465d638912574b3c669070f797701?s=96&d=mm&r=g","url":"https:\/\/secure.gravatar.com\/avatar\/f912434ef7f389c92cb311fcdae346af848465d638912574b3c669070f797701?s=96&d=mm&r=g","contentUrl":"https:\/\/secure.gravatar.com\/avatar\/f912434ef7f389c92cb311fcdae346af848465d638912574b3c669070f797701?s=96&d=mm&r=g","caption":"TMax Tecnologia"},"url":"https:\/\/www.institutodeengenharia.org.br\/site\/author\/tmax\/"}]}},"_links":{"self":[{"href":"https:\/\/www.institutodeengenharia.org.br\/site\/wp-json\/wp\/v2\/posts\/17870","targetHints":{"allow":["GET"]}}],"collection":[{"href":"https:\/\/www.institutodeengenharia.org.br\/site\/wp-json\/wp\/v2\/posts"}],"about":[{"href":"https:\/\/www.institutodeengenharia.org.br\/site\/wp-json\/wp\/v2\/types\/post"}],"author":[{"embeddable":true,"href":"https:\/\/www.institutodeengenharia.org.br\/site\/wp-json\/wp\/v2\/users\/1"}],"replies":[{"embeddable":true,"href":"https:\/\/www.institutodeengenharia.org.br\/site\/wp-json\/wp\/v2\/comments?post=17870"}],"version-history":[{"count":0,"href":"https:\/\/www.institutodeengenharia.org.br\/site\/wp-json\/wp\/v2\/posts\/17870\/revisions"}],"wp:attachment":[{"href":"https:\/\/www.institutodeengenharia.org.br\/site\/wp-json\/wp\/v2\/media?parent=17870"}],"wp:term":[{"taxonomy":"category","embeddable":true,"href":"https:\/\/www.institutodeengenharia.org.br\/site\/wp-json\/wp\/v2\/categories?post=17870"},{"taxonomy":"post_tag","embeddable":true,"href":"https:\/\/www.institutodeengenharia.org.br\/site\/wp-json\/wp\/v2\/tags?post=17870"}],"curies":[{"name":"wp","href":"https:\/\/api.w.org\/{rel}","templated":true}]}}