{"id":17863,"date":"2010-04-01T22:40:15","date_gmt":"2010-04-01T22:40:15","guid":{"rendered":"https:\/\/www.institutodeengenharia.org.br\/?p=17863"},"modified":"2010-04-01T09:38:11","modified_gmt":"2010-04-01T09:38:11","slug":"zimmermann-assume-minas-e-energia-cobrando-providencia-contra-blecautes","status":"publish","type":"post","link":"https:\/\/www.institutodeengenharia.org.br\/site\/2010\/04\/01\/zimmermann-assume-minas-e-energia-cobrando-providencia-contra-blecautes\/","title":{"rendered":"Zimmermann assume Minas e Energia cobrando provid\u00eancia contra blecautes"},"content":{"rendered":"<p>Ao assumir na quarta-feira (31) a pasta de Minas e Energia, M\u00e1rcio Zimmermann disse que vai cobrar das distribuidoras de energia el\u00e9trica e da ag\u00eancia reguladora do setor, a Aneel, provid\u00eancias para diminuir a ocorr\u00eancia de blecautes no pa\u00eds. Segundo ele, existe uma preocupa\u00e7\u00e3o muito grande com a \u00e1rea de distribui\u00e7\u00e3o de energia el\u00e9trica. <\/p>\n<p>Ao tomar posse, Zimmermann apontou como desafio a necessidade de n\u00e3o deixar cair o n\u00edvel da qualidade de atendimento nas diversas \u00e1reas de distribui\u00e7\u00e3o. Para ele, como ag\u00eancia reguladora, a Aneel tem papel decisivo para fazer com que as distribuidoras cumpram o que est\u00e1 nos contratos. \u00c0s empresas, cabe cumprir o que j\u00e1 foi acordado e realizar investimentos, acrescentou. <\/p>\n<p>Os apag\u00f5es a que se referiu o novo ministro ocorreram com frequ\u00eancia nos \u00faltimos meses atingindo capitais importantes do pa\u00eds, como o Rio de Janeiro, S\u00e3o Paulo e Bras\u00edlia. <\/p>\n<p>A cerim\u00f4nia de passagem do cargo no Minist\u00e9rio Minas e Energia teve momentos que arrancaram aplausos dos presentes. Um deles ocorreu quando o ex-ministro do Meio Ambiente Carlos Minc e sua sucessora, Izabella Teixeira, subiram ao palco onde discursava o ex-ministro Edison Lob\u00e3o, e o abra\u00e7aram, bem como a seu substituto, M\u00e1rcio Zimmermann. <\/p>\n<p>As \u00e1reas de meio ambiente e de energia, em muitos momentos, estiveram em posi\u00e7\u00f5es opostas durante o governo Lula. Um exemplo do embate acirrado entre os dois setores foi o processo de licenciamento das usinas do Rio Madeira e das hidrel\u00e9tricas no Rio Xingu (PA). <\/p>\n<p>Lob\u00e3o deixa o governo para disputar, em outubro, a reelei\u00e7\u00e3o ao Senado pelo PMDB do Maranh\u00e3o. Ele reassume sua cadeira no Senado em um momento que a Casa analisa os projetos que fazem parte do marco regulat\u00f3rio do pr\u00e9-sal. <\/p>\n<p>M\u00e1rcio Zimmermann era secret\u00e1rio executivo do Minist\u00e9rio de Minas e Energia. Engenheiro eletricista, desde 1980, \u00e9 funcion\u00e1rio da Eletrosul, onde foi diretor de Produ\u00e7\u00e3o e Comercializa\u00e7\u00e3o. Ele foi tamb\u00e9m diretor de Pesquisa e Desenvolvimento do Centro de Pesquisas de Energia El\u00e9trica de Itaipu e diretor de Engenharia da Eletrobr\u00e1s. Atualmente, preside o Conselho de Administra\u00e7\u00e3o da Empresa de Pesquisa Energ\u00e9tica e \u00e9 membro dos conselhos do Operador Nacional do Sistema e de Furnas Centrais El\u00e9tricas. <\/p>\n<p><b>Autor: Ag\u00eancia Brasil<\/b><\/p>\n","protected":false},"excerpt":{"rendered":"<p>Ao assumir na quarta-feira (31) a pasta de Minas e Energia, M\u00e1rcio Zimmermann disse que vai cobrar das distribuidoras de energia el\u00e9trica e da ag\u00eancia reguladora do setor, a Aneel, provid\u00eancias para diminuir a ocorr\u00eancia de blecautes no pa\u00eds. Segundo ele, existe uma preocupa\u00e7\u00e3o muito grande com a \u00e1rea de distribui\u00e7\u00e3o de energia el\u00e9trica. Ao [&hellip;]<\/p>\n","protected":false},"author":1,"featured_media":0,"comment_status":"open","ping_status":"open","sticky":false,"template":"","format":"standard","meta":{"footnotes":""},"categories":[24,6],"tags":[],"class_list":{"0":"post-17863","1":"post","2":"type-post","3":"status-publish","4":"format-standard","6":"category-energia","7":"category-noticias"},"yoast_head":"<!-- This site is optimized with the Yoast SEO plugin v27.2 - https:\/\/yoast.com\/product\/yoast-seo-wordpress\/ -->\n<title>Zimmermann assume Minas e Energia cobrando provid\u00eancia contra blecautes - Instituto de Engenharia<\/title>\n<meta name=\"robots\" content=\"index, follow, max-snippet:-1, max-image-preview:large, max-video-preview:-1\" \/>\n<link rel=\"canonical\" href=\"https:\/\/www.institutodeengenharia.org.br\/site\/2010\/04\/01\/zimmermann-assume-minas-e-energia-cobrando-providencia-contra-blecautes\/\" \/>\n<meta property=\"og:locale\" content=\"pt_BR\" \/>\n<meta property=\"og:type\" content=\"article\" \/>\n<meta property=\"og:title\" content=\"Zimmermann assume Minas e Energia cobrando provid\u00eancia contra blecautes - Instituto de Engenharia\" \/>\n<meta property=\"og:description\" content=\"Ao assumir na quarta-feira (31) a pasta de Minas e Energia, M\u00e1rcio Zimmermann disse que vai cobrar das distribuidoras de energia el\u00e9trica e da ag\u00eancia reguladora do setor, a Aneel, provid\u00eancias para diminuir a ocorr\u00eancia de blecautes no pa\u00eds. Segundo ele, existe uma preocupa\u00e7\u00e3o muito grande com a \u00e1rea de distribui\u00e7\u00e3o de energia el\u00e9trica. Ao [&hellip;]\" \/>\n<meta property=\"og:url\" content=\"https:\/\/www.institutodeengenharia.org.br\/site\/2010\/04\/01\/zimmermann-assume-minas-e-energia-cobrando-providencia-contra-blecautes\/\" \/>\n<meta property=\"og:site_name\" content=\"Instituto de Engenharia\" \/>\n<meta property=\"article:publisher\" content=\"https:\/\/www.facebook.com\/institutodeengenharia\" \/>\n<meta property=\"article:published_time\" content=\"2010-04-01T22:40:15+00:00\" \/>\n<meta name=\"author\" content=\"TMax Tecnologia\" \/>\n<meta name=\"twitter:card\" content=\"summary_large_image\" \/>\n<meta name=\"twitter:creator\" content=\"@iengenharia\" \/>\n<meta name=\"twitter:site\" content=\"@iengenharia\" \/>\n<meta name=\"twitter:label1\" content=\"Escrito por\" \/>\n\t<meta name=\"twitter:data1\" content=\"TMax Tecnologia\" \/>\n\t<meta name=\"twitter:label2\" content=\"Est. tempo de leitura\" \/>\n\t<meta name=\"twitter:data2\" content=\"2 minutos\" \/>\n<script type=\"application\/ld+json\" class=\"yoast-schema-graph\">{\"@context\":\"https:\/\/schema.org\",\"@graph\":[{\"@type\":\"Article\",\"@id\":\"https:\/\/www.institutodeengenharia.org.br\/site\/2010\/04\/01\/zimmermann-assume-minas-e-energia-cobrando-providencia-contra-blecautes\/#article\",\"isPartOf\":{\"@id\":\"https:\/\/www.institutodeengenharia.org.br\/site\/2010\/04\/01\/zimmermann-assume-minas-e-energia-cobrando-providencia-contra-blecautes\/\"},\"author\":{\"name\":\"TMax Tecnologia\",\"@id\":\"https:\/\/www.institutodeengenharia.org.br\/site\/#\/schema\/person\/3b1ff109facef084739fc2edcb9a127f\"},\"headline\":\"Zimmermann assume Minas e Energia cobrando provid\u00eancia contra blecautes\",\"datePublished\":\"2010-04-01T22:40:15+00:00\",\"mainEntityOfPage\":{\"@id\":\"https:\/\/www.institutodeengenharia.org.br\/site\/2010\/04\/01\/zimmermann-assume-minas-e-energia-cobrando-providencia-contra-blecautes\/\"},\"wordCount\":406,\"commentCount\":0,\"publisher\":{\"@id\":\"https:\/\/www.institutodeengenharia.org.br\/site\/#organization\"},\"articleSection\":[\"Energia\",\"Not\u00edcias\"],\"inLanguage\":\"pt-BR\",\"potentialAction\":[{\"@type\":\"CommentAction\",\"name\":\"Comment\",\"target\":[\"https:\/\/www.institutodeengenharia.org.br\/site\/2010\/04\/01\/zimmermann-assume-minas-e-energia-cobrando-providencia-contra-blecautes\/#respond\"]}]},{\"@type\":\"WebPage\",\"@id\":\"https:\/\/www.institutodeengenharia.org.br\/site\/2010\/04\/01\/zimmermann-assume-minas-e-energia-cobrando-providencia-contra-blecautes\/\",\"url\":\"https:\/\/www.institutodeengenharia.org.br\/site\/2010\/04\/01\/zimmermann-assume-minas-e-energia-cobrando-providencia-contra-blecautes\/\",\"name\":\"Zimmermann assume Minas e Energia cobrando provid\u00eancia contra blecautes - Instituto de Engenharia\",\"isPartOf\":{\"@id\":\"https:\/\/www.institutodeengenharia.org.br\/site\/#website\"},\"datePublished\":\"2010-04-01T22:40:15+00:00\",\"breadcrumb\":{\"@id\":\"https:\/\/www.institutodeengenharia.org.br\/site\/2010\/04\/01\/zimmermann-assume-minas-e-energia-cobrando-providencia-contra-blecautes\/#breadcrumb\"},\"inLanguage\":\"pt-BR\",\"potentialAction\":[{\"@type\":\"ReadAction\",\"target\":[\"https:\/\/www.institutodeengenharia.org.br\/site\/2010\/04\/01\/zimmermann-assume-minas-e-energia-cobrando-providencia-contra-blecautes\/\"]}]},{\"@type\":\"BreadcrumbList\",\"@id\":\"https:\/\/www.institutodeengenharia.org.br\/site\/2010\/04\/01\/zimmermann-assume-minas-e-energia-cobrando-providencia-contra-blecautes\/#breadcrumb\",\"itemListElement\":[{\"@type\":\"ListItem\",\"position\":1,\"name\":\"In\u00edcio\",\"item\":\"https:\/\/www.institutodeengenharia.org.br\/site\/\"},{\"@type\":\"ListItem\",\"position\":2,\"name\":\"Zimmermann assume Minas e Energia cobrando provid\u00eancia contra blecautes\"}]},{\"@type\":\"WebSite\",\"@id\":\"https:\/\/www.institutodeengenharia.org.br\/site\/#website\",\"url\":\"https:\/\/www.institutodeengenharia.org.br\/site\/\",\"name\":\"Instituto de Engenharia\",\"description\":\"O Instituto de Engenharia promove a Engenharia em benef\u00edcio do desenvolvimento e da qualidade de vida da sociedade.\",\"publisher\":{\"@id\":\"https:\/\/www.institutodeengenharia.org.br\/site\/#organization\"},\"potentialAction\":[{\"@type\":\"SearchAction\",\"target\":{\"@type\":\"EntryPoint\",\"urlTemplate\":\"https:\/\/www.institutodeengenharia.org.br\/site\/?s={search_term_string}\"},\"query-input\":{\"@type\":\"PropertyValueSpecification\",\"valueRequired\":true,\"valueName\":\"search_term_string\"}}],\"inLanguage\":\"pt-BR\"},{\"@type\":\"Organization\",\"@id\":\"https:\/\/www.institutodeengenharia.org.br\/site\/#organization\",\"name\":\"Instituto de Engenharia\",\"url\":\"https:\/\/www.institutodeengenharia.org.br\/site\/\",\"logo\":{\"@type\":\"ImageObject\",\"inLanguage\":\"pt-BR\",\"@id\":\"https:\/\/www.institutodeengenharia.org.br\/site\/#\/schema\/logo\/image\/\",\"url\":\"https:\/\/www.institutodeengenharia.org.br\/site\/wp-content\/uploads\/2019\/03\/logo-novo-IE2018-1.jpg\",\"contentUrl\":\"https:\/\/www.institutodeengenharia.org.br\/site\/wp-content\/uploads\/2019\/03\/logo-novo-IE2018-1.jpg\",\"width\":1486,\"height\":1879,\"caption\":\"Instituto de Engenharia\"},\"image\":{\"@id\":\"https:\/\/www.institutodeengenharia.org.br\/site\/#\/schema\/logo\/image\/\"},\"sameAs\":[\"https:\/\/www.facebook.com\/institutodeengenharia\",\"https:\/\/x.com\/iengenharia\",\"https:\/\/www.instagram.com\/institutodeengenharia\/\",\"https:\/\/www.linkedin.com\/company\/instituto-de-engenharia\/\",\"https:\/\/www.youtube.com\/channel\/UCXiCAlsSMe977vamW915HxA\"]},{\"@type\":\"Person\",\"@id\":\"https:\/\/www.institutodeengenharia.org.br\/site\/#\/schema\/person\/3b1ff109facef084739fc2edcb9a127f\",\"name\":\"TMax Tecnologia\",\"image\":{\"@type\":\"ImageObject\",\"inLanguage\":\"pt-BR\",\"@id\":\"https:\/\/secure.gravatar.com\/avatar\/f912434ef7f389c92cb311fcdae346af848465d638912574b3c669070f797701?s=96&d=mm&r=g\",\"url\":\"https:\/\/secure.gravatar.com\/avatar\/f912434ef7f389c92cb311fcdae346af848465d638912574b3c669070f797701?s=96&d=mm&r=g\",\"contentUrl\":\"https:\/\/secure.gravatar.com\/avatar\/f912434ef7f389c92cb311fcdae346af848465d638912574b3c669070f797701?s=96&d=mm&r=g\",\"caption\":\"TMax Tecnologia\"},\"url\":\"https:\/\/www.institutodeengenharia.org.br\/site\/author\/tmax\/\"}]}<\/script>\n<!-- \/ Yoast SEO plugin. -->","yoast_head_json":{"title":"Zimmermann assume Minas e Energia cobrando provid\u00eancia contra blecautes - Instituto de Engenharia","robots":{"index":"index","follow":"follow","max-snippet":"max-snippet:-1","max-image-preview":"max-image-preview:large","max-video-preview":"max-video-preview:-1"},"canonical":"https:\/\/www.institutodeengenharia.org.br\/site\/2010\/04\/01\/zimmermann-assume-minas-e-energia-cobrando-providencia-contra-blecautes\/","og_locale":"pt_BR","og_type":"article","og_title":"Zimmermann assume Minas e Energia cobrando provid\u00eancia contra blecautes - Instituto de Engenharia","og_description":"Ao assumir na quarta-feira (31) a pasta de Minas e Energia, M\u00e1rcio Zimmermann disse que vai cobrar das distribuidoras de energia el\u00e9trica e da ag\u00eancia reguladora do setor, a Aneel, provid\u00eancias para diminuir a ocorr\u00eancia de blecautes no pa\u00eds. Segundo ele, existe uma preocupa\u00e7\u00e3o muito grande com a \u00e1rea de distribui\u00e7\u00e3o de energia el\u00e9trica. Ao [&hellip;]","og_url":"https:\/\/www.institutodeengenharia.org.br\/site\/2010\/04\/01\/zimmermann-assume-minas-e-energia-cobrando-providencia-contra-blecautes\/","og_site_name":"Instituto de Engenharia","article_publisher":"https:\/\/www.facebook.com\/institutodeengenharia","article_published_time":"2010-04-01T22:40:15+00:00","author":"TMax Tecnologia","twitter_card":"summary_large_image","twitter_creator":"@iengenharia","twitter_site":"@iengenharia","twitter_misc":{"Escrito por":"TMax Tecnologia","Est. tempo de leitura":"2 minutos"},"schema":{"@context":"https:\/\/schema.org","@graph":[{"@type":"Article","@id":"https:\/\/www.institutodeengenharia.org.br\/site\/2010\/04\/01\/zimmermann-assume-minas-e-energia-cobrando-providencia-contra-blecautes\/#article","isPartOf":{"@id":"https:\/\/www.institutodeengenharia.org.br\/site\/2010\/04\/01\/zimmermann-assume-minas-e-energia-cobrando-providencia-contra-blecautes\/"},"author":{"name":"TMax Tecnologia","@id":"https:\/\/www.institutodeengenharia.org.br\/site\/#\/schema\/person\/3b1ff109facef084739fc2edcb9a127f"},"headline":"Zimmermann assume Minas e Energia cobrando provid\u00eancia contra blecautes","datePublished":"2010-04-01T22:40:15+00:00","mainEntityOfPage":{"@id":"https:\/\/www.institutodeengenharia.org.br\/site\/2010\/04\/01\/zimmermann-assume-minas-e-energia-cobrando-providencia-contra-blecautes\/"},"wordCount":406,"commentCount":0,"publisher":{"@id":"https:\/\/www.institutodeengenharia.org.br\/site\/#organization"},"articleSection":["Energia","Not\u00edcias"],"inLanguage":"pt-BR","potentialAction":[{"@type":"CommentAction","name":"Comment","target":["https:\/\/www.institutodeengenharia.org.br\/site\/2010\/04\/01\/zimmermann-assume-minas-e-energia-cobrando-providencia-contra-blecautes\/#respond"]}]},{"@type":"WebPage","@id":"https:\/\/www.institutodeengenharia.org.br\/site\/2010\/04\/01\/zimmermann-assume-minas-e-energia-cobrando-providencia-contra-blecautes\/","url":"https:\/\/www.institutodeengenharia.org.br\/site\/2010\/04\/01\/zimmermann-assume-minas-e-energia-cobrando-providencia-contra-blecautes\/","name":"Zimmermann assume Minas e Energia cobrando provid\u00eancia contra blecautes - Instituto de Engenharia","isPartOf":{"@id":"https:\/\/www.institutodeengenharia.org.br\/site\/#website"},"datePublished":"2010-04-01T22:40:15+00:00","breadcrumb":{"@id":"https:\/\/www.institutodeengenharia.org.br\/site\/2010\/04\/01\/zimmermann-assume-minas-e-energia-cobrando-providencia-contra-blecautes\/#breadcrumb"},"inLanguage":"pt-BR","potentialAction":[{"@type":"ReadAction","target":["https:\/\/www.institutodeengenharia.org.br\/site\/2010\/04\/01\/zimmermann-assume-minas-e-energia-cobrando-providencia-contra-blecautes\/"]}]},{"@type":"BreadcrumbList","@id":"https:\/\/www.institutodeengenharia.org.br\/site\/2010\/04\/01\/zimmermann-assume-minas-e-energia-cobrando-providencia-contra-blecautes\/#breadcrumb","itemListElement":[{"@type":"ListItem","position":1,"name":"In\u00edcio","item":"https:\/\/www.institutodeengenharia.org.br\/site\/"},{"@type":"ListItem","position":2,"name":"Zimmermann assume Minas e Energia cobrando provid\u00eancia contra blecautes"}]},{"@type":"WebSite","@id":"https:\/\/www.institutodeengenharia.org.br\/site\/#website","url":"https:\/\/www.institutodeengenharia.org.br\/site\/","name":"Instituto de Engenharia","description":"O Instituto de Engenharia promove a Engenharia em benef\u00edcio do desenvolvimento e da qualidade de vida da sociedade.","publisher":{"@id":"https:\/\/www.institutodeengenharia.org.br\/site\/#organization"},"potentialAction":[{"@type":"SearchAction","target":{"@type":"EntryPoint","urlTemplate":"https:\/\/www.institutodeengenharia.org.br\/site\/?s={search_term_string}"},"query-input":{"@type":"PropertyValueSpecification","valueRequired":true,"valueName":"search_term_string"}}],"inLanguage":"pt-BR"},{"@type":"Organization","@id":"https:\/\/www.institutodeengenharia.org.br\/site\/#organization","name":"Instituto de Engenharia","url":"https:\/\/www.institutodeengenharia.org.br\/site\/","logo":{"@type":"ImageObject","inLanguage":"pt-BR","@id":"https:\/\/www.institutodeengenharia.org.br\/site\/#\/schema\/logo\/image\/","url":"https:\/\/www.institutodeengenharia.org.br\/site\/wp-content\/uploads\/2019\/03\/logo-novo-IE2018-1.jpg","contentUrl":"https:\/\/www.institutodeengenharia.org.br\/site\/wp-content\/uploads\/2019\/03\/logo-novo-IE2018-1.jpg","width":1486,"height":1879,"caption":"Instituto de Engenharia"},"image":{"@id":"https:\/\/www.institutodeengenharia.org.br\/site\/#\/schema\/logo\/image\/"},"sameAs":["https:\/\/www.facebook.com\/institutodeengenharia","https:\/\/x.com\/iengenharia","https:\/\/www.instagram.com\/institutodeengenharia\/","https:\/\/www.linkedin.com\/company\/instituto-de-engenharia\/","https:\/\/www.youtube.com\/channel\/UCXiCAlsSMe977vamW915HxA"]},{"@type":"Person","@id":"https:\/\/www.institutodeengenharia.org.br\/site\/#\/schema\/person\/3b1ff109facef084739fc2edcb9a127f","name":"TMax Tecnologia","image":{"@type":"ImageObject","inLanguage":"pt-BR","@id":"https:\/\/secure.gravatar.com\/avatar\/f912434ef7f389c92cb311fcdae346af848465d638912574b3c669070f797701?s=96&d=mm&r=g","url":"https:\/\/secure.gravatar.com\/avatar\/f912434ef7f389c92cb311fcdae346af848465d638912574b3c669070f797701?s=96&d=mm&r=g","contentUrl":"https:\/\/secure.gravatar.com\/avatar\/f912434ef7f389c92cb311fcdae346af848465d638912574b3c669070f797701?s=96&d=mm&r=g","caption":"TMax Tecnologia"},"url":"https:\/\/www.institutodeengenharia.org.br\/site\/author\/tmax\/"}]}},"_links":{"self":[{"href":"https:\/\/www.institutodeengenharia.org.br\/site\/wp-json\/wp\/v2\/posts\/17863","targetHints":{"allow":["GET"]}}],"collection":[{"href":"https:\/\/www.institutodeengenharia.org.br\/site\/wp-json\/wp\/v2\/posts"}],"about":[{"href":"https:\/\/www.institutodeengenharia.org.br\/site\/wp-json\/wp\/v2\/types\/post"}],"author":[{"embeddable":true,"href":"https:\/\/www.institutodeengenharia.org.br\/site\/wp-json\/wp\/v2\/users\/1"}],"replies":[{"embeddable":true,"href":"https:\/\/www.institutodeengenharia.org.br\/site\/wp-json\/wp\/v2\/comments?post=17863"}],"version-history":[{"count":0,"href":"https:\/\/www.institutodeengenharia.org.br\/site\/wp-json\/wp\/v2\/posts\/17863\/revisions"}],"wp:attachment":[{"href":"https:\/\/www.institutodeengenharia.org.br\/site\/wp-json\/wp\/v2\/media?parent=17863"}],"wp:term":[{"taxonomy":"category","embeddable":true,"href":"https:\/\/www.institutodeengenharia.org.br\/site\/wp-json\/wp\/v2\/categories?post=17863"},{"taxonomy":"post_tag","embeddable":true,"href":"https:\/\/www.institutodeengenharia.org.br\/site\/wp-json\/wp\/v2\/tags?post=17863"}],"curies":[{"name":"wp","href":"https:\/\/api.w.org\/{rel}","templated":true}]}}