{"id":17860,"date":"2010-03-31T22:40:13","date_gmt":"2010-03-31T22:40:13","guid":{"rendered":"https:\/\/www.institutodeengenharia.org.br\/?p=17860"},"modified":"2010-03-31T14:05:53","modified_gmt":"2010-03-31T14:05:53","slug":"governo-inspeciona-obras-da-linha-4-do-metro","status":"publish","type":"post","link":"https:\/\/www.institutodeengenharia.org.br\/site\/2010\/03\/31\/governo-inspeciona-obras-da-linha-4-do-metro\/","title":{"rendered":"Governo inspeciona obras da linha 4 do Metr\u00f4"},"content":{"rendered":"<p>O governador de S\u00e3o Paulo, Jos\u00e9 Serra, o vice-governador, Alberto Goldman, e o secret\u00e1rio dos Transportes Metropolitanos, Jos\u00e9 Luiz Portella, inspecionaram, no in\u00edcio da tarde desta segunda-feira (29), os sistemas, material rodante (trens) e obras das esta\u00e7\u00f5es Faria Lima e Paulista, na Linha 4-Amarela do Metr\u00f4. <\/p>\n<p>A inspe\u00e7\u00e3o faz parte de uma s\u00e9rie de testes de seguran\u00e7a exigidos pelo Metr\u00f4 para que a concession\u00e1ria da linha, a Via Quatro, inicie a opera\u00e7\u00e3o no trecho. O protocolo de testes se divide em diferentes fases. A primeira \u00e9 a opera\u00e7\u00e3o assistida do material rodante, que ocorreu com a presen\u00e7a do governador e secret\u00e1rio. A seguinte ser\u00e1 a opera\u00e7\u00e3o assistida de sistemas, como porta de plataforma, sinaliza\u00e7\u00e3o, bloqueios eletr\u00f4nicos, que acontecer\u00e1 assim que o teste de material rodante for finalizado. <\/p>\n<p>A conclus\u00e3o bem sucedida dessas etapas permitir\u00e1 o teste integrado assistido do trecho entre as esta\u00e7\u00f5es Paulista e Faria Lima. Apenas quando os padr\u00f5es de seguran\u00e7a e efici\u00eancia exigidos pelo Metr\u00f4 de S\u00e3o Paulo forem alcan\u00e7ados, a linha entrar\u00e1 em opera\u00e7\u00e3o. \u201c\u00c9 uma linha de primeira! Fiquei muito feliz de ver a obra que estamos fazendo e o servi\u00e7o que ser\u00e1 oferecido, que \u00e9 um benef\u00edcio para a popula\u00e7\u00e3o e vai impactar no tr\u00e2nsito tamb\u00e9m. Os trens s\u00e3o silenciosos, t\u00eam movimenta\u00e7\u00e3o suave, possuem ar-condicionado e c\u00e2meras de seguran\u00e7a, e s\u00e3o totalmente automatizados\u201d, afirmou Serra. <\/p>\n<p><strong>Esta\u00e7\u00e3o Paulista <br \/>\n<\/strong><br \/>\nCom 40 metros de profundidade e cerca de cinco mil metros quadrados, a Esta\u00e7\u00e3o Paulista ser\u00e1 uma das mais modernas do sistema. Assim como na Esta\u00e7\u00e3o Sacom\u00e3 da Linha 2-Verde do Metr\u00f4, contar\u00e1 com portas de plataforma (estruturas de vidro que traz mais seguran\u00e7a aos usu\u00e1rios), portas de vidro na linha de bloqueio (tecnologia que garante mais agilidade ao embarque), al\u00e9m de todos os itens para torn\u00e1-la totalmente acess\u00edvel (escadas rolantes, elevadores, pisos t\u00e1teis). <\/p>\n<p>Internamente, haver\u00e1 tr\u00eas conjuntos de esteiras rolantes, com duas esteiras cada um, facilitando a transfer\u00eancia de usu\u00e1rios entre as linhas 2-Verde e 4-Amarela. Cada conjunto de esteiras mede 100 metros, com capacidade para transportar cerca de 15 mil pessoas por hora. Trata-se da primeira esteira do g\u00eanero implantada no Brasil. <\/p>\n<p><strong>Esta\u00e7\u00e3o Faria Lima<\/strong> <\/p>\n<p>A Esta\u00e7\u00e3o Faria Lima fica localizada na Avenida Brigadeiro Faria Lima, na esquina com a Rua Teodoro Sampaio, e ter\u00e1 dois acessos. A esta\u00e7\u00e3o ter\u00e1 importante integra\u00e7\u00e3o com o terminal de \u00f4nibus da SPTrans no Largo da Batata. <\/p>\n<p>Com 20 metros de profundidade, a Esta\u00e7\u00e3o Faria Lima est\u00e1 totalmente equipada para atender aos deficientes f\u00edsicos, com piso t\u00e1til, elevadores, portas de plataforma e escadas rolantes inteligentes (nos hor\u00e1rios de pico, a velocidade destas escadas pode ser maior, liberando mais rapidamente plataformas e acessos externos). <\/p>\n<p><strong>Novos trens <br \/>\n<\/strong><br \/>\nOs novos trens da Linha 4-Amarela t\u00eam uma novidade no Brasil: a opera\u00e7\u00e3o das composi\u00e7\u00f5es acontece na modalidade driverless (sem operador na cabine de comando). <\/p>\n<p>As composi\u00e7\u00f5es possuem seis vag\u00f5es com oito portas (quatro de cada lado), espa\u00e7o para cadeira de rodas, ar-condicionado e passagens livres entre os vag\u00f5es. <\/p>\n<p><strong>Sobre a linha<\/strong> <\/p>\n<p>A Linha 4-Amarela do Metr\u00f4 ligar\u00e1 os bairros de Luz, na \u00e1rea central, e Vila S\u00f4nia, na Zona Oeste, passando pela regi\u00e3o da Consola\u00e7\u00e3o, Avenida Paulista e Pinheiros. Com extens\u00e3o de 12,8 quil\u00f4metros, ter\u00e1 11 esta\u00e7\u00f5es. A primeira fase compreende as esta\u00e7\u00f5es Paulista, Faria Lima, Pinheiros, Butant\u00e3, Rep\u00fablica e Luz. Na segunda fase entrar\u00e3o em opera\u00e7\u00e3o as esta\u00e7\u00f5es Vila S\u00f4nia, S\u00e3o Paulo-Morumbi, Fradique Coutinho, Oscar Freire, e Mackenzie-Higien\u00f3polis. <\/p>\n<p>A Linha 4 ser\u00e1 um dos eixos importantes para o deslocamento do paulistano. A partir dela o Metr\u00f4 passar\u00e1 a operar em sistema de rede, desconcentrando o fluxo de passageiros na S\u00e9. As futuras esta\u00e7\u00f5es Rep\u00fablica e Luz ser\u00e3o interligadas a duas outras linhas do Metr\u00f4, a Vermelha e Azul. Tamb\u00e9m haver\u00e1 integra\u00e7\u00e3o com a Linha Verde, entre a Esta\u00e7\u00e3o Consola\u00e7\u00e3o e a Esta\u00e7\u00e3o Paulista da Linha 4 e com a Linha 9-Esmeralda da CPTM na Esta\u00e7\u00e3o Pinheiros. <\/p>\n<p><strong>Plano de Expans\u00e3o<\/strong> <\/p>\n<p>At\u00e9 o final de 2010 a rede com qualidade de metr\u00f4 ser\u00e1 quadruplicada, passando de 60 km para 240 km. Desse total, 162 km s\u00e3o linhas da CPTM. O Plano de Expans\u00e3o tamb\u00e9m reaqueceu a ind\u00fastria ferrovi\u00e1ria, com a compra de 107 trens. Trata-se do maior investimento j\u00e1 feito no setor. <\/p>\n<p><b>Autor: Metr\u00f4<\/b><\/p>\n","protected":false},"excerpt":{"rendered":"<p>O governador de S\u00e3o Paulo, Jos\u00e9 Serra, o vice-governador, Alberto Goldman, e o secret\u00e1rio dos Transportes Metropolitanos, Jos\u00e9 Luiz Portella, inspecionaram, no in\u00edcio da tarde desta segunda-feira (29), os sistemas, material rodante (trens) e obras das esta\u00e7\u00f5es Faria Lima e Paulista, na Linha 4-Amarela do Metr\u00f4. A inspe\u00e7\u00e3o faz parte de uma s\u00e9rie de testes [&hellip;]<\/p>\n","protected":false},"author":1,"featured_media":0,"comment_status":"open","ping_status":"open","sticky":false,"template":"","format":"standard","meta":{"footnotes":""},"categories":[6,41],"tags":[],"class_list":{"0":"post-17860","1":"post","2":"type-post","3":"status-publish","4":"format-standard","6":"category-noticias","7":"category-transportes"},"yoast_head":"<!-- This site is optimized with the Yoast SEO plugin v27.2 - https:\/\/yoast.com\/product\/yoast-seo-wordpress\/ -->\n<title>Governo inspeciona obras da linha 4 do Metr\u00f4 - Instituto de Engenharia<\/title>\n<meta name=\"robots\" content=\"index, follow, max-snippet:-1, max-image-preview:large, max-video-preview:-1\" \/>\n<link rel=\"canonical\" href=\"https:\/\/www.institutodeengenharia.org.br\/site\/2010\/03\/31\/governo-inspeciona-obras-da-linha-4-do-metro\/\" \/>\n<meta property=\"og:locale\" content=\"pt_BR\" \/>\n<meta property=\"og:type\" content=\"article\" \/>\n<meta property=\"og:title\" content=\"Governo inspeciona obras da linha 4 do Metr\u00f4 - Instituto de Engenharia\" \/>\n<meta property=\"og:description\" content=\"O governador de S\u00e3o Paulo, Jos\u00e9 Serra, o vice-governador, Alberto Goldman, e o secret\u00e1rio dos Transportes Metropolitanos, Jos\u00e9 Luiz Portella, inspecionaram, no in\u00edcio da tarde desta segunda-feira (29), os sistemas, material rodante (trens) e obras das esta\u00e7\u00f5es Faria Lima e Paulista, na Linha 4-Amarela do Metr\u00f4. A inspe\u00e7\u00e3o faz parte de uma s\u00e9rie de testes [&hellip;]\" \/>\n<meta property=\"og:url\" content=\"https:\/\/www.institutodeengenharia.org.br\/site\/2010\/03\/31\/governo-inspeciona-obras-da-linha-4-do-metro\/\" \/>\n<meta property=\"og:site_name\" content=\"Instituto de Engenharia\" \/>\n<meta property=\"article:publisher\" content=\"https:\/\/www.facebook.com\/institutodeengenharia\" \/>\n<meta property=\"article:published_time\" content=\"2010-03-31T22:40:13+00:00\" \/>\n<meta name=\"author\" content=\"TMax Tecnologia\" \/>\n<meta name=\"twitter:card\" content=\"summary_large_image\" \/>\n<meta name=\"twitter:creator\" content=\"@iengenharia\" \/>\n<meta name=\"twitter:site\" content=\"@iengenharia\" \/>\n<meta name=\"twitter:label1\" content=\"Escrito por\" \/>\n\t<meta name=\"twitter:data1\" content=\"TMax Tecnologia\" \/>\n\t<meta name=\"twitter:label2\" content=\"Est. tempo de leitura\" \/>\n\t<meta name=\"twitter:data2\" content=\"4 minutos\" \/>\n<script type=\"application\/ld+json\" class=\"yoast-schema-graph\">{\"@context\":\"https:\/\/schema.org\",\"@graph\":[{\"@type\":\"Article\",\"@id\":\"https:\/\/www.institutodeengenharia.org.br\/site\/2010\/03\/31\/governo-inspeciona-obras-da-linha-4-do-metro\/#article\",\"isPartOf\":{\"@id\":\"https:\/\/www.institutodeengenharia.org.br\/site\/2010\/03\/31\/governo-inspeciona-obras-da-linha-4-do-metro\/\"},\"author\":{\"name\":\"TMax Tecnologia\",\"@id\":\"https:\/\/www.institutodeengenharia.org.br\/site\/#\/schema\/person\/3b1ff109facef084739fc2edcb9a127f\"},\"headline\":\"Governo inspeciona obras da linha 4 do Metr\u00f4\",\"datePublished\":\"2010-03-31T22:40:13+00:00\",\"mainEntityOfPage\":{\"@id\":\"https:\/\/www.institutodeengenharia.org.br\/site\/2010\/03\/31\/governo-inspeciona-obras-da-linha-4-do-metro\/\"},\"wordCount\":771,\"commentCount\":0,\"publisher\":{\"@id\":\"https:\/\/www.institutodeengenharia.org.br\/site\/#organization\"},\"articleSection\":[\"Not\u00edcias\",\"Transportes\"],\"inLanguage\":\"pt-BR\",\"potentialAction\":[{\"@type\":\"CommentAction\",\"name\":\"Comment\",\"target\":[\"https:\/\/www.institutodeengenharia.org.br\/site\/2010\/03\/31\/governo-inspeciona-obras-da-linha-4-do-metro\/#respond\"]}]},{\"@type\":\"WebPage\",\"@id\":\"https:\/\/www.institutodeengenharia.org.br\/site\/2010\/03\/31\/governo-inspeciona-obras-da-linha-4-do-metro\/\",\"url\":\"https:\/\/www.institutodeengenharia.org.br\/site\/2010\/03\/31\/governo-inspeciona-obras-da-linha-4-do-metro\/\",\"name\":\"Governo inspeciona obras da linha 4 do Metr\u00f4 - Instituto de Engenharia\",\"isPartOf\":{\"@id\":\"https:\/\/www.institutodeengenharia.org.br\/site\/#website\"},\"datePublished\":\"2010-03-31T22:40:13+00:00\",\"breadcrumb\":{\"@id\":\"https:\/\/www.institutodeengenharia.org.br\/site\/2010\/03\/31\/governo-inspeciona-obras-da-linha-4-do-metro\/#breadcrumb\"},\"inLanguage\":\"pt-BR\",\"potentialAction\":[{\"@type\":\"ReadAction\",\"target\":[\"https:\/\/www.institutodeengenharia.org.br\/site\/2010\/03\/31\/governo-inspeciona-obras-da-linha-4-do-metro\/\"]}]},{\"@type\":\"BreadcrumbList\",\"@id\":\"https:\/\/www.institutodeengenharia.org.br\/site\/2010\/03\/31\/governo-inspeciona-obras-da-linha-4-do-metro\/#breadcrumb\",\"itemListElement\":[{\"@type\":\"ListItem\",\"position\":1,\"name\":\"In\u00edcio\",\"item\":\"https:\/\/www.institutodeengenharia.org.br\/site\/\"},{\"@type\":\"ListItem\",\"position\":2,\"name\":\"Governo inspeciona obras da linha 4 do Metr\u00f4\"}]},{\"@type\":\"WebSite\",\"@id\":\"https:\/\/www.institutodeengenharia.org.br\/site\/#website\",\"url\":\"https:\/\/www.institutodeengenharia.org.br\/site\/\",\"name\":\"Instituto de Engenharia\",\"description\":\"O Instituto de Engenharia promove a Engenharia em benef\u00edcio do desenvolvimento e da qualidade de vida da sociedade.\",\"publisher\":{\"@id\":\"https:\/\/www.institutodeengenharia.org.br\/site\/#organization\"},\"potentialAction\":[{\"@type\":\"SearchAction\",\"target\":{\"@type\":\"EntryPoint\",\"urlTemplate\":\"https:\/\/www.institutodeengenharia.org.br\/site\/?s={search_term_string}\"},\"query-input\":{\"@type\":\"PropertyValueSpecification\",\"valueRequired\":true,\"valueName\":\"search_term_string\"}}],\"inLanguage\":\"pt-BR\"},{\"@type\":\"Organization\",\"@id\":\"https:\/\/www.institutodeengenharia.org.br\/site\/#organization\",\"name\":\"Instituto de Engenharia\",\"url\":\"https:\/\/www.institutodeengenharia.org.br\/site\/\",\"logo\":{\"@type\":\"ImageObject\",\"inLanguage\":\"pt-BR\",\"@id\":\"https:\/\/www.institutodeengenharia.org.br\/site\/#\/schema\/logo\/image\/\",\"url\":\"https:\/\/www.institutodeengenharia.org.br\/site\/wp-content\/uploads\/2019\/03\/logo-novo-IE2018-1.jpg\",\"contentUrl\":\"https:\/\/www.institutodeengenharia.org.br\/site\/wp-content\/uploads\/2019\/03\/logo-novo-IE2018-1.jpg\",\"width\":1486,\"height\":1879,\"caption\":\"Instituto de Engenharia\"},\"image\":{\"@id\":\"https:\/\/www.institutodeengenharia.org.br\/site\/#\/schema\/logo\/image\/\"},\"sameAs\":[\"https:\/\/www.facebook.com\/institutodeengenharia\",\"https:\/\/x.com\/iengenharia\",\"https:\/\/www.instagram.com\/institutodeengenharia\/\",\"https:\/\/www.linkedin.com\/company\/instituto-de-engenharia\/\",\"https:\/\/www.youtube.com\/channel\/UCXiCAlsSMe977vamW915HxA\"]},{\"@type\":\"Person\",\"@id\":\"https:\/\/www.institutodeengenharia.org.br\/site\/#\/schema\/person\/3b1ff109facef084739fc2edcb9a127f\",\"name\":\"TMax Tecnologia\",\"image\":{\"@type\":\"ImageObject\",\"inLanguage\":\"pt-BR\",\"@id\":\"https:\/\/secure.gravatar.com\/avatar\/f912434ef7f389c92cb311fcdae346af848465d638912574b3c669070f797701?s=96&d=mm&r=g\",\"url\":\"https:\/\/secure.gravatar.com\/avatar\/f912434ef7f389c92cb311fcdae346af848465d638912574b3c669070f797701?s=96&d=mm&r=g\",\"contentUrl\":\"https:\/\/secure.gravatar.com\/avatar\/f912434ef7f389c92cb311fcdae346af848465d638912574b3c669070f797701?s=96&d=mm&r=g\",\"caption\":\"TMax Tecnologia\"},\"url\":\"https:\/\/www.institutodeengenharia.org.br\/site\/author\/tmax\/\"}]}<\/script>\n<!-- \/ Yoast SEO plugin. -->","yoast_head_json":{"title":"Governo inspeciona obras da linha 4 do Metr\u00f4 - Instituto de Engenharia","robots":{"index":"index","follow":"follow","max-snippet":"max-snippet:-1","max-image-preview":"max-image-preview:large","max-video-preview":"max-video-preview:-1"},"canonical":"https:\/\/www.institutodeengenharia.org.br\/site\/2010\/03\/31\/governo-inspeciona-obras-da-linha-4-do-metro\/","og_locale":"pt_BR","og_type":"article","og_title":"Governo inspeciona obras da linha 4 do Metr\u00f4 - Instituto de Engenharia","og_description":"O governador de S\u00e3o Paulo, Jos\u00e9 Serra, o vice-governador, Alberto Goldman, e o secret\u00e1rio dos Transportes Metropolitanos, Jos\u00e9 Luiz Portella, inspecionaram, no in\u00edcio da tarde desta segunda-feira (29), os sistemas, material rodante (trens) e obras das esta\u00e7\u00f5es Faria Lima e Paulista, na Linha 4-Amarela do Metr\u00f4. A inspe\u00e7\u00e3o faz parte de uma s\u00e9rie de testes [&hellip;]","og_url":"https:\/\/www.institutodeengenharia.org.br\/site\/2010\/03\/31\/governo-inspeciona-obras-da-linha-4-do-metro\/","og_site_name":"Instituto de Engenharia","article_publisher":"https:\/\/www.facebook.com\/institutodeengenharia","article_published_time":"2010-03-31T22:40:13+00:00","author":"TMax Tecnologia","twitter_card":"summary_large_image","twitter_creator":"@iengenharia","twitter_site":"@iengenharia","twitter_misc":{"Escrito por":"TMax Tecnologia","Est. tempo de leitura":"4 minutos"},"schema":{"@context":"https:\/\/schema.org","@graph":[{"@type":"Article","@id":"https:\/\/www.institutodeengenharia.org.br\/site\/2010\/03\/31\/governo-inspeciona-obras-da-linha-4-do-metro\/#article","isPartOf":{"@id":"https:\/\/www.institutodeengenharia.org.br\/site\/2010\/03\/31\/governo-inspeciona-obras-da-linha-4-do-metro\/"},"author":{"name":"TMax Tecnologia","@id":"https:\/\/www.institutodeengenharia.org.br\/site\/#\/schema\/person\/3b1ff109facef084739fc2edcb9a127f"},"headline":"Governo inspeciona obras da linha 4 do Metr\u00f4","datePublished":"2010-03-31T22:40:13+00:00","mainEntityOfPage":{"@id":"https:\/\/www.institutodeengenharia.org.br\/site\/2010\/03\/31\/governo-inspeciona-obras-da-linha-4-do-metro\/"},"wordCount":771,"commentCount":0,"publisher":{"@id":"https:\/\/www.institutodeengenharia.org.br\/site\/#organization"},"articleSection":["Not\u00edcias","Transportes"],"inLanguage":"pt-BR","potentialAction":[{"@type":"CommentAction","name":"Comment","target":["https:\/\/www.institutodeengenharia.org.br\/site\/2010\/03\/31\/governo-inspeciona-obras-da-linha-4-do-metro\/#respond"]}]},{"@type":"WebPage","@id":"https:\/\/www.institutodeengenharia.org.br\/site\/2010\/03\/31\/governo-inspeciona-obras-da-linha-4-do-metro\/","url":"https:\/\/www.institutodeengenharia.org.br\/site\/2010\/03\/31\/governo-inspeciona-obras-da-linha-4-do-metro\/","name":"Governo inspeciona obras da linha 4 do Metr\u00f4 - Instituto de Engenharia","isPartOf":{"@id":"https:\/\/www.institutodeengenharia.org.br\/site\/#website"},"datePublished":"2010-03-31T22:40:13+00:00","breadcrumb":{"@id":"https:\/\/www.institutodeengenharia.org.br\/site\/2010\/03\/31\/governo-inspeciona-obras-da-linha-4-do-metro\/#breadcrumb"},"inLanguage":"pt-BR","potentialAction":[{"@type":"ReadAction","target":["https:\/\/www.institutodeengenharia.org.br\/site\/2010\/03\/31\/governo-inspeciona-obras-da-linha-4-do-metro\/"]}]},{"@type":"BreadcrumbList","@id":"https:\/\/www.institutodeengenharia.org.br\/site\/2010\/03\/31\/governo-inspeciona-obras-da-linha-4-do-metro\/#breadcrumb","itemListElement":[{"@type":"ListItem","position":1,"name":"In\u00edcio","item":"https:\/\/www.institutodeengenharia.org.br\/site\/"},{"@type":"ListItem","position":2,"name":"Governo inspeciona obras da linha 4 do Metr\u00f4"}]},{"@type":"WebSite","@id":"https:\/\/www.institutodeengenharia.org.br\/site\/#website","url":"https:\/\/www.institutodeengenharia.org.br\/site\/","name":"Instituto de Engenharia","description":"O Instituto de Engenharia promove a Engenharia em benef\u00edcio do desenvolvimento e da qualidade de vida da sociedade.","publisher":{"@id":"https:\/\/www.institutodeengenharia.org.br\/site\/#organization"},"potentialAction":[{"@type":"SearchAction","target":{"@type":"EntryPoint","urlTemplate":"https:\/\/www.institutodeengenharia.org.br\/site\/?s={search_term_string}"},"query-input":{"@type":"PropertyValueSpecification","valueRequired":true,"valueName":"search_term_string"}}],"inLanguage":"pt-BR"},{"@type":"Organization","@id":"https:\/\/www.institutodeengenharia.org.br\/site\/#organization","name":"Instituto de Engenharia","url":"https:\/\/www.institutodeengenharia.org.br\/site\/","logo":{"@type":"ImageObject","inLanguage":"pt-BR","@id":"https:\/\/www.institutodeengenharia.org.br\/site\/#\/schema\/logo\/image\/","url":"https:\/\/www.institutodeengenharia.org.br\/site\/wp-content\/uploads\/2019\/03\/logo-novo-IE2018-1.jpg","contentUrl":"https:\/\/www.institutodeengenharia.org.br\/site\/wp-content\/uploads\/2019\/03\/logo-novo-IE2018-1.jpg","width":1486,"height":1879,"caption":"Instituto de Engenharia"},"image":{"@id":"https:\/\/www.institutodeengenharia.org.br\/site\/#\/schema\/logo\/image\/"},"sameAs":["https:\/\/www.facebook.com\/institutodeengenharia","https:\/\/x.com\/iengenharia","https:\/\/www.instagram.com\/institutodeengenharia\/","https:\/\/www.linkedin.com\/company\/instituto-de-engenharia\/","https:\/\/www.youtube.com\/channel\/UCXiCAlsSMe977vamW915HxA"]},{"@type":"Person","@id":"https:\/\/www.institutodeengenharia.org.br\/site\/#\/schema\/person\/3b1ff109facef084739fc2edcb9a127f","name":"TMax Tecnologia","image":{"@type":"ImageObject","inLanguage":"pt-BR","@id":"https:\/\/secure.gravatar.com\/avatar\/f912434ef7f389c92cb311fcdae346af848465d638912574b3c669070f797701?s=96&d=mm&r=g","url":"https:\/\/secure.gravatar.com\/avatar\/f912434ef7f389c92cb311fcdae346af848465d638912574b3c669070f797701?s=96&d=mm&r=g","contentUrl":"https:\/\/secure.gravatar.com\/avatar\/f912434ef7f389c92cb311fcdae346af848465d638912574b3c669070f797701?s=96&d=mm&r=g","caption":"TMax Tecnologia"},"url":"https:\/\/www.institutodeengenharia.org.br\/site\/author\/tmax\/"}]}},"_links":{"self":[{"href":"https:\/\/www.institutodeengenharia.org.br\/site\/wp-json\/wp\/v2\/posts\/17860","targetHints":{"allow":["GET"]}}],"collection":[{"href":"https:\/\/www.institutodeengenharia.org.br\/site\/wp-json\/wp\/v2\/posts"}],"about":[{"href":"https:\/\/www.institutodeengenharia.org.br\/site\/wp-json\/wp\/v2\/types\/post"}],"author":[{"embeddable":true,"href":"https:\/\/www.institutodeengenharia.org.br\/site\/wp-json\/wp\/v2\/users\/1"}],"replies":[{"embeddable":true,"href":"https:\/\/www.institutodeengenharia.org.br\/site\/wp-json\/wp\/v2\/comments?post=17860"}],"version-history":[{"count":0,"href":"https:\/\/www.institutodeengenharia.org.br\/site\/wp-json\/wp\/v2\/posts\/17860\/revisions"}],"wp:attachment":[{"href":"https:\/\/www.institutodeengenharia.org.br\/site\/wp-json\/wp\/v2\/media?parent=17860"}],"wp:term":[{"taxonomy":"category","embeddable":true,"href":"https:\/\/www.institutodeengenharia.org.br\/site\/wp-json\/wp\/v2\/categories?post=17860"},{"taxonomy":"post_tag","embeddable":true,"href":"https:\/\/www.institutodeengenharia.org.br\/site\/wp-json\/wp\/v2\/tags?post=17860"}],"curies":[{"name":"wp","href":"https:\/\/api.w.org\/{rel}","templated":true}]}}