{"id":17854,"date":"2010-04-01T22:40:08","date_gmt":"2010-04-01T22:40:08","guid":{"rendered":"https:\/\/www.institutodeengenharia.org.br\/?p=17854"},"modified":"2010-04-01T09:37:15","modified_gmt":"2010-04-01T09:37:15","slug":"nova-ministra-do-meio-ambiente-e-adilma-verdea-diz-minc","status":"publish","type":"post","link":"https:\/\/www.institutodeengenharia.org.br\/site\/2010\/04\/01\/nova-ministra-do-meio-ambiente-e-adilma-verdea-diz-minc\/","title":{"rendered":"Nova ministra do Meio Ambiente \u00e9 \u201cDilma verde\u201d, diz Minc"},"content":{"rendered":"<p>O ex-ministro do Meio Ambiente, Carlos Minc, disse na quarta-feira (31) ao transmitir o cargo para a nova titular da pasta, Izabella Teixeira, que a ministra \u00e9 \u201cuma Dilma verde\u201d, em refer\u00eancia \u00e0 ex-ministra-chefe da Casa Civil, Dilma Rousseff, que tamb\u00e9m deixou o governo hoje para disputar as pr\u00f3ximas elei\u00e7\u00f5es. <\/p>\n<p>\u201cH\u00e1 quem chame a Izabella de \u201cDilma verde\u201d. \u00c9 porque ela \u00e9 enf\u00e1tica. \u00c9 uma pessoa &#039;ecoansiosa&#039; para que as coisas aconte\u00e7am\u201d, comparou Minc. <\/p>\n<p>Discreta, mas bem humorada, Izabella minimizou a compara\u00e7\u00e3o. \u201cTemos esse estilo gerencial. Ela \u00e9 executiva e eu tamb\u00e9m sou\u201d. <\/p>\n<p>Bi\u00f3loga e servidora de carreira do Instituto Brasileiro do Meio Ambiente e dos Recursos Naturais Renov\u00e1veis (Ibama), Izabella foi subsecret\u00e1ria do Ambiente do Rio de Janeiro e secret\u00e1ria executiva do Minist\u00e9rio do Meio Ambiente (MMA) na gest\u00e3o de um ano e dez meses do ministro Minc. <\/p>\n<p>Durante a transmiss\u00e3o do cargo, Minc elogiou muito a sucessora e disse que Izabella foi uma das grandes respons\u00e1veis por mediar o debate entre as \u00e1reas ambiental e econ\u00f4mica do governo para tirar o MMA do isolamento. <\/p>\n<p>\u201cMuitas coisas que estavam travadas. O Fundo Amaz\u00f4nia, o Fundo Clima, e as metas n\u00e3o aconteciam porque havia uma guerra entre o Meio Ambiente e os outros minist\u00e9rios\u201d, disse Minc, referindo-se \u00e0 gest\u00e3o da ex-ministra Marina Silva. <\/p>\n<p>A administra\u00e7\u00e3o de Izabella no Minist\u00e9rio do Meio Ambiente deve ser de continuidade. Na agenda para os \u00faltimos meses de governo, est\u00e3o a consolida\u00e7\u00e3o da legisla\u00e7\u00e3o sobre as mudan\u00e7as clim\u00e1ticas, do Fundo Amaz\u00f4nia e de temas menos consensuais como a reforma do C\u00f3digo Florestal e as altera\u00e7\u00f5es nas regras do licenciamento ambiental. <\/p>\n<p>A nova ministra brincou que n\u00e3o ir\u00e1 usar coletes \u2013 marca registrada de Minc \u2013 e disse que sua lista de prioridades para os pr\u00f3ximos meses inclui quest\u00f5es como meio ambiente urbano, parcerias com movimentos sociais ligados \u00e0 agricultura familiar, prepara\u00e7\u00e3o para a Confer\u00eancia da Organiza\u00e7\u00e3o das Na\u00e7\u00f5es Unidas sobre Biodiversidade e a regulamenta\u00e7\u00e3o do Artigo 23 da Constitui\u00e7\u00e3o Federal, que disciplina formas de coopera\u00e7\u00e3o entre a Uni\u00e3o, os estados, o Distrito Federal e os munic\u00edpios nas a\u00e7\u00f5es de prote\u00e7\u00e3o ao meio ambiente. <\/p>\n<p>As a\u00e7\u00f5es de controle do desmatamento na Amaz\u00f4nia, que renderem bons resultados nos \u00faltimos meses, dever\u00e3o ser estendidas para outros biomas, segundo Izabella. \u201cTemos que avan\u00e7ar no monitoramento e combate ao desmatamento ilegal no Cerrado e na Caatinga. O Meio Ambiente no Brasil vai muito al\u00e9m da Amaz\u00f4nia\u201d, disse. <\/p>\n<p>A nova ministra deve fazer menos apari\u00e7\u00f5es p\u00fablicas que Minc, conhecido na Esplanada dos Minist\u00e9rios pela exposi\u00e7\u00e3o midi\u00e1tica. <\/p>\n<p>Em um ano e dez meses de governo, o ex-ministro protagonizou pol\u00eamicas com parlamentares, ruralistas, empres\u00e1rios, governadores e ministros. Apesar de ter entrado no governo com a promessa de \u201cn\u00e3o ser apenas um carimbador de licen\u00e7as\u201d, na gest\u00e3o Minc, o Ibama liberou centenas de autoriza\u00e7\u00f5es para empreendimentos do Programa de Acelera\u00e7\u00e3o do Crescimento (PAC), como as pol\u00eamicas licen\u00e7as para a Usina Nuclear Angra 3 e para a Hidrel\u00e9trica de Belo Monte, no Rio Xingu (PA). <\/p>\n<p>Minc deixa o governo para concorrer a uma vaga de deputado estadual pelo PT do Rio de Janeiro. <\/p>\n<p><b>Autor: Ag\u00eancia Brasil<\/b><\/p>\n","protected":false},"excerpt":{"rendered":"<p>O ex-ministro do Meio Ambiente, Carlos Minc, disse na quarta-feira (31) ao transmitir o cargo para a nova titular da pasta, Izabella Teixeira, que a ministra \u00e9 \u201cuma Dilma verde\u201d, em refer\u00eancia \u00e0 ex-ministra-chefe da Casa Civil, Dilma Rousseff, que tamb\u00e9m deixou o governo hoje para disputar as pr\u00f3ximas elei\u00e7\u00f5es. \u201cH\u00e1 quem chame a Izabella [&hellip;]<\/p>\n","protected":false},"author":1,"featured_media":0,"comment_status":"open","ping_status":"open","sticky":false,"template":"","format":"standard","meta":{"footnotes":""},"categories":[31,6],"tags":[],"class_list":{"0":"post-17854","1":"post","2":"type-post","3":"status-publish","4":"format-standard","6":"category-meio-ambiente","7":"category-noticias"},"yoast_head":"<!-- This site is optimized with the Yoast SEO plugin v27.2 - https:\/\/yoast.com\/product\/yoast-seo-wordpress\/ -->\n<title>Nova ministra do Meio Ambiente \u00e9 \u201cDilma verde\u201d, diz Minc - Instituto de Engenharia<\/title>\n<meta name=\"robots\" content=\"index, follow, max-snippet:-1, max-image-preview:large, max-video-preview:-1\" \/>\n<link rel=\"canonical\" href=\"https:\/\/www.institutodeengenharia.org.br\/site\/2010\/04\/01\/nova-ministra-do-meio-ambiente-e-adilma-verdea-diz-minc\/\" \/>\n<meta property=\"og:locale\" content=\"pt_BR\" \/>\n<meta property=\"og:type\" content=\"article\" \/>\n<meta property=\"og:title\" content=\"Nova ministra do Meio Ambiente \u00e9 \u201cDilma verde\u201d, diz Minc - Instituto de Engenharia\" \/>\n<meta property=\"og:description\" content=\"O ex-ministro do Meio Ambiente, Carlos Minc, disse na quarta-feira (31) ao transmitir o cargo para a nova titular da pasta, Izabella Teixeira, que a ministra \u00e9 \u201cuma Dilma verde\u201d, em refer\u00eancia \u00e0 ex-ministra-chefe da Casa Civil, Dilma Rousseff, que tamb\u00e9m deixou o governo hoje para disputar as pr\u00f3ximas elei\u00e7\u00f5es. \u201cH\u00e1 quem chame a Izabella [&hellip;]\" \/>\n<meta property=\"og:url\" content=\"https:\/\/www.institutodeengenharia.org.br\/site\/2010\/04\/01\/nova-ministra-do-meio-ambiente-e-adilma-verdea-diz-minc\/\" \/>\n<meta property=\"og:site_name\" content=\"Instituto de Engenharia\" \/>\n<meta property=\"article:publisher\" content=\"https:\/\/www.facebook.com\/institutodeengenharia\" \/>\n<meta property=\"article:published_time\" content=\"2010-04-01T22:40:08+00:00\" \/>\n<meta name=\"author\" content=\"TMax Tecnologia\" \/>\n<meta name=\"twitter:card\" content=\"summary_large_image\" \/>\n<meta name=\"twitter:creator\" content=\"@iengenharia\" \/>\n<meta name=\"twitter:site\" content=\"@iengenharia\" \/>\n<meta name=\"twitter:label1\" content=\"Escrito por\" \/>\n\t<meta name=\"twitter:data1\" content=\"TMax Tecnologia\" \/>\n\t<meta name=\"twitter:label2\" content=\"Est. tempo de leitura\" \/>\n\t<meta name=\"twitter:data2\" content=\"3 minutos\" \/>\n<script type=\"application\/ld+json\" class=\"yoast-schema-graph\">{\"@context\":\"https:\/\/schema.org\",\"@graph\":[{\"@type\":\"Article\",\"@id\":\"https:\/\/www.institutodeengenharia.org.br\/site\/2010\/04\/01\/nova-ministra-do-meio-ambiente-e-adilma-verdea-diz-minc\/#article\",\"isPartOf\":{\"@id\":\"https:\/\/www.institutodeengenharia.org.br\/site\/2010\/04\/01\/nova-ministra-do-meio-ambiente-e-adilma-verdea-diz-minc\/\"},\"author\":{\"name\":\"TMax Tecnologia\",\"@id\":\"https:\/\/www.institutodeengenharia.org.br\/site\/#\/schema\/person\/3b1ff109facef084739fc2edcb9a127f\"},\"headline\":\"Nova ministra do Meio Ambiente \u00e9 \u201cDilma verde\u201d, diz Minc\",\"datePublished\":\"2010-04-01T22:40:08+00:00\",\"mainEntityOfPage\":{\"@id\":\"https:\/\/www.institutodeengenharia.org.br\/site\/2010\/04\/01\/nova-ministra-do-meio-ambiente-e-adilma-verdea-diz-minc\/\"},\"wordCount\":574,\"commentCount\":0,\"publisher\":{\"@id\":\"https:\/\/www.institutodeengenharia.org.br\/site\/#organization\"},\"articleSection\":[\"Meio Ambiente\",\"Not\u00edcias\"],\"inLanguage\":\"pt-BR\",\"potentialAction\":[{\"@type\":\"CommentAction\",\"name\":\"Comment\",\"target\":[\"https:\/\/www.institutodeengenharia.org.br\/site\/2010\/04\/01\/nova-ministra-do-meio-ambiente-e-adilma-verdea-diz-minc\/#respond\"]}]},{\"@type\":\"WebPage\",\"@id\":\"https:\/\/www.institutodeengenharia.org.br\/site\/2010\/04\/01\/nova-ministra-do-meio-ambiente-e-adilma-verdea-diz-minc\/\",\"url\":\"https:\/\/www.institutodeengenharia.org.br\/site\/2010\/04\/01\/nova-ministra-do-meio-ambiente-e-adilma-verdea-diz-minc\/\",\"name\":\"Nova ministra do Meio Ambiente \u00e9 \u201cDilma verde\u201d, diz Minc - Instituto de Engenharia\",\"isPartOf\":{\"@id\":\"https:\/\/www.institutodeengenharia.org.br\/site\/#website\"},\"datePublished\":\"2010-04-01T22:40:08+00:00\",\"breadcrumb\":{\"@id\":\"https:\/\/www.institutodeengenharia.org.br\/site\/2010\/04\/01\/nova-ministra-do-meio-ambiente-e-adilma-verdea-diz-minc\/#breadcrumb\"},\"inLanguage\":\"pt-BR\",\"potentialAction\":[{\"@type\":\"ReadAction\",\"target\":[\"https:\/\/www.institutodeengenharia.org.br\/site\/2010\/04\/01\/nova-ministra-do-meio-ambiente-e-adilma-verdea-diz-minc\/\"]}]},{\"@type\":\"BreadcrumbList\",\"@id\":\"https:\/\/www.institutodeengenharia.org.br\/site\/2010\/04\/01\/nova-ministra-do-meio-ambiente-e-adilma-verdea-diz-minc\/#breadcrumb\",\"itemListElement\":[{\"@type\":\"ListItem\",\"position\":1,\"name\":\"In\u00edcio\",\"item\":\"https:\/\/www.institutodeengenharia.org.br\/site\/\"},{\"@type\":\"ListItem\",\"position\":2,\"name\":\"Nova ministra do Meio Ambiente \u00e9 \u201cDilma verde\u201d, diz Minc\"}]},{\"@type\":\"WebSite\",\"@id\":\"https:\/\/www.institutodeengenharia.org.br\/site\/#website\",\"url\":\"https:\/\/www.institutodeengenharia.org.br\/site\/\",\"name\":\"Instituto de Engenharia\",\"description\":\"O Instituto de Engenharia promove a Engenharia em benef\u00edcio do desenvolvimento e da qualidade de vida da sociedade.\",\"publisher\":{\"@id\":\"https:\/\/www.institutodeengenharia.org.br\/site\/#organization\"},\"potentialAction\":[{\"@type\":\"SearchAction\",\"target\":{\"@type\":\"EntryPoint\",\"urlTemplate\":\"https:\/\/www.institutodeengenharia.org.br\/site\/?s={search_term_string}\"},\"query-input\":{\"@type\":\"PropertyValueSpecification\",\"valueRequired\":true,\"valueName\":\"search_term_string\"}}],\"inLanguage\":\"pt-BR\"},{\"@type\":\"Organization\",\"@id\":\"https:\/\/www.institutodeengenharia.org.br\/site\/#organization\",\"name\":\"Instituto de Engenharia\",\"url\":\"https:\/\/www.institutodeengenharia.org.br\/site\/\",\"logo\":{\"@type\":\"ImageObject\",\"inLanguage\":\"pt-BR\",\"@id\":\"https:\/\/www.institutodeengenharia.org.br\/site\/#\/schema\/logo\/image\/\",\"url\":\"https:\/\/www.institutodeengenharia.org.br\/site\/wp-content\/uploads\/2019\/03\/logo-novo-IE2018-1.jpg\",\"contentUrl\":\"https:\/\/www.institutodeengenharia.org.br\/site\/wp-content\/uploads\/2019\/03\/logo-novo-IE2018-1.jpg\",\"width\":1486,\"height\":1879,\"caption\":\"Instituto de Engenharia\"},\"image\":{\"@id\":\"https:\/\/www.institutodeengenharia.org.br\/site\/#\/schema\/logo\/image\/\"},\"sameAs\":[\"https:\/\/www.facebook.com\/institutodeengenharia\",\"https:\/\/x.com\/iengenharia\",\"https:\/\/www.instagram.com\/institutodeengenharia\/\",\"https:\/\/www.linkedin.com\/company\/instituto-de-engenharia\/\",\"https:\/\/www.youtube.com\/channel\/UCXiCAlsSMe977vamW915HxA\"]},{\"@type\":\"Person\",\"@id\":\"https:\/\/www.institutodeengenharia.org.br\/site\/#\/schema\/person\/3b1ff109facef084739fc2edcb9a127f\",\"name\":\"TMax Tecnologia\",\"image\":{\"@type\":\"ImageObject\",\"inLanguage\":\"pt-BR\",\"@id\":\"https:\/\/secure.gravatar.com\/avatar\/f912434ef7f389c92cb311fcdae346af848465d638912574b3c669070f797701?s=96&d=mm&r=g\",\"url\":\"https:\/\/secure.gravatar.com\/avatar\/f912434ef7f389c92cb311fcdae346af848465d638912574b3c669070f797701?s=96&d=mm&r=g\",\"contentUrl\":\"https:\/\/secure.gravatar.com\/avatar\/f912434ef7f389c92cb311fcdae346af848465d638912574b3c669070f797701?s=96&d=mm&r=g\",\"caption\":\"TMax Tecnologia\"},\"url\":\"https:\/\/www.institutodeengenharia.org.br\/site\/author\/tmax\/\"}]}<\/script>\n<!-- \/ Yoast SEO plugin. -->","yoast_head_json":{"title":"Nova ministra do Meio Ambiente \u00e9 \u201cDilma verde\u201d, diz Minc - Instituto de Engenharia","robots":{"index":"index","follow":"follow","max-snippet":"max-snippet:-1","max-image-preview":"max-image-preview:large","max-video-preview":"max-video-preview:-1"},"canonical":"https:\/\/www.institutodeengenharia.org.br\/site\/2010\/04\/01\/nova-ministra-do-meio-ambiente-e-adilma-verdea-diz-minc\/","og_locale":"pt_BR","og_type":"article","og_title":"Nova ministra do Meio Ambiente \u00e9 \u201cDilma verde\u201d, diz Minc - Instituto de Engenharia","og_description":"O ex-ministro do Meio Ambiente, Carlos Minc, disse na quarta-feira (31) ao transmitir o cargo para a nova titular da pasta, Izabella Teixeira, que a ministra \u00e9 \u201cuma Dilma verde\u201d, em refer\u00eancia \u00e0 ex-ministra-chefe da Casa Civil, Dilma Rousseff, que tamb\u00e9m deixou o governo hoje para disputar as pr\u00f3ximas elei\u00e7\u00f5es. \u201cH\u00e1 quem chame a Izabella [&hellip;]","og_url":"https:\/\/www.institutodeengenharia.org.br\/site\/2010\/04\/01\/nova-ministra-do-meio-ambiente-e-adilma-verdea-diz-minc\/","og_site_name":"Instituto de Engenharia","article_publisher":"https:\/\/www.facebook.com\/institutodeengenharia","article_published_time":"2010-04-01T22:40:08+00:00","author":"TMax Tecnologia","twitter_card":"summary_large_image","twitter_creator":"@iengenharia","twitter_site":"@iengenharia","twitter_misc":{"Escrito por":"TMax Tecnologia","Est. tempo de leitura":"3 minutos"},"schema":{"@context":"https:\/\/schema.org","@graph":[{"@type":"Article","@id":"https:\/\/www.institutodeengenharia.org.br\/site\/2010\/04\/01\/nova-ministra-do-meio-ambiente-e-adilma-verdea-diz-minc\/#article","isPartOf":{"@id":"https:\/\/www.institutodeengenharia.org.br\/site\/2010\/04\/01\/nova-ministra-do-meio-ambiente-e-adilma-verdea-diz-minc\/"},"author":{"name":"TMax Tecnologia","@id":"https:\/\/www.institutodeengenharia.org.br\/site\/#\/schema\/person\/3b1ff109facef084739fc2edcb9a127f"},"headline":"Nova ministra do Meio Ambiente \u00e9 \u201cDilma verde\u201d, diz Minc","datePublished":"2010-04-01T22:40:08+00:00","mainEntityOfPage":{"@id":"https:\/\/www.institutodeengenharia.org.br\/site\/2010\/04\/01\/nova-ministra-do-meio-ambiente-e-adilma-verdea-diz-minc\/"},"wordCount":574,"commentCount":0,"publisher":{"@id":"https:\/\/www.institutodeengenharia.org.br\/site\/#organization"},"articleSection":["Meio Ambiente","Not\u00edcias"],"inLanguage":"pt-BR","potentialAction":[{"@type":"CommentAction","name":"Comment","target":["https:\/\/www.institutodeengenharia.org.br\/site\/2010\/04\/01\/nova-ministra-do-meio-ambiente-e-adilma-verdea-diz-minc\/#respond"]}]},{"@type":"WebPage","@id":"https:\/\/www.institutodeengenharia.org.br\/site\/2010\/04\/01\/nova-ministra-do-meio-ambiente-e-adilma-verdea-diz-minc\/","url":"https:\/\/www.institutodeengenharia.org.br\/site\/2010\/04\/01\/nova-ministra-do-meio-ambiente-e-adilma-verdea-diz-minc\/","name":"Nova ministra do Meio Ambiente \u00e9 \u201cDilma verde\u201d, diz Minc - Instituto de Engenharia","isPartOf":{"@id":"https:\/\/www.institutodeengenharia.org.br\/site\/#website"},"datePublished":"2010-04-01T22:40:08+00:00","breadcrumb":{"@id":"https:\/\/www.institutodeengenharia.org.br\/site\/2010\/04\/01\/nova-ministra-do-meio-ambiente-e-adilma-verdea-diz-minc\/#breadcrumb"},"inLanguage":"pt-BR","potentialAction":[{"@type":"ReadAction","target":["https:\/\/www.institutodeengenharia.org.br\/site\/2010\/04\/01\/nova-ministra-do-meio-ambiente-e-adilma-verdea-diz-minc\/"]}]},{"@type":"BreadcrumbList","@id":"https:\/\/www.institutodeengenharia.org.br\/site\/2010\/04\/01\/nova-ministra-do-meio-ambiente-e-adilma-verdea-diz-minc\/#breadcrumb","itemListElement":[{"@type":"ListItem","position":1,"name":"In\u00edcio","item":"https:\/\/www.institutodeengenharia.org.br\/site\/"},{"@type":"ListItem","position":2,"name":"Nova ministra do Meio Ambiente \u00e9 \u201cDilma verde\u201d, diz Minc"}]},{"@type":"WebSite","@id":"https:\/\/www.institutodeengenharia.org.br\/site\/#website","url":"https:\/\/www.institutodeengenharia.org.br\/site\/","name":"Instituto de Engenharia","description":"O Instituto de Engenharia promove a Engenharia em benef\u00edcio do desenvolvimento e da qualidade de vida da sociedade.","publisher":{"@id":"https:\/\/www.institutodeengenharia.org.br\/site\/#organization"},"potentialAction":[{"@type":"SearchAction","target":{"@type":"EntryPoint","urlTemplate":"https:\/\/www.institutodeengenharia.org.br\/site\/?s={search_term_string}"},"query-input":{"@type":"PropertyValueSpecification","valueRequired":true,"valueName":"search_term_string"}}],"inLanguage":"pt-BR"},{"@type":"Organization","@id":"https:\/\/www.institutodeengenharia.org.br\/site\/#organization","name":"Instituto de Engenharia","url":"https:\/\/www.institutodeengenharia.org.br\/site\/","logo":{"@type":"ImageObject","inLanguage":"pt-BR","@id":"https:\/\/www.institutodeengenharia.org.br\/site\/#\/schema\/logo\/image\/","url":"https:\/\/www.institutodeengenharia.org.br\/site\/wp-content\/uploads\/2019\/03\/logo-novo-IE2018-1.jpg","contentUrl":"https:\/\/www.institutodeengenharia.org.br\/site\/wp-content\/uploads\/2019\/03\/logo-novo-IE2018-1.jpg","width":1486,"height":1879,"caption":"Instituto de Engenharia"},"image":{"@id":"https:\/\/www.institutodeengenharia.org.br\/site\/#\/schema\/logo\/image\/"},"sameAs":["https:\/\/www.facebook.com\/institutodeengenharia","https:\/\/x.com\/iengenharia","https:\/\/www.instagram.com\/institutodeengenharia\/","https:\/\/www.linkedin.com\/company\/instituto-de-engenharia\/","https:\/\/www.youtube.com\/channel\/UCXiCAlsSMe977vamW915HxA"]},{"@type":"Person","@id":"https:\/\/www.institutodeengenharia.org.br\/site\/#\/schema\/person\/3b1ff109facef084739fc2edcb9a127f","name":"TMax Tecnologia","image":{"@type":"ImageObject","inLanguage":"pt-BR","@id":"https:\/\/secure.gravatar.com\/avatar\/f912434ef7f389c92cb311fcdae346af848465d638912574b3c669070f797701?s=96&d=mm&r=g","url":"https:\/\/secure.gravatar.com\/avatar\/f912434ef7f389c92cb311fcdae346af848465d638912574b3c669070f797701?s=96&d=mm&r=g","contentUrl":"https:\/\/secure.gravatar.com\/avatar\/f912434ef7f389c92cb311fcdae346af848465d638912574b3c669070f797701?s=96&d=mm&r=g","caption":"TMax Tecnologia"},"url":"https:\/\/www.institutodeengenharia.org.br\/site\/author\/tmax\/"}]}},"_links":{"self":[{"href":"https:\/\/www.institutodeengenharia.org.br\/site\/wp-json\/wp\/v2\/posts\/17854","targetHints":{"allow":["GET"]}}],"collection":[{"href":"https:\/\/www.institutodeengenharia.org.br\/site\/wp-json\/wp\/v2\/posts"}],"about":[{"href":"https:\/\/www.institutodeengenharia.org.br\/site\/wp-json\/wp\/v2\/types\/post"}],"author":[{"embeddable":true,"href":"https:\/\/www.institutodeengenharia.org.br\/site\/wp-json\/wp\/v2\/users\/1"}],"replies":[{"embeddable":true,"href":"https:\/\/www.institutodeengenharia.org.br\/site\/wp-json\/wp\/v2\/comments?post=17854"}],"version-history":[{"count":0,"href":"https:\/\/www.institutodeengenharia.org.br\/site\/wp-json\/wp\/v2\/posts\/17854\/revisions"}],"wp:attachment":[{"href":"https:\/\/www.institutodeengenharia.org.br\/site\/wp-json\/wp\/v2\/media?parent=17854"}],"wp:term":[{"taxonomy":"category","embeddable":true,"href":"https:\/\/www.institutodeengenharia.org.br\/site\/wp-json\/wp\/v2\/categories?post=17854"},{"taxonomy":"post_tag","embeddable":true,"href":"https:\/\/www.institutodeengenharia.org.br\/site\/wp-json\/wp\/v2\/tags?post=17854"}],"curies":[{"name":"wp","href":"https:\/\/api.w.org\/{rel}","templated":true}]}}