{"id":17842,"date":"2010-03-25T22:39:58","date_gmt":"2010-03-25T22:39:58","guid":{"rendered":"https:\/\/www.institutodeengenharia.org.br\/?p=17842"},"modified":"2010-03-25T16:09:46","modified_gmt":"2010-03-25T16:09:46","slug":"rodoanel-sera-aberto-no-dia-31","status":"publish","type":"post","link":"https:\/\/www.institutodeengenharia.org.br\/site\/2010\/03\/25\/rodoanel-sera-aberto-no-dia-31\/","title":{"rendered":"Rodoanel ser\u00e1 aberto no dia 31"},"content":{"rendered":"<p>A inaugura\u00e7\u00e3o total do trecho sul do Rodoanel dever\u00e1 ocorrer s\u00f3 em 31 de mar\u00e7o.&nbsp; Em entrevista ontem \u00e0 R\u00e1dio Bandeirantes, o secret\u00e1rio estadual de Transportes, Mauro Arce, afirmou que o cronograma de obras foi prejudicado pelos per\u00edodos de chuva.&nbsp;<\/p>\n<p>\u201cN\u00f3s ficamos um m\u00eas, de janeiro e parte de dezembro, sem poder trabalhar. Estamos trabalhando para que isso (inaugura\u00e7\u00e3o) possa ocorrer at\u00e9 meados da pr\u00f3xima semana, at\u00e9 o dia 31\u201d, disse Arce. Apesar do atraso, a inaugura\u00e7\u00e3o dever\u00e1 ser a tempo do governador \u00e9 pr\u00e9-candidato \u00e0 presid\u00eancia, Jos\u00e9 Serra (PSDB), participar da cerim\u00f4nia de entrega. <\/p>\n<p>Al\u00e9m do problema com o trecho de liga\u00e7\u00e3o entre as rodovias Imigrantes e Anchieta, apontada anteontem em mat\u00e9ria do Jornal da Tarde, o secret\u00e1rio atribuiu a demora na libera\u00e7\u00e3o da al\u00e7a sul a uma adutora da Sabesp. \u201cO ponto mais cr\u00edtico foi a travessia de uma adutora da Sabesp, na Estrada de Itapecerica. Esta obra est\u00e1 sendo conclu\u00edda\u201d, disse \u00e0 r\u00e1dio. <\/p>\n<p>Ped\u00e1gio &#8211; A cobran\u00e7a de ped\u00e1gio no novo trecho do Rodoanel n\u00e3o ser\u00e1 feita at\u00e9 que a licita\u00e7\u00e3o de concess\u00e3o da via seja finalizada. \u201cVai ter cobran\u00e7a, futuramente, nas sa\u00eddas. (A falta de cobran\u00e7a) \u00e9 uma das coisas que ningu\u00e9m vai reclamar, pois n\u00e3o v\u00e3o estar prontas as pra\u00e7as de ped\u00e1gio\u201d, explicou o titular da pasta estadual de transportes. <\/p>\n<p>Em abril, o edital dever\u00e1 ser anunciado para as empresas interessadas em explorar a al\u00e7a sul. \u201cQuando a gente realizar a concess\u00e3o do trecho sul, o concession\u00e1rio ter\u00e1 a obriga\u00e7\u00e3o de construir o trecho leste\u201d, afirmou Arce. O secret\u00e1rio n\u00e3o esclareceu se a concession\u00e1ria, que arcar\u00e1 sozinha com a constru\u00e7\u00e3o de outro trecho, tamb\u00e9m poder\u00e1 explorar a al\u00e7a leste. O trecho leste do Rodoanel, com 42,3 quil\u00f4metros de extens\u00e3o, ligar\u00e1 as rodovias Dutra e Ayrton Senna ao trecho sul. Com custo estimado em R$ 4 bilh\u00f5es, est\u00e1 previsto para ficar pronto em 2012. <\/p>\n<p>De acordo com Arce, s\u00f3 a inaugura\u00e7\u00e3o da al\u00e7a sul retirar\u00e1 40% dos caminh\u00f5es que circulam pelas vias da cidade. O maior impacto ser\u00e1 no tr\u00e1fego da Avenida dos Bandeirantes e na Marginal do Pinheiros, ambas na zona sul. \u201cMas isso (redu\u00e7\u00e3o de caminh\u00f5es) depender\u00e1 de uma regulamenta\u00e7\u00e3o da pr\u00f3pria Prefeitura.\u201d <\/p>\n<p><b>Autor: Jornal da Tarde<\/b><\/p>\n","protected":false},"excerpt":{"rendered":"<p>A inaugura\u00e7\u00e3o total do trecho sul do Rodoanel dever\u00e1 ocorrer s\u00f3 em 31 de mar\u00e7o.&nbsp; Em entrevista ontem \u00e0 R\u00e1dio Bandeirantes, o secret\u00e1rio estadual de Transportes, Mauro Arce, afirmou que o cronograma de obras foi prejudicado pelos per\u00edodos de chuva.&nbsp; \u201cN\u00f3s ficamos um m\u00eas, de janeiro e parte de dezembro, sem poder trabalhar. Estamos trabalhando [&hellip;]<\/p>\n","protected":false},"author":1,"featured_media":0,"comment_status":"open","ping_status":"open","sticky":false,"template":"","format":"standard","meta":{"footnotes":""},"categories":[6,41],"tags":[],"class_list":{"0":"post-17842","1":"post","2":"type-post","3":"status-publish","4":"format-standard","6":"category-noticias","7":"category-transportes"},"yoast_head":"<!-- This site is optimized with the Yoast SEO plugin v27.2 - https:\/\/yoast.com\/product\/yoast-seo-wordpress\/ -->\n<title>Rodoanel ser\u00e1 aberto no dia 31 - Instituto de Engenharia<\/title>\n<meta name=\"robots\" content=\"index, follow, max-snippet:-1, max-image-preview:large, max-video-preview:-1\" \/>\n<link rel=\"canonical\" href=\"https:\/\/www.institutodeengenharia.org.br\/site\/2010\/03\/25\/rodoanel-sera-aberto-no-dia-31\/\" \/>\n<meta property=\"og:locale\" content=\"pt_BR\" \/>\n<meta property=\"og:type\" content=\"article\" \/>\n<meta property=\"og:title\" content=\"Rodoanel ser\u00e1 aberto no dia 31 - Instituto de Engenharia\" \/>\n<meta property=\"og:description\" content=\"A inaugura\u00e7\u00e3o total do trecho sul do Rodoanel dever\u00e1 ocorrer s\u00f3 em 31 de mar\u00e7o.&nbsp; Em entrevista ontem \u00e0 R\u00e1dio Bandeirantes, o secret\u00e1rio estadual de Transportes, Mauro Arce, afirmou que o cronograma de obras foi prejudicado pelos per\u00edodos de chuva.&nbsp; \u201cN\u00f3s ficamos um m\u00eas, de janeiro e parte de dezembro, sem poder trabalhar. Estamos trabalhando [&hellip;]\" \/>\n<meta property=\"og:url\" content=\"https:\/\/www.institutodeengenharia.org.br\/site\/2010\/03\/25\/rodoanel-sera-aberto-no-dia-31\/\" \/>\n<meta property=\"og:site_name\" content=\"Instituto de Engenharia\" \/>\n<meta property=\"article:publisher\" content=\"https:\/\/www.facebook.com\/institutodeengenharia\" \/>\n<meta property=\"article:published_time\" content=\"2010-03-25T22:39:58+00:00\" \/>\n<meta name=\"author\" content=\"TMax Tecnologia\" \/>\n<meta name=\"twitter:card\" content=\"summary_large_image\" \/>\n<meta name=\"twitter:creator\" content=\"@iengenharia\" \/>\n<meta name=\"twitter:site\" content=\"@iengenharia\" \/>\n<meta name=\"twitter:label1\" content=\"Escrito por\" \/>\n\t<meta name=\"twitter:data1\" content=\"TMax Tecnologia\" \/>\n\t<meta name=\"twitter:label2\" content=\"Est. tempo de leitura\" \/>\n\t<meta name=\"twitter:data2\" content=\"2 minutos\" \/>\n<script type=\"application\/ld+json\" class=\"yoast-schema-graph\">{\"@context\":\"https:\/\/schema.org\",\"@graph\":[{\"@type\":\"Article\",\"@id\":\"https:\/\/www.institutodeengenharia.org.br\/site\/2010\/03\/25\/rodoanel-sera-aberto-no-dia-31\/#article\",\"isPartOf\":{\"@id\":\"https:\/\/www.institutodeengenharia.org.br\/site\/2010\/03\/25\/rodoanel-sera-aberto-no-dia-31\/\"},\"author\":{\"name\":\"TMax Tecnologia\",\"@id\":\"https:\/\/www.institutodeengenharia.org.br\/site\/#\/schema\/person\/3b1ff109facef084739fc2edcb9a127f\"},\"headline\":\"Rodoanel ser\u00e1 aberto no dia 31\",\"datePublished\":\"2010-03-25T22:39:58+00:00\",\"mainEntityOfPage\":{\"@id\":\"https:\/\/www.institutodeengenharia.org.br\/site\/2010\/03\/25\/rodoanel-sera-aberto-no-dia-31\/\"},\"wordCount\":416,\"commentCount\":0,\"publisher\":{\"@id\":\"https:\/\/www.institutodeengenharia.org.br\/site\/#organization\"},\"articleSection\":[\"Not\u00edcias\",\"Transportes\"],\"inLanguage\":\"pt-BR\",\"potentialAction\":[{\"@type\":\"CommentAction\",\"name\":\"Comment\",\"target\":[\"https:\/\/www.institutodeengenharia.org.br\/site\/2010\/03\/25\/rodoanel-sera-aberto-no-dia-31\/#respond\"]}]},{\"@type\":\"WebPage\",\"@id\":\"https:\/\/www.institutodeengenharia.org.br\/site\/2010\/03\/25\/rodoanel-sera-aberto-no-dia-31\/\",\"url\":\"https:\/\/www.institutodeengenharia.org.br\/site\/2010\/03\/25\/rodoanel-sera-aberto-no-dia-31\/\",\"name\":\"Rodoanel ser\u00e1 aberto no dia 31 - Instituto de Engenharia\",\"isPartOf\":{\"@id\":\"https:\/\/www.institutodeengenharia.org.br\/site\/#website\"},\"datePublished\":\"2010-03-25T22:39:58+00:00\",\"breadcrumb\":{\"@id\":\"https:\/\/www.institutodeengenharia.org.br\/site\/2010\/03\/25\/rodoanel-sera-aberto-no-dia-31\/#breadcrumb\"},\"inLanguage\":\"pt-BR\",\"potentialAction\":[{\"@type\":\"ReadAction\",\"target\":[\"https:\/\/www.institutodeengenharia.org.br\/site\/2010\/03\/25\/rodoanel-sera-aberto-no-dia-31\/\"]}]},{\"@type\":\"BreadcrumbList\",\"@id\":\"https:\/\/www.institutodeengenharia.org.br\/site\/2010\/03\/25\/rodoanel-sera-aberto-no-dia-31\/#breadcrumb\",\"itemListElement\":[{\"@type\":\"ListItem\",\"position\":1,\"name\":\"In\u00edcio\",\"item\":\"https:\/\/www.institutodeengenharia.org.br\/site\/\"},{\"@type\":\"ListItem\",\"position\":2,\"name\":\"Rodoanel ser\u00e1 aberto no dia 31\"}]},{\"@type\":\"WebSite\",\"@id\":\"https:\/\/www.institutodeengenharia.org.br\/site\/#website\",\"url\":\"https:\/\/www.institutodeengenharia.org.br\/site\/\",\"name\":\"Instituto de Engenharia\",\"description\":\"O Instituto de Engenharia promove a Engenharia em benef\u00edcio do desenvolvimento e da qualidade de vida da sociedade.\",\"publisher\":{\"@id\":\"https:\/\/www.institutodeengenharia.org.br\/site\/#organization\"},\"potentialAction\":[{\"@type\":\"SearchAction\",\"target\":{\"@type\":\"EntryPoint\",\"urlTemplate\":\"https:\/\/www.institutodeengenharia.org.br\/site\/?s={search_term_string}\"},\"query-input\":{\"@type\":\"PropertyValueSpecification\",\"valueRequired\":true,\"valueName\":\"search_term_string\"}}],\"inLanguage\":\"pt-BR\"},{\"@type\":\"Organization\",\"@id\":\"https:\/\/www.institutodeengenharia.org.br\/site\/#organization\",\"name\":\"Instituto de Engenharia\",\"url\":\"https:\/\/www.institutodeengenharia.org.br\/site\/\",\"logo\":{\"@type\":\"ImageObject\",\"inLanguage\":\"pt-BR\",\"@id\":\"https:\/\/www.institutodeengenharia.org.br\/site\/#\/schema\/logo\/image\/\",\"url\":\"https:\/\/www.institutodeengenharia.org.br\/site\/wp-content\/uploads\/2019\/03\/logo-novo-IE2018-1.jpg\",\"contentUrl\":\"https:\/\/www.institutodeengenharia.org.br\/site\/wp-content\/uploads\/2019\/03\/logo-novo-IE2018-1.jpg\",\"width\":1486,\"height\":1879,\"caption\":\"Instituto de Engenharia\"},\"image\":{\"@id\":\"https:\/\/www.institutodeengenharia.org.br\/site\/#\/schema\/logo\/image\/\"},\"sameAs\":[\"https:\/\/www.facebook.com\/institutodeengenharia\",\"https:\/\/x.com\/iengenharia\",\"https:\/\/www.instagram.com\/institutodeengenharia\/\",\"https:\/\/www.linkedin.com\/company\/instituto-de-engenharia\/\",\"https:\/\/www.youtube.com\/channel\/UCXiCAlsSMe977vamW915HxA\"]},{\"@type\":\"Person\",\"@id\":\"https:\/\/www.institutodeengenharia.org.br\/site\/#\/schema\/person\/3b1ff109facef084739fc2edcb9a127f\",\"name\":\"TMax Tecnologia\",\"image\":{\"@type\":\"ImageObject\",\"inLanguage\":\"pt-BR\",\"@id\":\"https:\/\/secure.gravatar.com\/avatar\/f912434ef7f389c92cb311fcdae346af848465d638912574b3c669070f797701?s=96&d=mm&r=g\",\"url\":\"https:\/\/secure.gravatar.com\/avatar\/f912434ef7f389c92cb311fcdae346af848465d638912574b3c669070f797701?s=96&d=mm&r=g\",\"contentUrl\":\"https:\/\/secure.gravatar.com\/avatar\/f912434ef7f389c92cb311fcdae346af848465d638912574b3c669070f797701?s=96&d=mm&r=g\",\"caption\":\"TMax Tecnologia\"},\"url\":\"https:\/\/www.institutodeengenharia.org.br\/site\/author\/tmax\/\"}]}<\/script>\n<!-- \/ Yoast SEO plugin. -->","yoast_head_json":{"title":"Rodoanel ser\u00e1 aberto no dia 31 - Instituto de Engenharia","robots":{"index":"index","follow":"follow","max-snippet":"max-snippet:-1","max-image-preview":"max-image-preview:large","max-video-preview":"max-video-preview:-1"},"canonical":"https:\/\/www.institutodeengenharia.org.br\/site\/2010\/03\/25\/rodoanel-sera-aberto-no-dia-31\/","og_locale":"pt_BR","og_type":"article","og_title":"Rodoanel ser\u00e1 aberto no dia 31 - Instituto de Engenharia","og_description":"A inaugura\u00e7\u00e3o total do trecho sul do Rodoanel dever\u00e1 ocorrer s\u00f3 em 31 de mar\u00e7o.&nbsp; Em entrevista ontem \u00e0 R\u00e1dio Bandeirantes, o secret\u00e1rio estadual de Transportes, Mauro Arce, afirmou que o cronograma de obras foi prejudicado pelos per\u00edodos de chuva.&nbsp; \u201cN\u00f3s ficamos um m\u00eas, de janeiro e parte de dezembro, sem poder trabalhar. Estamos trabalhando [&hellip;]","og_url":"https:\/\/www.institutodeengenharia.org.br\/site\/2010\/03\/25\/rodoanel-sera-aberto-no-dia-31\/","og_site_name":"Instituto de Engenharia","article_publisher":"https:\/\/www.facebook.com\/institutodeengenharia","article_published_time":"2010-03-25T22:39:58+00:00","author":"TMax Tecnologia","twitter_card":"summary_large_image","twitter_creator":"@iengenharia","twitter_site":"@iengenharia","twitter_misc":{"Escrito por":"TMax Tecnologia","Est. tempo de leitura":"2 minutos"},"schema":{"@context":"https:\/\/schema.org","@graph":[{"@type":"Article","@id":"https:\/\/www.institutodeengenharia.org.br\/site\/2010\/03\/25\/rodoanel-sera-aberto-no-dia-31\/#article","isPartOf":{"@id":"https:\/\/www.institutodeengenharia.org.br\/site\/2010\/03\/25\/rodoanel-sera-aberto-no-dia-31\/"},"author":{"name":"TMax Tecnologia","@id":"https:\/\/www.institutodeengenharia.org.br\/site\/#\/schema\/person\/3b1ff109facef084739fc2edcb9a127f"},"headline":"Rodoanel ser\u00e1 aberto no dia 31","datePublished":"2010-03-25T22:39:58+00:00","mainEntityOfPage":{"@id":"https:\/\/www.institutodeengenharia.org.br\/site\/2010\/03\/25\/rodoanel-sera-aberto-no-dia-31\/"},"wordCount":416,"commentCount":0,"publisher":{"@id":"https:\/\/www.institutodeengenharia.org.br\/site\/#organization"},"articleSection":["Not\u00edcias","Transportes"],"inLanguage":"pt-BR","potentialAction":[{"@type":"CommentAction","name":"Comment","target":["https:\/\/www.institutodeengenharia.org.br\/site\/2010\/03\/25\/rodoanel-sera-aberto-no-dia-31\/#respond"]}]},{"@type":"WebPage","@id":"https:\/\/www.institutodeengenharia.org.br\/site\/2010\/03\/25\/rodoanel-sera-aberto-no-dia-31\/","url":"https:\/\/www.institutodeengenharia.org.br\/site\/2010\/03\/25\/rodoanel-sera-aberto-no-dia-31\/","name":"Rodoanel ser\u00e1 aberto no dia 31 - Instituto de Engenharia","isPartOf":{"@id":"https:\/\/www.institutodeengenharia.org.br\/site\/#website"},"datePublished":"2010-03-25T22:39:58+00:00","breadcrumb":{"@id":"https:\/\/www.institutodeengenharia.org.br\/site\/2010\/03\/25\/rodoanel-sera-aberto-no-dia-31\/#breadcrumb"},"inLanguage":"pt-BR","potentialAction":[{"@type":"ReadAction","target":["https:\/\/www.institutodeengenharia.org.br\/site\/2010\/03\/25\/rodoanel-sera-aberto-no-dia-31\/"]}]},{"@type":"BreadcrumbList","@id":"https:\/\/www.institutodeengenharia.org.br\/site\/2010\/03\/25\/rodoanel-sera-aberto-no-dia-31\/#breadcrumb","itemListElement":[{"@type":"ListItem","position":1,"name":"In\u00edcio","item":"https:\/\/www.institutodeengenharia.org.br\/site\/"},{"@type":"ListItem","position":2,"name":"Rodoanel ser\u00e1 aberto no dia 31"}]},{"@type":"WebSite","@id":"https:\/\/www.institutodeengenharia.org.br\/site\/#website","url":"https:\/\/www.institutodeengenharia.org.br\/site\/","name":"Instituto de Engenharia","description":"O Instituto de Engenharia promove a Engenharia em benef\u00edcio do desenvolvimento e da qualidade de vida da sociedade.","publisher":{"@id":"https:\/\/www.institutodeengenharia.org.br\/site\/#organization"},"potentialAction":[{"@type":"SearchAction","target":{"@type":"EntryPoint","urlTemplate":"https:\/\/www.institutodeengenharia.org.br\/site\/?s={search_term_string}"},"query-input":{"@type":"PropertyValueSpecification","valueRequired":true,"valueName":"search_term_string"}}],"inLanguage":"pt-BR"},{"@type":"Organization","@id":"https:\/\/www.institutodeengenharia.org.br\/site\/#organization","name":"Instituto de Engenharia","url":"https:\/\/www.institutodeengenharia.org.br\/site\/","logo":{"@type":"ImageObject","inLanguage":"pt-BR","@id":"https:\/\/www.institutodeengenharia.org.br\/site\/#\/schema\/logo\/image\/","url":"https:\/\/www.institutodeengenharia.org.br\/site\/wp-content\/uploads\/2019\/03\/logo-novo-IE2018-1.jpg","contentUrl":"https:\/\/www.institutodeengenharia.org.br\/site\/wp-content\/uploads\/2019\/03\/logo-novo-IE2018-1.jpg","width":1486,"height":1879,"caption":"Instituto de Engenharia"},"image":{"@id":"https:\/\/www.institutodeengenharia.org.br\/site\/#\/schema\/logo\/image\/"},"sameAs":["https:\/\/www.facebook.com\/institutodeengenharia","https:\/\/x.com\/iengenharia","https:\/\/www.instagram.com\/institutodeengenharia\/","https:\/\/www.linkedin.com\/company\/instituto-de-engenharia\/","https:\/\/www.youtube.com\/channel\/UCXiCAlsSMe977vamW915HxA"]},{"@type":"Person","@id":"https:\/\/www.institutodeengenharia.org.br\/site\/#\/schema\/person\/3b1ff109facef084739fc2edcb9a127f","name":"TMax Tecnologia","image":{"@type":"ImageObject","inLanguage":"pt-BR","@id":"https:\/\/secure.gravatar.com\/avatar\/f912434ef7f389c92cb311fcdae346af848465d638912574b3c669070f797701?s=96&d=mm&r=g","url":"https:\/\/secure.gravatar.com\/avatar\/f912434ef7f389c92cb311fcdae346af848465d638912574b3c669070f797701?s=96&d=mm&r=g","contentUrl":"https:\/\/secure.gravatar.com\/avatar\/f912434ef7f389c92cb311fcdae346af848465d638912574b3c669070f797701?s=96&d=mm&r=g","caption":"TMax Tecnologia"},"url":"https:\/\/www.institutodeengenharia.org.br\/site\/author\/tmax\/"}]}},"_links":{"self":[{"href":"https:\/\/www.institutodeengenharia.org.br\/site\/wp-json\/wp\/v2\/posts\/17842","targetHints":{"allow":["GET"]}}],"collection":[{"href":"https:\/\/www.institutodeengenharia.org.br\/site\/wp-json\/wp\/v2\/posts"}],"about":[{"href":"https:\/\/www.institutodeengenharia.org.br\/site\/wp-json\/wp\/v2\/types\/post"}],"author":[{"embeddable":true,"href":"https:\/\/www.institutodeengenharia.org.br\/site\/wp-json\/wp\/v2\/users\/1"}],"replies":[{"embeddable":true,"href":"https:\/\/www.institutodeengenharia.org.br\/site\/wp-json\/wp\/v2\/comments?post=17842"}],"version-history":[{"count":0,"href":"https:\/\/www.institutodeengenharia.org.br\/site\/wp-json\/wp\/v2\/posts\/17842\/revisions"}],"wp:attachment":[{"href":"https:\/\/www.institutodeengenharia.org.br\/site\/wp-json\/wp\/v2\/media?parent=17842"}],"wp:term":[{"taxonomy":"category","embeddable":true,"href":"https:\/\/www.institutodeengenharia.org.br\/site\/wp-json\/wp\/v2\/categories?post=17842"},{"taxonomy":"post_tag","embeddable":true,"href":"https:\/\/www.institutodeengenharia.org.br\/site\/wp-json\/wp\/v2\/tags?post=17842"}],"curies":[{"name":"wp","href":"https:\/\/api.w.org\/{rel}","templated":true}]}}