{"id":17826,"date":"2010-03-24T22:39:41","date_gmt":"2010-03-24T22:39:41","guid":{"rendered":"https:\/\/www.institutodeengenharia.org.br\/?p=17826"},"modified":"2010-03-24T11:59:29","modified_gmt":"2010-03-24T11:59:29","slug":"sustentabilidade-energetica-comecara-nos-transportes","status":"publish","type":"post","link":"https:\/\/www.institutodeengenharia.org.br\/site\/2010\/03\/24\/sustentabilidade-energetica-comecara-nos-transportes\/","title":{"rendered":"Sustentabilidade energ\u00e9tica come\u00e7ar\u00e1 nos transportes"},"content":{"rendered":"<p>As pesquisas voltadas ao aprimoramento de ve\u00edculos automotores dever\u00e3o comandar as mudan\u00e7as das matrizes energ\u00e9ticas de outros setores rumo \u00e0 utiliza\u00e7\u00e3o de fontes renov\u00e1veis. A afirma\u00e7\u00e3o, de Jos\u00e9 Goldemberg, do Instituto de Eletrot\u00e9cnica e Energia (IEE) da Universidade de S\u00e3o Paulo (USP), foi feita na Conven\u00e7\u00e3o Latino-Americana do Global Sustainable Bioenergy Project (GSB), realizada de 23 a 25 de mar\u00e7o na sede da FAPESP. <\/p>\n<p>O f\u00edsico Goldemberg, ex-reitor da USP e ex-ministro da Educa\u00e7\u00e3o, ministrou a palestra \u201cComo os biocombust\u00edveis podem ajudar o mundo a cumprir as metas de redu\u00e7\u00e3o de emiss\u00f5es de gases de efeito estufa?\u201d. <\/p>\n<p>Com dados de participa\u00e7\u00e3o de fontes prim\u00e1rias de energia do ano de 2008, Goldemberg destacou que petr\u00f3leo, g\u00e1s natural e carv\u00e3o \u2013 combust\u00edveis emissores de gases de efeito estufa \u2013 respondem por cerca de 80% da energia consumida no planeta. \u201cCada ser humano consome o equivalente a 1,5 tonelada de carv\u00e3o por ano\u201d, disse. <\/p>\n<p>Segundo ele, para substituir esses combust\u00edveis \u00e9 fundamental saber em que \u00e1reas s\u00e3o empregados atualmente. \u201cA destina\u00e7\u00e3o da energia mundial est\u00e1 basicamente dividida entre tr\u00eas setores: transportes, ind\u00fastria e edif\u00edcios. E cada uma delas responde por cerca de um ter\u00e7o do consumo\u201d, disse. <\/p>\n<p>A renova\u00e7\u00e3o de ind\u00fastrias e edif\u00edcios seria muito mais demorada e onerosa. \u201cUm pr\u00e9dio tem uma vida \u00fatil entre 50 e 100 anos. Por isso, renovar edif\u00edcios \u00e9 trabalho para dezenas de anos\u201d, afirmou. <\/p>\n<p>Por conta disso, para Goldemberg as mudan\u00e7as das matrizes energ\u00e9ticas devem come\u00e7ar pelos ve\u00edculos, que t\u00eam vida curta e podem ser transformados com uma rapidez muito maior. \u201cPor esse motivo, se preocupar com transporte \u00e9 um dos caminhos mais seguros para investir na sustentabilidade\u201d, destacou. <\/p>\n<p>Nesse sentido, segundo ele, a substitui\u00e7\u00e3o da gasolina e de derivados de petr\u00f3leo por biocombust\u00edveis seria o primeiro passo para que os pa\u00edses comecem a reduzir emiss\u00f5es do principal g\u00e1s de efeito estufa, o di\u00f3xido de carbono. <\/p>\n<p>Goldemberg apontou que o petr\u00f3leo move 30% dos ve\u00edculos nos Estados Unidos. No restante do planeta, essa fonte \u00e9 empregada em cerca de 13% dos sistemas de transporte e, no Brasil, sua participa\u00e7\u00e3o \u00e9 ainda maior. \u201cIsso \u00e9 porque o transporte aqui \u00e9 basicamente rodovi\u00e1rio\u201d, disse. <\/p>\n<p>Por meio de gr\u00e1ficos sobre o aumento de emiss\u00f5es de gases estufa em v\u00e1rios lugares, Goldemberg mostrou que os pa\u00edses em desenvolvimento t\u00eam aumentado a sua participa\u00e7\u00e3o. Isso se deve, segundo ele, \u00e0 industrializa\u00e7\u00e3o acelerada de pa\u00edses como \u00cdndia e China. <\/p>\n<p>H\u00edbridos e el\u00e9tricos <\/p>\n<p>De acordo com Goldemberg, os pa\u00edses t\u00eam mostrado um crescimento exponencial na frota de seus ve\u00edculos, o que pode culminar com n\u00fameros semelhantes \u00e0 da frota norte-americana, a maior do planeta, com quase um ve\u00edculo por habitante. <\/p>\n<p>\u201cO autom\u00f3vel ocupou um lugar na popula\u00e7\u00e3o do s\u00e9culo 20 sem precedentes na hist\u00f3ria. E \u00e9 algo de que elas dificilmente v\u00e3o abrir m\u00e3o\u201d, disse. O que torna, segundo ele, ainda mais necess\u00e1rias as pesquisas em biocombust\u00edveis. <\/p>\n<p>Para Goldemberg, somente a biomassa e a eletricidade se mostraram ser fontes vi\u00e1veis de substitui\u00e7\u00e3o de petr\u00f3leo em um futuro pr\u00f3ximo. E s\u00f3 a biomassa teria a capacidade de substituir integralmente o combust\u00edvel f\u00f3ssil. <\/p>\n<p>A eletricidade, segundo apontou o professor, tem sido empregada com \u00eaxito para melhorar o desempenho de autom\u00f3veis a gasolina. Alguns exemplos de ve\u00edculos h\u00edbridos bem-sucedidos nos Estados Unidos conseguem aumentar a autonomia de um carro em at\u00e9 dez vezes, mas ainda s\u00e3o modelos muito caros para competir com os convencionais a gasolina. <\/p>\n<p>Por outro lado, Goldemberg n\u00e3o v\u00ea viabilidade na aplica\u00e7\u00e3o a curto prazo de ve\u00edculos 100% movidos a eletricidade. \u201cEssa tecnologia ainda est\u00e1 na inf\u00e2ncia. Estudos norte-americanos mostram que o carro el\u00e9trico assumir\u00e1 um papel importante por volta de 2030, isso porque as nossas baterias atuais n\u00e3o s\u00e3o muito mais eficientes do que aquelas que nossos av\u00f3s usavam no s\u00e9culo 19\u201d, provocou. <\/p>\n<p>O hidrog\u00eanio, uma das esperan\u00e7as atuais para combust\u00edveis limpos, tamb\u00e9m foi descartado por Goldemberg para a utiliza\u00e7\u00e3o no curto prazo. \u201cO hidrog\u00eanio obtido hoje deriva principalmente do metano, um combust\u00edvel f\u00f3ssil\u201d, disse. <\/p>\n<p>Ao encerrar, o professor mostrou um gr\u00e1fico das emiss\u00f5es de di\u00f3xido de carbono registradas no Estado de S\u00e3o Paulo que t\u00eam apresentado uma ligeira queda desde 1998. Goldemberg atribuiu esse resultado a uma recupera\u00e7\u00e3o da \u00e1rea verde do Estado e, principalmente, ao aumento gradual da utiliza\u00e7\u00e3o de etanol pela frota paulista. Estima-se que hoje metade dos ve\u00edculos em S\u00e3o Paulo esteja rodando com etanol. <\/p>\n<p>\u201cOs biocombust\u00edveis s\u00e3o a verdadeira energia solar encapsulada, convertida em l\u00edquido que substitui a gasolina. Portanto, a biomassa \u00e9 uma \u00e1rea em que vale a pena investir em pesquisas para que seja sustent\u00e1vel e n\u00e3o uma fonte de destrui\u00e7\u00e3o de ecossistemas\u201d, disse. <\/p>\n<p><b>Autor: Ag\u00eancia Fapesp<\/b><\/p>\n","protected":false},"excerpt":{"rendered":"<p>As pesquisas voltadas ao aprimoramento de ve\u00edculos automotores dever\u00e3o comandar as mudan\u00e7as das matrizes energ\u00e9ticas de outros setores rumo \u00e0 utiliza\u00e7\u00e3o de fontes renov\u00e1veis. A afirma\u00e7\u00e3o, de Jos\u00e9 Goldemberg, do Instituto de Eletrot\u00e9cnica e Energia (IEE) da Universidade de S\u00e3o Paulo (USP), foi feita na Conven\u00e7\u00e3o Latino-Americana do Global Sustainable Bioenergy Project (GSB), realizada de [&hellip;]<\/p>\n","protected":false},"author":1,"featured_media":0,"comment_status":"open","ping_status":"open","sticky":false,"template":"","format":"standard","meta":{"footnotes":""},"categories":[6,41],"tags":[],"class_list":{"0":"post-17826","1":"post","2":"type-post","3":"status-publish","4":"format-standard","6":"category-noticias","7":"category-transportes"},"yoast_head":"<!-- This site is optimized with the Yoast SEO plugin v27.2 - https:\/\/yoast.com\/product\/yoast-seo-wordpress\/ -->\n<title>Sustentabilidade energ\u00e9tica come\u00e7ar\u00e1 nos transportes - Instituto de Engenharia<\/title>\n<meta name=\"robots\" content=\"index, follow, max-snippet:-1, max-image-preview:large, max-video-preview:-1\" \/>\n<link rel=\"canonical\" href=\"https:\/\/www.institutodeengenharia.org.br\/site\/2010\/03\/24\/sustentabilidade-energetica-comecara-nos-transportes\/\" \/>\n<meta property=\"og:locale\" content=\"pt_BR\" \/>\n<meta property=\"og:type\" content=\"article\" \/>\n<meta property=\"og:title\" content=\"Sustentabilidade energ\u00e9tica come\u00e7ar\u00e1 nos transportes - Instituto de Engenharia\" \/>\n<meta property=\"og:description\" content=\"As pesquisas voltadas ao aprimoramento de ve\u00edculos automotores dever\u00e3o comandar as mudan\u00e7as das matrizes energ\u00e9ticas de outros setores rumo \u00e0 utiliza\u00e7\u00e3o de fontes renov\u00e1veis. A afirma\u00e7\u00e3o, de Jos\u00e9 Goldemberg, do Instituto de Eletrot\u00e9cnica e Energia (IEE) da Universidade de S\u00e3o Paulo (USP), foi feita na Conven\u00e7\u00e3o Latino-Americana do Global Sustainable Bioenergy Project (GSB), realizada de [&hellip;]\" \/>\n<meta property=\"og:url\" content=\"https:\/\/www.institutodeengenharia.org.br\/site\/2010\/03\/24\/sustentabilidade-energetica-comecara-nos-transportes\/\" \/>\n<meta property=\"og:site_name\" content=\"Instituto de Engenharia\" \/>\n<meta property=\"article:publisher\" content=\"https:\/\/www.facebook.com\/institutodeengenharia\" \/>\n<meta property=\"article:published_time\" content=\"2010-03-24T22:39:41+00:00\" \/>\n<meta name=\"author\" content=\"TMax Tecnologia\" \/>\n<meta name=\"twitter:card\" content=\"summary_large_image\" \/>\n<meta name=\"twitter:creator\" content=\"@iengenharia\" \/>\n<meta name=\"twitter:site\" content=\"@iengenharia\" \/>\n<meta name=\"twitter:label1\" content=\"Escrito por\" \/>\n\t<meta name=\"twitter:data1\" content=\"TMax Tecnologia\" \/>\n\t<meta name=\"twitter:label2\" content=\"Est. tempo de leitura\" \/>\n\t<meta name=\"twitter:data2\" content=\"4 minutos\" \/>\n<script type=\"application\/ld+json\" class=\"yoast-schema-graph\">{\"@context\":\"https:\/\/schema.org\",\"@graph\":[{\"@type\":\"Article\",\"@id\":\"https:\/\/www.institutodeengenharia.org.br\/site\/2010\/03\/24\/sustentabilidade-energetica-comecara-nos-transportes\/#article\",\"isPartOf\":{\"@id\":\"https:\/\/www.institutodeengenharia.org.br\/site\/2010\/03\/24\/sustentabilidade-energetica-comecara-nos-transportes\/\"},\"author\":{\"name\":\"TMax Tecnologia\",\"@id\":\"https:\/\/www.institutodeengenharia.org.br\/site\/#\/schema\/person\/3b1ff109facef084739fc2edcb9a127f\"},\"headline\":\"Sustentabilidade energ\u00e9tica come\u00e7ar\u00e1 nos transportes\",\"datePublished\":\"2010-03-24T22:39:41+00:00\",\"mainEntityOfPage\":{\"@id\":\"https:\/\/www.institutodeengenharia.org.br\/site\/2010\/03\/24\/sustentabilidade-energetica-comecara-nos-transportes\/\"},\"wordCount\":858,\"commentCount\":0,\"publisher\":{\"@id\":\"https:\/\/www.institutodeengenharia.org.br\/site\/#organization\"},\"articleSection\":[\"Not\u00edcias\",\"Transportes\"],\"inLanguage\":\"pt-BR\",\"potentialAction\":[{\"@type\":\"CommentAction\",\"name\":\"Comment\",\"target\":[\"https:\/\/www.institutodeengenharia.org.br\/site\/2010\/03\/24\/sustentabilidade-energetica-comecara-nos-transportes\/#respond\"]}]},{\"@type\":\"WebPage\",\"@id\":\"https:\/\/www.institutodeengenharia.org.br\/site\/2010\/03\/24\/sustentabilidade-energetica-comecara-nos-transportes\/\",\"url\":\"https:\/\/www.institutodeengenharia.org.br\/site\/2010\/03\/24\/sustentabilidade-energetica-comecara-nos-transportes\/\",\"name\":\"Sustentabilidade energ\u00e9tica come\u00e7ar\u00e1 nos transportes - Instituto de Engenharia\",\"isPartOf\":{\"@id\":\"https:\/\/www.institutodeengenharia.org.br\/site\/#website\"},\"datePublished\":\"2010-03-24T22:39:41+00:00\",\"breadcrumb\":{\"@id\":\"https:\/\/www.institutodeengenharia.org.br\/site\/2010\/03\/24\/sustentabilidade-energetica-comecara-nos-transportes\/#breadcrumb\"},\"inLanguage\":\"pt-BR\",\"potentialAction\":[{\"@type\":\"ReadAction\",\"target\":[\"https:\/\/www.institutodeengenharia.org.br\/site\/2010\/03\/24\/sustentabilidade-energetica-comecara-nos-transportes\/\"]}]},{\"@type\":\"BreadcrumbList\",\"@id\":\"https:\/\/www.institutodeengenharia.org.br\/site\/2010\/03\/24\/sustentabilidade-energetica-comecara-nos-transportes\/#breadcrumb\",\"itemListElement\":[{\"@type\":\"ListItem\",\"position\":1,\"name\":\"In\u00edcio\",\"item\":\"https:\/\/www.institutodeengenharia.org.br\/site\/\"},{\"@type\":\"ListItem\",\"position\":2,\"name\":\"Sustentabilidade energ\u00e9tica come\u00e7ar\u00e1 nos transportes\"}]},{\"@type\":\"WebSite\",\"@id\":\"https:\/\/www.institutodeengenharia.org.br\/site\/#website\",\"url\":\"https:\/\/www.institutodeengenharia.org.br\/site\/\",\"name\":\"Instituto de Engenharia\",\"description\":\"O Instituto de Engenharia promove a Engenharia em benef\u00edcio do desenvolvimento e da qualidade de vida da sociedade.\",\"publisher\":{\"@id\":\"https:\/\/www.institutodeengenharia.org.br\/site\/#organization\"},\"potentialAction\":[{\"@type\":\"SearchAction\",\"target\":{\"@type\":\"EntryPoint\",\"urlTemplate\":\"https:\/\/www.institutodeengenharia.org.br\/site\/?s={search_term_string}\"},\"query-input\":{\"@type\":\"PropertyValueSpecification\",\"valueRequired\":true,\"valueName\":\"search_term_string\"}}],\"inLanguage\":\"pt-BR\"},{\"@type\":\"Organization\",\"@id\":\"https:\/\/www.institutodeengenharia.org.br\/site\/#organization\",\"name\":\"Instituto de Engenharia\",\"url\":\"https:\/\/www.institutodeengenharia.org.br\/site\/\",\"logo\":{\"@type\":\"ImageObject\",\"inLanguage\":\"pt-BR\",\"@id\":\"https:\/\/www.institutodeengenharia.org.br\/site\/#\/schema\/logo\/image\/\",\"url\":\"https:\/\/www.institutodeengenharia.org.br\/site\/wp-content\/uploads\/2019\/03\/logo-novo-IE2018-1.jpg\",\"contentUrl\":\"https:\/\/www.institutodeengenharia.org.br\/site\/wp-content\/uploads\/2019\/03\/logo-novo-IE2018-1.jpg\",\"width\":1486,\"height\":1879,\"caption\":\"Instituto de Engenharia\"},\"image\":{\"@id\":\"https:\/\/www.institutodeengenharia.org.br\/site\/#\/schema\/logo\/image\/\"},\"sameAs\":[\"https:\/\/www.facebook.com\/institutodeengenharia\",\"https:\/\/x.com\/iengenharia\",\"https:\/\/www.instagram.com\/institutodeengenharia\/\",\"https:\/\/www.linkedin.com\/company\/instituto-de-engenharia\/\",\"https:\/\/www.youtube.com\/channel\/UCXiCAlsSMe977vamW915HxA\"]},{\"@type\":\"Person\",\"@id\":\"https:\/\/www.institutodeengenharia.org.br\/site\/#\/schema\/person\/3b1ff109facef084739fc2edcb9a127f\",\"name\":\"TMax Tecnologia\",\"image\":{\"@type\":\"ImageObject\",\"inLanguage\":\"pt-BR\",\"@id\":\"https:\/\/secure.gravatar.com\/avatar\/f912434ef7f389c92cb311fcdae346af848465d638912574b3c669070f797701?s=96&d=mm&r=g\",\"url\":\"https:\/\/secure.gravatar.com\/avatar\/f912434ef7f389c92cb311fcdae346af848465d638912574b3c669070f797701?s=96&d=mm&r=g\",\"contentUrl\":\"https:\/\/secure.gravatar.com\/avatar\/f912434ef7f389c92cb311fcdae346af848465d638912574b3c669070f797701?s=96&d=mm&r=g\",\"caption\":\"TMax Tecnologia\"},\"url\":\"https:\/\/www.institutodeengenharia.org.br\/site\/author\/tmax\/\"}]}<\/script>\n<!-- \/ Yoast SEO plugin. -->","yoast_head_json":{"title":"Sustentabilidade energ\u00e9tica come\u00e7ar\u00e1 nos transportes - Instituto de Engenharia","robots":{"index":"index","follow":"follow","max-snippet":"max-snippet:-1","max-image-preview":"max-image-preview:large","max-video-preview":"max-video-preview:-1"},"canonical":"https:\/\/www.institutodeengenharia.org.br\/site\/2010\/03\/24\/sustentabilidade-energetica-comecara-nos-transportes\/","og_locale":"pt_BR","og_type":"article","og_title":"Sustentabilidade energ\u00e9tica come\u00e7ar\u00e1 nos transportes - Instituto de Engenharia","og_description":"As pesquisas voltadas ao aprimoramento de ve\u00edculos automotores dever\u00e3o comandar as mudan\u00e7as das matrizes energ\u00e9ticas de outros setores rumo \u00e0 utiliza\u00e7\u00e3o de fontes renov\u00e1veis. A afirma\u00e7\u00e3o, de Jos\u00e9 Goldemberg, do Instituto de Eletrot\u00e9cnica e Energia (IEE) da Universidade de S\u00e3o Paulo (USP), foi feita na Conven\u00e7\u00e3o Latino-Americana do Global Sustainable Bioenergy Project (GSB), realizada de [&hellip;]","og_url":"https:\/\/www.institutodeengenharia.org.br\/site\/2010\/03\/24\/sustentabilidade-energetica-comecara-nos-transportes\/","og_site_name":"Instituto de Engenharia","article_publisher":"https:\/\/www.facebook.com\/institutodeengenharia","article_published_time":"2010-03-24T22:39:41+00:00","author":"TMax Tecnologia","twitter_card":"summary_large_image","twitter_creator":"@iengenharia","twitter_site":"@iengenharia","twitter_misc":{"Escrito por":"TMax Tecnologia","Est. tempo de leitura":"4 minutos"},"schema":{"@context":"https:\/\/schema.org","@graph":[{"@type":"Article","@id":"https:\/\/www.institutodeengenharia.org.br\/site\/2010\/03\/24\/sustentabilidade-energetica-comecara-nos-transportes\/#article","isPartOf":{"@id":"https:\/\/www.institutodeengenharia.org.br\/site\/2010\/03\/24\/sustentabilidade-energetica-comecara-nos-transportes\/"},"author":{"name":"TMax Tecnologia","@id":"https:\/\/www.institutodeengenharia.org.br\/site\/#\/schema\/person\/3b1ff109facef084739fc2edcb9a127f"},"headline":"Sustentabilidade energ\u00e9tica come\u00e7ar\u00e1 nos transportes","datePublished":"2010-03-24T22:39:41+00:00","mainEntityOfPage":{"@id":"https:\/\/www.institutodeengenharia.org.br\/site\/2010\/03\/24\/sustentabilidade-energetica-comecara-nos-transportes\/"},"wordCount":858,"commentCount":0,"publisher":{"@id":"https:\/\/www.institutodeengenharia.org.br\/site\/#organization"},"articleSection":["Not\u00edcias","Transportes"],"inLanguage":"pt-BR","potentialAction":[{"@type":"CommentAction","name":"Comment","target":["https:\/\/www.institutodeengenharia.org.br\/site\/2010\/03\/24\/sustentabilidade-energetica-comecara-nos-transportes\/#respond"]}]},{"@type":"WebPage","@id":"https:\/\/www.institutodeengenharia.org.br\/site\/2010\/03\/24\/sustentabilidade-energetica-comecara-nos-transportes\/","url":"https:\/\/www.institutodeengenharia.org.br\/site\/2010\/03\/24\/sustentabilidade-energetica-comecara-nos-transportes\/","name":"Sustentabilidade energ\u00e9tica come\u00e7ar\u00e1 nos transportes - Instituto de Engenharia","isPartOf":{"@id":"https:\/\/www.institutodeengenharia.org.br\/site\/#website"},"datePublished":"2010-03-24T22:39:41+00:00","breadcrumb":{"@id":"https:\/\/www.institutodeengenharia.org.br\/site\/2010\/03\/24\/sustentabilidade-energetica-comecara-nos-transportes\/#breadcrumb"},"inLanguage":"pt-BR","potentialAction":[{"@type":"ReadAction","target":["https:\/\/www.institutodeengenharia.org.br\/site\/2010\/03\/24\/sustentabilidade-energetica-comecara-nos-transportes\/"]}]},{"@type":"BreadcrumbList","@id":"https:\/\/www.institutodeengenharia.org.br\/site\/2010\/03\/24\/sustentabilidade-energetica-comecara-nos-transportes\/#breadcrumb","itemListElement":[{"@type":"ListItem","position":1,"name":"In\u00edcio","item":"https:\/\/www.institutodeengenharia.org.br\/site\/"},{"@type":"ListItem","position":2,"name":"Sustentabilidade energ\u00e9tica come\u00e7ar\u00e1 nos transportes"}]},{"@type":"WebSite","@id":"https:\/\/www.institutodeengenharia.org.br\/site\/#website","url":"https:\/\/www.institutodeengenharia.org.br\/site\/","name":"Instituto de Engenharia","description":"O Instituto de Engenharia promove a Engenharia em benef\u00edcio do desenvolvimento e da qualidade de vida da sociedade.","publisher":{"@id":"https:\/\/www.institutodeengenharia.org.br\/site\/#organization"},"potentialAction":[{"@type":"SearchAction","target":{"@type":"EntryPoint","urlTemplate":"https:\/\/www.institutodeengenharia.org.br\/site\/?s={search_term_string}"},"query-input":{"@type":"PropertyValueSpecification","valueRequired":true,"valueName":"search_term_string"}}],"inLanguage":"pt-BR"},{"@type":"Organization","@id":"https:\/\/www.institutodeengenharia.org.br\/site\/#organization","name":"Instituto de Engenharia","url":"https:\/\/www.institutodeengenharia.org.br\/site\/","logo":{"@type":"ImageObject","inLanguage":"pt-BR","@id":"https:\/\/www.institutodeengenharia.org.br\/site\/#\/schema\/logo\/image\/","url":"https:\/\/www.institutodeengenharia.org.br\/site\/wp-content\/uploads\/2019\/03\/logo-novo-IE2018-1.jpg","contentUrl":"https:\/\/www.institutodeengenharia.org.br\/site\/wp-content\/uploads\/2019\/03\/logo-novo-IE2018-1.jpg","width":1486,"height":1879,"caption":"Instituto de Engenharia"},"image":{"@id":"https:\/\/www.institutodeengenharia.org.br\/site\/#\/schema\/logo\/image\/"},"sameAs":["https:\/\/www.facebook.com\/institutodeengenharia","https:\/\/x.com\/iengenharia","https:\/\/www.instagram.com\/institutodeengenharia\/","https:\/\/www.linkedin.com\/company\/instituto-de-engenharia\/","https:\/\/www.youtube.com\/channel\/UCXiCAlsSMe977vamW915HxA"]},{"@type":"Person","@id":"https:\/\/www.institutodeengenharia.org.br\/site\/#\/schema\/person\/3b1ff109facef084739fc2edcb9a127f","name":"TMax Tecnologia","image":{"@type":"ImageObject","inLanguage":"pt-BR","@id":"https:\/\/secure.gravatar.com\/avatar\/f912434ef7f389c92cb311fcdae346af848465d638912574b3c669070f797701?s=96&d=mm&r=g","url":"https:\/\/secure.gravatar.com\/avatar\/f912434ef7f389c92cb311fcdae346af848465d638912574b3c669070f797701?s=96&d=mm&r=g","contentUrl":"https:\/\/secure.gravatar.com\/avatar\/f912434ef7f389c92cb311fcdae346af848465d638912574b3c669070f797701?s=96&d=mm&r=g","caption":"TMax Tecnologia"},"url":"https:\/\/www.institutodeengenharia.org.br\/site\/author\/tmax\/"}]}},"_links":{"self":[{"href":"https:\/\/www.institutodeengenharia.org.br\/site\/wp-json\/wp\/v2\/posts\/17826","targetHints":{"allow":["GET"]}}],"collection":[{"href":"https:\/\/www.institutodeengenharia.org.br\/site\/wp-json\/wp\/v2\/posts"}],"about":[{"href":"https:\/\/www.institutodeengenharia.org.br\/site\/wp-json\/wp\/v2\/types\/post"}],"author":[{"embeddable":true,"href":"https:\/\/www.institutodeengenharia.org.br\/site\/wp-json\/wp\/v2\/users\/1"}],"replies":[{"embeddable":true,"href":"https:\/\/www.institutodeengenharia.org.br\/site\/wp-json\/wp\/v2\/comments?post=17826"}],"version-history":[{"count":0,"href":"https:\/\/www.institutodeengenharia.org.br\/site\/wp-json\/wp\/v2\/posts\/17826\/revisions"}],"wp:attachment":[{"href":"https:\/\/www.institutodeengenharia.org.br\/site\/wp-json\/wp\/v2\/media?parent=17826"}],"wp:term":[{"taxonomy":"category","embeddable":true,"href":"https:\/\/www.institutodeengenharia.org.br\/site\/wp-json\/wp\/v2\/categories?post=17826"},{"taxonomy":"post_tag","embeddable":true,"href":"https:\/\/www.institutodeengenharia.org.br\/site\/wp-json\/wp\/v2\/tags?post=17826"}],"curies":[{"name":"wp","href":"https:\/\/api.w.org\/{rel}","templated":true}]}}