{"id":17825,"date":"2010-03-24T22:39:40","date_gmt":"2010-03-24T22:39:40","guid":{"rendered":"https:\/\/www.institutodeengenharia.org.br\/?p=17825"},"modified":"2010-03-24T11:45:29","modified_gmt":"2010-03-24T11:45:29","slug":"com-formacao-interdisciplinar-profissao-tem-mercado-ampliado-pela-preocupacao-com-o-meio-ambiente","status":"publish","type":"post","link":"https:\/\/www.institutodeengenharia.org.br\/site\/2010\/03\/24\/com-formacao-interdisciplinar-profissao-tem-mercado-ampliado-pela-preocupacao-com-o-meio-ambiente\/","title":{"rendered":"Com forma\u00e7\u00e3o interdisciplinar, profiss\u00e3o tem mercado ampliado pela preocupa\u00e7\u00e3o com o meio ambiente"},"content":{"rendered":"<p>Com um olho no canteiro de obras e outro no cen\u00e1rio que est\u00e1 em volta dele, o engenheiro ambiental \u00e9 chamado de um engenheiro de cabe\u00e7a aberta. Sua forma\u00e7\u00e3o mistura as cadeiras comuns a todas as engenharias, como matem\u00e1tica e f\u00edsica, e mais qu\u00edmica e biologia. Ou seja, se voc\u00ea \u00e9 daqueles que t\u00eam m\u00faltiplos interesses e, al\u00e9m disso, tem uma queda pela natureza, seu lugar pode ser na Ambiental.&nbsp;<\/p>\n<p>Segundo a professora Iene Figueiredo, coordenadora da gradua\u00e7\u00e3o em Engenharia Ambiental da Universidade Federal do Rio de Janeiro (UFRJ), essa interdisciplinaridade \u00e9 indispens\u00e1vel para o profissional da \u00e1rea. Afinal, ele pode trabalhar em setores t\u00e3o diversos como petr\u00f3leo e agricultura org\u00e2nica. <\/p>\n<p>&#8211; O engenheiro ambiental \u00e9 um profissional capaz de atuar em muitas \u00e1reas diferentes, e sua presen\u00e7a vai ser cada vez mais importante &#8211; afirma a professora. <\/p>\n<p>Os cursos na \u00e1rea s\u00e3o recentes, mas v\u00e1rias universidades p\u00fablicas do Estado do Rio j\u00e1 o oferecem, como UFF, UFRJ e Rural. De acordo com Iene, um certo desconhecimento sobre a carreira, que antes era uma especializa\u00e7\u00e3o da Engenharia Civil, cria uma confus\u00e3o sobre as suas atividades. A coordenadora faz quest\u00e3o de dizer que o profissional \u00e9 antes de tudo um engenheiro, e n\u00e3o um gestor. <\/p>\n<p>&#8211; As pessoas t\u00eam uma impress\u00e3o de que o engenheiro ambiental \u00e9 um gestor, mas n\u00e3o \u00e9 apenas isso. Ele tem toda a capacidade de criar projetos, verificar obras e fazer an\u00e1lises de impacto ambiental &#8211; explica a professora, esclarecendo um ponto importante. &#8211; Mas ele n\u00e3o substitui um engenheiro civil, por exemplo. Ele pode at\u00e9 fazer o projeto, mas algu\u00e9m vai ter que construir. <\/p>\n<p><b>Autor: O Globo<\/b><\/p>\n","protected":false},"excerpt":{"rendered":"<p>Com um olho no canteiro de obras e outro no cen\u00e1rio que est\u00e1 em volta dele, o engenheiro ambiental \u00e9 chamado de um engenheiro de cabe\u00e7a aberta. Sua forma\u00e7\u00e3o mistura as cadeiras comuns a todas as engenharias, como matem\u00e1tica e f\u00edsica, e mais qu\u00edmica e biologia. Ou seja, se voc\u00ea \u00e9 daqueles que t\u00eam m\u00faltiplos [&hellip;]<\/p>\n","protected":false},"author":1,"featured_media":0,"comment_status":"open","ping_status":"open","sticky":false,"template":"","format":"standard","meta":{"footnotes":""},"categories":[6,35],"tags":[],"class_list":{"0":"post-17825","1":"post","2":"type-post","3":"status-publish","4":"format-standard","6":"category-noticias","7":"category-pesquisa-e-desenvolvimento"},"yoast_head":"<!-- This site is optimized with the Yoast SEO plugin v27.2 - https:\/\/yoast.com\/product\/yoast-seo-wordpress\/ -->\n<title>Com forma\u00e7\u00e3o interdisciplinar, profiss\u00e3o tem mercado ampliado pela preocupa\u00e7\u00e3o com o meio ambiente - Instituto de Engenharia<\/title>\n<meta name=\"robots\" content=\"index, follow, max-snippet:-1, max-image-preview:large, max-video-preview:-1\" \/>\n<link rel=\"canonical\" href=\"https:\/\/www.institutodeengenharia.org.br\/site\/2010\/03\/24\/com-formacao-interdisciplinar-profissao-tem-mercado-ampliado-pela-preocupacao-com-o-meio-ambiente\/\" \/>\n<meta property=\"og:locale\" content=\"pt_BR\" \/>\n<meta property=\"og:type\" content=\"article\" \/>\n<meta property=\"og:title\" content=\"Com forma\u00e7\u00e3o interdisciplinar, profiss\u00e3o tem mercado ampliado pela preocupa\u00e7\u00e3o com o meio ambiente - Instituto de Engenharia\" \/>\n<meta property=\"og:description\" content=\"Com um olho no canteiro de obras e outro no cen\u00e1rio que est\u00e1 em volta dele, o engenheiro ambiental \u00e9 chamado de um engenheiro de cabe\u00e7a aberta. Sua forma\u00e7\u00e3o mistura as cadeiras comuns a todas as engenharias, como matem\u00e1tica e f\u00edsica, e mais qu\u00edmica e biologia. Ou seja, se voc\u00ea \u00e9 daqueles que t\u00eam m\u00faltiplos [&hellip;]\" \/>\n<meta property=\"og:url\" content=\"https:\/\/www.institutodeengenharia.org.br\/site\/2010\/03\/24\/com-formacao-interdisciplinar-profissao-tem-mercado-ampliado-pela-preocupacao-com-o-meio-ambiente\/\" \/>\n<meta property=\"og:site_name\" content=\"Instituto de Engenharia\" \/>\n<meta property=\"article:publisher\" content=\"https:\/\/www.facebook.com\/institutodeengenharia\" \/>\n<meta property=\"article:published_time\" content=\"2010-03-24T22:39:40+00:00\" \/>\n<meta name=\"author\" content=\"TMax Tecnologia\" \/>\n<meta name=\"twitter:card\" content=\"summary_large_image\" \/>\n<meta name=\"twitter:creator\" content=\"@iengenharia\" \/>\n<meta name=\"twitter:site\" content=\"@iengenharia\" \/>\n<meta name=\"twitter:label1\" content=\"Escrito por\" \/>\n\t<meta name=\"twitter:data1\" content=\"TMax Tecnologia\" \/>\n\t<meta name=\"twitter:label2\" content=\"Est. tempo de leitura\" \/>\n\t<meta name=\"twitter:data2\" content=\"1 minuto\" \/>\n<script type=\"application\/ld+json\" class=\"yoast-schema-graph\">{\"@context\":\"https:\/\/schema.org\",\"@graph\":[{\"@type\":\"Article\",\"@id\":\"https:\/\/www.institutodeengenharia.org.br\/site\/2010\/03\/24\/com-formacao-interdisciplinar-profissao-tem-mercado-ampliado-pela-preocupacao-com-o-meio-ambiente\/#article\",\"isPartOf\":{\"@id\":\"https:\/\/www.institutodeengenharia.org.br\/site\/2010\/03\/24\/com-formacao-interdisciplinar-profissao-tem-mercado-ampliado-pela-preocupacao-com-o-meio-ambiente\/\"},\"author\":{\"name\":\"TMax Tecnologia\",\"@id\":\"https:\/\/www.institutodeengenharia.org.br\/site\/#\/schema\/person\/3b1ff109facef084739fc2edcb9a127f\"},\"headline\":\"Com forma\u00e7\u00e3o interdisciplinar, profiss\u00e3o tem mercado ampliado pela preocupa\u00e7\u00e3o com o meio ambiente\",\"datePublished\":\"2010-03-24T22:39:40+00:00\",\"mainEntityOfPage\":{\"@id\":\"https:\/\/www.institutodeengenharia.org.br\/site\/2010\/03\/24\/com-formacao-interdisciplinar-profissao-tem-mercado-ampliado-pela-preocupacao-com-o-meio-ambiente\/\"},\"wordCount\":310,\"commentCount\":0,\"publisher\":{\"@id\":\"https:\/\/www.institutodeengenharia.org.br\/site\/#organization\"},\"articleSection\":[\"Not\u00edcias\",\"Pesquisa e Desenvolvimento\"],\"inLanguage\":\"pt-BR\",\"potentialAction\":[{\"@type\":\"CommentAction\",\"name\":\"Comment\",\"target\":[\"https:\/\/www.institutodeengenharia.org.br\/site\/2010\/03\/24\/com-formacao-interdisciplinar-profissao-tem-mercado-ampliado-pela-preocupacao-com-o-meio-ambiente\/#respond\"]}]},{\"@type\":\"WebPage\",\"@id\":\"https:\/\/www.institutodeengenharia.org.br\/site\/2010\/03\/24\/com-formacao-interdisciplinar-profissao-tem-mercado-ampliado-pela-preocupacao-com-o-meio-ambiente\/\",\"url\":\"https:\/\/www.institutodeengenharia.org.br\/site\/2010\/03\/24\/com-formacao-interdisciplinar-profissao-tem-mercado-ampliado-pela-preocupacao-com-o-meio-ambiente\/\",\"name\":\"Com forma\u00e7\u00e3o interdisciplinar, profiss\u00e3o tem mercado ampliado pela preocupa\u00e7\u00e3o com o meio ambiente - Instituto de Engenharia\",\"isPartOf\":{\"@id\":\"https:\/\/www.institutodeengenharia.org.br\/site\/#website\"},\"datePublished\":\"2010-03-24T22:39:40+00:00\",\"breadcrumb\":{\"@id\":\"https:\/\/www.institutodeengenharia.org.br\/site\/2010\/03\/24\/com-formacao-interdisciplinar-profissao-tem-mercado-ampliado-pela-preocupacao-com-o-meio-ambiente\/#breadcrumb\"},\"inLanguage\":\"pt-BR\",\"potentialAction\":[{\"@type\":\"ReadAction\",\"target\":[\"https:\/\/www.institutodeengenharia.org.br\/site\/2010\/03\/24\/com-formacao-interdisciplinar-profissao-tem-mercado-ampliado-pela-preocupacao-com-o-meio-ambiente\/\"]}]},{\"@type\":\"BreadcrumbList\",\"@id\":\"https:\/\/www.institutodeengenharia.org.br\/site\/2010\/03\/24\/com-formacao-interdisciplinar-profissao-tem-mercado-ampliado-pela-preocupacao-com-o-meio-ambiente\/#breadcrumb\",\"itemListElement\":[{\"@type\":\"ListItem\",\"position\":1,\"name\":\"In\u00edcio\",\"item\":\"https:\/\/www.institutodeengenharia.org.br\/site\/\"},{\"@type\":\"ListItem\",\"position\":2,\"name\":\"Com forma\u00e7\u00e3o interdisciplinar, profiss\u00e3o tem mercado ampliado pela preocupa\u00e7\u00e3o com o meio ambiente\"}]},{\"@type\":\"WebSite\",\"@id\":\"https:\/\/www.institutodeengenharia.org.br\/site\/#website\",\"url\":\"https:\/\/www.institutodeengenharia.org.br\/site\/\",\"name\":\"Instituto de Engenharia\",\"description\":\"O Instituto de Engenharia promove a Engenharia em benef\u00edcio do desenvolvimento e da qualidade de vida da sociedade.\",\"publisher\":{\"@id\":\"https:\/\/www.institutodeengenharia.org.br\/site\/#organization\"},\"potentialAction\":[{\"@type\":\"SearchAction\",\"target\":{\"@type\":\"EntryPoint\",\"urlTemplate\":\"https:\/\/www.institutodeengenharia.org.br\/site\/?s={search_term_string}\"},\"query-input\":{\"@type\":\"PropertyValueSpecification\",\"valueRequired\":true,\"valueName\":\"search_term_string\"}}],\"inLanguage\":\"pt-BR\"},{\"@type\":\"Organization\",\"@id\":\"https:\/\/www.institutodeengenharia.org.br\/site\/#organization\",\"name\":\"Instituto de Engenharia\",\"url\":\"https:\/\/www.institutodeengenharia.org.br\/site\/\",\"logo\":{\"@type\":\"ImageObject\",\"inLanguage\":\"pt-BR\",\"@id\":\"https:\/\/www.institutodeengenharia.org.br\/site\/#\/schema\/logo\/image\/\",\"url\":\"https:\/\/www.institutodeengenharia.org.br\/site\/wp-content\/uploads\/2019\/03\/logo-novo-IE2018-1.jpg\",\"contentUrl\":\"https:\/\/www.institutodeengenharia.org.br\/site\/wp-content\/uploads\/2019\/03\/logo-novo-IE2018-1.jpg\",\"width\":1486,\"height\":1879,\"caption\":\"Instituto de Engenharia\"},\"image\":{\"@id\":\"https:\/\/www.institutodeengenharia.org.br\/site\/#\/schema\/logo\/image\/\"},\"sameAs\":[\"https:\/\/www.facebook.com\/institutodeengenharia\",\"https:\/\/x.com\/iengenharia\",\"https:\/\/www.instagram.com\/institutodeengenharia\/\",\"https:\/\/www.linkedin.com\/company\/instituto-de-engenharia\/\",\"https:\/\/www.youtube.com\/channel\/UCXiCAlsSMe977vamW915HxA\"]},{\"@type\":\"Person\",\"@id\":\"https:\/\/www.institutodeengenharia.org.br\/site\/#\/schema\/person\/3b1ff109facef084739fc2edcb9a127f\",\"name\":\"TMax Tecnologia\",\"image\":{\"@type\":\"ImageObject\",\"inLanguage\":\"pt-BR\",\"@id\":\"https:\/\/secure.gravatar.com\/avatar\/f912434ef7f389c92cb311fcdae346af848465d638912574b3c669070f797701?s=96&d=mm&r=g\",\"url\":\"https:\/\/secure.gravatar.com\/avatar\/f912434ef7f389c92cb311fcdae346af848465d638912574b3c669070f797701?s=96&d=mm&r=g\",\"contentUrl\":\"https:\/\/secure.gravatar.com\/avatar\/f912434ef7f389c92cb311fcdae346af848465d638912574b3c669070f797701?s=96&d=mm&r=g\",\"caption\":\"TMax Tecnologia\"},\"url\":\"https:\/\/www.institutodeengenharia.org.br\/site\/author\/tmax\/\"}]}<\/script>\n<!-- \/ Yoast SEO plugin. -->","yoast_head_json":{"title":"Com forma\u00e7\u00e3o interdisciplinar, profiss\u00e3o tem mercado ampliado pela preocupa\u00e7\u00e3o com o meio ambiente - Instituto de Engenharia","robots":{"index":"index","follow":"follow","max-snippet":"max-snippet:-1","max-image-preview":"max-image-preview:large","max-video-preview":"max-video-preview:-1"},"canonical":"https:\/\/www.institutodeengenharia.org.br\/site\/2010\/03\/24\/com-formacao-interdisciplinar-profissao-tem-mercado-ampliado-pela-preocupacao-com-o-meio-ambiente\/","og_locale":"pt_BR","og_type":"article","og_title":"Com forma\u00e7\u00e3o interdisciplinar, profiss\u00e3o tem mercado ampliado pela preocupa\u00e7\u00e3o com o meio ambiente - Instituto de Engenharia","og_description":"Com um olho no canteiro de obras e outro no cen\u00e1rio que est\u00e1 em volta dele, o engenheiro ambiental \u00e9 chamado de um engenheiro de cabe\u00e7a aberta. Sua forma\u00e7\u00e3o mistura as cadeiras comuns a todas as engenharias, como matem\u00e1tica e f\u00edsica, e mais qu\u00edmica e biologia. Ou seja, se voc\u00ea \u00e9 daqueles que t\u00eam m\u00faltiplos [&hellip;]","og_url":"https:\/\/www.institutodeengenharia.org.br\/site\/2010\/03\/24\/com-formacao-interdisciplinar-profissao-tem-mercado-ampliado-pela-preocupacao-com-o-meio-ambiente\/","og_site_name":"Instituto de Engenharia","article_publisher":"https:\/\/www.facebook.com\/institutodeengenharia","article_published_time":"2010-03-24T22:39:40+00:00","author":"TMax Tecnologia","twitter_card":"summary_large_image","twitter_creator":"@iengenharia","twitter_site":"@iengenharia","twitter_misc":{"Escrito por":"TMax Tecnologia","Est. tempo de leitura":"1 minuto"},"schema":{"@context":"https:\/\/schema.org","@graph":[{"@type":"Article","@id":"https:\/\/www.institutodeengenharia.org.br\/site\/2010\/03\/24\/com-formacao-interdisciplinar-profissao-tem-mercado-ampliado-pela-preocupacao-com-o-meio-ambiente\/#article","isPartOf":{"@id":"https:\/\/www.institutodeengenharia.org.br\/site\/2010\/03\/24\/com-formacao-interdisciplinar-profissao-tem-mercado-ampliado-pela-preocupacao-com-o-meio-ambiente\/"},"author":{"name":"TMax Tecnologia","@id":"https:\/\/www.institutodeengenharia.org.br\/site\/#\/schema\/person\/3b1ff109facef084739fc2edcb9a127f"},"headline":"Com forma\u00e7\u00e3o interdisciplinar, profiss\u00e3o tem mercado ampliado pela preocupa\u00e7\u00e3o com o meio ambiente","datePublished":"2010-03-24T22:39:40+00:00","mainEntityOfPage":{"@id":"https:\/\/www.institutodeengenharia.org.br\/site\/2010\/03\/24\/com-formacao-interdisciplinar-profissao-tem-mercado-ampliado-pela-preocupacao-com-o-meio-ambiente\/"},"wordCount":310,"commentCount":0,"publisher":{"@id":"https:\/\/www.institutodeengenharia.org.br\/site\/#organization"},"articleSection":["Not\u00edcias","Pesquisa e Desenvolvimento"],"inLanguage":"pt-BR","potentialAction":[{"@type":"CommentAction","name":"Comment","target":["https:\/\/www.institutodeengenharia.org.br\/site\/2010\/03\/24\/com-formacao-interdisciplinar-profissao-tem-mercado-ampliado-pela-preocupacao-com-o-meio-ambiente\/#respond"]}]},{"@type":"WebPage","@id":"https:\/\/www.institutodeengenharia.org.br\/site\/2010\/03\/24\/com-formacao-interdisciplinar-profissao-tem-mercado-ampliado-pela-preocupacao-com-o-meio-ambiente\/","url":"https:\/\/www.institutodeengenharia.org.br\/site\/2010\/03\/24\/com-formacao-interdisciplinar-profissao-tem-mercado-ampliado-pela-preocupacao-com-o-meio-ambiente\/","name":"Com forma\u00e7\u00e3o interdisciplinar, profiss\u00e3o tem mercado ampliado pela preocupa\u00e7\u00e3o com o meio ambiente - Instituto de Engenharia","isPartOf":{"@id":"https:\/\/www.institutodeengenharia.org.br\/site\/#website"},"datePublished":"2010-03-24T22:39:40+00:00","breadcrumb":{"@id":"https:\/\/www.institutodeengenharia.org.br\/site\/2010\/03\/24\/com-formacao-interdisciplinar-profissao-tem-mercado-ampliado-pela-preocupacao-com-o-meio-ambiente\/#breadcrumb"},"inLanguage":"pt-BR","potentialAction":[{"@type":"ReadAction","target":["https:\/\/www.institutodeengenharia.org.br\/site\/2010\/03\/24\/com-formacao-interdisciplinar-profissao-tem-mercado-ampliado-pela-preocupacao-com-o-meio-ambiente\/"]}]},{"@type":"BreadcrumbList","@id":"https:\/\/www.institutodeengenharia.org.br\/site\/2010\/03\/24\/com-formacao-interdisciplinar-profissao-tem-mercado-ampliado-pela-preocupacao-com-o-meio-ambiente\/#breadcrumb","itemListElement":[{"@type":"ListItem","position":1,"name":"In\u00edcio","item":"https:\/\/www.institutodeengenharia.org.br\/site\/"},{"@type":"ListItem","position":2,"name":"Com forma\u00e7\u00e3o interdisciplinar, profiss\u00e3o tem mercado ampliado pela preocupa\u00e7\u00e3o com o meio ambiente"}]},{"@type":"WebSite","@id":"https:\/\/www.institutodeengenharia.org.br\/site\/#website","url":"https:\/\/www.institutodeengenharia.org.br\/site\/","name":"Instituto de Engenharia","description":"O Instituto de Engenharia promove a Engenharia em benef\u00edcio do desenvolvimento e da qualidade de vida da sociedade.","publisher":{"@id":"https:\/\/www.institutodeengenharia.org.br\/site\/#organization"},"potentialAction":[{"@type":"SearchAction","target":{"@type":"EntryPoint","urlTemplate":"https:\/\/www.institutodeengenharia.org.br\/site\/?s={search_term_string}"},"query-input":{"@type":"PropertyValueSpecification","valueRequired":true,"valueName":"search_term_string"}}],"inLanguage":"pt-BR"},{"@type":"Organization","@id":"https:\/\/www.institutodeengenharia.org.br\/site\/#organization","name":"Instituto de Engenharia","url":"https:\/\/www.institutodeengenharia.org.br\/site\/","logo":{"@type":"ImageObject","inLanguage":"pt-BR","@id":"https:\/\/www.institutodeengenharia.org.br\/site\/#\/schema\/logo\/image\/","url":"https:\/\/www.institutodeengenharia.org.br\/site\/wp-content\/uploads\/2019\/03\/logo-novo-IE2018-1.jpg","contentUrl":"https:\/\/www.institutodeengenharia.org.br\/site\/wp-content\/uploads\/2019\/03\/logo-novo-IE2018-1.jpg","width":1486,"height":1879,"caption":"Instituto de Engenharia"},"image":{"@id":"https:\/\/www.institutodeengenharia.org.br\/site\/#\/schema\/logo\/image\/"},"sameAs":["https:\/\/www.facebook.com\/institutodeengenharia","https:\/\/x.com\/iengenharia","https:\/\/www.instagram.com\/institutodeengenharia\/","https:\/\/www.linkedin.com\/company\/instituto-de-engenharia\/","https:\/\/www.youtube.com\/channel\/UCXiCAlsSMe977vamW915HxA"]},{"@type":"Person","@id":"https:\/\/www.institutodeengenharia.org.br\/site\/#\/schema\/person\/3b1ff109facef084739fc2edcb9a127f","name":"TMax Tecnologia","image":{"@type":"ImageObject","inLanguage":"pt-BR","@id":"https:\/\/secure.gravatar.com\/avatar\/f912434ef7f389c92cb311fcdae346af848465d638912574b3c669070f797701?s=96&d=mm&r=g","url":"https:\/\/secure.gravatar.com\/avatar\/f912434ef7f389c92cb311fcdae346af848465d638912574b3c669070f797701?s=96&d=mm&r=g","contentUrl":"https:\/\/secure.gravatar.com\/avatar\/f912434ef7f389c92cb311fcdae346af848465d638912574b3c669070f797701?s=96&d=mm&r=g","caption":"TMax Tecnologia"},"url":"https:\/\/www.institutodeengenharia.org.br\/site\/author\/tmax\/"}]}},"_links":{"self":[{"href":"https:\/\/www.institutodeengenharia.org.br\/site\/wp-json\/wp\/v2\/posts\/17825","targetHints":{"allow":["GET"]}}],"collection":[{"href":"https:\/\/www.institutodeengenharia.org.br\/site\/wp-json\/wp\/v2\/posts"}],"about":[{"href":"https:\/\/www.institutodeengenharia.org.br\/site\/wp-json\/wp\/v2\/types\/post"}],"author":[{"embeddable":true,"href":"https:\/\/www.institutodeengenharia.org.br\/site\/wp-json\/wp\/v2\/users\/1"}],"replies":[{"embeddable":true,"href":"https:\/\/www.institutodeengenharia.org.br\/site\/wp-json\/wp\/v2\/comments?post=17825"}],"version-history":[{"count":0,"href":"https:\/\/www.institutodeengenharia.org.br\/site\/wp-json\/wp\/v2\/posts\/17825\/revisions"}],"wp:attachment":[{"href":"https:\/\/www.institutodeengenharia.org.br\/site\/wp-json\/wp\/v2\/media?parent=17825"}],"wp:term":[{"taxonomy":"category","embeddable":true,"href":"https:\/\/www.institutodeengenharia.org.br\/site\/wp-json\/wp\/v2\/categories?post=17825"},{"taxonomy":"post_tag","embeddable":true,"href":"https:\/\/www.institutodeengenharia.org.br\/site\/wp-json\/wp\/v2\/tags?post=17825"}],"curies":[{"name":"wp","href":"https:\/\/api.w.org\/{rel}","templated":true}]}}