{"id":17781,"date":"2010-03-19T22:39:05","date_gmt":"2010-03-19T22:39:05","guid":{"rendered":"https:\/\/www.institutodeengenharia.org.br\/?p=17781"},"modified":"2010-03-19T10:05:31","modified_gmt":"2010-03-19T10:05:31","slug":"belo-monte-eletrobras-tera-49-de-participacao-nos-dois-consorcios","status":"publish","type":"post","link":"https:\/\/www.institutodeengenharia.org.br\/site\/2010\/03\/19\/belo-monte-eletrobras-tera-49-de-participacao-nos-dois-consorcios\/","title":{"rendered":"Belo Monte: Eletrobr\u00e1s ter\u00e1 49% de participa\u00e7\u00e3o nos dois cons\u00f3rcios"},"content":{"rendered":"<p>O ministro de Minas e Energia, Edison Lob\u00e3o, disse nesta quinta-feira, 18 de mar\u00e7o, que a Eletrobr\u00e1s ter\u00e1 49% de participa\u00e7\u00e3o nos cons\u00f3rcios que v\u00e3o disputar a hidrel\u00e9trica de Belo Monte (PA, 11.233 MW). Segundo ele, apenas dois cons\u00f3rcios devem concorrer \u00e0 outorga do empreendimento, sendo que cada um ter\u00e1 duas subsidi\u00e1rias da Eletrobr\u00e1s. No entanto, ainda est\u00e1 em aberto a divis\u00e3o das estatais nos dois grupos. Ou seja, Furnas, Eletronorte, Eletrosul e Chesf ser\u00e3o parceiras dos dois cons\u00f3rcios, mas ainda n\u00e3o se tem a participa\u00e7\u00e3o de quais empresas estar\u00e3o nos cons\u00f3rcios.&nbsp;<\/p>\n<p>O presidente da Eletrobr\u00e1s, Jos\u00e9 Ant\u00f4nio Muniz Lopes, informou que a estatal ainda vai operacionalizar a diretriz definida pelo minist\u00e9rio. O primeiro cons\u00f3rcio, oficialmente formado, \u00e9 composto por Andrade Gutierrez Participa\u00e7\u00f5es, Neoenergia, Vale e Votorantim Energia. Um outro cons\u00f3rcio formado por Odebrecht, Camargo Corr\u00eaa, Funcef e FI-FGTS est\u00e1 sendo fechado. Chesf e Eletrosul s\u00e3o s\u00f3cias na hidrel\u00e9trica de Jirau (RO, 3.300 MW). <\/p>\n<p>J\u00e1 o presidente da EPE, Mauricio Tolmasquim, confirmou que o pre\u00e7o teto do leil\u00e3o ser\u00e1 de R$ 83 por MWh, valor aprovado pelo Tribunal de Contas da Uni\u00e3o, baseado no valor de investimento de R$ 19 bilh\u00f5es. O edital do certame, que ser\u00e1 realizado no dia 20 de abril, foi aprovado hoje pela Ag\u00eancia Nacional de Energia El\u00e9trica. <\/p>\n<p>Lob\u00e3o, Muniz e Tolmasquim participaram da inaugura\u00e7\u00e3o da Ind\u00fastria Metal\u00fargica e Mec\u00e2nica da Amaz\u00f4nia, f\u00e1brica de equipamentos resultante da joint venture entre a Alstom e a Bardella. <\/p>\n<p><b>Autor: Folha do Progresso<\/b><\/p>\n","protected":false},"excerpt":{"rendered":"<p>O ministro de Minas e Energia, Edison Lob\u00e3o, disse nesta quinta-feira, 18 de mar\u00e7o, que a Eletrobr\u00e1s ter\u00e1 49% de participa\u00e7\u00e3o nos cons\u00f3rcios que v\u00e3o disputar a hidrel\u00e9trica de Belo Monte (PA, 11.233 MW). Segundo ele, apenas dois cons\u00f3rcios devem concorrer \u00e0 outorga do empreendimento, sendo que cada um ter\u00e1 duas subsidi\u00e1rias da Eletrobr\u00e1s. No [&hellip;]<\/p>\n","protected":false},"author":1,"featured_media":0,"comment_status":"open","ping_status":"open","sticky":false,"template":"","format":"standard","meta":{"footnotes":""},"categories":[24,6],"tags":[],"class_list":{"0":"post-17781","1":"post","2":"type-post","3":"status-publish","4":"format-standard","6":"category-energia","7":"category-noticias"},"yoast_head":"<!-- This site is optimized with the Yoast SEO plugin v27.2 - https:\/\/yoast.com\/product\/yoast-seo-wordpress\/ -->\n<title>Belo Monte: Eletrobr\u00e1s ter\u00e1 49% de participa\u00e7\u00e3o nos dois cons\u00f3rcios - Instituto de Engenharia<\/title>\n<meta name=\"robots\" content=\"index, follow, max-snippet:-1, max-image-preview:large, max-video-preview:-1\" \/>\n<link rel=\"canonical\" href=\"https:\/\/www.institutodeengenharia.org.br\/site\/2010\/03\/19\/belo-monte-eletrobras-tera-49-de-participacao-nos-dois-consorcios\/\" \/>\n<meta property=\"og:locale\" content=\"pt_BR\" \/>\n<meta property=\"og:type\" content=\"article\" \/>\n<meta property=\"og:title\" content=\"Belo Monte: Eletrobr\u00e1s ter\u00e1 49% de participa\u00e7\u00e3o nos dois cons\u00f3rcios - Instituto de Engenharia\" \/>\n<meta property=\"og:description\" content=\"O ministro de Minas e Energia, Edison Lob\u00e3o, disse nesta quinta-feira, 18 de mar\u00e7o, que a Eletrobr\u00e1s ter\u00e1 49% de participa\u00e7\u00e3o nos cons\u00f3rcios que v\u00e3o disputar a hidrel\u00e9trica de Belo Monte (PA, 11.233 MW). Segundo ele, apenas dois cons\u00f3rcios devem concorrer \u00e0 outorga do empreendimento, sendo que cada um ter\u00e1 duas subsidi\u00e1rias da Eletrobr\u00e1s. No [&hellip;]\" \/>\n<meta property=\"og:url\" content=\"https:\/\/www.institutodeengenharia.org.br\/site\/2010\/03\/19\/belo-monte-eletrobras-tera-49-de-participacao-nos-dois-consorcios\/\" \/>\n<meta property=\"og:site_name\" content=\"Instituto de Engenharia\" \/>\n<meta property=\"article:publisher\" content=\"https:\/\/www.facebook.com\/institutodeengenharia\" \/>\n<meta property=\"article:published_time\" content=\"2010-03-19T22:39:05+00:00\" \/>\n<meta name=\"author\" content=\"TMax Tecnologia\" \/>\n<meta name=\"twitter:card\" content=\"summary_large_image\" \/>\n<meta name=\"twitter:creator\" content=\"@iengenharia\" \/>\n<meta name=\"twitter:site\" content=\"@iengenharia\" \/>\n<meta name=\"twitter:label1\" content=\"Escrito por\" \/>\n\t<meta name=\"twitter:data1\" content=\"TMax Tecnologia\" \/>\n\t<meta name=\"twitter:label2\" content=\"Est. tempo de leitura\" \/>\n\t<meta name=\"twitter:data2\" content=\"1 minuto\" \/>\n<script type=\"application\/ld+json\" class=\"yoast-schema-graph\">{\"@context\":\"https:\/\/schema.org\",\"@graph\":[{\"@type\":\"Article\",\"@id\":\"https:\/\/www.institutodeengenharia.org.br\/site\/2010\/03\/19\/belo-monte-eletrobras-tera-49-de-participacao-nos-dois-consorcios\/#article\",\"isPartOf\":{\"@id\":\"https:\/\/www.institutodeengenharia.org.br\/site\/2010\/03\/19\/belo-monte-eletrobras-tera-49-de-participacao-nos-dois-consorcios\/\"},\"author\":{\"name\":\"TMax Tecnologia\",\"@id\":\"https:\/\/www.institutodeengenharia.org.br\/site\/#\/schema\/person\/3b1ff109facef084739fc2edcb9a127f\"},\"headline\":\"Belo Monte: Eletrobr\u00e1s ter\u00e1 49% de participa\u00e7\u00e3o nos dois cons\u00f3rcios\",\"datePublished\":\"2010-03-19T22:39:05+00:00\",\"mainEntityOfPage\":{\"@id\":\"https:\/\/www.institutodeengenharia.org.br\/site\/2010\/03\/19\/belo-monte-eletrobras-tera-49-de-participacao-nos-dois-consorcios\/\"},\"wordCount\":287,\"commentCount\":0,\"publisher\":{\"@id\":\"https:\/\/www.institutodeengenharia.org.br\/site\/#organization\"},\"articleSection\":[\"Energia\",\"Not\u00edcias\"],\"inLanguage\":\"pt-BR\",\"potentialAction\":[{\"@type\":\"CommentAction\",\"name\":\"Comment\",\"target\":[\"https:\/\/www.institutodeengenharia.org.br\/site\/2010\/03\/19\/belo-monte-eletrobras-tera-49-de-participacao-nos-dois-consorcios\/#respond\"]}]},{\"@type\":\"WebPage\",\"@id\":\"https:\/\/www.institutodeengenharia.org.br\/site\/2010\/03\/19\/belo-monte-eletrobras-tera-49-de-participacao-nos-dois-consorcios\/\",\"url\":\"https:\/\/www.institutodeengenharia.org.br\/site\/2010\/03\/19\/belo-monte-eletrobras-tera-49-de-participacao-nos-dois-consorcios\/\",\"name\":\"Belo Monte: Eletrobr\u00e1s ter\u00e1 49% de participa\u00e7\u00e3o nos dois cons\u00f3rcios - Instituto de Engenharia\",\"isPartOf\":{\"@id\":\"https:\/\/www.institutodeengenharia.org.br\/site\/#website\"},\"datePublished\":\"2010-03-19T22:39:05+00:00\",\"breadcrumb\":{\"@id\":\"https:\/\/www.institutodeengenharia.org.br\/site\/2010\/03\/19\/belo-monte-eletrobras-tera-49-de-participacao-nos-dois-consorcios\/#breadcrumb\"},\"inLanguage\":\"pt-BR\",\"potentialAction\":[{\"@type\":\"ReadAction\",\"target\":[\"https:\/\/www.institutodeengenharia.org.br\/site\/2010\/03\/19\/belo-monte-eletrobras-tera-49-de-participacao-nos-dois-consorcios\/\"]}]},{\"@type\":\"BreadcrumbList\",\"@id\":\"https:\/\/www.institutodeengenharia.org.br\/site\/2010\/03\/19\/belo-monte-eletrobras-tera-49-de-participacao-nos-dois-consorcios\/#breadcrumb\",\"itemListElement\":[{\"@type\":\"ListItem\",\"position\":1,\"name\":\"In\u00edcio\",\"item\":\"https:\/\/www.institutodeengenharia.org.br\/site\/\"},{\"@type\":\"ListItem\",\"position\":2,\"name\":\"Belo Monte: Eletrobr\u00e1s ter\u00e1 49% de participa\u00e7\u00e3o nos dois cons\u00f3rcios\"}]},{\"@type\":\"WebSite\",\"@id\":\"https:\/\/www.institutodeengenharia.org.br\/site\/#website\",\"url\":\"https:\/\/www.institutodeengenharia.org.br\/site\/\",\"name\":\"Instituto de Engenharia\",\"description\":\"O Instituto de Engenharia promove a Engenharia em benef\u00edcio do desenvolvimento e da qualidade de vida da sociedade.\",\"publisher\":{\"@id\":\"https:\/\/www.institutodeengenharia.org.br\/site\/#organization\"},\"potentialAction\":[{\"@type\":\"SearchAction\",\"target\":{\"@type\":\"EntryPoint\",\"urlTemplate\":\"https:\/\/www.institutodeengenharia.org.br\/site\/?s={search_term_string}\"},\"query-input\":{\"@type\":\"PropertyValueSpecification\",\"valueRequired\":true,\"valueName\":\"search_term_string\"}}],\"inLanguage\":\"pt-BR\"},{\"@type\":\"Organization\",\"@id\":\"https:\/\/www.institutodeengenharia.org.br\/site\/#organization\",\"name\":\"Instituto de Engenharia\",\"url\":\"https:\/\/www.institutodeengenharia.org.br\/site\/\",\"logo\":{\"@type\":\"ImageObject\",\"inLanguage\":\"pt-BR\",\"@id\":\"https:\/\/www.institutodeengenharia.org.br\/site\/#\/schema\/logo\/image\/\",\"url\":\"https:\/\/www.institutodeengenharia.org.br\/site\/wp-content\/uploads\/2019\/03\/logo-novo-IE2018-1.jpg\",\"contentUrl\":\"https:\/\/www.institutodeengenharia.org.br\/site\/wp-content\/uploads\/2019\/03\/logo-novo-IE2018-1.jpg\",\"width\":1486,\"height\":1879,\"caption\":\"Instituto de Engenharia\"},\"image\":{\"@id\":\"https:\/\/www.institutodeengenharia.org.br\/site\/#\/schema\/logo\/image\/\"},\"sameAs\":[\"https:\/\/www.facebook.com\/institutodeengenharia\",\"https:\/\/x.com\/iengenharia\",\"https:\/\/www.instagram.com\/institutodeengenharia\/\",\"https:\/\/www.linkedin.com\/company\/instituto-de-engenharia\/\",\"https:\/\/www.youtube.com\/channel\/UCXiCAlsSMe977vamW915HxA\"]},{\"@type\":\"Person\",\"@id\":\"https:\/\/www.institutodeengenharia.org.br\/site\/#\/schema\/person\/3b1ff109facef084739fc2edcb9a127f\",\"name\":\"TMax Tecnologia\",\"image\":{\"@type\":\"ImageObject\",\"inLanguage\":\"pt-BR\",\"@id\":\"https:\/\/secure.gravatar.com\/avatar\/f912434ef7f389c92cb311fcdae346af848465d638912574b3c669070f797701?s=96&d=mm&r=g\",\"url\":\"https:\/\/secure.gravatar.com\/avatar\/f912434ef7f389c92cb311fcdae346af848465d638912574b3c669070f797701?s=96&d=mm&r=g\",\"contentUrl\":\"https:\/\/secure.gravatar.com\/avatar\/f912434ef7f389c92cb311fcdae346af848465d638912574b3c669070f797701?s=96&d=mm&r=g\",\"caption\":\"TMax Tecnologia\"},\"url\":\"https:\/\/www.institutodeengenharia.org.br\/site\/author\/tmax\/\"}]}<\/script>\n<!-- \/ Yoast SEO plugin. -->","yoast_head_json":{"title":"Belo Monte: Eletrobr\u00e1s ter\u00e1 49% de participa\u00e7\u00e3o nos dois cons\u00f3rcios - Instituto de Engenharia","robots":{"index":"index","follow":"follow","max-snippet":"max-snippet:-1","max-image-preview":"max-image-preview:large","max-video-preview":"max-video-preview:-1"},"canonical":"https:\/\/www.institutodeengenharia.org.br\/site\/2010\/03\/19\/belo-monte-eletrobras-tera-49-de-participacao-nos-dois-consorcios\/","og_locale":"pt_BR","og_type":"article","og_title":"Belo Monte: Eletrobr\u00e1s ter\u00e1 49% de participa\u00e7\u00e3o nos dois cons\u00f3rcios - Instituto de Engenharia","og_description":"O ministro de Minas e Energia, Edison Lob\u00e3o, disse nesta quinta-feira, 18 de mar\u00e7o, que a Eletrobr\u00e1s ter\u00e1 49% de participa\u00e7\u00e3o nos cons\u00f3rcios que v\u00e3o disputar a hidrel\u00e9trica de Belo Monte (PA, 11.233 MW). Segundo ele, apenas dois cons\u00f3rcios devem concorrer \u00e0 outorga do empreendimento, sendo que cada um ter\u00e1 duas subsidi\u00e1rias da Eletrobr\u00e1s. No [&hellip;]","og_url":"https:\/\/www.institutodeengenharia.org.br\/site\/2010\/03\/19\/belo-monte-eletrobras-tera-49-de-participacao-nos-dois-consorcios\/","og_site_name":"Instituto de Engenharia","article_publisher":"https:\/\/www.facebook.com\/institutodeengenharia","article_published_time":"2010-03-19T22:39:05+00:00","author":"TMax Tecnologia","twitter_card":"summary_large_image","twitter_creator":"@iengenharia","twitter_site":"@iengenharia","twitter_misc":{"Escrito por":"TMax Tecnologia","Est. tempo de leitura":"1 minuto"},"schema":{"@context":"https:\/\/schema.org","@graph":[{"@type":"Article","@id":"https:\/\/www.institutodeengenharia.org.br\/site\/2010\/03\/19\/belo-monte-eletrobras-tera-49-de-participacao-nos-dois-consorcios\/#article","isPartOf":{"@id":"https:\/\/www.institutodeengenharia.org.br\/site\/2010\/03\/19\/belo-monte-eletrobras-tera-49-de-participacao-nos-dois-consorcios\/"},"author":{"name":"TMax Tecnologia","@id":"https:\/\/www.institutodeengenharia.org.br\/site\/#\/schema\/person\/3b1ff109facef084739fc2edcb9a127f"},"headline":"Belo Monte: Eletrobr\u00e1s ter\u00e1 49% de participa\u00e7\u00e3o nos dois cons\u00f3rcios","datePublished":"2010-03-19T22:39:05+00:00","mainEntityOfPage":{"@id":"https:\/\/www.institutodeengenharia.org.br\/site\/2010\/03\/19\/belo-monte-eletrobras-tera-49-de-participacao-nos-dois-consorcios\/"},"wordCount":287,"commentCount":0,"publisher":{"@id":"https:\/\/www.institutodeengenharia.org.br\/site\/#organization"},"articleSection":["Energia","Not\u00edcias"],"inLanguage":"pt-BR","potentialAction":[{"@type":"CommentAction","name":"Comment","target":["https:\/\/www.institutodeengenharia.org.br\/site\/2010\/03\/19\/belo-monte-eletrobras-tera-49-de-participacao-nos-dois-consorcios\/#respond"]}]},{"@type":"WebPage","@id":"https:\/\/www.institutodeengenharia.org.br\/site\/2010\/03\/19\/belo-monte-eletrobras-tera-49-de-participacao-nos-dois-consorcios\/","url":"https:\/\/www.institutodeengenharia.org.br\/site\/2010\/03\/19\/belo-monte-eletrobras-tera-49-de-participacao-nos-dois-consorcios\/","name":"Belo Monte: Eletrobr\u00e1s ter\u00e1 49% de participa\u00e7\u00e3o nos dois cons\u00f3rcios - Instituto de Engenharia","isPartOf":{"@id":"https:\/\/www.institutodeengenharia.org.br\/site\/#website"},"datePublished":"2010-03-19T22:39:05+00:00","breadcrumb":{"@id":"https:\/\/www.institutodeengenharia.org.br\/site\/2010\/03\/19\/belo-monte-eletrobras-tera-49-de-participacao-nos-dois-consorcios\/#breadcrumb"},"inLanguage":"pt-BR","potentialAction":[{"@type":"ReadAction","target":["https:\/\/www.institutodeengenharia.org.br\/site\/2010\/03\/19\/belo-monte-eletrobras-tera-49-de-participacao-nos-dois-consorcios\/"]}]},{"@type":"BreadcrumbList","@id":"https:\/\/www.institutodeengenharia.org.br\/site\/2010\/03\/19\/belo-monte-eletrobras-tera-49-de-participacao-nos-dois-consorcios\/#breadcrumb","itemListElement":[{"@type":"ListItem","position":1,"name":"In\u00edcio","item":"https:\/\/www.institutodeengenharia.org.br\/site\/"},{"@type":"ListItem","position":2,"name":"Belo Monte: Eletrobr\u00e1s ter\u00e1 49% de participa\u00e7\u00e3o nos dois cons\u00f3rcios"}]},{"@type":"WebSite","@id":"https:\/\/www.institutodeengenharia.org.br\/site\/#website","url":"https:\/\/www.institutodeengenharia.org.br\/site\/","name":"Instituto de Engenharia","description":"O Instituto de Engenharia promove a Engenharia em benef\u00edcio do desenvolvimento e da qualidade de vida da sociedade.","publisher":{"@id":"https:\/\/www.institutodeengenharia.org.br\/site\/#organization"},"potentialAction":[{"@type":"SearchAction","target":{"@type":"EntryPoint","urlTemplate":"https:\/\/www.institutodeengenharia.org.br\/site\/?s={search_term_string}"},"query-input":{"@type":"PropertyValueSpecification","valueRequired":true,"valueName":"search_term_string"}}],"inLanguage":"pt-BR"},{"@type":"Organization","@id":"https:\/\/www.institutodeengenharia.org.br\/site\/#organization","name":"Instituto de Engenharia","url":"https:\/\/www.institutodeengenharia.org.br\/site\/","logo":{"@type":"ImageObject","inLanguage":"pt-BR","@id":"https:\/\/www.institutodeengenharia.org.br\/site\/#\/schema\/logo\/image\/","url":"https:\/\/www.institutodeengenharia.org.br\/site\/wp-content\/uploads\/2019\/03\/logo-novo-IE2018-1.jpg","contentUrl":"https:\/\/www.institutodeengenharia.org.br\/site\/wp-content\/uploads\/2019\/03\/logo-novo-IE2018-1.jpg","width":1486,"height":1879,"caption":"Instituto de Engenharia"},"image":{"@id":"https:\/\/www.institutodeengenharia.org.br\/site\/#\/schema\/logo\/image\/"},"sameAs":["https:\/\/www.facebook.com\/institutodeengenharia","https:\/\/x.com\/iengenharia","https:\/\/www.instagram.com\/institutodeengenharia\/","https:\/\/www.linkedin.com\/company\/instituto-de-engenharia\/","https:\/\/www.youtube.com\/channel\/UCXiCAlsSMe977vamW915HxA"]},{"@type":"Person","@id":"https:\/\/www.institutodeengenharia.org.br\/site\/#\/schema\/person\/3b1ff109facef084739fc2edcb9a127f","name":"TMax Tecnologia","image":{"@type":"ImageObject","inLanguage":"pt-BR","@id":"https:\/\/secure.gravatar.com\/avatar\/f912434ef7f389c92cb311fcdae346af848465d638912574b3c669070f797701?s=96&d=mm&r=g","url":"https:\/\/secure.gravatar.com\/avatar\/f912434ef7f389c92cb311fcdae346af848465d638912574b3c669070f797701?s=96&d=mm&r=g","contentUrl":"https:\/\/secure.gravatar.com\/avatar\/f912434ef7f389c92cb311fcdae346af848465d638912574b3c669070f797701?s=96&d=mm&r=g","caption":"TMax Tecnologia"},"url":"https:\/\/www.institutodeengenharia.org.br\/site\/author\/tmax\/"}]}},"_links":{"self":[{"href":"https:\/\/www.institutodeengenharia.org.br\/site\/wp-json\/wp\/v2\/posts\/17781","targetHints":{"allow":["GET"]}}],"collection":[{"href":"https:\/\/www.institutodeengenharia.org.br\/site\/wp-json\/wp\/v2\/posts"}],"about":[{"href":"https:\/\/www.institutodeengenharia.org.br\/site\/wp-json\/wp\/v2\/types\/post"}],"author":[{"embeddable":true,"href":"https:\/\/www.institutodeengenharia.org.br\/site\/wp-json\/wp\/v2\/users\/1"}],"replies":[{"embeddable":true,"href":"https:\/\/www.institutodeengenharia.org.br\/site\/wp-json\/wp\/v2\/comments?post=17781"}],"version-history":[{"count":0,"href":"https:\/\/www.institutodeengenharia.org.br\/site\/wp-json\/wp\/v2\/posts\/17781\/revisions"}],"wp:attachment":[{"href":"https:\/\/www.institutodeengenharia.org.br\/site\/wp-json\/wp\/v2\/media?parent=17781"}],"wp:term":[{"taxonomy":"category","embeddable":true,"href":"https:\/\/www.institutodeengenharia.org.br\/site\/wp-json\/wp\/v2\/categories?post=17781"},{"taxonomy":"post_tag","embeddable":true,"href":"https:\/\/www.institutodeengenharia.org.br\/site\/wp-json\/wp\/v2\/tags?post=17781"}],"curies":[{"name":"wp","href":"https:\/\/api.w.org\/{rel}","templated":true}]}}