{"id":17777,"date":"2010-03-19T22:39:03","date_gmt":"2010-03-19T22:39:03","guid":{"rendered":"https:\/\/www.institutodeengenharia.org.br\/?p=17777"},"modified":"2010-03-19T09:49:30","modified_gmt":"2010-03-19T09:49:30","slug":"navios-da-esquadra-brasileira-serao-abertos-para-visitacao-neste-final-de-semana","status":"publish","type":"post","link":"https:\/\/www.institutodeengenharia.org.br\/site\/2010\/03\/19\/navios-da-esquadra-brasileira-serao-abertos-para-visitacao-neste-final-de-semana\/","title":{"rendered":"Navios da Esquadra Brasileira ser\u00e3o abertos para visita\u00e7\u00e3o neste final de semana"},"content":{"rendered":"<p>As fragatas Niter\u00f3i, Defensora e Constitui\u00e7\u00e3o, e a Corveta Jundiai chegam ao Porto de Santos nesta sexta-feira. As embarca\u00e7\u00f5es estar\u00e3o abertas para visita\u00e7\u00e3o nestes s\u00e1bado e domingo, das 14 \u00e0s 18 horas. As duas primeiras ficar\u00e3o atracadas noas armaz\u00e9ns 27 e 29. J\u00e1 as outras estar\u00e3o nos armaz\u00e9ns 29 e 30. A entrada \u00e9 gratuita. <\/p>\n<p>Os interessados poder\u00e3o conferir, a bordo, a exposi\u00e7\u00e3o de aeronaves e equipamentos utilizados nas opera\u00e7\u00f5es a\u00e9reas, em combate a inc\u00eandio e no controle de avarias. Os visitantes ter\u00e3o ainda a oportunidade de participar do cerimonial \u00e0 Bandeira Nacional, realizada ao p\u00f4r do sol. <\/p>\n<p>A escala das embarca\u00e7\u00f5es no complexo santista integra a Opera\u00e7\u00e3o Marlim Azul\/ Aderex-I\/ 10, que est\u00e1 sendo realizada desde o \u00faltimo dia 15 na \u00e1rea mar\u00edtima compreendida entre Santos e Vit\u00f3ria (ES). A opera\u00e7\u00e3o acontecer\u00e1 at\u00e9 o pr\u00f3ximo dia 2 de abril. <\/p>\n<p>A For\u00e7a Naval est\u00e1 sendo comandada pelo Contra-Almirante Ilque Barbosa Junior, comandante da 2\u00aa Divis\u00e3o da Esquadra. Ao todo, participam do processo, quatro fragatas, duas corvetas, submarinos da classe Tupi, um Navio Patrulha da Classe Graja\u00fa, um rebocador de alto mar, aeronaves, helic\u00f3pteros, al\u00e9m de lanchas do Grupamento de Mergulhadores de Combate, e das capitanias dos Portos do Rio de Janeiro, S\u00e3o Paulo e do Esp\u00edrito Santo. <\/p>\n<p>Durante a opera\u00e7\u00e3o s\u00e3o realizados exerc\u00edcios que aperfei\u00e7oam o preparo e o emprego do Poder Naval, como navega\u00e7\u00e3o em \u00e1guas restritas sob amea\u00e7a assim\u00e9trica, apoio de fogo naval, tiro de superf\u00edcio sobre alvo rebocado, transfer\u00eancia de carga leve e manobras t\u00e1ticas. <\/p>\n<p>Al\u00e9m disso, enquanto estiverem atracados nos portos de Santos e Vit\u00f3ria, ser\u00e3o organizadas a\u00e7\u00f5es c\u00edvico-sociais, com a doa\u00e7\u00e3o de roupas e de sangue. <\/p>\n<p><b>Autor: A Tribuna<\/b><\/p>\n","protected":false},"excerpt":{"rendered":"<p>As fragatas Niter\u00f3i, Defensora e Constitui\u00e7\u00e3o, e a Corveta Jundiai chegam ao Porto de Santos nesta sexta-feira. As embarca\u00e7\u00f5es estar\u00e3o abertas para visita\u00e7\u00e3o nestes s\u00e1bado e domingo, das 14 \u00e0s 18 horas. As duas primeiras ficar\u00e3o atracadas noas armaz\u00e9ns 27 e 29. J\u00e1 as outras estar\u00e3o nos armaz\u00e9ns 29 e 30. A entrada \u00e9 gratuita. [&hellip;]<\/p>\n","protected":false},"author":1,"featured_media":17778,"comment_status":"open","ping_status":"open","sticky":false,"template":"","format":"standard","meta":{"footnotes":""},"categories":[6,41],"tags":[],"class_list":{"0":"post-17777","1":"post","2":"type-post","3":"status-publish","4":"format-standard","5":"has-post-thumbnail","7":"category-noticias","8":"category-transportes"},"yoast_head":"<!-- This site is optimized with the Yoast SEO plugin v27.2 - https:\/\/yoast.com\/product\/yoast-seo-wordpress\/ -->\n<title>Navios da Esquadra Brasileira ser\u00e3o abertos para visita\u00e7\u00e3o neste final de semana - Instituto de Engenharia<\/title>\n<meta name=\"robots\" content=\"index, follow, max-snippet:-1, max-image-preview:large, max-video-preview:-1\" \/>\n<link rel=\"canonical\" href=\"https:\/\/www.institutodeengenharia.org.br\/site\/2010\/03\/19\/navios-da-esquadra-brasileira-serao-abertos-para-visitacao-neste-final-de-semana\/\" \/>\n<meta property=\"og:locale\" content=\"pt_BR\" \/>\n<meta property=\"og:type\" content=\"article\" \/>\n<meta property=\"og:title\" content=\"Navios da Esquadra Brasileira ser\u00e3o abertos para visita\u00e7\u00e3o neste final de semana - Instituto de Engenharia\" \/>\n<meta property=\"og:description\" content=\"As fragatas Niter\u00f3i, Defensora e Constitui\u00e7\u00e3o, e a Corveta Jundiai chegam ao Porto de Santos nesta sexta-feira. As embarca\u00e7\u00f5es estar\u00e3o abertas para visita\u00e7\u00e3o nestes s\u00e1bado e domingo, das 14 \u00e0s 18 horas. As duas primeiras ficar\u00e3o atracadas noas armaz\u00e9ns 27 e 29. J\u00e1 as outras estar\u00e3o nos armaz\u00e9ns 29 e 30. A entrada \u00e9 gratuita. [&hellip;]\" \/>\n<meta property=\"og:url\" content=\"https:\/\/www.institutodeengenharia.org.br\/site\/2010\/03\/19\/navios-da-esquadra-brasileira-serao-abertos-para-visitacao-neste-final-de-semana\/\" \/>\n<meta property=\"og:site_name\" content=\"Instituto de Engenharia\" \/>\n<meta property=\"article:publisher\" content=\"https:\/\/www.facebook.com\/institutodeengenharia\" \/>\n<meta property=\"article:published_time\" content=\"2010-03-19T22:39:03+00:00\" \/>\n<meta property=\"og:image\" content=\"https:\/\/www.institutodeengenharia.org.br\/site\/wp-content\/uploads\/2017\/10\/noticia_2203_488485635.jpg\" \/>\n\t<meta property=\"og:image:width\" content=\"309\" \/>\n\t<meta property=\"og:image:height\" content=\"237\" \/>\n\t<meta property=\"og:image:type\" content=\"image\/jpeg\" \/>\n<meta name=\"author\" content=\"TMax Tecnologia\" \/>\n<meta name=\"twitter:card\" content=\"summary_large_image\" \/>\n<meta name=\"twitter:creator\" content=\"@iengenharia\" \/>\n<meta name=\"twitter:site\" content=\"@iengenharia\" \/>\n<meta name=\"twitter:label1\" content=\"Escrito por\" \/>\n\t<meta name=\"twitter:data1\" content=\"TMax Tecnologia\" \/>\n\t<meta name=\"twitter:label2\" content=\"Est. tempo de leitura\" \/>\n\t<meta name=\"twitter:data2\" content=\"2 minutos\" \/>\n<script type=\"application\/ld+json\" class=\"yoast-schema-graph\">{\"@context\":\"https:\/\/schema.org\",\"@graph\":[{\"@type\":\"Article\",\"@id\":\"https:\/\/www.institutodeengenharia.org.br\/site\/2010\/03\/19\/navios-da-esquadra-brasileira-serao-abertos-para-visitacao-neste-final-de-semana\/#article\",\"isPartOf\":{\"@id\":\"https:\/\/www.institutodeengenharia.org.br\/site\/2010\/03\/19\/navios-da-esquadra-brasileira-serao-abertos-para-visitacao-neste-final-de-semana\/\"},\"author\":{\"name\":\"TMax Tecnologia\",\"@id\":\"https:\/\/www.institutodeengenharia.org.br\/site\/#\/schema\/person\/3b1ff109facef084739fc2edcb9a127f\"},\"headline\":\"Navios da Esquadra Brasileira ser\u00e3o abertos para visita\u00e7\u00e3o neste final de semana\",\"datePublished\":\"2010-03-19T22:39:03+00:00\",\"mainEntityOfPage\":{\"@id\":\"https:\/\/www.institutodeengenharia.org.br\/site\/2010\/03\/19\/navios-da-esquadra-brasileira-serao-abertos-para-visitacao-neste-final-de-semana\/\"},\"wordCount\":321,\"commentCount\":0,\"publisher\":{\"@id\":\"https:\/\/www.institutodeengenharia.org.br\/site\/#organization\"},\"image\":{\"@id\":\"https:\/\/www.institutodeengenharia.org.br\/site\/2010\/03\/19\/navios-da-esquadra-brasileira-serao-abertos-para-visitacao-neste-final-de-semana\/#primaryimage\"},\"thumbnailUrl\":\"https:\/\/www.institutodeengenharia.org.br\/site\/wp-content\/uploads\/2017\/10\/noticia_2203_488485635.jpg\",\"articleSection\":[\"Not\u00edcias\",\"Transportes\"],\"inLanguage\":\"pt-BR\",\"potentialAction\":[{\"@type\":\"CommentAction\",\"name\":\"Comment\",\"target\":[\"https:\/\/www.institutodeengenharia.org.br\/site\/2010\/03\/19\/navios-da-esquadra-brasileira-serao-abertos-para-visitacao-neste-final-de-semana\/#respond\"]}]},{\"@type\":\"WebPage\",\"@id\":\"https:\/\/www.institutodeengenharia.org.br\/site\/2010\/03\/19\/navios-da-esquadra-brasileira-serao-abertos-para-visitacao-neste-final-de-semana\/\",\"url\":\"https:\/\/www.institutodeengenharia.org.br\/site\/2010\/03\/19\/navios-da-esquadra-brasileira-serao-abertos-para-visitacao-neste-final-de-semana\/\",\"name\":\"Navios da Esquadra Brasileira ser\u00e3o abertos para visita\u00e7\u00e3o neste final de semana - Instituto de Engenharia\",\"isPartOf\":{\"@id\":\"https:\/\/www.institutodeengenharia.org.br\/site\/#website\"},\"primaryImageOfPage\":{\"@id\":\"https:\/\/www.institutodeengenharia.org.br\/site\/2010\/03\/19\/navios-da-esquadra-brasileira-serao-abertos-para-visitacao-neste-final-de-semana\/#primaryimage\"},\"image\":{\"@id\":\"https:\/\/www.institutodeengenharia.org.br\/site\/2010\/03\/19\/navios-da-esquadra-brasileira-serao-abertos-para-visitacao-neste-final-de-semana\/#primaryimage\"},\"thumbnailUrl\":\"https:\/\/www.institutodeengenharia.org.br\/site\/wp-content\/uploads\/2017\/10\/noticia_2203_488485635.jpg\",\"datePublished\":\"2010-03-19T22:39:03+00:00\",\"breadcrumb\":{\"@id\":\"https:\/\/www.institutodeengenharia.org.br\/site\/2010\/03\/19\/navios-da-esquadra-brasileira-serao-abertos-para-visitacao-neste-final-de-semana\/#breadcrumb\"},\"inLanguage\":\"pt-BR\",\"potentialAction\":[{\"@type\":\"ReadAction\",\"target\":[\"https:\/\/www.institutodeengenharia.org.br\/site\/2010\/03\/19\/navios-da-esquadra-brasileira-serao-abertos-para-visitacao-neste-final-de-semana\/\"]}]},{\"@type\":\"ImageObject\",\"inLanguage\":\"pt-BR\",\"@id\":\"https:\/\/www.institutodeengenharia.org.br\/site\/2010\/03\/19\/navios-da-esquadra-brasileira-serao-abertos-para-visitacao-neste-final-de-semana\/#primaryimage\",\"url\":\"https:\/\/www.institutodeengenharia.org.br\/site\/wp-content\/uploads\/2017\/10\/noticia_2203_488485635.jpg\",\"contentUrl\":\"https:\/\/www.institutodeengenharia.org.br\/site\/wp-content\/uploads\/2017\/10\/noticia_2203_488485635.jpg\",\"width\":309,\"height\":237,\"caption\":\"O Brasil fabricou as Fragatas Niteroi e as corvetas inhumas\"},{\"@type\":\"BreadcrumbList\",\"@id\":\"https:\/\/www.institutodeengenharia.org.br\/site\/2010\/03\/19\/navios-da-esquadra-brasileira-serao-abertos-para-visitacao-neste-final-de-semana\/#breadcrumb\",\"itemListElement\":[{\"@type\":\"ListItem\",\"position\":1,\"name\":\"In\u00edcio\",\"item\":\"https:\/\/www.institutodeengenharia.org.br\/site\/\"},{\"@type\":\"ListItem\",\"position\":2,\"name\":\"Navios da Esquadra Brasileira ser\u00e3o abertos para visita\u00e7\u00e3o neste final de semana\"}]},{\"@type\":\"WebSite\",\"@id\":\"https:\/\/www.institutodeengenharia.org.br\/site\/#website\",\"url\":\"https:\/\/www.institutodeengenharia.org.br\/site\/\",\"name\":\"Instituto de Engenharia\",\"description\":\"O Instituto de Engenharia promove a Engenharia em benef\u00edcio do desenvolvimento e da qualidade de vida da sociedade.\",\"publisher\":{\"@id\":\"https:\/\/www.institutodeengenharia.org.br\/site\/#organization\"},\"potentialAction\":[{\"@type\":\"SearchAction\",\"target\":{\"@type\":\"EntryPoint\",\"urlTemplate\":\"https:\/\/www.institutodeengenharia.org.br\/site\/?s={search_term_string}\"},\"query-input\":{\"@type\":\"PropertyValueSpecification\",\"valueRequired\":true,\"valueName\":\"search_term_string\"}}],\"inLanguage\":\"pt-BR\"},{\"@type\":\"Organization\",\"@id\":\"https:\/\/www.institutodeengenharia.org.br\/site\/#organization\",\"name\":\"Instituto de Engenharia\",\"url\":\"https:\/\/www.institutodeengenharia.org.br\/site\/\",\"logo\":{\"@type\":\"ImageObject\",\"inLanguage\":\"pt-BR\",\"@id\":\"https:\/\/www.institutodeengenharia.org.br\/site\/#\/schema\/logo\/image\/\",\"url\":\"https:\/\/www.institutodeengenharia.org.br\/site\/wp-content\/uploads\/2019\/03\/logo-novo-IE2018-1.jpg\",\"contentUrl\":\"https:\/\/www.institutodeengenharia.org.br\/site\/wp-content\/uploads\/2019\/03\/logo-novo-IE2018-1.jpg\",\"width\":1486,\"height\":1879,\"caption\":\"Instituto de Engenharia\"},\"image\":{\"@id\":\"https:\/\/www.institutodeengenharia.org.br\/site\/#\/schema\/logo\/image\/\"},\"sameAs\":[\"https:\/\/www.facebook.com\/institutodeengenharia\",\"https:\/\/x.com\/iengenharia\",\"https:\/\/www.instagram.com\/institutodeengenharia\/\",\"https:\/\/www.linkedin.com\/company\/instituto-de-engenharia\/\",\"https:\/\/www.youtube.com\/channel\/UCXiCAlsSMe977vamW915HxA\"]},{\"@type\":\"Person\",\"@id\":\"https:\/\/www.institutodeengenharia.org.br\/site\/#\/schema\/person\/3b1ff109facef084739fc2edcb9a127f\",\"name\":\"TMax Tecnologia\",\"image\":{\"@type\":\"ImageObject\",\"inLanguage\":\"pt-BR\",\"@id\":\"https:\/\/secure.gravatar.com\/avatar\/f912434ef7f389c92cb311fcdae346af848465d638912574b3c669070f797701?s=96&d=mm&r=g\",\"url\":\"https:\/\/secure.gravatar.com\/avatar\/f912434ef7f389c92cb311fcdae346af848465d638912574b3c669070f797701?s=96&d=mm&r=g\",\"contentUrl\":\"https:\/\/secure.gravatar.com\/avatar\/f912434ef7f389c92cb311fcdae346af848465d638912574b3c669070f797701?s=96&d=mm&r=g\",\"caption\":\"TMax Tecnologia\"},\"url\":\"https:\/\/www.institutodeengenharia.org.br\/site\/author\/tmax\/\"}]}<\/script>\n<!-- \/ Yoast SEO plugin. -->","yoast_head_json":{"title":"Navios da Esquadra Brasileira ser\u00e3o abertos para visita\u00e7\u00e3o neste final de semana - Instituto de Engenharia","robots":{"index":"index","follow":"follow","max-snippet":"max-snippet:-1","max-image-preview":"max-image-preview:large","max-video-preview":"max-video-preview:-1"},"canonical":"https:\/\/www.institutodeengenharia.org.br\/site\/2010\/03\/19\/navios-da-esquadra-brasileira-serao-abertos-para-visitacao-neste-final-de-semana\/","og_locale":"pt_BR","og_type":"article","og_title":"Navios da Esquadra Brasileira ser\u00e3o abertos para visita\u00e7\u00e3o neste final de semana - Instituto de Engenharia","og_description":"As fragatas Niter\u00f3i, Defensora e Constitui\u00e7\u00e3o, e a Corveta Jundiai chegam ao Porto de Santos nesta sexta-feira. As embarca\u00e7\u00f5es estar\u00e3o abertas para visita\u00e7\u00e3o nestes s\u00e1bado e domingo, das 14 \u00e0s 18 horas. As duas primeiras ficar\u00e3o atracadas noas armaz\u00e9ns 27 e 29. J\u00e1 as outras estar\u00e3o nos armaz\u00e9ns 29 e 30. A entrada \u00e9 gratuita. [&hellip;]","og_url":"https:\/\/www.institutodeengenharia.org.br\/site\/2010\/03\/19\/navios-da-esquadra-brasileira-serao-abertos-para-visitacao-neste-final-de-semana\/","og_site_name":"Instituto de Engenharia","article_publisher":"https:\/\/www.facebook.com\/institutodeengenharia","article_published_time":"2010-03-19T22:39:03+00:00","og_image":[{"width":309,"height":237,"url":"https:\/\/www.institutodeengenharia.org.br\/site\/wp-content\/uploads\/2017\/10\/noticia_2203_488485635.jpg","type":"image\/jpeg"}],"author":"TMax Tecnologia","twitter_card":"summary_large_image","twitter_creator":"@iengenharia","twitter_site":"@iengenharia","twitter_misc":{"Escrito por":"TMax Tecnologia","Est. tempo de leitura":"2 minutos"},"schema":{"@context":"https:\/\/schema.org","@graph":[{"@type":"Article","@id":"https:\/\/www.institutodeengenharia.org.br\/site\/2010\/03\/19\/navios-da-esquadra-brasileira-serao-abertos-para-visitacao-neste-final-de-semana\/#article","isPartOf":{"@id":"https:\/\/www.institutodeengenharia.org.br\/site\/2010\/03\/19\/navios-da-esquadra-brasileira-serao-abertos-para-visitacao-neste-final-de-semana\/"},"author":{"name":"TMax Tecnologia","@id":"https:\/\/www.institutodeengenharia.org.br\/site\/#\/schema\/person\/3b1ff109facef084739fc2edcb9a127f"},"headline":"Navios da Esquadra Brasileira ser\u00e3o abertos para visita\u00e7\u00e3o neste final de semana","datePublished":"2010-03-19T22:39:03+00:00","mainEntityOfPage":{"@id":"https:\/\/www.institutodeengenharia.org.br\/site\/2010\/03\/19\/navios-da-esquadra-brasileira-serao-abertos-para-visitacao-neste-final-de-semana\/"},"wordCount":321,"commentCount":0,"publisher":{"@id":"https:\/\/www.institutodeengenharia.org.br\/site\/#organization"},"image":{"@id":"https:\/\/www.institutodeengenharia.org.br\/site\/2010\/03\/19\/navios-da-esquadra-brasileira-serao-abertos-para-visitacao-neste-final-de-semana\/#primaryimage"},"thumbnailUrl":"https:\/\/www.institutodeengenharia.org.br\/site\/wp-content\/uploads\/2017\/10\/noticia_2203_488485635.jpg","articleSection":["Not\u00edcias","Transportes"],"inLanguage":"pt-BR","potentialAction":[{"@type":"CommentAction","name":"Comment","target":["https:\/\/www.institutodeengenharia.org.br\/site\/2010\/03\/19\/navios-da-esquadra-brasileira-serao-abertos-para-visitacao-neste-final-de-semana\/#respond"]}]},{"@type":"WebPage","@id":"https:\/\/www.institutodeengenharia.org.br\/site\/2010\/03\/19\/navios-da-esquadra-brasileira-serao-abertos-para-visitacao-neste-final-de-semana\/","url":"https:\/\/www.institutodeengenharia.org.br\/site\/2010\/03\/19\/navios-da-esquadra-brasileira-serao-abertos-para-visitacao-neste-final-de-semana\/","name":"Navios da Esquadra Brasileira ser\u00e3o abertos para visita\u00e7\u00e3o neste final de semana - Instituto de Engenharia","isPartOf":{"@id":"https:\/\/www.institutodeengenharia.org.br\/site\/#website"},"primaryImageOfPage":{"@id":"https:\/\/www.institutodeengenharia.org.br\/site\/2010\/03\/19\/navios-da-esquadra-brasileira-serao-abertos-para-visitacao-neste-final-de-semana\/#primaryimage"},"image":{"@id":"https:\/\/www.institutodeengenharia.org.br\/site\/2010\/03\/19\/navios-da-esquadra-brasileira-serao-abertos-para-visitacao-neste-final-de-semana\/#primaryimage"},"thumbnailUrl":"https:\/\/www.institutodeengenharia.org.br\/site\/wp-content\/uploads\/2017\/10\/noticia_2203_488485635.jpg","datePublished":"2010-03-19T22:39:03+00:00","breadcrumb":{"@id":"https:\/\/www.institutodeengenharia.org.br\/site\/2010\/03\/19\/navios-da-esquadra-brasileira-serao-abertos-para-visitacao-neste-final-de-semana\/#breadcrumb"},"inLanguage":"pt-BR","potentialAction":[{"@type":"ReadAction","target":["https:\/\/www.institutodeengenharia.org.br\/site\/2010\/03\/19\/navios-da-esquadra-brasileira-serao-abertos-para-visitacao-neste-final-de-semana\/"]}]},{"@type":"ImageObject","inLanguage":"pt-BR","@id":"https:\/\/www.institutodeengenharia.org.br\/site\/2010\/03\/19\/navios-da-esquadra-brasileira-serao-abertos-para-visitacao-neste-final-de-semana\/#primaryimage","url":"https:\/\/www.institutodeengenharia.org.br\/site\/wp-content\/uploads\/2017\/10\/noticia_2203_488485635.jpg","contentUrl":"https:\/\/www.institutodeengenharia.org.br\/site\/wp-content\/uploads\/2017\/10\/noticia_2203_488485635.jpg","width":309,"height":237,"caption":"O Brasil fabricou as Fragatas Niteroi e as corvetas inhumas"},{"@type":"BreadcrumbList","@id":"https:\/\/www.institutodeengenharia.org.br\/site\/2010\/03\/19\/navios-da-esquadra-brasileira-serao-abertos-para-visitacao-neste-final-de-semana\/#breadcrumb","itemListElement":[{"@type":"ListItem","position":1,"name":"In\u00edcio","item":"https:\/\/www.institutodeengenharia.org.br\/site\/"},{"@type":"ListItem","position":2,"name":"Navios da Esquadra Brasileira ser\u00e3o abertos para visita\u00e7\u00e3o neste final de semana"}]},{"@type":"WebSite","@id":"https:\/\/www.institutodeengenharia.org.br\/site\/#website","url":"https:\/\/www.institutodeengenharia.org.br\/site\/","name":"Instituto de Engenharia","description":"O Instituto de Engenharia promove a Engenharia em benef\u00edcio do desenvolvimento e da qualidade de vida da sociedade.","publisher":{"@id":"https:\/\/www.institutodeengenharia.org.br\/site\/#organization"},"potentialAction":[{"@type":"SearchAction","target":{"@type":"EntryPoint","urlTemplate":"https:\/\/www.institutodeengenharia.org.br\/site\/?s={search_term_string}"},"query-input":{"@type":"PropertyValueSpecification","valueRequired":true,"valueName":"search_term_string"}}],"inLanguage":"pt-BR"},{"@type":"Organization","@id":"https:\/\/www.institutodeengenharia.org.br\/site\/#organization","name":"Instituto de Engenharia","url":"https:\/\/www.institutodeengenharia.org.br\/site\/","logo":{"@type":"ImageObject","inLanguage":"pt-BR","@id":"https:\/\/www.institutodeengenharia.org.br\/site\/#\/schema\/logo\/image\/","url":"https:\/\/www.institutodeengenharia.org.br\/site\/wp-content\/uploads\/2019\/03\/logo-novo-IE2018-1.jpg","contentUrl":"https:\/\/www.institutodeengenharia.org.br\/site\/wp-content\/uploads\/2019\/03\/logo-novo-IE2018-1.jpg","width":1486,"height":1879,"caption":"Instituto de Engenharia"},"image":{"@id":"https:\/\/www.institutodeengenharia.org.br\/site\/#\/schema\/logo\/image\/"},"sameAs":["https:\/\/www.facebook.com\/institutodeengenharia","https:\/\/x.com\/iengenharia","https:\/\/www.instagram.com\/institutodeengenharia\/","https:\/\/www.linkedin.com\/company\/instituto-de-engenharia\/","https:\/\/www.youtube.com\/channel\/UCXiCAlsSMe977vamW915HxA"]},{"@type":"Person","@id":"https:\/\/www.institutodeengenharia.org.br\/site\/#\/schema\/person\/3b1ff109facef084739fc2edcb9a127f","name":"TMax Tecnologia","image":{"@type":"ImageObject","inLanguage":"pt-BR","@id":"https:\/\/secure.gravatar.com\/avatar\/f912434ef7f389c92cb311fcdae346af848465d638912574b3c669070f797701?s=96&d=mm&r=g","url":"https:\/\/secure.gravatar.com\/avatar\/f912434ef7f389c92cb311fcdae346af848465d638912574b3c669070f797701?s=96&d=mm&r=g","contentUrl":"https:\/\/secure.gravatar.com\/avatar\/f912434ef7f389c92cb311fcdae346af848465d638912574b3c669070f797701?s=96&d=mm&r=g","caption":"TMax Tecnologia"},"url":"https:\/\/www.institutodeengenharia.org.br\/site\/author\/tmax\/"}]}},"_links":{"self":[{"href":"https:\/\/www.institutodeengenharia.org.br\/site\/wp-json\/wp\/v2\/posts\/17777","targetHints":{"allow":["GET"]}}],"collection":[{"href":"https:\/\/www.institutodeengenharia.org.br\/site\/wp-json\/wp\/v2\/posts"}],"about":[{"href":"https:\/\/www.institutodeengenharia.org.br\/site\/wp-json\/wp\/v2\/types\/post"}],"author":[{"embeddable":true,"href":"https:\/\/www.institutodeengenharia.org.br\/site\/wp-json\/wp\/v2\/users\/1"}],"replies":[{"embeddable":true,"href":"https:\/\/www.institutodeengenharia.org.br\/site\/wp-json\/wp\/v2\/comments?post=17777"}],"version-history":[{"count":0,"href":"https:\/\/www.institutodeengenharia.org.br\/site\/wp-json\/wp\/v2\/posts\/17777\/revisions"}],"wp:featuredmedia":[{"embeddable":true,"href":"https:\/\/www.institutodeengenharia.org.br\/site\/wp-json\/wp\/v2\/media\/17778"}],"wp:attachment":[{"href":"https:\/\/www.institutodeengenharia.org.br\/site\/wp-json\/wp\/v2\/media?parent=17777"}],"wp:term":[{"taxonomy":"category","embeddable":true,"href":"https:\/\/www.institutodeengenharia.org.br\/site\/wp-json\/wp\/v2\/categories?post=17777"},{"taxonomy":"post_tag","embeddable":true,"href":"https:\/\/www.institutodeengenharia.org.br\/site\/wp-json\/wp\/v2\/tags?post=17777"}],"curies":[{"name":"wp","href":"https:\/\/api.w.org\/{rel}","templated":true}]}}