{"id":17767,"date":"2010-03-17T22:38:55","date_gmt":"2010-03-17T22:38:55","guid":{"rendered":"https:\/\/www.institutodeengenharia.org.br\/?p=17767"},"modified":"2010-03-17T15:55:00","modified_gmt":"2010-03-17T15:55:00","slug":"prefeito-kassab-proibe-trafego-de-motos-na-23-de-maio-em-sp","status":"publish","type":"post","link":"https:\/\/www.institutodeengenharia.org.br\/site\/2010\/03\/17\/prefeito-kassab-proibe-trafego-de-motos-na-23-de-maio-em-sp\/","title":{"rendered":"Prefeito Kassab pro\u00edbe tr\u00e1fego de motos na 23 de maio, em SP"},"content":{"rendered":"<p>O prefeito de S\u00e3o Paulo, Gilberto Kassab, confirmou nesta quarta-feira a proibi\u00e7\u00e3o do tr\u00e1fego de motos na Avenida 23 de maio, que liga zona sul e zona norte, na capital. A medida deve entrar em vigor assim que um corredor alternativo estiver pronto. As motocicletas tamb\u00e9m estar\u00e3o proibidas de circular na pista expressa da Marginal Tiet\u00ea. <\/p>\n<p>O secret\u00e1rio dos Transportes, Alexandre Moraes, afirmou que 70% dos acidentes ocorridos na 23 de Maio envolvem motociclistas. Na Marginal Tiet\u00ea, foram cerca de 600 acidentes no ano passado com motos. <\/p>\n<p>Segundo o secret\u00e1rio, as motos ficar\u00e3o proibidas de circular pela pista expressa da Marginal Tiet\u00ea t\u00e3o logo as obras de alargamento da via sejam conclu\u00eddas. Os ve\u00edculos de duas rodas poder\u00e3o continuar a usar a pista central e a pista local da Marginal. <\/p>\n<p>No caso da Avenida 23 de Maio, a proibi\u00e7\u00e3o deve entrar em vigor a partir de abril, quando ficar pronto um corredor exclusivo para motos saindo da Avenida Senna Madureira, na Zona Sul, e passando pela Rua Vergueiro e Avenida Liberdade at\u00e9 chegar \u00e0 Pra\u00e7a Jo\u00e3o Mendes, no centro. Moraes explicou que a proibi\u00e7\u00e3o valer\u00e1 para o trecho da 23 de Maio entre o pr\u00e9dio do Detran e o Anhangaba\u00fa. <\/p>\n<p>&#8211; Vamos proibir a circula\u00e7\u00e3o na pista expressa da Marginal, \u00e9 importante porque a velocidade \u00e9 90% e ocorre ali a maioria dos acidentes fatais e n\u00e3o fatais &#8211; disse o secret\u00e1rio, acrescentando que a meta \u00e9 alcan\u00e7ar \u00edndices de acidentes com motos semelhantes ao dos Estados Unidos. <\/p>\n<p>Para o presidente do sindicato que re\u00fane os motoboys, Aldemir Martins de Freitas, a medida \u00e9 eleitoreira e o melhor seria a constru\u00e7\u00e3o de motovias. Freitas diz que o prefeito assumiu no plano diretor o compromisso de fazer motofaixas e que elas devem ser implantadas nas vias onde ocorrem os acidentes. <\/p>\n<p><b>Autor: O Globo<\/b><\/p>\n","protected":false},"excerpt":{"rendered":"<p>O prefeito de S\u00e3o Paulo, Gilberto Kassab, confirmou nesta quarta-feira a proibi\u00e7\u00e3o do tr\u00e1fego de motos na Avenida 23 de maio, que liga zona sul e zona norte, na capital. A medida deve entrar em vigor assim que um corredor alternativo estiver pronto. As motocicletas tamb\u00e9m estar\u00e3o proibidas de circular na pista expressa da Marginal [&hellip;]<\/p>\n","protected":false},"author":1,"featured_media":0,"comment_status":"open","ping_status":"open","sticky":false,"template":"","format":"standard","meta":{"footnotes":""},"categories":[6,41],"tags":[],"class_list":{"0":"post-17767","1":"post","2":"type-post","3":"status-publish","4":"format-standard","6":"category-noticias","7":"category-transportes"},"yoast_head":"<!-- This site is optimized with the Yoast SEO plugin v27.2 - https:\/\/yoast.com\/product\/yoast-seo-wordpress\/ -->\n<title>Prefeito Kassab pro\u00edbe tr\u00e1fego de motos na 23 de maio, em SP - Instituto de Engenharia<\/title>\n<meta name=\"robots\" content=\"index, follow, max-snippet:-1, max-image-preview:large, max-video-preview:-1\" \/>\n<link rel=\"canonical\" href=\"https:\/\/www.institutodeengenharia.org.br\/site\/2010\/03\/17\/prefeito-kassab-proibe-trafego-de-motos-na-23-de-maio-em-sp\/\" \/>\n<meta property=\"og:locale\" content=\"pt_BR\" \/>\n<meta property=\"og:type\" content=\"article\" \/>\n<meta property=\"og:title\" content=\"Prefeito Kassab pro\u00edbe tr\u00e1fego de motos na 23 de maio, em SP - Instituto de Engenharia\" \/>\n<meta property=\"og:description\" content=\"O prefeito de S\u00e3o Paulo, Gilberto Kassab, confirmou nesta quarta-feira a proibi\u00e7\u00e3o do tr\u00e1fego de motos na Avenida 23 de maio, que liga zona sul e zona norte, na capital. A medida deve entrar em vigor assim que um corredor alternativo estiver pronto. As motocicletas tamb\u00e9m estar\u00e3o proibidas de circular na pista expressa da Marginal [&hellip;]\" \/>\n<meta property=\"og:url\" content=\"https:\/\/www.institutodeengenharia.org.br\/site\/2010\/03\/17\/prefeito-kassab-proibe-trafego-de-motos-na-23-de-maio-em-sp\/\" \/>\n<meta property=\"og:site_name\" content=\"Instituto de Engenharia\" \/>\n<meta property=\"article:publisher\" content=\"https:\/\/www.facebook.com\/institutodeengenharia\" \/>\n<meta property=\"article:published_time\" content=\"2010-03-17T22:38:55+00:00\" \/>\n<meta name=\"author\" content=\"TMax Tecnologia\" \/>\n<meta name=\"twitter:card\" content=\"summary_large_image\" \/>\n<meta name=\"twitter:creator\" content=\"@iengenharia\" \/>\n<meta name=\"twitter:site\" content=\"@iengenharia\" \/>\n<meta name=\"twitter:label1\" content=\"Escrito por\" \/>\n\t<meta name=\"twitter:data1\" content=\"TMax Tecnologia\" \/>\n\t<meta name=\"twitter:label2\" content=\"Est. tempo de leitura\" \/>\n\t<meta name=\"twitter:data2\" content=\"2 minutos\" \/>\n<script type=\"application\/ld+json\" class=\"yoast-schema-graph\">{\"@context\":\"https:\/\/schema.org\",\"@graph\":[{\"@type\":\"Article\",\"@id\":\"https:\/\/www.institutodeengenharia.org.br\/site\/2010\/03\/17\/prefeito-kassab-proibe-trafego-de-motos-na-23-de-maio-em-sp\/#article\",\"isPartOf\":{\"@id\":\"https:\/\/www.institutodeengenharia.org.br\/site\/2010\/03\/17\/prefeito-kassab-proibe-trafego-de-motos-na-23-de-maio-em-sp\/\"},\"author\":{\"name\":\"TMax Tecnologia\",\"@id\":\"https:\/\/www.institutodeengenharia.org.br\/site\/#\/schema\/person\/3b1ff109facef084739fc2edcb9a127f\"},\"headline\":\"Prefeito Kassab pro\u00edbe tr\u00e1fego de motos na 23 de maio, em SP\",\"datePublished\":\"2010-03-17T22:38:55+00:00\",\"mainEntityOfPage\":{\"@id\":\"https:\/\/www.institutodeengenharia.org.br\/site\/2010\/03\/17\/prefeito-kassab-proibe-trafego-de-motos-na-23-de-maio-em-sp\/\"},\"wordCount\":326,\"commentCount\":0,\"publisher\":{\"@id\":\"https:\/\/www.institutodeengenharia.org.br\/site\/#organization\"},\"articleSection\":[\"Not\u00edcias\",\"Transportes\"],\"inLanguage\":\"pt-BR\",\"potentialAction\":[{\"@type\":\"CommentAction\",\"name\":\"Comment\",\"target\":[\"https:\/\/www.institutodeengenharia.org.br\/site\/2010\/03\/17\/prefeito-kassab-proibe-trafego-de-motos-na-23-de-maio-em-sp\/#respond\"]}]},{\"@type\":\"WebPage\",\"@id\":\"https:\/\/www.institutodeengenharia.org.br\/site\/2010\/03\/17\/prefeito-kassab-proibe-trafego-de-motos-na-23-de-maio-em-sp\/\",\"url\":\"https:\/\/www.institutodeengenharia.org.br\/site\/2010\/03\/17\/prefeito-kassab-proibe-trafego-de-motos-na-23-de-maio-em-sp\/\",\"name\":\"Prefeito Kassab pro\u00edbe tr\u00e1fego de motos na 23 de maio, em SP - Instituto de Engenharia\",\"isPartOf\":{\"@id\":\"https:\/\/www.institutodeengenharia.org.br\/site\/#website\"},\"datePublished\":\"2010-03-17T22:38:55+00:00\",\"breadcrumb\":{\"@id\":\"https:\/\/www.institutodeengenharia.org.br\/site\/2010\/03\/17\/prefeito-kassab-proibe-trafego-de-motos-na-23-de-maio-em-sp\/#breadcrumb\"},\"inLanguage\":\"pt-BR\",\"potentialAction\":[{\"@type\":\"ReadAction\",\"target\":[\"https:\/\/www.institutodeengenharia.org.br\/site\/2010\/03\/17\/prefeito-kassab-proibe-trafego-de-motos-na-23-de-maio-em-sp\/\"]}]},{\"@type\":\"BreadcrumbList\",\"@id\":\"https:\/\/www.institutodeengenharia.org.br\/site\/2010\/03\/17\/prefeito-kassab-proibe-trafego-de-motos-na-23-de-maio-em-sp\/#breadcrumb\",\"itemListElement\":[{\"@type\":\"ListItem\",\"position\":1,\"name\":\"In\u00edcio\",\"item\":\"https:\/\/www.institutodeengenharia.org.br\/site\/\"},{\"@type\":\"ListItem\",\"position\":2,\"name\":\"Prefeito Kassab pro\u00edbe tr\u00e1fego de motos na 23 de maio, em SP\"}]},{\"@type\":\"WebSite\",\"@id\":\"https:\/\/www.institutodeengenharia.org.br\/site\/#website\",\"url\":\"https:\/\/www.institutodeengenharia.org.br\/site\/\",\"name\":\"Instituto de Engenharia\",\"description\":\"O Instituto de Engenharia promove a Engenharia em benef\u00edcio do desenvolvimento e da qualidade de vida da sociedade.\",\"publisher\":{\"@id\":\"https:\/\/www.institutodeengenharia.org.br\/site\/#organization\"},\"potentialAction\":[{\"@type\":\"SearchAction\",\"target\":{\"@type\":\"EntryPoint\",\"urlTemplate\":\"https:\/\/www.institutodeengenharia.org.br\/site\/?s={search_term_string}\"},\"query-input\":{\"@type\":\"PropertyValueSpecification\",\"valueRequired\":true,\"valueName\":\"search_term_string\"}}],\"inLanguage\":\"pt-BR\"},{\"@type\":\"Organization\",\"@id\":\"https:\/\/www.institutodeengenharia.org.br\/site\/#organization\",\"name\":\"Instituto de Engenharia\",\"url\":\"https:\/\/www.institutodeengenharia.org.br\/site\/\",\"logo\":{\"@type\":\"ImageObject\",\"inLanguage\":\"pt-BR\",\"@id\":\"https:\/\/www.institutodeengenharia.org.br\/site\/#\/schema\/logo\/image\/\",\"url\":\"https:\/\/www.institutodeengenharia.org.br\/site\/wp-content\/uploads\/2019\/03\/logo-novo-IE2018-1.jpg\",\"contentUrl\":\"https:\/\/www.institutodeengenharia.org.br\/site\/wp-content\/uploads\/2019\/03\/logo-novo-IE2018-1.jpg\",\"width\":1486,\"height\":1879,\"caption\":\"Instituto de Engenharia\"},\"image\":{\"@id\":\"https:\/\/www.institutodeengenharia.org.br\/site\/#\/schema\/logo\/image\/\"},\"sameAs\":[\"https:\/\/www.facebook.com\/institutodeengenharia\",\"https:\/\/x.com\/iengenharia\",\"https:\/\/www.instagram.com\/institutodeengenharia\/\",\"https:\/\/www.linkedin.com\/company\/instituto-de-engenharia\/\",\"https:\/\/www.youtube.com\/channel\/UCXiCAlsSMe977vamW915HxA\"]},{\"@type\":\"Person\",\"@id\":\"https:\/\/www.institutodeengenharia.org.br\/site\/#\/schema\/person\/3b1ff109facef084739fc2edcb9a127f\",\"name\":\"TMax Tecnologia\",\"image\":{\"@type\":\"ImageObject\",\"inLanguage\":\"pt-BR\",\"@id\":\"https:\/\/secure.gravatar.com\/avatar\/f912434ef7f389c92cb311fcdae346af848465d638912574b3c669070f797701?s=96&d=mm&r=g\",\"url\":\"https:\/\/secure.gravatar.com\/avatar\/f912434ef7f389c92cb311fcdae346af848465d638912574b3c669070f797701?s=96&d=mm&r=g\",\"contentUrl\":\"https:\/\/secure.gravatar.com\/avatar\/f912434ef7f389c92cb311fcdae346af848465d638912574b3c669070f797701?s=96&d=mm&r=g\",\"caption\":\"TMax Tecnologia\"},\"url\":\"https:\/\/www.institutodeengenharia.org.br\/site\/author\/tmax\/\"}]}<\/script>\n<!-- \/ Yoast SEO plugin. -->","yoast_head_json":{"title":"Prefeito Kassab pro\u00edbe tr\u00e1fego de motos na 23 de maio, em SP - Instituto de Engenharia","robots":{"index":"index","follow":"follow","max-snippet":"max-snippet:-1","max-image-preview":"max-image-preview:large","max-video-preview":"max-video-preview:-1"},"canonical":"https:\/\/www.institutodeengenharia.org.br\/site\/2010\/03\/17\/prefeito-kassab-proibe-trafego-de-motos-na-23-de-maio-em-sp\/","og_locale":"pt_BR","og_type":"article","og_title":"Prefeito Kassab pro\u00edbe tr\u00e1fego de motos na 23 de maio, em SP - Instituto de Engenharia","og_description":"O prefeito de S\u00e3o Paulo, Gilberto Kassab, confirmou nesta quarta-feira a proibi\u00e7\u00e3o do tr\u00e1fego de motos na Avenida 23 de maio, que liga zona sul e zona norte, na capital. A medida deve entrar em vigor assim que um corredor alternativo estiver pronto. As motocicletas tamb\u00e9m estar\u00e3o proibidas de circular na pista expressa da Marginal [&hellip;]","og_url":"https:\/\/www.institutodeengenharia.org.br\/site\/2010\/03\/17\/prefeito-kassab-proibe-trafego-de-motos-na-23-de-maio-em-sp\/","og_site_name":"Instituto de Engenharia","article_publisher":"https:\/\/www.facebook.com\/institutodeengenharia","article_published_time":"2010-03-17T22:38:55+00:00","author":"TMax Tecnologia","twitter_card":"summary_large_image","twitter_creator":"@iengenharia","twitter_site":"@iengenharia","twitter_misc":{"Escrito por":"TMax Tecnologia","Est. tempo de leitura":"2 minutos"},"schema":{"@context":"https:\/\/schema.org","@graph":[{"@type":"Article","@id":"https:\/\/www.institutodeengenharia.org.br\/site\/2010\/03\/17\/prefeito-kassab-proibe-trafego-de-motos-na-23-de-maio-em-sp\/#article","isPartOf":{"@id":"https:\/\/www.institutodeengenharia.org.br\/site\/2010\/03\/17\/prefeito-kassab-proibe-trafego-de-motos-na-23-de-maio-em-sp\/"},"author":{"name":"TMax Tecnologia","@id":"https:\/\/www.institutodeengenharia.org.br\/site\/#\/schema\/person\/3b1ff109facef084739fc2edcb9a127f"},"headline":"Prefeito Kassab pro\u00edbe tr\u00e1fego de motos na 23 de maio, em SP","datePublished":"2010-03-17T22:38:55+00:00","mainEntityOfPage":{"@id":"https:\/\/www.institutodeengenharia.org.br\/site\/2010\/03\/17\/prefeito-kassab-proibe-trafego-de-motos-na-23-de-maio-em-sp\/"},"wordCount":326,"commentCount":0,"publisher":{"@id":"https:\/\/www.institutodeengenharia.org.br\/site\/#organization"},"articleSection":["Not\u00edcias","Transportes"],"inLanguage":"pt-BR","potentialAction":[{"@type":"CommentAction","name":"Comment","target":["https:\/\/www.institutodeengenharia.org.br\/site\/2010\/03\/17\/prefeito-kassab-proibe-trafego-de-motos-na-23-de-maio-em-sp\/#respond"]}]},{"@type":"WebPage","@id":"https:\/\/www.institutodeengenharia.org.br\/site\/2010\/03\/17\/prefeito-kassab-proibe-trafego-de-motos-na-23-de-maio-em-sp\/","url":"https:\/\/www.institutodeengenharia.org.br\/site\/2010\/03\/17\/prefeito-kassab-proibe-trafego-de-motos-na-23-de-maio-em-sp\/","name":"Prefeito Kassab pro\u00edbe tr\u00e1fego de motos na 23 de maio, em SP - Instituto de Engenharia","isPartOf":{"@id":"https:\/\/www.institutodeengenharia.org.br\/site\/#website"},"datePublished":"2010-03-17T22:38:55+00:00","breadcrumb":{"@id":"https:\/\/www.institutodeengenharia.org.br\/site\/2010\/03\/17\/prefeito-kassab-proibe-trafego-de-motos-na-23-de-maio-em-sp\/#breadcrumb"},"inLanguage":"pt-BR","potentialAction":[{"@type":"ReadAction","target":["https:\/\/www.institutodeengenharia.org.br\/site\/2010\/03\/17\/prefeito-kassab-proibe-trafego-de-motos-na-23-de-maio-em-sp\/"]}]},{"@type":"BreadcrumbList","@id":"https:\/\/www.institutodeengenharia.org.br\/site\/2010\/03\/17\/prefeito-kassab-proibe-trafego-de-motos-na-23-de-maio-em-sp\/#breadcrumb","itemListElement":[{"@type":"ListItem","position":1,"name":"In\u00edcio","item":"https:\/\/www.institutodeengenharia.org.br\/site\/"},{"@type":"ListItem","position":2,"name":"Prefeito Kassab pro\u00edbe tr\u00e1fego de motos na 23 de maio, em SP"}]},{"@type":"WebSite","@id":"https:\/\/www.institutodeengenharia.org.br\/site\/#website","url":"https:\/\/www.institutodeengenharia.org.br\/site\/","name":"Instituto de Engenharia","description":"O Instituto de Engenharia promove a Engenharia em benef\u00edcio do desenvolvimento e da qualidade de vida da sociedade.","publisher":{"@id":"https:\/\/www.institutodeengenharia.org.br\/site\/#organization"},"potentialAction":[{"@type":"SearchAction","target":{"@type":"EntryPoint","urlTemplate":"https:\/\/www.institutodeengenharia.org.br\/site\/?s={search_term_string}"},"query-input":{"@type":"PropertyValueSpecification","valueRequired":true,"valueName":"search_term_string"}}],"inLanguage":"pt-BR"},{"@type":"Organization","@id":"https:\/\/www.institutodeengenharia.org.br\/site\/#organization","name":"Instituto de Engenharia","url":"https:\/\/www.institutodeengenharia.org.br\/site\/","logo":{"@type":"ImageObject","inLanguage":"pt-BR","@id":"https:\/\/www.institutodeengenharia.org.br\/site\/#\/schema\/logo\/image\/","url":"https:\/\/www.institutodeengenharia.org.br\/site\/wp-content\/uploads\/2019\/03\/logo-novo-IE2018-1.jpg","contentUrl":"https:\/\/www.institutodeengenharia.org.br\/site\/wp-content\/uploads\/2019\/03\/logo-novo-IE2018-1.jpg","width":1486,"height":1879,"caption":"Instituto de Engenharia"},"image":{"@id":"https:\/\/www.institutodeengenharia.org.br\/site\/#\/schema\/logo\/image\/"},"sameAs":["https:\/\/www.facebook.com\/institutodeengenharia","https:\/\/x.com\/iengenharia","https:\/\/www.instagram.com\/institutodeengenharia\/","https:\/\/www.linkedin.com\/company\/instituto-de-engenharia\/","https:\/\/www.youtube.com\/channel\/UCXiCAlsSMe977vamW915HxA"]},{"@type":"Person","@id":"https:\/\/www.institutodeengenharia.org.br\/site\/#\/schema\/person\/3b1ff109facef084739fc2edcb9a127f","name":"TMax Tecnologia","image":{"@type":"ImageObject","inLanguage":"pt-BR","@id":"https:\/\/secure.gravatar.com\/avatar\/f912434ef7f389c92cb311fcdae346af848465d638912574b3c669070f797701?s=96&d=mm&r=g","url":"https:\/\/secure.gravatar.com\/avatar\/f912434ef7f389c92cb311fcdae346af848465d638912574b3c669070f797701?s=96&d=mm&r=g","contentUrl":"https:\/\/secure.gravatar.com\/avatar\/f912434ef7f389c92cb311fcdae346af848465d638912574b3c669070f797701?s=96&d=mm&r=g","caption":"TMax Tecnologia"},"url":"https:\/\/www.institutodeengenharia.org.br\/site\/author\/tmax\/"}]}},"_links":{"self":[{"href":"https:\/\/www.institutodeengenharia.org.br\/site\/wp-json\/wp\/v2\/posts\/17767","targetHints":{"allow":["GET"]}}],"collection":[{"href":"https:\/\/www.institutodeengenharia.org.br\/site\/wp-json\/wp\/v2\/posts"}],"about":[{"href":"https:\/\/www.institutodeengenharia.org.br\/site\/wp-json\/wp\/v2\/types\/post"}],"author":[{"embeddable":true,"href":"https:\/\/www.institutodeengenharia.org.br\/site\/wp-json\/wp\/v2\/users\/1"}],"replies":[{"embeddable":true,"href":"https:\/\/www.institutodeengenharia.org.br\/site\/wp-json\/wp\/v2\/comments?post=17767"}],"version-history":[{"count":0,"href":"https:\/\/www.institutodeengenharia.org.br\/site\/wp-json\/wp\/v2\/posts\/17767\/revisions"}],"wp:attachment":[{"href":"https:\/\/www.institutodeengenharia.org.br\/site\/wp-json\/wp\/v2\/media?parent=17767"}],"wp:term":[{"taxonomy":"category","embeddable":true,"href":"https:\/\/www.institutodeengenharia.org.br\/site\/wp-json\/wp\/v2\/categories?post=17767"},{"taxonomy":"post_tag","embeddable":true,"href":"https:\/\/www.institutodeengenharia.org.br\/site\/wp-json\/wp\/v2\/tags?post=17767"}],"curies":[{"name":"wp","href":"https:\/\/api.w.org\/{rel}","templated":true}]}}